{"id":9279,"date":"2024-12-09T07:49:21","date_gmt":"2024-12-09T07:49:21","guid":{"rendered":"https:\/\/saulkrastubiblioteka.lv\/?p=9279"},"modified":"2025-01-07T08:21:11","modified_gmt":"2025-01-07T08:21:11","slug":"informacija-apmekletajiem-2","status":"publish","type":"post","link":"https:\/\/saulkrastubiblioteka.lv\/index.php\/2024\/12\/09\/informacija-apmekletajiem-2\/","title":{"rendered":"Inform\u0101cija apmekl\u0113t\u0101jiem"},"content":{"rendered":"\n<figure class=\"wp-block-image size-full\"><img loading=\"lazy\" decoding=\"async\" width=\"1000\" height=\"1000\" src=\"https:\/\/saulkrastubiblioteka.lv\/wp-content\/uploads\/2024\/12\/Copy-of-Darba-laiks-novembra-svetkos-FB.jpg\" alt=\"\" class=\"wp-image-9278\" srcset=\"https:\/\/saulkrastubiblioteka.lv\/wp-content\/uploads\/2024\/12\/Copy-of-Darba-laiks-novembra-svetkos-FB.jpg 1000w, https:\/\/saulkrastubiblioteka.lv\/wp-content\/uploads\/2024\/12\/Copy-of-Darba-laiks-novembra-svetkos-FB-300x300.jpg 300w, https:\/\/saulkrastubiblioteka.lv\/wp-content\/uploads\/2024\/12\/Copy-of-Darba-laiks-novembra-svetkos-FB-150x150.jpg 150w, https:\/\/saulkrastubiblioteka.lv\/wp-content\/uploads\/2024\/12\/Copy-of-Darba-laiks-novembra-svetkos-FB-768x768.jpg 768w\" sizes=\"auto, (max-width: 709px) 85vw, (max-width: 909px) 67vw, (max-width: 1362px) 62vw, 840px\" \/><\/figure>\n\n\n\n<p>Lai bibliot\u0113kas apmekl\u0113jums nesag\u0101d\u0101tu raizes, l\u016bdzam iepaz\u012bties ar izmai\u0146\u0101m Saulkrastu novada bibliot\u0113kas darba laik\u0101 sv\u0113tkos.<\/p>\n","protected":false},"excerpt":{"rendered":"<p>Lai bibliot\u0113kas apmekl\u0113jums nesag\u0101d\u0101tu raizes, l\u016bdzam iepaz\u012bties ar izmai\u0146\u0101m Saulkrastu novada bibliot\u0113kas darba laik\u0101 sv\u0113tkos.<\/p>\n","protected":false},"author":1,"featured_media":0,"comment_status":"closed","ping_status":"open","sticky":false,"template":"","format":"standard","meta":{"footnotes":""},"categories":[24],"tags":[],"class_list":["post-9279","post","type-post","status-publish","format-standard","hentry","category-darba-laiks"],"yoast_head":"<!-- This site is optimized with the Yoast SEO plugin v24.2 - https:\/\/yoast.com\/wordpress\/plugins\/seo\/ -->\n<title>Inform\u0101cija apmekl\u0113t\u0101jiem - Saulkrastu novada bibliot\u0113ka<\/title>\n<meta name=\"robots\" content=\"index, follow, max-snippet:-1, max-image-preview:large, max-video-preview:-1\" \/>\n<link rel=\"canonical\" href=\"https:\/\/saulkrastubiblioteka.lv\/index.php\/2024\/12\/09\/informacija-apmekletajiem-2\/\" \/>\n<meta property=\"og:locale\" content=\"lv_LV\" \/>\n<meta property=\"og:type\" content=\"article\" \/>\n<meta property=\"og:title\" content=\"Inform\u0101cija apmekl\u0113t\u0101jiem - Saulkrastu novada bibliot\u0113ka\" \/>\n<meta property=\"og:description\" content=\"Lai bibliot\u0113kas apmekl\u0113jums nesag\u0101d\u0101tu raizes, l\u016bdzam iepaz\u012bties ar izmai\u0146\u0101m Saulkrastu novada bibliot\u0113kas darba laik\u0101 sv\u0113tkos.\" \/>\n<meta property=\"og:url\" content=\"https:\/\/saulkrastubiblioteka.lv\/index.php\/2024\/12\/09\/informacija-apmekletajiem-2\/\" \/>\n<meta property=\"og:site_name\" content=\"Saulkrastu novada bibliot\u0113ka\" \/>\n<meta property=\"article:published_time\" content=\"2024-12-09T07:49:21+00:00\" \/>\n<meta property=\"article:modified_time\" content=\"2025-01-07T08:21:11+00:00\" \/>\n<meta property=\"og:image\" content=\"https:\/\/saulkrastubiblioteka.lv\/wp-content\/uploads\/2024\/12\/Copy-of-Darba-laiks-novembra-svetkos-FB.jpg\" \/>\n<meta name=\"author\" content=\"admin\" \/>\n<meta name=\"twitter:card\" content=\"summary_large_image\" \/>\n<meta name=\"twitter:label1\" content=\"Written by\" \/>\n\t<meta name=\"twitter:data1\" content=\"admin\" \/>\n\t<meta name=\"twitter:label2\" content=\"Est. reading time\" \/>\n\t<meta name=\"twitter:data2\" content=\"1 min\u016bte\" \/>\n<script type=\"application\/ld+json\" class=\"yoast-schema-graph\">{\"@context\":\"https:\/\/schema.org\",\"@graph\":[{\"@type\":\"Article\",\"@id\":\"https:\/\/saulkrastubiblioteka.lv\/index.php\/2024\/12\/09\/informacija-apmekletajiem-2\/#article\",\"isPartOf\":{\"@id\":\"https:\/\/saulkrastubiblioteka.lv\/index.php\/2024\/12\/09\/informacija-apmekletajiem-2\/\"},\"author\":{\"name\":\"admin\",\"@id\":\"https:\/\/saulkrastubiblioteka.lv\/#\/schema\/person\/2233277643a53fb60b293d42c1e5f7a2\"},\"headline\":\"Inform\u0101cija apmekl\u0113t\u0101jiem\",\"datePublished\":\"2024-12-09T07:49:21+00:00\",\"dateModified\":\"2025-01-07T08:21:11+00:00\",\"mainEntityOfPage\":{\"@id\":\"https:\/\/saulkrastubiblioteka.lv\/index.php\/2024\/12\/09\/informacija-apmekletajiem-2\/\"},\"wordCount\":29,\"publisher\":{\"@id\":\"https:\/\/saulkrastubiblioteka.lv\/#organization\"},\"image\":{\"@id\":\"https:\/\/saulkrastubiblioteka.lv\/index.php\/2024\/12\/09\/informacija-apmekletajiem-2\/#primaryimage\"},\"thumbnailUrl\":\"https:\/\/saulkrastubiblioteka.lv\/wp-content\/uploads\/2024\/12\/Copy-of-Darba-laiks-novembra-svetkos-FB.jpg\",\"articleSection\":[\"Darba laiks\"],\"inLanguage\":\"lv-LV\"},{\"@type\":\"WebPage\",\"@id\":\"https:\/\/saulkrastubiblioteka.lv\/index.php\/2024\/12\/09\/informacija-apmekletajiem-2\/\",\"url\":\"https:\/\/saulkrastubiblioteka.lv\/index.php\/2024\/12\/09\/informacija-apmekletajiem-2\/\",\"name\":\"Inform\u0101cija apmekl\u0113t\u0101jiem - Saulkrastu novada bibliot\u0113ka\",\"isPartOf\":{\"@id\":\"https:\/\/saulkrastubiblioteka.lv\/#website\"},\"primaryImageOfPage\":{\"@id\":\"https:\/\/saulkrastubiblioteka.lv\/index.php\/2024\/12\/09\/informacija-apmekletajiem-2\/#primaryimage\"},\"image\":{\"@id\":\"https:\/\/saulkrastubiblioteka.lv\/index.php\/2024\/12\/09\/informacija-apmekletajiem-2\/#primaryimage\"},\"thumbnailUrl\":\"https:\/\/saulkrastubiblioteka.lv\/wp-content\/uploads\/2024\/12\/Copy-of-Darba-laiks-novembra-svetkos-FB.jpg\",\"datePublished\":\"2024-12-09T07:49:21+00:00\",\"dateModified\":\"2025-01-07T08:21:11+00:00\",\"breadcrumb\":{\"@id\":\"https:\/\/saulkrastubiblioteka.lv\/index.php\/2024\/12\/09\/informacija-apmekletajiem-2\/#breadcrumb\"},\"inLanguage\":\"lv-LV\",\"potentialAction\":[{\"@type\":\"ReadAction\",\"target\":[\"https:\/\/saulkrastubiblioteka.lv\/index.php\/2024\/12\/09\/informacija-apmekletajiem-2\/\"]}]},{\"@type\":\"ImageObject\",\"inLanguage\":\"lv-LV\",\"@id\":\"https:\/\/saulkrastubiblioteka.lv\/index.php\/2024\/12\/09\/informacija-apmekletajiem-2\/#primaryimage\",\"url\":\"https:\/\/saulkrastubiblioteka.lv\/wp-content\/uploads\/2024\/12\/Copy-of-Darba-laiks-novembra-svetkos-FB.jpg\",\"contentUrl\":\"https:\/\/saulkrastubiblioteka.lv\/wp-content\/uploads\/2024\/12\/Copy-of-Darba-laiks-novembra-svetkos-FB.jpg\",\"width\":1000,\"height\":1000},{\"@type\":\"BreadcrumbList\",\"@id\":\"https:\/\/saulkrastubiblioteka.lv\/index.php\/2024\/12\/09\/informacija-apmekletajiem-2\/#breadcrumb\",\"itemListElement\":[{\"@type\":\"ListItem\",\"position\":1,\"name\":\"Home\",\"item\":\"https:\/\/saulkrastubiblioteka.lv\/\"},{\"@type\":\"ListItem\",\"position\":2,\"name\":\"Inform\u0101cija apmekl\u0113t\u0101jiem\"}]},{\"@type\":\"WebSite\",\"@id\":\"https:\/\/saulkrastubiblioteka.lv\/#website\",\"url\":\"https:\/\/saulkrastubiblioteka.lv\/\",\"name\":\"Saulkrastu novada bibliot\u0113ka\",\"description\":\"Vieta, kur labi pavad\u012bt laiku un pab\u016bt mier\u0101\",\"publisher\":{\"@id\":\"https:\/\/saulkrastubiblioteka.lv\/#organization\"},\"potentialAction\":[{\"@type\":\"SearchAction\",\"target\":{\"@type\":\"EntryPoint\",\"urlTemplate\":\"https:\/\/saulkrastubiblioteka.lv\/?s={search_term_string}\"},\"query-input\":{\"@type\":\"PropertyValueSpecification\",\"valueRequired\":true,\"valueName\":\"search_term_string\"}}],\"inLanguage\":\"lv-LV\"},{\"@type\":\"Organization\",\"@id\":\"https:\/\/saulkrastubiblioteka.lv\/#organization\",\"name\":\"Saulkrastu novada bibliot\u0113ka\",\"url\":\"https:\/\/saulkrastubiblioteka.lv\/\",\"logo\":{\"@type\":\"ImageObject\",\"inLanguage\":\"lv-LV\",\"@id\":\"https:\/\/saulkrastubiblioteka.lv\/#\/schema\/logo\/image\/\",\"url\":\"https:\/\/saulkrastubiblioteka.lv\/wp-content\/uploads\/2021\/01\/cropped-logo.png\",\"contentUrl\":\"https:\/\/saulkrastubiblioteka.lv\/wp-content\/uploads\/2021\/01\/cropped-logo.png\",\"width\":240,\"height\":240,\"caption\":\"Saulkrastu novada bibliot\u0113ka\"},\"image\":{\"@id\":\"https:\/\/saulkrastubiblioteka.lv\/#\/schema\/logo\/image\/\"}},{\"@type\":\"Person\",\"@id\":\"https:\/\/saulkrastubiblioteka.lv\/#\/schema\/person\/2233277643a53fb60b293d42c1e5f7a2\",\"name\":\"admin\",\"image\":{\"@type\":\"ImageObject\",\"inLanguage\":\"lv-LV\",\"@id\":\"https:\/\/saulkrastubiblioteka.lv\/#\/schema\/person\/image\/\",\"url\":\"https:\/\/secure.gravatar.com\/avatar\/a5ad3f68569c7df813ab9387f6d30b65?s=96&d=mm&r=g\",\"contentUrl\":\"https:\/\/secure.gravatar.com\/avatar\/a5ad3f68569c7df813ab9387f6d30b65?s=96&d=mm&r=g\",\"caption\":\"admin\"},\"url\":\"https:\/\/saulkrastubiblioteka.lv\/index.php\/author\/info_xjq16vdi\/\"}]}<\/script>\n<!-- \/ Yoast SEO plugin. -->","yoast_head_json":{"title":"Inform\u0101cija apmekl\u0113t\u0101jiem - Saulkrastu novada bibliot\u0113ka","robots":{"index":"index","follow":"follow","max-snippet":"max-snippet:-1","max-image-preview":"max-image-preview:large","max-video-preview":"max-video-preview:-1"},"canonical":"https:\/\/saulkrastubiblioteka.lv\/index.php\/2024\/12\/09\/informacija-apmekletajiem-2\/","og_locale":"lv_LV","og_type":"article","og_title":"Inform\u0101cija apmekl\u0113t\u0101jiem - Saulkrastu novada bibliot\u0113ka","og_description":"Lai bibliot\u0113kas apmekl\u0113jums nesag\u0101d\u0101tu raizes, l\u016bdzam iepaz\u012bties ar izmai\u0146\u0101m Saulkrastu novada bibliot\u0113kas darba laik\u0101 sv\u0113tkos.","og_url":"https:\/\/saulkrastubiblioteka.lv\/index.php\/2024\/12\/09\/informacija-apmekletajiem-2\/","og_site_name":"Saulkrastu novada bibliot\u0113ka","article_published_time":"2024-12-09T07:49:21+00:00","article_modified_time":"2025-01-07T08:21:11+00:00","og_image":[{"url":"https:\/\/saulkrastubiblioteka.lv\/wp-content\/uploads\/2024\/12\/Copy-of-Darba-laiks-novembra-svetkos-FB.jpg","type":"","width":"","height":""}],"author":"admin","twitter_card":"summary_large_image","twitter_misc":{"Written by":"admin","Est. reading time":"1 min\u016bte"},"schema":{"@context":"https:\/\/schema.org","@graph":[{"@type":"Article","@id":"https:\/\/saulkrastubiblioteka.lv\/index.php\/2024\/12\/09\/informacija-apmekletajiem-2\/#article","isPartOf":{"@id":"https:\/\/saulkrastubiblioteka.lv\/index.php\/2024\/12\/09\/informacija-apmekletajiem-2\/"},"author":{"name":"admin","@id":"https:\/\/saulkrastubiblioteka.lv\/#\/schema\/person\/2233277643a53fb60b293d42c1e5f7a2"},"headline":"Inform\u0101cija apmekl\u0113t\u0101jiem","datePublished":"2024-12-09T07:49:21+00:00","dateModified":"2025-01-07T08:21:11+00:00","mainEntityOfPage":{"@id":"https:\/\/saulkrastubiblioteka.lv\/index.php\/2024\/12\/09\/informacija-apmekletajiem-2\/"},"wordCount":29,"publisher":{"@id":"https:\/\/saulkrastubiblioteka.lv\/#organization"},"image":{"@id":"https:\/\/saulkrastubiblioteka.lv\/index.php\/2024\/12\/09\/informacija-apmekletajiem-2\/#primaryimage"},"thumbnailUrl":"https:\/\/saulkrastubiblioteka.lv\/wp-content\/uploads\/2024\/12\/Copy-of-Darba-laiks-novembra-svetkos-FB.jpg","articleSection":["Darba laiks"],"inLanguage":"lv-LV"},{"@type":"WebPage","@id":"https:\/\/saulkrastubiblioteka.lv\/index.php\/2024\/12\/09\/informacija-apmekletajiem-2\/","url":"https:\/\/saulkrastubiblioteka.lv\/index.php\/2024\/12\/09\/informacija-apmekletajiem-2\/","name":"Inform\u0101cija apmekl\u0113t\u0101jiem - Saulkrastu novada bibliot\u0113ka","isPartOf":{"@id":"https:\/\/saulkrastubiblioteka.lv\/#website"},"primaryImageOfPage":{"@id":"https:\/\/saulkrastubiblioteka.lv\/index.php\/2024\/12\/09\/informacija-apmekletajiem-2\/#primaryimage"},"image":{"@id":"https:\/\/saulkrastubiblioteka.lv\/index.php\/2024\/12\/09\/informacija-apmekletajiem-2\/#primaryimage"},"thumbnailUrl":"https:\/\/saulkrastubiblioteka.lv\/wp-content\/uploads\/2024\/12\/Copy-of-Darba-laiks-novembra-svetkos-FB.jpg","datePublished":"2024-12-09T07:49:21+00:00","dateModified":"2025-01-07T08:21:11+00:00","breadcrumb":{"@id":"https:\/\/saulkrastubiblioteka.lv\/index.php\/2024\/12\/09\/informacija-apmekletajiem-2\/#breadcrumb"},"inLanguage":"lv-LV","potentialAction":[{"@type":"ReadAction","target":["https:\/\/saulkrastubiblioteka.lv\/index.php\/2024\/12\/09\/informacija-apmekletajiem-2\/"]}]},{"@type":"ImageObject","inLanguage":"lv-LV","@id":"https:\/\/saulkrastubiblioteka.lv\/index.php\/2024\/12\/09\/informacija-apmekletajiem-2\/#primaryimage","url":"https:\/\/saulkrastubiblioteka.lv\/wp-content\/uploads\/2024\/12\/Copy-of-Darba-laiks-novembra-svetkos-FB.jpg","contentUrl":"https:\/\/saulkrastubiblioteka.lv\/wp-content\/uploads\/2024\/12\/Copy-of-Darba-laiks-novembra-svetkos-FB.jpg","width":1000,"height":1000},{"@type":"BreadcrumbList","@id":"https:\/\/saulkrastubiblioteka.lv\/index.php\/2024\/12\/09\/informacija-apmekletajiem-2\/#breadcrumb","itemListElement":[{"@type":"ListItem","position":1,"name":"Home","item":"https:\/\/saulkrastubiblioteka.lv\/"},{"@type":"ListItem","position":2,"name":"Inform\u0101cija apmekl\u0113t\u0101jiem"}]},{"@type":"WebSite","@id":"https:\/\/saulkrastubiblioteka.lv\/#website","url":"https:\/\/saulkrastubiblioteka.lv\/","name":"Saulkrastu novada bibliot\u0113ka","description":"Vieta, kur labi pavad\u012bt laiku un pab\u016bt mier\u0101","publisher":{"@id":"https:\/\/saulkrastubiblioteka.lv\/#organization"},"potentialAction":[{"@type":"SearchAction","target":{"@type":"EntryPoint","urlTemplate":"https:\/\/saulkrastubiblioteka.lv\/?s={search_term_string}"},"query-input":{"@type":"PropertyValueSpecification","valueRequired":true,"valueName":"search_term_string"}}],"inLanguage":"lv-LV"},{"@type":"Organization","@id":"https:\/\/saulkrastubiblioteka.lv\/#organization","name":"Saulkrastu novada bibliot\u0113ka","url":"https:\/\/saulkrastubiblioteka.lv\/","logo":{"@type":"ImageObject","inLanguage":"lv-LV","@id":"https:\/\/saulkrastubiblioteka.lv\/#\/schema\/logo\/image\/","url":"https:\/\/saulkrastubiblioteka.lv\/wp-content\/uploads\/2021\/01\/cropped-logo.png","contentUrl":"https:\/\/saulkrastubiblioteka.lv\/wp-content\/uploads\/2021\/01\/cropped-logo.png","width":240,"height":240,"caption":"Saulkrastu novada bibliot\u0113ka"},"image":{"@id":"https:\/\/saulkrastubiblioteka.lv\/#\/schema\/logo\/image\/"}},{"@type":"Person","@id":"https:\/\/saulkrastubiblioteka.lv\/#\/schema\/person\/2233277643a53fb60b293d42c1e5f7a2","name":"admin","image":{"@type":"ImageObject","inLanguage":"lv-LV","@id":"https:\/\/saulkrastubiblioteka.lv\/#\/schema\/person\/image\/","url":"https:\/\/secure.gravatar.com\/avatar\/a5ad3f68569c7df813ab9387f6d30b65?s=96&d=mm&r=g","contentUrl":"https:\/\/secure.gravatar.com\/avatar\/a5ad3f68569c7df813ab9387f6d30b65?s=96&d=mm&r=g","caption":"admin"},"url":"https:\/\/saulkrastubiblioteka.lv\/index.php\/author\/info_xjq16vdi\/"}]}},"_links":{"self":[{"href":"https:\/\/saulkrastubiblioteka.lv\/index.php\/wp-json\/wp\/v2\/posts\/9279","targetHints":{"allow":["GET"]}}],"collection":[{"href":"https:\/\/saulkrastubiblioteka.lv\/index.php\/wp-json\/wp\/v2\/posts"}],"about":[{"href":"https:\/\/saulkrastubiblioteka.lv\/index.php\/wp-json\/wp\/v2\/types\/post"}],"author":[{"embeddable":true,"href":"https:\/\/saulkrastubiblioteka.lv\/index.php\/wp-json\/wp\/v2\/users\/1"}],"replies":[{"embeddable":true,"href":"https:\/\/saulkrastubiblioteka.lv\/index.php\/wp-json\/wp\/v2\/comments?post=9279"}],"version-history":[{"count":1,"href":"https:\/\/saulkrastubiblioteka.lv\/index.php\/wp-json\/wp\/v2\/posts\/9279\/revisions"}],"predecessor-version":[{"id":9280,"href":"https:\/\/saulkrastubiblioteka.lv\/index.php\/wp-json\/wp\/v2\/posts\/9279\/revisions\/9280"}],"wp:attachment":[{"href":"https:\/\/saulkrastubiblioteka.lv\/index.php\/wp-json\/wp\/v2\/media?parent=9279"}],"wp:term":[{"taxonomy":"category","embeddable":true,"href":"https:\/\/saulkrastubiblioteka.lv\/index.php\/wp-json\/wp\/v2\/categories?post=9279"},{"taxonomy":"post_tag","embeddable":true,"href":"https:\/\/saulkrastubiblioteka.lv\/index.php\/wp-json\/wp\/v2\/tags?post=9279"}],"curies":[{"name":"wp","href":"https:\/\/api.w.org\/{rel}","templated":true}]}}