{"id":924,"date":"2018-10-23T10:44:57","date_gmt":"2018-10-23T10:44:57","guid":{"rendered":"https:\/\/saulkrastubiblioteka.lv\/?p=924"},"modified":"2018-10-24T05:51:41","modified_gmt":"2018-10-24T05:51:41","slug":"daliba-starptautiska-lasitveicinasanas-projekta","status":"publish","type":"post","link":"https:\/\/saulkrastubiblioteka.lv\/index.php\/2018\/10\/23\/daliba-starptautiska-lasitveicinasanas-projekta\/","title":{"rendered":"Dal\u012bba starptautisk\u0101 las\u012btveicin\u0101\u0161anas projekt\u0101"},"content":{"rendered":"<p><img loading=\"lazy\" decoding=\"async\" class=\"alignleft size-full wp-image-927\" src=\"https:\/\/saulkrastubiblioteka.lv\/wp-content\/uploads\/2018\/10\/damjans-1.jpg\" alt=\"\" width=\"1122\" height=\"672\" srcset=\"https:\/\/saulkrastubiblioteka.lv\/wp-content\/uploads\/2018\/10\/damjans-1.jpg 1122w, https:\/\/saulkrastubiblioteka.lv\/wp-content\/uploads\/2018\/10\/damjans-1-300x180.jpg 300w, https:\/\/saulkrastubiblioteka.lv\/wp-content\/uploads\/2018\/10\/damjans-1-768x460.jpg 768w, https:\/\/saulkrastubiblioteka.lv\/wp-content\/uploads\/2018\/10\/damjans-1-1024x613.jpg 1024w\" sizes=\"auto, (max-width: 709px) 85vw, (max-width: 909px) 67vw, (max-width: 1362px) 62vw, 840px\" \/><\/p>\n<p><img loading=\"lazy\" decoding=\"async\" class=\"alignleft size-full wp-image-916\" src=\"https:\/\/saulkrastubiblioteka.lv\/wp-content\/uploads\/2018\/10\/mmb_logo.jpg\" alt=\"\" width=\"150\" height=\"150\" \/>23. oktobr\u012b Saulkrastu novada bibliot\u0113k\u0101 viesoj\u0101s slov\u0113\u0146u m\u0101kslinieks Damjans Stepan\u010di\u010ds (Damijan Stepan\u010di\u010d), kur\u0161 ilustr\u0113jis Petera Svetinas gr\u0101matu &#8220;Br\u012bnumu gredzens&#8221; (Liels un mazs, 2018), tulkot\u0101ja M\u0101ra Gredzena un izdevniec\u012bbas &#8220;Liels un mazs&#8221; p\u0101rst\u0101vji.<\/p>\n<p>Viesi tik\u0101s ar <a class=\"profileLink\" href=\"https:\/\/www.facebook.com\/Saulkrastu-PII-R\u016b\u0137\u012btis-369119106583641\/?__tn__=K-R&amp;eid=ARAeS81qCf77STMDtVRp7M_F-dley8izl9oduAtiyta28HG_v0sJGsXoPKM2b1oXw_UK9qgtXmIEji_s&amp;fref=mentions&amp;__xts__%5B0%5D=68.ARBKqT1QzpobMKxMCnGbAuUO5q00XdQDlsUZBLa_27YNDx0-LwrD6cq2F0htUpu3Zs0r-APm-znIX6VBqsU3LzdNHRpBRgOitZt5DfnVAdYEMYR3o0-4a-kBwq2xZoCXasJET51PeShrAOdDLNeHlsrvfCPgSlN4G3KIfsWvYLfiriK7rhH6AbW939hKVko4XKHRMYyJhaFSZe_akjw4tBmMH7Q\" data-hovercard=\"\/ajax\/hovercard\/page.php?id=369119106583641&amp;extragetparams=%7B%22__tn__%22%3A%22%2CdK-R-R%22%2C%22eid%22%3A%22ARAeS81qCf77STMDtVRp7M_F-dley8izl9oduAtiyta28HG_v0sJGsXoPKM2b1oXw_UK9qgtXmIEji_s%22%2C%22fref%22%3A%22mentions%22%7D\" data-hovercard-prefer-more-content-show=\"1\">Saulkrastu PII R\u016b\u0137\u012btis<\/a> grupas &#8220;Tince&#8221;, &#8220;Sp\u0101r\u012bte&#8221; un &#8220;P\u016bc\u012btes&#8221; b\u0113rniem. M\u0101kslinieka viz\u012bte ir viena no izdevniec\u012bbas &#8220;Liels un mazs&#8221; las\u012btveicin\u0101\u0161anas progra<span class=\"text_exposed_show\">mmas &#8220;M\u016bsu maz\u0101 bibliot\u0113ka&#8221; aktivit\u0101t\u0113m.<\/span><\/p>\n<div class=\"text_exposed_show\">\n<p>Pas\u0101kuma pirmaj\u0101 da\u013c\u0101 ilustrators st\u0101st\u012bja par sevi, Slov\u0113niju un savu darbu. Tad las\u012bja bil\u017eu gr\u0101matu par ku\u0123i un rosin\u0101ja b\u0113rniem st\u0101stu pabeigt ar saviem z\u012bm\u0113jumiem \u013caujot va\u013cu fant\u0101zijai.<\/p>\n<\/div>\n<p><!--more--><\/p>\n<div class=\"text_exposed_show\">\n<p>Slov\u0113\u0146u m\u0101kslinieks Damjans Stepan\u010di\u010ds ir ieguvis gleznot\u0101ja izgl\u012bt\u012bbu, bet iev\u0113r\u012bbu izpeln\u012bjies tie\u0161i k\u0101 gr\u0101matu ilustrators. Vi\u0146\u0161 ilustr\u0113jis vair\u0101k nek\u0101 20 gr\u0101matas b\u0113rniem un veidojis ar\u012b komiksus. Stepan\u010di\u010da darbi ir ieguvu\u0161i gandr\u012bz visas iesp\u0113jam\u0101s balvas Slov\u0113nij\u0101 un atz\u012bti ar\u012b starptautiski: 2014. gad\u0101 Stepan\u010di\u010du nomin\u0113ja Astridas Lindgr\u0113nes memori\u0101lajai balvai, un vi\u0146a ilustr\u0113t\u0101s gr\u0101matas ir vair\u0101kk\u0101rt iek\u013cautas IBBY goda sarakst\u0101. Latviski izdot\u0101 bil\u017eu gr\u0101mata &#8220;Br\u012bnumu gredzens&#8221; Slov\u0113nij\u0101 sa\u0146\u0113musi Visskaist\u0101k\u0101s gr\u0101matas balvu. Gr\u0101matas teksta autors ir Peters Svetina, latviski to tulkojusi M\u0101ra Gredzena.<\/p>\n<p>&#8220;M\u016bsu maz\u0101 bibliot\u0113ka&#8221; ir las\u012btveicin\u0101\u0161anas programma 4-8 gadus veciem b\u0113rniem, kas vienlaikus noris se\u0161\u0101s valst\u012bs. Programm\u0101 iek\u013cautas se\u0161as bil\u017eu gr\u0101matas no Eiropas mazaj\u0101m valod\u0101m (latvie\u0161u, igau\u0146u, po\u013cu, slov\u0113\u0146u) un da\u017e\u0101das rado\u0161as aktivit\u0101tes, kas stiprina b\u0113rnu las\u012btprieku.<\/p>\n<p>Paldies izdevniec\u012bbai &#8220;Liels un mazs&#8221; par br\u012bni\u0161\u0137\u012bgo satik\u0161anos!<\/p>\n<p><a class=\"_58cn\" href=\"https:\/\/www.facebook.com\/hashtag\/m\u016bsumaz\u0101bibliot\u0113ka?source=feed_text&amp;__xts__%5B0%5D=68.ARBQqlxyR3H4ZW2KhiVX6aEsl_tidCzh00L97j1r1Zw6Y0PzWIOAJ04MJcJIG603fVBjybk5fto47a3ImyoMNxPFjP6Yaf-bWnl0WG1q45ZEezk53ly8b3ynErTxZtNKbI3sWYvXydv6XEa8n_fDDz44pZJ0cpZfXWA9BAFTl6Bn2v5S8267NHC2v9xZ7AxjiQJpRJgw7IlU4z4HTX1LPIxlgpw&amp;__tn__=%2ANK-R\" data-ft=\"{&quot;type&quot;:104,&quot;tn&quot;:&quot;*N&quot;}\"><span class=\"_5afx\"><span class=\"_58cl _5afz\" aria-label=\"atsauces tags\">#<\/span><span class=\"_58cm\">m\u016bsumaz\u0101bibliot\u0113ka<\/span><\/span><\/a> <a class=\"profileLink\" href=\"https:\/\/www.facebook.com\/lielsunmazs\/?__tn__=K-R&amp;eid=ARBInwthdtqqN3reDeBO7_KXaslvVZNKDKS2Lpvv2SHa2OSLWHuAYpHUwlVav3QoqvuXUh1WWQymrQdb&amp;fref=mentions&amp;__xts__%5B0%5D=68.ARBQqlxyR3H4ZW2KhiVX6aEsl_tidCzh00L97j1r1Zw6Y0PzWIOAJ04MJcJIG603fVBjybk5fto47a3ImyoMNxPFjP6Yaf-bWnl0WG1q45ZEezk53ly8b3ynErTxZtNKbI3sWYvXydv6XEa8n_fDDz44pZJ0cpZfXWA9BAFTl6Bn2v5S8267NHC2v9xZ7AxjiQJpRJgw7IlU4z4HTX1LPIxlgpw\" data-hovercard=\"\/ajax\/hovercard\/page.php?id=289209674527377&amp;extragetparams=%7B%22__tn__%22%3A%22%2CdK-R-R%22%2C%22eid%22%3A%22ARBInwthdtqqN3reDeBO7_KXaslvVZNKDKS2Lpvv2SHa2OSLWHuAYpHUwlVav3QoqvuXUh1WWQymrQdb%22%2C%22fref%22%3A%22mentions%22%7D\" data-hovercard-prefer-more-content-show=\"1\">liels un mazs<\/a><\/p>\n<\/div>\n","protected":false},"excerpt":{"rendered":"<p>23. oktobr\u012b Saulkrastu novada bibliot\u0113k\u0101 viesoj\u0101s slov\u0113\u0146u m\u0101kslinieks Damjans Stepan\u010di\u010ds (Damijan Stepan\u010di\u010d), kur\u0161 ilustr\u0113jis Petera Svetinas gr\u0101matu &#8220;Br\u012bnumu gredzens&#8221; (Liels un mazs, 2018), tulkot\u0101ja M\u0101ra Gredzena un izdevniec\u012bbas &#8220;Liels un mazs&#8221; p\u0101rst\u0101vji. Viesi tik\u0101s ar Saulkrastu PII R\u016b\u0137\u012btis grupas &#8220;Tince&#8221;, &#8220;Sp\u0101r\u012bte&#8221; un &#8220;P\u016bc\u012btes&#8221; b\u0113rniem. M\u0101kslinieka viz\u012bte ir viena no izdevniec\u012bbas &#8220;Liels un mazs&#8221; las\u012btveicin\u0101\u0161anas programmas &hellip; <a href=\"https:\/\/saulkrastubiblioteka.lv\/index.php\/2018\/10\/23\/daliba-starptautiska-lasitveicinasanas-projekta\/\" class=\"more-link\">Turpin\u0101t las\u012bt<span class=\"screen-reader-text\"> &#8220;Dal\u012bba starptautisk\u0101 las\u012btveicin\u0101\u0161anas projekt\u0101&#8221;<\/span><\/a><\/p>\n","protected":false},"author":1,"featured_media":0,"comment_status":"closed","ping_status":"open","sticky":false,"template":"","format":"standard","meta":{"footnotes":""},"categories":[41],"tags":[],"class_list":["post-924","post","type-post","status-publish","format-standard","hentry","category-musu-maza-biblioteka"],"yoast_head":"<!-- This site is optimized with the Yoast SEO plugin v24.2 - https:\/\/yoast.com\/wordpress\/plugins\/seo\/ -->\n<title>Dal\u012bba starptautisk\u0101 las\u012btveicin\u0101\u0161anas projekt\u0101 - Saulkrastu novada bibliot\u0113ka<\/title>\n<meta name=\"robots\" content=\"index, follow, max-snippet:-1, max-image-preview:large, max-video-preview:-1\" \/>\n<link rel=\"canonical\" href=\"https:\/\/saulkrastubiblioteka.lv\/index.php\/2018\/10\/23\/daliba-starptautiska-lasitveicinasanas-projekta\/\" \/>\n<meta property=\"og:locale\" content=\"lv_LV\" \/>\n<meta property=\"og:type\" content=\"article\" \/>\n<meta property=\"og:title\" content=\"Dal\u012bba starptautisk\u0101 las\u012btveicin\u0101\u0161anas projekt\u0101 - Saulkrastu novada bibliot\u0113ka\" \/>\n<meta property=\"og:description\" content=\"23. oktobr\u012b Saulkrastu novada bibliot\u0113k\u0101 viesoj\u0101s slov\u0113\u0146u m\u0101kslinieks Damjans Stepan\u010di\u010ds (Damijan Stepan\u010di\u010d), kur\u0161 ilustr\u0113jis Petera Svetinas gr\u0101matu &#8220;Br\u012bnumu gredzens&#8221; (Liels un mazs, 2018), tulkot\u0101ja M\u0101ra Gredzena un izdevniec\u012bbas &#8220;Liels un mazs&#8221; p\u0101rst\u0101vji. Viesi tik\u0101s ar Saulkrastu PII R\u016b\u0137\u012btis grupas &#8220;Tince&#8221;, &#8220;Sp\u0101r\u012bte&#8221; un &#8220;P\u016bc\u012btes&#8221; b\u0113rniem. M\u0101kslinieka viz\u012bte ir viena no izdevniec\u012bbas &#8220;Liels un mazs&#8221; las\u012btveicin\u0101\u0161anas programmas &hellip; Turpin\u0101t las\u012bt &quot;Dal\u012bba starptautisk\u0101 las\u012btveicin\u0101\u0161anas projekt\u0101&quot;\" \/>\n<meta property=\"og:url\" content=\"https:\/\/saulkrastubiblioteka.lv\/index.php\/2018\/10\/23\/daliba-starptautiska-lasitveicinasanas-projekta\/\" \/>\n<meta property=\"og:site_name\" content=\"Saulkrastu novada bibliot\u0113ka\" \/>\n<meta property=\"article:published_time\" content=\"2018-10-23T10:44:57+00:00\" \/>\n<meta property=\"article:modified_time\" content=\"2018-10-24T05:51:41+00:00\" \/>\n<meta property=\"og:image\" content=\"https:\/\/saulkrastubiblioteka.lv\/wp-content\/uploads\/2018\/10\/damjans-1.jpg\" \/>\n<meta name=\"author\" content=\"admin\" \/>\n<meta name=\"twitter:card\" content=\"summary_large_image\" \/>\n<meta name=\"twitter:label1\" content=\"Written by\" \/>\n\t<meta name=\"twitter:data1\" content=\"admin\" \/>\n\t<meta name=\"twitter:label2\" content=\"Est. reading time\" \/>\n\t<meta name=\"twitter:data2\" content=\"2 min\u016btes\" \/>\n<script type=\"application\/ld+json\" class=\"yoast-schema-graph\">{\"@context\":\"https:\/\/schema.org\",\"@graph\":[{\"@type\":\"Article\",\"@id\":\"https:\/\/saulkrastubiblioteka.lv\/index.php\/2018\/10\/23\/daliba-starptautiska-lasitveicinasanas-projekta\/#article\",\"isPartOf\":{\"@id\":\"https:\/\/saulkrastubiblioteka.lv\/index.php\/2018\/10\/23\/daliba-starptautiska-lasitveicinasanas-projekta\/\"},\"author\":{\"name\":\"admin\",\"@id\":\"https:\/\/saulkrastubiblioteka.lv\/#\/schema\/person\/2233277643a53fb60b293d42c1e5f7a2\"},\"headline\":\"Dal\u012bba starptautisk\u0101 las\u012btveicin\u0101\u0161anas projekt\u0101\",\"datePublished\":\"2018-10-23T10:44:57+00:00\",\"dateModified\":\"2018-10-24T05:51:41+00:00\",\"mainEntityOfPage\":{\"@id\":\"https:\/\/saulkrastubiblioteka.lv\/index.php\/2018\/10\/23\/daliba-starptautiska-lasitveicinasanas-projekta\/\"},\"wordCount\":338,\"publisher\":{\"@id\":\"https:\/\/saulkrastubiblioteka.lv\/#organization\"},\"image\":{\"@id\":\"https:\/\/saulkrastubiblioteka.lv\/index.php\/2018\/10\/23\/daliba-starptautiska-lasitveicinasanas-projekta\/#primaryimage\"},\"thumbnailUrl\":\"https:\/\/saulkrastubiblioteka.lv\/wp-content\/uploads\/2018\/10\/damjans-1.jpg\",\"articleSection\":[\"M\u016bsu maz\u0101 bibliot\u0113ka\"],\"inLanguage\":\"lv-LV\"},{\"@type\":\"WebPage\",\"@id\":\"https:\/\/saulkrastubiblioteka.lv\/index.php\/2018\/10\/23\/daliba-starptautiska-lasitveicinasanas-projekta\/\",\"url\":\"https:\/\/saulkrastubiblioteka.lv\/index.php\/2018\/10\/23\/daliba-starptautiska-lasitveicinasanas-projekta\/\",\"name\":\"Dal\u012bba starptautisk\u0101 las\u012btveicin\u0101\u0161anas projekt\u0101 - Saulkrastu novada bibliot\u0113ka\",\"isPartOf\":{\"@id\":\"https:\/\/saulkrastubiblioteka.lv\/#website\"},\"primaryImageOfPage\":{\"@id\":\"https:\/\/saulkrastubiblioteka.lv\/index.php\/2018\/10\/23\/daliba-starptautiska-lasitveicinasanas-projekta\/#primaryimage\"},\"image\":{\"@id\":\"https:\/\/saulkrastubiblioteka.lv\/index.php\/2018\/10\/23\/daliba-starptautiska-lasitveicinasanas-projekta\/#primaryimage\"},\"thumbnailUrl\":\"https:\/\/saulkrastubiblioteka.lv\/wp-content\/uploads\/2018\/10\/damjans-1.jpg\",\"datePublished\":\"2018-10-23T10:44:57+00:00\",\"dateModified\":\"2018-10-24T05:51:41+00:00\",\"breadcrumb\":{\"@id\":\"https:\/\/saulkrastubiblioteka.lv\/index.php\/2018\/10\/23\/daliba-starptautiska-lasitveicinasanas-projekta\/#breadcrumb\"},\"inLanguage\":\"lv-LV\",\"potentialAction\":[{\"@type\":\"ReadAction\",\"target\":[\"https:\/\/saulkrastubiblioteka.lv\/index.php\/2018\/10\/23\/daliba-starptautiska-lasitveicinasanas-projekta\/\"]}]},{\"@type\":\"ImageObject\",\"inLanguage\":\"lv-LV\",\"@id\":\"https:\/\/saulkrastubiblioteka.lv\/index.php\/2018\/10\/23\/daliba-starptautiska-lasitveicinasanas-projekta\/#primaryimage\",\"url\":\"https:\/\/saulkrastubiblioteka.lv\/wp-content\/uploads\/2018\/10\/damjans-1.jpg\",\"contentUrl\":\"https:\/\/saulkrastubiblioteka.lv\/wp-content\/uploads\/2018\/10\/damjans-1.jpg\",\"width\":1122,\"height\":672},{\"@type\":\"BreadcrumbList\",\"@id\":\"https:\/\/saulkrastubiblioteka.lv\/index.php\/2018\/10\/23\/daliba-starptautiska-lasitveicinasanas-projekta\/#breadcrumb\",\"itemListElement\":[{\"@type\":\"ListItem\",\"position\":1,\"name\":\"Home\",\"item\":\"https:\/\/saulkrastubiblioteka.lv\/\"},{\"@type\":\"ListItem\",\"position\":2,\"name\":\"Dal\u012bba starptautisk\u0101 las\u012btveicin\u0101\u0161anas projekt\u0101\"}]},{\"@type\":\"WebSite\",\"@id\":\"https:\/\/saulkrastubiblioteka.lv\/#website\",\"url\":\"https:\/\/saulkrastubiblioteka.lv\/\",\"name\":\"Saulkrastu novada bibliot\u0113ka\",\"description\":\"Vieta, kur labi pavad\u012bt laiku un pab\u016bt mier\u0101\",\"publisher\":{\"@id\":\"https:\/\/saulkrastubiblioteka.lv\/#organization\"},\"potentialAction\":[{\"@type\":\"SearchAction\",\"target\":{\"@type\":\"EntryPoint\",\"urlTemplate\":\"https:\/\/saulkrastubiblioteka.lv\/?s={search_term_string}\"},\"query-input\":{\"@type\":\"PropertyValueSpecification\",\"valueRequired\":true,\"valueName\":\"search_term_string\"}}],\"inLanguage\":\"lv-LV\"},{\"@type\":\"Organization\",\"@id\":\"https:\/\/saulkrastubiblioteka.lv\/#organization\",\"name\":\"Saulkrastu novada bibliot\u0113ka\",\"url\":\"https:\/\/saulkrastubiblioteka.lv\/\",\"logo\":{\"@type\":\"ImageObject\",\"inLanguage\":\"lv-LV\",\"@id\":\"https:\/\/saulkrastubiblioteka.lv\/#\/schema\/logo\/image\/\",\"url\":\"https:\/\/saulkrastubiblioteka.lv\/wp-content\/uploads\/2021\/01\/cropped-logo.png\",\"contentUrl\":\"https:\/\/saulkrastubiblioteka.lv\/wp-content\/uploads\/2021\/01\/cropped-logo.png\",\"width\":240,\"height\":240,\"caption\":\"Saulkrastu novada bibliot\u0113ka\"},\"image\":{\"@id\":\"https:\/\/saulkrastubiblioteka.lv\/#\/schema\/logo\/image\/\"}},{\"@type\":\"Person\",\"@id\":\"https:\/\/saulkrastubiblioteka.lv\/#\/schema\/person\/2233277643a53fb60b293d42c1e5f7a2\",\"name\":\"admin\",\"image\":{\"@type\":\"ImageObject\",\"inLanguage\":\"lv-LV\",\"@id\":\"https:\/\/saulkrastubiblioteka.lv\/#\/schema\/person\/image\/\",\"url\":\"https:\/\/secure.gravatar.com\/avatar\/a5ad3f68569c7df813ab9387f6d30b65?s=96&d=mm&r=g\",\"contentUrl\":\"https:\/\/secure.gravatar.com\/avatar\/a5ad3f68569c7df813ab9387f6d30b65?s=96&d=mm&r=g\",\"caption\":\"admin\"},\"url\":\"https:\/\/saulkrastubiblioteka.lv\/index.php\/author\/info_xjq16vdi\/\"}]}<\/script>\n<!-- \/ Yoast SEO plugin. -->","yoast_head_json":{"title":"Dal\u012bba starptautisk\u0101 las\u012btveicin\u0101\u0161anas projekt\u0101 - Saulkrastu novada bibliot\u0113ka","robots":{"index":"index","follow":"follow","max-snippet":"max-snippet:-1","max-image-preview":"max-image-preview:large","max-video-preview":"max-video-preview:-1"},"canonical":"https:\/\/saulkrastubiblioteka.lv\/index.php\/2018\/10\/23\/daliba-starptautiska-lasitveicinasanas-projekta\/","og_locale":"lv_LV","og_type":"article","og_title":"Dal\u012bba starptautisk\u0101 las\u012btveicin\u0101\u0161anas projekt\u0101 - Saulkrastu novada bibliot\u0113ka","og_description":"23. oktobr\u012b Saulkrastu novada bibliot\u0113k\u0101 viesoj\u0101s slov\u0113\u0146u m\u0101kslinieks Damjans Stepan\u010di\u010ds (Damijan Stepan\u010di\u010d), kur\u0161 ilustr\u0113jis Petera Svetinas gr\u0101matu &#8220;Br\u012bnumu gredzens&#8221; (Liels un mazs, 2018), tulkot\u0101ja M\u0101ra Gredzena un izdevniec\u012bbas &#8220;Liels un mazs&#8221; p\u0101rst\u0101vji. Viesi tik\u0101s ar Saulkrastu PII R\u016b\u0137\u012btis grupas &#8220;Tince&#8221;, &#8220;Sp\u0101r\u012bte&#8221; un &#8220;P\u016bc\u012btes&#8221; b\u0113rniem. M\u0101kslinieka viz\u012bte ir viena no izdevniec\u012bbas &#8220;Liels un mazs&#8221; las\u012btveicin\u0101\u0161anas programmas &hellip; Turpin\u0101t las\u012bt \"Dal\u012bba starptautisk\u0101 las\u012btveicin\u0101\u0161anas projekt\u0101\"","og_url":"https:\/\/saulkrastubiblioteka.lv\/index.php\/2018\/10\/23\/daliba-starptautiska-lasitveicinasanas-projekta\/","og_site_name":"Saulkrastu novada bibliot\u0113ka","article_published_time":"2018-10-23T10:44:57+00:00","article_modified_time":"2018-10-24T05:51:41+00:00","og_image":[{"url":"https:\/\/saulkrastubiblioteka.lv\/wp-content\/uploads\/2018\/10\/damjans-1.jpg","type":"","width":"","height":""}],"author":"admin","twitter_card":"summary_large_image","twitter_misc":{"Written by":"admin","Est. reading time":"2 min\u016btes"},"schema":{"@context":"https:\/\/schema.org","@graph":[{"@type":"Article","@id":"https:\/\/saulkrastubiblioteka.lv\/index.php\/2018\/10\/23\/daliba-starptautiska-lasitveicinasanas-projekta\/#article","isPartOf":{"@id":"https:\/\/saulkrastubiblioteka.lv\/index.php\/2018\/10\/23\/daliba-starptautiska-lasitveicinasanas-projekta\/"},"author":{"name":"admin","@id":"https:\/\/saulkrastubiblioteka.lv\/#\/schema\/person\/2233277643a53fb60b293d42c1e5f7a2"},"headline":"Dal\u012bba starptautisk\u0101 las\u012btveicin\u0101\u0161anas projekt\u0101","datePublished":"2018-10-23T10:44:57+00:00","dateModified":"2018-10-24T05:51:41+00:00","mainEntityOfPage":{"@id":"https:\/\/saulkrastubiblioteka.lv\/index.php\/2018\/10\/23\/daliba-starptautiska-lasitveicinasanas-projekta\/"},"wordCount":338,"publisher":{"@id":"https:\/\/saulkrastubiblioteka.lv\/#organization"},"image":{"@id":"https:\/\/saulkrastubiblioteka.lv\/index.php\/2018\/10\/23\/daliba-starptautiska-lasitveicinasanas-projekta\/#primaryimage"},"thumbnailUrl":"https:\/\/saulkrastubiblioteka.lv\/wp-content\/uploads\/2018\/10\/damjans-1.jpg","articleSection":["M\u016bsu maz\u0101 bibliot\u0113ka"],"inLanguage":"lv-LV"},{"@type":"WebPage","@id":"https:\/\/saulkrastubiblioteka.lv\/index.php\/2018\/10\/23\/daliba-starptautiska-lasitveicinasanas-projekta\/","url":"https:\/\/saulkrastubiblioteka.lv\/index.php\/2018\/10\/23\/daliba-starptautiska-lasitveicinasanas-projekta\/","name":"Dal\u012bba starptautisk\u0101 las\u012btveicin\u0101\u0161anas projekt\u0101 - Saulkrastu novada bibliot\u0113ka","isPartOf":{"@id":"https:\/\/saulkrastubiblioteka.lv\/#website"},"primaryImageOfPage":{"@id":"https:\/\/saulkrastubiblioteka.lv\/index.php\/2018\/10\/23\/daliba-starptautiska-lasitveicinasanas-projekta\/#primaryimage"},"image":{"@id":"https:\/\/saulkrastubiblioteka.lv\/index.php\/2018\/10\/23\/daliba-starptautiska-lasitveicinasanas-projekta\/#primaryimage"},"thumbnailUrl":"https:\/\/saulkrastubiblioteka.lv\/wp-content\/uploads\/2018\/10\/damjans-1.jpg","datePublished":"2018-10-23T10:44:57+00:00","dateModified":"2018-10-24T05:51:41+00:00","breadcrumb":{"@id":"https:\/\/saulkrastubiblioteka.lv\/index.php\/2018\/10\/23\/daliba-starptautiska-lasitveicinasanas-projekta\/#breadcrumb"},"inLanguage":"lv-LV","potentialAction":[{"@type":"ReadAction","target":["https:\/\/saulkrastubiblioteka.lv\/index.php\/2018\/10\/23\/daliba-starptautiska-lasitveicinasanas-projekta\/"]}]},{"@type":"ImageObject","inLanguage":"lv-LV","@id":"https:\/\/saulkrastubiblioteka.lv\/index.php\/2018\/10\/23\/daliba-starptautiska-lasitveicinasanas-projekta\/#primaryimage","url":"https:\/\/saulkrastubiblioteka.lv\/wp-content\/uploads\/2018\/10\/damjans-1.jpg","contentUrl":"https:\/\/saulkrastubiblioteka.lv\/wp-content\/uploads\/2018\/10\/damjans-1.jpg","width":1122,"height":672},{"@type":"BreadcrumbList","@id":"https:\/\/saulkrastubiblioteka.lv\/index.php\/2018\/10\/23\/daliba-starptautiska-lasitveicinasanas-projekta\/#breadcrumb","itemListElement":[{"@type":"ListItem","position":1,"name":"Home","item":"https:\/\/saulkrastubiblioteka.lv\/"},{"@type":"ListItem","position":2,"name":"Dal\u012bba starptautisk\u0101 las\u012btveicin\u0101\u0161anas projekt\u0101"}]},{"@type":"WebSite","@id":"https:\/\/saulkrastubiblioteka.lv\/#website","url":"https:\/\/saulkrastubiblioteka.lv\/","name":"Saulkrastu novada bibliot\u0113ka","description":"Vieta, kur labi pavad\u012bt laiku un pab\u016bt mier\u0101","publisher":{"@id":"https:\/\/saulkrastubiblioteka.lv\/#organization"},"potentialAction":[{"@type":"SearchAction","target":{"@type":"EntryPoint","urlTemplate":"https:\/\/saulkrastubiblioteka.lv\/?s={search_term_string}"},"query-input":{"@type":"PropertyValueSpecification","valueRequired":true,"valueName":"search_term_string"}}],"inLanguage":"lv-LV"},{"@type":"Organization","@id":"https:\/\/saulkrastubiblioteka.lv\/#organization","name":"Saulkrastu novada bibliot\u0113ka","url":"https:\/\/saulkrastubiblioteka.lv\/","logo":{"@type":"ImageObject","inLanguage":"lv-LV","@id":"https:\/\/saulkrastubiblioteka.lv\/#\/schema\/logo\/image\/","url":"https:\/\/saulkrastubiblioteka.lv\/wp-content\/uploads\/2021\/01\/cropped-logo.png","contentUrl":"https:\/\/saulkrastubiblioteka.lv\/wp-content\/uploads\/2021\/01\/cropped-logo.png","width":240,"height":240,"caption":"Saulkrastu novada bibliot\u0113ka"},"image":{"@id":"https:\/\/saulkrastubiblioteka.lv\/#\/schema\/logo\/image\/"}},{"@type":"Person","@id":"https:\/\/saulkrastubiblioteka.lv\/#\/schema\/person\/2233277643a53fb60b293d42c1e5f7a2","name":"admin","image":{"@type":"ImageObject","inLanguage":"lv-LV","@id":"https:\/\/saulkrastubiblioteka.lv\/#\/schema\/person\/image\/","url":"https:\/\/secure.gravatar.com\/avatar\/a5ad3f68569c7df813ab9387f6d30b65?s=96&d=mm&r=g","contentUrl":"https:\/\/secure.gravatar.com\/avatar\/a5ad3f68569c7df813ab9387f6d30b65?s=96&d=mm&r=g","caption":"admin"},"url":"https:\/\/saulkrastubiblioteka.lv\/index.php\/author\/info_xjq16vdi\/"}]}},"_links":{"self":[{"href":"https:\/\/saulkrastubiblioteka.lv\/index.php\/wp-json\/wp\/v2\/posts\/924","targetHints":{"allow":["GET"]}}],"collection":[{"href":"https:\/\/saulkrastubiblioteka.lv\/index.php\/wp-json\/wp\/v2\/posts"}],"about":[{"href":"https:\/\/saulkrastubiblioteka.lv\/index.php\/wp-json\/wp\/v2\/types\/post"}],"author":[{"embeddable":true,"href":"https:\/\/saulkrastubiblioteka.lv\/index.php\/wp-json\/wp\/v2\/users\/1"}],"replies":[{"embeddable":true,"href":"https:\/\/saulkrastubiblioteka.lv\/index.php\/wp-json\/wp\/v2\/comments?post=924"}],"version-history":[{"count":5,"href":"https:\/\/saulkrastubiblioteka.lv\/index.php\/wp-json\/wp\/v2\/posts\/924\/revisions"}],"predecessor-version":[{"id":931,"href":"https:\/\/saulkrastubiblioteka.lv\/index.php\/wp-json\/wp\/v2\/posts\/924\/revisions\/931"}],"wp:attachment":[{"href":"https:\/\/saulkrastubiblioteka.lv\/index.php\/wp-json\/wp\/v2\/media?parent=924"}],"wp:term":[{"taxonomy":"category","embeddable":true,"href":"https:\/\/saulkrastubiblioteka.lv\/index.php\/wp-json\/wp\/v2\/categories?post=924"},{"taxonomy":"post_tag","embeddable":true,"href":"https:\/\/saulkrastubiblioteka.lv\/index.php\/wp-json\/wp\/v2\/tags?post=924"}],"curies":[{"name":"wp","href":"https:\/\/api.w.org\/{rel}","templated":true}]}}