{"id":908,"date":"2018-10-16T06:04:06","date_gmt":"2018-10-16T06:04:06","guid":{"rendered":"https:\/\/saulkrastubiblioteka.lv\/?p=908"},"modified":"2018-10-16T06:04:06","modified_gmt":"2018-10-16T06:04:06","slug":"musu-viesis-ilustrators-damjans-stepancics-no-slovenijas","status":"publish","type":"post","link":"https:\/\/saulkrastubiblioteka.lv\/index.php\/2018\/10\/16\/musu-viesis-ilustrators-damjans-stepancics-no-slovenijas\/","title":{"rendered":"M\u016bsu viesis &#8211; ilustrators Damjans Stepan\u010di\u010ds no Slov\u0113nijas"},"content":{"rendered":"<div id=\"js_sd\" class=\"_5pbx userContent _3576\" data-ad-preview=\"message\" data-ft=\"{&quot;tn&quot;:&quot;K&quot;}\">\n<p><img loading=\"lazy\" decoding=\"async\" class=\"alignnone wp-image-909 size-full\" src=\"https:\/\/saulkrastubiblioteka.lv\/wp-content\/uploads\/2018\/10\/damjans.jpg\" alt=\"\" width=\"693\" height=\"414\" srcset=\"https:\/\/saulkrastubiblioteka.lv\/wp-content\/uploads\/2018\/10\/damjans.jpg 693w, https:\/\/saulkrastubiblioteka.lv\/wp-content\/uploads\/2018\/10\/damjans-300x179.jpg 300w\" sizes=\"auto, (max-width: 709px) 85vw, (max-width: 909px) 67vw, (max-width: 984px) 61vw, (max-width: 1362px) 45vw, 600px\" \/><\/p>\n<p>Bibliot\u0113ku apmekl\u0113s ilustrators D.Stepan\u010di\u010ds no Slov\u0113nijas, gr\u0101matas tulkot\u0101ja un p\u0101rst\u0101vji no izdevniec\u012bbas <a class=\"profileLink\" href=\"https:\/\/www.facebook.com\/lielsunmazs\/?__tn__=K-R&amp;eid=ARCbZU4PTjmhBepEj2BKaqeCFOvrxtVLWrCYzANf0sA1H-bOU6MJ-ZQT_i_8nMG1OO_FWtel0enG3g5W&amp;fref=mentions&amp;__xts__%5B0%5D=68.ARBS4n56aPinY85ajII-DiNKxOue1sCHSSQiD193GgHxBT3GooL75Gr6kV5sX7Yey2kDWpavN0qkEt45GRYCKX7WuMKczZO07IVl0G5nPDUc6Aq-79HWQSdyrh1YQCCsn7aI8J5RS2Q5mBbxDKUkEeXqRKwqB9k_vHkO6qxi-RU9QVkviuyqZDj7LqQVcjqsy0rOd3wm_sns73TrRwrV3caR\" data-hovercard=\"\/ajax\/hovercard\/page.php?id=289209674527377&amp;extragetparams=%7B%22__tn__%22%3A%22%2CdK-R-R%22%2C%22eid%22%3A%22ARCbZU4PTjmhBepEj2BKaqeCFOvrxtVLWrCYzANf0sA1H-bOU6MJ-ZQT_i_8nMG1OO_FWtel0enG3g5W%22%2C%22fref%22%3A%22mentions%22%7D\" data-hovercard-prefer-more-content-show=\"1\">liels un mazs<\/a>. Vieso\u0161an\u0101s laik\u0101 ilustrators past\u0101st\u012bs gan par sevi, gan Slov\u0113niju un sav\u0101m gr\u0101mat\u0101m. Pas\u0101kuma otr\u0101 da\u013ca b\u016bs darbn\u012bca b\u0113rniem, kur\u0101 vi\u0146i var\u0113s darboties ar kr\u0101sainajiem z\u012bmu\u013ciem un lap\u0101m. B\u0113rni z\u012bm\u0113s savu vidi &#8211; pils\u0113tu, dz\u012bvokli utt., m\u0101coties k\u0101 ar ilustr\u0101ciju var sevi iepaz\u012bstin\u0101t. Tas viss labi sasaucas ar gr\u0101matas &#8220;Br\u012bnumu gredzena&#8221; ilustr\u0101cij\u0101m, kur pils\u0113tai ar\u012b ir b\u016btiska loma.<\/p>\n<p><a class=\"_58cn\" href=\"https:\/\/www.facebook.com\/hashtag\/musumazabiblioteka?source=feed_text&amp;__xts__%5B0%5D=68.ARBS4n56aPinY85ajII-DiNKxOue1sCHSSQiD193GgHxBT3GooL75Gr6kV5sX7Yey2kDWpavN0qkEt45GRYCKX7WuMKczZO07IVl0G5nPDUc6Aq-79HWQSdyrh1YQCCsn7aI8J5RS2Q5mBbxDKUkEeXqRKwqB9k_vHkO6qxi-RU9QVkviuyqZDj7LqQVcjqsy0rOd3wm_sns73TrRwrV3caR&amp;__tn__=%2ANK-R\" data-ft=\"{&quot;type&quot;:104,&quot;tn&quot;:&quot;*N&quot;}\"><span class=\"_5afx\"><span class=\"_58cl _5afz\" aria-label=\"atsauces tags\">#<\/span><span class=\"_58cm\">musumazabiblioteka<\/span><\/span><\/a><\/p>\n<\/div>\n","protected":false},"excerpt":{"rendered":"<p>Bibliot\u0113ku apmekl\u0113s ilustrators D.Stepan\u010di\u010ds no Slov\u0113nijas, gr\u0101matas tulkot\u0101ja un p\u0101rst\u0101vji no izdevniec\u012bbas liels un mazs. Vieso\u0161an\u0101s laik\u0101 ilustrators past\u0101st\u012bs gan par sevi, gan Slov\u0113niju un sav\u0101m gr\u0101mat\u0101m. Pas\u0101kuma otr\u0101 da\u013ca b\u016bs darbn\u012bca b\u0113rniem, kur\u0101 vi\u0146i var\u0113s darboties ar kr\u0101sainajiem z\u012bmu\u013ciem un lap\u0101m. B\u0113rni z\u012bm\u0113s savu vidi &#8211; pils\u0113tu, dz\u012bvokli utt., m\u0101coties k\u0101 ar ilustr\u0101ciju var &hellip; <a href=\"https:\/\/saulkrastubiblioteka.lv\/index.php\/2018\/10\/16\/musu-viesis-ilustrators-damjans-stepancics-no-slovenijas\/\" class=\"more-link\">Turpin\u0101t las\u012bt<span class=\"screen-reader-text\"> &#8220;M\u016bsu viesis &#8211; ilustrators Damjans Stepan\u010di\u010ds no Slov\u0113nijas&#8221;<\/span><\/a><\/p>\n","protected":false},"author":1,"featured_media":0,"comment_status":"closed","ping_status":"open","sticky":false,"template":"","format":"standard","meta":{"footnotes":""},"categories":[41],"tags":[],"class_list":["post-908","post","type-post","status-publish","format-standard","hentry","category-musu-maza-biblioteka"],"yoast_head":"<!-- This site is optimized with the Yoast SEO plugin v24.2 - https:\/\/yoast.com\/wordpress\/plugins\/seo\/ -->\n<title>M\u016bsu viesis - ilustrators Damjans Stepan\u010di\u010ds no Slov\u0113nijas - Saulkrastu novada bibliot\u0113ka<\/title>\n<meta name=\"robots\" content=\"index, follow, max-snippet:-1, max-image-preview:large, max-video-preview:-1\" \/>\n<link rel=\"canonical\" href=\"https:\/\/saulkrastubiblioteka.lv\/index.php\/2018\/10\/16\/musu-viesis-ilustrators-damjans-stepancics-no-slovenijas\/\" \/>\n<meta property=\"og:locale\" content=\"lv_LV\" \/>\n<meta property=\"og:type\" content=\"article\" \/>\n<meta property=\"og:title\" content=\"M\u016bsu viesis - ilustrators Damjans Stepan\u010di\u010ds no Slov\u0113nijas - Saulkrastu novada bibliot\u0113ka\" \/>\n<meta property=\"og:description\" content=\"Bibliot\u0113ku apmekl\u0113s ilustrators D.Stepan\u010di\u010ds no Slov\u0113nijas, gr\u0101matas tulkot\u0101ja un p\u0101rst\u0101vji no izdevniec\u012bbas liels un mazs. Vieso\u0161an\u0101s laik\u0101 ilustrators past\u0101st\u012bs gan par sevi, gan Slov\u0113niju un sav\u0101m gr\u0101mat\u0101m. Pas\u0101kuma otr\u0101 da\u013ca b\u016bs darbn\u012bca b\u0113rniem, kur\u0101 vi\u0146i var\u0113s darboties ar kr\u0101sainajiem z\u012bmu\u013ciem un lap\u0101m. B\u0113rni z\u012bm\u0113s savu vidi &#8211; pils\u0113tu, dz\u012bvokli utt., m\u0101coties k\u0101 ar ilustr\u0101ciju var &hellip; Turpin\u0101t las\u012bt &quot;M\u016bsu viesis &#8211; ilustrators Damjans Stepan\u010di\u010ds no Slov\u0113nijas&quot;\" \/>\n<meta property=\"og:url\" content=\"https:\/\/saulkrastubiblioteka.lv\/index.php\/2018\/10\/16\/musu-viesis-ilustrators-damjans-stepancics-no-slovenijas\/\" \/>\n<meta property=\"og:site_name\" content=\"Saulkrastu novada bibliot\u0113ka\" \/>\n<meta property=\"article:published_time\" content=\"2018-10-16T06:04:06+00:00\" \/>\n<meta property=\"og:image\" content=\"https:\/\/saulkrastubiblioteka.lv\/wp-content\/uploads\/2018\/10\/damjans.jpg\" \/>\n<meta name=\"author\" content=\"admin\" \/>\n<meta name=\"twitter:card\" content=\"summary_large_image\" \/>\n<meta name=\"twitter:label1\" content=\"Written by\" \/>\n\t<meta name=\"twitter:data1\" content=\"admin\" \/>\n\t<meta name=\"twitter:label2\" content=\"Est. reading time\" \/>\n\t<meta name=\"twitter:data2\" content=\"1 min\u016bte\" \/>\n<script type=\"application\/ld+json\" class=\"yoast-schema-graph\">{\"@context\":\"https:\/\/schema.org\",\"@graph\":[{\"@type\":\"Article\",\"@id\":\"https:\/\/saulkrastubiblioteka.lv\/index.php\/2018\/10\/16\/musu-viesis-ilustrators-damjans-stepancics-no-slovenijas\/#article\",\"isPartOf\":{\"@id\":\"https:\/\/saulkrastubiblioteka.lv\/index.php\/2018\/10\/16\/musu-viesis-ilustrators-damjans-stepancics-no-slovenijas\/\"},\"author\":{\"name\":\"admin\",\"@id\":\"https:\/\/saulkrastubiblioteka.lv\/#\/schema\/person\/2233277643a53fb60b293d42c1e5f7a2\"},\"headline\":\"M\u016bsu viesis &#8211; ilustrators Damjans Stepan\u010di\u010ds no Slov\u0113nijas\",\"datePublished\":\"2018-10-16T06:04:06+00:00\",\"dateModified\":\"2018-10-16T06:04:06+00:00\",\"mainEntityOfPage\":{\"@id\":\"https:\/\/saulkrastubiblioteka.lv\/index.php\/2018\/10\/16\/musu-viesis-ilustrators-damjans-stepancics-no-slovenijas\/\"},\"wordCount\":130,\"publisher\":{\"@id\":\"https:\/\/saulkrastubiblioteka.lv\/#organization\"},\"image\":{\"@id\":\"https:\/\/saulkrastubiblioteka.lv\/index.php\/2018\/10\/16\/musu-viesis-ilustrators-damjans-stepancics-no-slovenijas\/#primaryimage\"},\"thumbnailUrl\":\"https:\/\/saulkrastubiblioteka.lv\/wp-content\/uploads\/2018\/10\/damjans.jpg\",\"articleSection\":[\"M\u016bsu maz\u0101 bibliot\u0113ka\"],\"inLanguage\":\"lv-LV\"},{\"@type\":\"WebPage\",\"@id\":\"https:\/\/saulkrastubiblioteka.lv\/index.php\/2018\/10\/16\/musu-viesis-ilustrators-damjans-stepancics-no-slovenijas\/\",\"url\":\"https:\/\/saulkrastubiblioteka.lv\/index.php\/2018\/10\/16\/musu-viesis-ilustrators-damjans-stepancics-no-slovenijas\/\",\"name\":\"M\u016bsu viesis - ilustrators Damjans Stepan\u010di\u010ds no Slov\u0113nijas - Saulkrastu novada bibliot\u0113ka\",\"isPartOf\":{\"@id\":\"https:\/\/saulkrastubiblioteka.lv\/#website\"},\"primaryImageOfPage\":{\"@id\":\"https:\/\/saulkrastubiblioteka.lv\/index.php\/2018\/10\/16\/musu-viesis-ilustrators-damjans-stepancics-no-slovenijas\/#primaryimage\"},\"image\":{\"@id\":\"https:\/\/saulkrastubiblioteka.lv\/index.php\/2018\/10\/16\/musu-viesis-ilustrators-damjans-stepancics-no-slovenijas\/#primaryimage\"},\"thumbnailUrl\":\"https:\/\/saulkrastubiblioteka.lv\/wp-content\/uploads\/2018\/10\/damjans.jpg\",\"datePublished\":\"2018-10-16T06:04:06+00:00\",\"dateModified\":\"2018-10-16T06:04:06+00:00\",\"breadcrumb\":{\"@id\":\"https:\/\/saulkrastubiblioteka.lv\/index.php\/2018\/10\/16\/musu-viesis-ilustrators-damjans-stepancics-no-slovenijas\/#breadcrumb\"},\"inLanguage\":\"lv-LV\",\"potentialAction\":[{\"@type\":\"ReadAction\",\"target\":[\"https:\/\/saulkrastubiblioteka.lv\/index.php\/2018\/10\/16\/musu-viesis-ilustrators-damjans-stepancics-no-slovenijas\/\"]}]},{\"@type\":\"ImageObject\",\"inLanguage\":\"lv-LV\",\"@id\":\"https:\/\/saulkrastubiblioteka.lv\/index.php\/2018\/10\/16\/musu-viesis-ilustrators-damjans-stepancics-no-slovenijas\/#primaryimage\",\"url\":\"https:\/\/saulkrastubiblioteka.lv\/wp-content\/uploads\/2018\/10\/damjans.jpg\",\"contentUrl\":\"https:\/\/saulkrastubiblioteka.lv\/wp-content\/uploads\/2018\/10\/damjans.jpg\",\"width\":693,\"height\":414},{\"@type\":\"BreadcrumbList\",\"@id\":\"https:\/\/saulkrastubiblioteka.lv\/index.php\/2018\/10\/16\/musu-viesis-ilustrators-damjans-stepancics-no-slovenijas\/#breadcrumb\",\"itemListElement\":[{\"@type\":\"ListItem\",\"position\":1,\"name\":\"Home\",\"item\":\"https:\/\/saulkrastubiblioteka.lv\/\"},{\"@type\":\"ListItem\",\"position\":2,\"name\":\"M\u016bsu viesis &#8211; ilustrators Damjans Stepan\u010di\u010ds no Slov\u0113nijas\"}]},{\"@type\":\"WebSite\",\"@id\":\"https:\/\/saulkrastubiblioteka.lv\/#website\",\"url\":\"https:\/\/saulkrastubiblioteka.lv\/\",\"name\":\"Saulkrastu novada bibliot\u0113ka\",\"description\":\"Vieta, kur labi pavad\u012bt laiku un pab\u016bt mier\u0101\",\"publisher\":{\"@id\":\"https:\/\/saulkrastubiblioteka.lv\/#organization\"},\"potentialAction\":[{\"@type\":\"SearchAction\",\"target\":{\"@type\":\"EntryPoint\",\"urlTemplate\":\"https:\/\/saulkrastubiblioteka.lv\/?s={search_term_string}\"},\"query-input\":{\"@type\":\"PropertyValueSpecification\",\"valueRequired\":true,\"valueName\":\"search_term_string\"}}],\"inLanguage\":\"lv-LV\"},{\"@type\":\"Organization\",\"@id\":\"https:\/\/saulkrastubiblioteka.lv\/#organization\",\"name\":\"Saulkrastu novada bibliot\u0113ka\",\"url\":\"https:\/\/saulkrastubiblioteka.lv\/\",\"logo\":{\"@type\":\"ImageObject\",\"inLanguage\":\"lv-LV\",\"@id\":\"https:\/\/saulkrastubiblioteka.lv\/#\/schema\/logo\/image\/\",\"url\":\"https:\/\/saulkrastubiblioteka.lv\/wp-content\/uploads\/2021\/01\/cropped-logo.png\",\"contentUrl\":\"https:\/\/saulkrastubiblioteka.lv\/wp-content\/uploads\/2021\/01\/cropped-logo.png\",\"width\":240,\"height\":240,\"caption\":\"Saulkrastu novada bibliot\u0113ka\"},\"image\":{\"@id\":\"https:\/\/saulkrastubiblioteka.lv\/#\/schema\/logo\/image\/\"}},{\"@type\":\"Person\",\"@id\":\"https:\/\/saulkrastubiblioteka.lv\/#\/schema\/person\/2233277643a53fb60b293d42c1e5f7a2\",\"name\":\"admin\",\"image\":{\"@type\":\"ImageObject\",\"inLanguage\":\"lv-LV\",\"@id\":\"https:\/\/saulkrastubiblioteka.lv\/#\/schema\/person\/image\/\",\"url\":\"https:\/\/secure.gravatar.com\/avatar\/a5ad3f68569c7df813ab9387f6d30b65?s=96&d=mm&r=g\",\"contentUrl\":\"https:\/\/secure.gravatar.com\/avatar\/a5ad3f68569c7df813ab9387f6d30b65?s=96&d=mm&r=g\",\"caption\":\"admin\"},\"url\":\"https:\/\/saulkrastubiblioteka.lv\/index.php\/author\/info_xjq16vdi\/\"}]}<\/script>\n<!-- \/ Yoast SEO plugin. -->","yoast_head_json":{"title":"M\u016bsu viesis - ilustrators Damjans Stepan\u010di\u010ds no Slov\u0113nijas - Saulkrastu novada bibliot\u0113ka","robots":{"index":"index","follow":"follow","max-snippet":"max-snippet:-1","max-image-preview":"max-image-preview:large","max-video-preview":"max-video-preview:-1"},"canonical":"https:\/\/saulkrastubiblioteka.lv\/index.php\/2018\/10\/16\/musu-viesis-ilustrators-damjans-stepancics-no-slovenijas\/","og_locale":"lv_LV","og_type":"article","og_title":"M\u016bsu viesis - ilustrators Damjans Stepan\u010di\u010ds no Slov\u0113nijas - Saulkrastu novada bibliot\u0113ka","og_description":"Bibliot\u0113ku apmekl\u0113s ilustrators D.Stepan\u010di\u010ds no Slov\u0113nijas, gr\u0101matas tulkot\u0101ja un p\u0101rst\u0101vji no izdevniec\u012bbas liels un mazs. Vieso\u0161an\u0101s laik\u0101 ilustrators past\u0101st\u012bs gan par sevi, gan Slov\u0113niju un sav\u0101m gr\u0101mat\u0101m. Pas\u0101kuma otr\u0101 da\u013ca b\u016bs darbn\u012bca b\u0113rniem, kur\u0101 vi\u0146i var\u0113s darboties ar kr\u0101sainajiem z\u012bmu\u013ciem un lap\u0101m. B\u0113rni z\u012bm\u0113s savu vidi &#8211; pils\u0113tu, dz\u012bvokli utt., m\u0101coties k\u0101 ar ilustr\u0101ciju var &hellip; Turpin\u0101t las\u012bt \"M\u016bsu viesis &#8211; ilustrators Damjans Stepan\u010di\u010ds no Slov\u0113nijas\"","og_url":"https:\/\/saulkrastubiblioteka.lv\/index.php\/2018\/10\/16\/musu-viesis-ilustrators-damjans-stepancics-no-slovenijas\/","og_site_name":"Saulkrastu novada bibliot\u0113ka","article_published_time":"2018-10-16T06:04:06+00:00","og_image":[{"url":"https:\/\/saulkrastubiblioteka.lv\/wp-content\/uploads\/2018\/10\/damjans.jpg","type":"","width":"","height":""}],"author":"admin","twitter_card":"summary_large_image","twitter_misc":{"Written by":"admin","Est. reading time":"1 min\u016bte"},"schema":{"@context":"https:\/\/schema.org","@graph":[{"@type":"Article","@id":"https:\/\/saulkrastubiblioteka.lv\/index.php\/2018\/10\/16\/musu-viesis-ilustrators-damjans-stepancics-no-slovenijas\/#article","isPartOf":{"@id":"https:\/\/saulkrastubiblioteka.lv\/index.php\/2018\/10\/16\/musu-viesis-ilustrators-damjans-stepancics-no-slovenijas\/"},"author":{"name":"admin","@id":"https:\/\/saulkrastubiblioteka.lv\/#\/schema\/person\/2233277643a53fb60b293d42c1e5f7a2"},"headline":"M\u016bsu viesis &#8211; ilustrators Damjans Stepan\u010di\u010ds no Slov\u0113nijas","datePublished":"2018-10-16T06:04:06+00:00","dateModified":"2018-10-16T06:04:06+00:00","mainEntityOfPage":{"@id":"https:\/\/saulkrastubiblioteka.lv\/index.php\/2018\/10\/16\/musu-viesis-ilustrators-damjans-stepancics-no-slovenijas\/"},"wordCount":130,"publisher":{"@id":"https:\/\/saulkrastubiblioteka.lv\/#organization"},"image":{"@id":"https:\/\/saulkrastubiblioteka.lv\/index.php\/2018\/10\/16\/musu-viesis-ilustrators-damjans-stepancics-no-slovenijas\/#primaryimage"},"thumbnailUrl":"https:\/\/saulkrastubiblioteka.lv\/wp-content\/uploads\/2018\/10\/damjans.jpg","articleSection":["M\u016bsu maz\u0101 bibliot\u0113ka"],"inLanguage":"lv-LV"},{"@type":"WebPage","@id":"https:\/\/saulkrastubiblioteka.lv\/index.php\/2018\/10\/16\/musu-viesis-ilustrators-damjans-stepancics-no-slovenijas\/","url":"https:\/\/saulkrastubiblioteka.lv\/index.php\/2018\/10\/16\/musu-viesis-ilustrators-damjans-stepancics-no-slovenijas\/","name":"M\u016bsu viesis - ilustrators Damjans Stepan\u010di\u010ds no Slov\u0113nijas - Saulkrastu novada bibliot\u0113ka","isPartOf":{"@id":"https:\/\/saulkrastubiblioteka.lv\/#website"},"primaryImageOfPage":{"@id":"https:\/\/saulkrastubiblioteka.lv\/index.php\/2018\/10\/16\/musu-viesis-ilustrators-damjans-stepancics-no-slovenijas\/#primaryimage"},"image":{"@id":"https:\/\/saulkrastubiblioteka.lv\/index.php\/2018\/10\/16\/musu-viesis-ilustrators-damjans-stepancics-no-slovenijas\/#primaryimage"},"thumbnailUrl":"https:\/\/saulkrastubiblioteka.lv\/wp-content\/uploads\/2018\/10\/damjans.jpg","datePublished":"2018-10-16T06:04:06+00:00","dateModified":"2018-10-16T06:04:06+00:00","breadcrumb":{"@id":"https:\/\/saulkrastubiblioteka.lv\/index.php\/2018\/10\/16\/musu-viesis-ilustrators-damjans-stepancics-no-slovenijas\/#breadcrumb"},"inLanguage":"lv-LV","potentialAction":[{"@type":"ReadAction","target":["https:\/\/saulkrastubiblioteka.lv\/index.php\/2018\/10\/16\/musu-viesis-ilustrators-damjans-stepancics-no-slovenijas\/"]}]},{"@type":"ImageObject","inLanguage":"lv-LV","@id":"https:\/\/saulkrastubiblioteka.lv\/index.php\/2018\/10\/16\/musu-viesis-ilustrators-damjans-stepancics-no-slovenijas\/#primaryimage","url":"https:\/\/saulkrastubiblioteka.lv\/wp-content\/uploads\/2018\/10\/damjans.jpg","contentUrl":"https:\/\/saulkrastubiblioteka.lv\/wp-content\/uploads\/2018\/10\/damjans.jpg","width":693,"height":414},{"@type":"BreadcrumbList","@id":"https:\/\/saulkrastubiblioteka.lv\/index.php\/2018\/10\/16\/musu-viesis-ilustrators-damjans-stepancics-no-slovenijas\/#breadcrumb","itemListElement":[{"@type":"ListItem","position":1,"name":"Home","item":"https:\/\/saulkrastubiblioteka.lv\/"},{"@type":"ListItem","position":2,"name":"M\u016bsu viesis &#8211; ilustrators Damjans Stepan\u010di\u010ds no Slov\u0113nijas"}]},{"@type":"WebSite","@id":"https:\/\/saulkrastubiblioteka.lv\/#website","url":"https:\/\/saulkrastubiblioteka.lv\/","name":"Saulkrastu novada bibliot\u0113ka","description":"Vieta, kur labi pavad\u012bt laiku un pab\u016bt mier\u0101","publisher":{"@id":"https:\/\/saulkrastubiblioteka.lv\/#organization"},"potentialAction":[{"@type":"SearchAction","target":{"@type":"EntryPoint","urlTemplate":"https:\/\/saulkrastubiblioteka.lv\/?s={search_term_string}"},"query-input":{"@type":"PropertyValueSpecification","valueRequired":true,"valueName":"search_term_string"}}],"inLanguage":"lv-LV"},{"@type":"Organization","@id":"https:\/\/saulkrastubiblioteka.lv\/#organization","name":"Saulkrastu novada bibliot\u0113ka","url":"https:\/\/saulkrastubiblioteka.lv\/","logo":{"@type":"ImageObject","inLanguage":"lv-LV","@id":"https:\/\/saulkrastubiblioteka.lv\/#\/schema\/logo\/image\/","url":"https:\/\/saulkrastubiblioteka.lv\/wp-content\/uploads\/2021\/01\/cropped-logo.png","contentUrl":"https:\/\/saulkrastubiblioteka.lv\/wp-content\/uploads\/2021\/01\/cropped-logo.png","width":240,"height":240,"caption":"Saulkrastu novada bibliot\u0113ka"},"image":{"@id":"https:\/\/saulkrastubiblioteka.lv\/#\/schema\/logo\/image\/"}},{"@type":"Person","@id":"https:\/\/saulkrastubiblioteka.lv\/#\/schema\/person\/2233277643a53fb60b293d42c1e5f7a2","name":"admin","image":{"@type":"ImageObject","inLanguage":"lv-LV","@id":"https:\/\/saulkrastubiblioteka.lv\/#\/schema\/person\/image\/","url":"https:\/\/secure.gravatar.com\/avatar\/a5ad3f68569c7df813ab9387f6d30b65?s=96&d=mm&r=g","contentUrl":"https:\/\/secure.gravatar.com\/avatar\/a5ad3f68569c7df813ab9387f6d30b65?s=96&d=mm&r=g","caption":"admin"},"url":"https:\/\/saulkrastubiblioteka.lv\/index.php\/author\/info_xjq16vdi\/"}]}},"_links":{"self":[{"href":"https:\/\/saulkrastubiblioteka.lv\/index.php\/wp-json\/wp\/v2\/posts\/908","targetHints":{"allow":["GET"]}}],"collection":[{"href":"https:\/\/saulkrastubiblioteka.lv\/index.php\/wp-json\/wp\/v2\/posts"}],"about":[{"href":"https:\/\/saulkrastubiblioteka.lv\/index.php\/wp-json\/wp\/v2\/types\/post"}],"author":[{"embeddable":true,"href":"https:\/\/saulkrastubiblioteka.lv\/index.php\/wp-json\/wp\/v2\/users\/1"}],"replies":[{"embeddable":true,"href":"https:\/\/saulkrastubiblioteka.lv\/index.php\/wp-json\/wp\/v2\/comments?post=908"}],"version-history":[{"count":1,"href":"https:\/\/saulkrastubiblioteka.lv\/index.php\/wp-json\/wp\/v2\/posts\/908\/revisions"}],"predecessor-version":[{"id":910,"href":"https:\/\/saulkrastubiblioteka.lv\/index.php\/wp-json\/wp\/v2\/posts\/908\/revisions\/910"}],"wp:attachment":[{"href":"https:\/\/saulkrastubiblioteka.lv\/index.php\/wp-json\/wp\/v2\/media?parent=908"}],"wp:term":[{"taxonomy":"category","embeddable":true,"href":"https:\/\/saulkrastubiblioteka.lv\/index.php\/wp-json\/wp\/v2\/categories?post=908"},{"taxonomy":"post_tag","embeddable":true,"href":"https:\/\/saulkrastubiblioteka.lv\/index.php\/wp-json\/wp\/v2\/tags?post=908"}],"curies":[{"name":"wp","href":"https:\/\/api.w.org\/{rel}","templated":true}]}}