{"id":8652,"date":"2024-04-02T09:25:57","date_gmt":"2024-04-02T09:25:57","guid":{"rendered":"https:\/\/saulkrastubiblioteka.lv\/?p=8652"},"modified":"2024-04-02T09:26:42","modified_gmt":"2024-04-02T09:26:42","slug":"visvairak-lasitas-bernu-jauniesu-un-vecaku-zurijas-gramatas-2023","status":"publish","type":"post","link":"https:\/\/saulkrastubiblioteka.lv\/index.php\/2024\/04\/02\/visvairak-lasitas-bernu-jauniesu-un-vecaku-zurijas-gramatas-2023\/","title":{"rendered":"Visvair\u0101k las\u012bt\u0101s B\u0113rnu, jaunie\u0161u un vec\u0101ku \u017e\u016brijas gr\u0101matas 2023"},"content":{"rendered":"\n<p>23. mart\u0101 Latvijas Nacion\u0101l\u0101 bibliot\u0113k\u0101 (LNB) notika LNB las\u012b\u0161anas veicin\u0101\u0161anas programmas \u201cB\u0113rnu, jaunie\u0161u un vec\u0101ku \u017e\u016brija 2023\u201d svin\u012bgais nosl\u0113guma pas\u0101kums. Svin\u012bgi tika pazi\u0146otas gr\u0101matas, par kur\u0101m b\u0113rni, jaunie\u0161i un vec\u0101ki nobalsoju\u0161i visvair\u0101k. Las\u012bt\u0101ju visaugst\u0101ko nov\u0113rt\u0113jumu sa\u0146\u0113mu\u0161i paz\u012bstami latvie\u0161u rakstnieki, bet no tulkojumiem visaugst\u0101k v\u0113rt\u0113ti lietuvie\u0161u, igau\u0146u, v\u0101cu, katal\u0101\u0146u un fran\u010du <a><\/a>rakstnieku darbi.<\/p>\n\n\n\n<p>5+ grup\u0101:<\/p>\n\n\n\n<p>1.vieta \u2013 Anete Melece \u201cPazudu\u0161ais miedzi\u0146\u0161\u201d (Liels un mazs, 2022)<\/p>\n\n\n\n<p>2.vieta \u2013 Rosio Bonilja \u201cKaimi\u0146i\u201d (tulk. Dace Meiere. Latvijas Mediji, 2023)<\/p>\n\n\n\n<p>3.vieta \u2013 Ieva Samauska \u201cSoli\u0146\u0161 un Miskaste\u201d (il. Anete Baj\u0101re \u2013 Bab\u010duka. P\u0113tergailis, 2022)<\/p>\n\n\n\n<!--more-->\n\n\n\n<p>9+ grup\u0101:<\/p>\n\n\n\n<p>1.vieta \u2013 Vitalija Maksv\u012btes, Marjus Marcinkevi\u010ds \u201cBete un lidojo\u0161\u0101 dzim\u0161anas diena\u201d ( il.<\/p>\n\n\n\n<p>Lina Itagaki, tulk. Dace Meiere. J\u0101\u0146a Rozes apg\u0101ds, 2022)<\/p>\n\n\n\n<p>2.vieta \u2013 Tr\u012bnu L\u0101na \u201cSkeleta Juhana gaitas\u201d, (il. Marja L\u012bsa Plats, tulk. Maima Gr\u012bnberga.<\/p>\n\n\n\n<p>Liels un mazs, 2022)<\/p>\n\n\n\n<p>3.vieta \u2013 Gaja Guna Ekle \u201cBr\u0101lis, kas nebija vajadz\u012bgs\u201d, (tulk. Emija Grigorjeva. Zvaigzne<\/p>\n\n\n\n<p>ABC, 2023)<\/p>\n\n\n\n<p>11+ grup\u0101:<\/p>\n\n\n\n<p>1.vieta \u2013 Dzintars Tilaks \u201cZlatas ce\u013c\u0161\u201d (Zvaigzne ABC, 2023)<\/p>\n\n\n\n<p>2.vieta \u2013 R\u0113li Reinausas gr\u0101mata \u201cK\u0101 mans t\u0113tis atrada sev sievu\u201d (il. Marja L\u012bsa Plats, tulk.<\/p>\n\n\n\n<p>Daila Ozola. Zvaigzne ABC, 2023)<\/p>\n\n\n\n<p>3.vieta \u2013 \u201cEn den d\u012bno \u0161oko loko t\u012bno\u201d (sast. M\u0101ris Rungulis, il. Reinis P\u0113tersons. Liels un<\/p>\n\n\n\n<p>mazs, 2023)<\/p>\n\n\n\n<p>15+ grup\u0101:<\/p>\n\n\n\n<p>1.vieta \u2013 Mavils \u201cKinderlande\u201d (tulk. Ieva Le\u0161inska. Liels un mazs, 2022)<\/p>\n\n\n\n<p>2.vieta \u2013 Igne Zarambaite \u201cMelndzelmji\u201d. (tulk. Dace Meiere. J\u0101\u0146a Rozes apg\u0101ds, 2022)<\/p>\n\n\n\n<p>3.vieta \u2013 Sil\u0113na Edg\u0101ra, Pols Beorns \u201cM\u016bru d\u0101ma\u201d (tulk. Val\u0113rija Lasovska, J\u0101\u0146a Rozes<\/p>\n\n\n\n<p>apg\u0101ds, 2022)<\/p>\n\n\n\n<p>Vec\u0101ku \u017e\u016brija:<\/p>\n\n\n\n<p>1.vieta \u2013 Vird\u017e\u012bnija Grimaldi \u201cLaiks atkal iedegt zvaigznes\u201d (tulk. Agnese Kasparova.<\/p>\n\n\n\n<p>Zvaigzne ABC, 2022)<\/p>\n\n\n\n<p>2.vieta \u2013 Delf\u012bne de Vig\u0101na \u201cB\u0113rni ir kara\u013ci\u201d (tulk. Inta \u0160mite. J\u0101\u0146a Rozes apg\u0101ds, 2022)<\/p>\n\n\n\n<p>3.vieta \u2013 Krist\u012bne Ilzi\u0146a \u201cEs neliecin\u0101\u0161u pret jums\u201d (Zvaigzne ABC, 2022).<\/p>\n","protected":false},"excerpt":{"rendered":"<p>23. mart\u0101 Latvijas Nacion\u0101l\u0101 bibliot\u0113k\u0101 (LNB) notika LNB las\u012b\u0161anas veicin\u0101\u0161anas programmas \u201cB\u0113rnu, jaunie\u0161u un vec\u0101ku \u017e\u016brija 2023\u201d svin\u012bgais nosl\u0113guma pas\u0101kums. Svin\u012bgi tika pazi\u0146otas gr\u0101matas, par kur\u0101m b\u0113rni, jaunie\u0161i un vec\u0101ki nobalsoju\u0161i visvair\u0101k. Las\u012bt\u0101ju visaugst\u0101ko nov\u0113rt\u0113jumu sa\u0146\u0113mu\u0161i paz\u012bstami latvie\u0161u rakstnieki, bet no tulkojumiem visaugst\u0101k v\u0113rt\u0113ti lietuvie\u0161u, igau\u0146u, v\u0101cu, katal\u0101\u0146u un fran\u010du rakstnieku darbi. 5+ grup\u0101: 1.vieta &hellip; <a href=\"https:\/\/saulkrastubiblioteka.lv\/index.php\/2024\/04\/02\/visvairak-lasitas-bernu-jauniesu-un-vecaku-zurijas-gramatas-2023\/\" class=\"more-link\">Turpin\u0101t las\u012bt<span class=\"screen-reader-text\"> &#8220;Visvair\u0101k las\u012bt\u0101s B\u0113rnu, jaunie\u0161u un vec\u0101ku \u017e\u016brijas gr\u0101matas 2023&#8221;<\/span><\/a><\/p>\n","protected":false},"author":1,"featured_media":0,"comment_status":"closed","ping_status":"open","sticky":false,"template":"","format":"standard","meta":{"footnotes":""},"categories":[16],"tags":[],"class_list":["post-8652","post","type-post","status-publish","format-standard","hentry","category-bernu-zurija"],"yoast_head":"<!-- This site is optimized with the Yoast SEO plugin v24.2 - https:\/\/yoast.com\/wordpress\/plugins\/seo\/ -->\n<title>Visvair\u0101k las\u012bt\u0101s B\u0113rnu, jaunie\u0161u un vec\u0101ku \u017e\u016brijas gr\u0101matas 2023 - Saulkrastu novada bibliot\u0113ka<\/title>\n<meta name=\"robots\" content=\"index, follow, max-snippet:-1, max-image-preview:large, max-video-preview:-1\" \/>\n<link rel=\"canonical\" href=\"https:\/\/saulkrastubiblioteka.lv\/index.php\/2024\/04\/02\/visvairak-lasitas-bernu-jauniesu-un-vecaku-zurijas-gramatas-2023\/\" \/>\n<meta property=\"og:locale\" content=\"lv_LV\" \/>\n<meta property=\"og:type\" content=\"article\" \/>\n<meta property=\"og:title\" content=\"Visvair\u0101k las\u012bt\u0101s B\u0113rnu, jaunie\u0161u un vec\u0101ku \u017e\u016brijas gr\u0101matas 2023 - Saulkrastu novada bibliot\u0113ka\" \/>\n<meta property=\"og:description\" content=\"23. mart\u0101 Latvijas Nacion\u0101l\u0101 bibliot\u0113k\u0101 (LNB) notika LNB las\u012b\u0161anas veicin\u0101\u0161anas programmas \u201cB\u0113rnu, jaunie\u0161u un vec\u0101ku \u017e\u016brija 2023\u201d svin\u012bgais nosl\u0113guma pas\u0101kums. Svin\u012bgi tika pazi\u0146otas gr\u0101matas, par kur\u0101m b\u0113rni, jaunie\u0161i un vec\u0101ki nobalsoju\u0161i visvair\u0101k. Las\u012bt\u0101ju visaugst\u0101ko nov\u0113rt\u0113jumu sa\u0146\u0113mu\u0161i paz\u012bstami latvie\u0161u rakstnieki, bet no tulkojumiem visaugst\u0101k v\u0113rt\u0113ti lietuvie\u0161u, igau\u0146u, v\u0101cu, katal\u0101\u0146u un fran\u010du rakstnieku darbi. 5+ grup\u0101: 1.vieta &hellip; Turpin\u0101t las\u012bt &quot;Visvair\u0101k las\u012bt\u0101s B\u0113rnu, jaunie\u0161u un vec\u0101ku \u017e\u016brijas gr\u0101matas 2023&quot;\" \/>\n<meta property=\"og:url\" content=\"https:\/\/saulkrastubiblioteka.lv\/index.php\/2024\/04\/02\/visvairak-lasitas-bernu-jauniesu-un-vecaku-zurijas-gramatas-2023\/\" \/>\n<meta property=\"og:site_name\" content=\"Saulkrastu novada bibliot\u0113ka\" \/>\n<meta property=\"article:published_time\" content=\"2024-04-02T09:25:57+00:00\" \/>\n<meta property=\"article:modified_time\" content=\"2024-04-02T09:26:42+00:00\" \/>\n<meta name=\"author\" content=\"admin\" \/>\n<meta name=\"twitter:card\" content=\"summary_large_image\" \/>\n<meta name=\"twitter:label1\" content=\"Written by\" \/>\n\t<meta name=\"twitter:data1\" content=\"admin\" \/>\n\t<meta name=\"twitter:label2\" content=\"Est. reading time\" \/>\n\t<meta name=\"twitter:data2\" content=\"2 min\u016btes\" \/>\n<script type=\"application\/ld+json\" class=\"yoast-schema-graph\">{\"@context\":\"https:\/\/schema.org\",\"@graph\":[{\"@type\":\"Article\",\"@id\":\"https:\/\/saulkrastubiblioteka.lv\/index.php\/2024\/04\/02\/visvairak-lasitas-bernu-jauniesu-un-vecaku-zurijas-gramatas-2023\/#article\",\"isPartOf\":{\"@id\":\"https:\/\/saulkrastubiblioteka.lv\/index.php\/2024\/04\/02\/visvairak-lasitas-bernu-jauniesu-un-vecaku-zurijas-gramatas-2023\/\"},\"author\":{\"name\":\"admin\",\"@id\":\"https:\/\/saulkrastubiblioteka.lv\/#\/schema\/person\/2233277643a53fb60b293d42c1e5f7a2\"},\"headline\":\"Visvair\u0101k las\u012bt\u0101s B\u0113rnu, jaunie\u0161u un vec\u0101ku \u017e\u016brijas gr\u0101matas 2023\",\"datePublished\":\"2024-04-02T09:25:57+00:00\",\"dateModified\":\"2024-04-02T09:26:42+00:00\",\"mainEntityOfPage\":{\"@id\":\"https:\/\/saulkrastubiblioteka.lv\/index.php\/2024\/04\/02\/visvairak-lasitas-bernu-jauniesu-un-vecaku-zurijas-gramatas-2023\/\"},\"wordCount\":336,\"publisher\":{\"@id\":\"https:\/\/saulkrastubiblioteka.lv\/#organization\"},\"articleSection\":[\"B\u0113rnu \u017e\u016brija\"],\"inLanguage\":\"lv-LV\"},{\"@type\":\"WebPage\",\"@id\":\"https:\/\/saulkrastubiblioteka.lv\/index.php\/2024\/04\/02\/visvairak-lasitas-bernu-jauniesu-un-vecaku-zurijas-gramatas-2023\/\",\"url\":\"https:\/\/saulkrastubiblioteka.lv\/index.php\/2024\/04\/02\/visvairak-lasitas-bernu-jauniesu-un-vecaku-zurijas-gramatas-2023\/\",\"name\":\"Visvair\u0101k las\u012bt\u0101s B\u0113rnu, jaunie\u0161u un vec\u0101ku \u017e\u016brijas gr\u0101matas 2023 - Saulkrastu novada bibliot\u0113ka\",\"isPartOf\":{\"@id\":\"https:\/\/saulkrastubiblioteka.lv\/#website\"},\"datePublished\":\"2024-04-02T09:25:57+00:00\",\"dateModified\":\"2024-04-02T09:26:42+00:00\",\"breadcrumb\":{\"@id\":\"https:\/\/saulkrastubiblioteka.lv\/index.php\/2024\/04\/02\/visvairak-lasitas-bernu-jauniesu-un-vecaku-zurijas-gramatas-2023\/#breadcrumb\"},\"inLanguage\":\"lv-LV\",\"potentialAction\":[{\"@type\":\"ReadAction\",\"target\":[\"https:\/\/saulkrastubiblioteka.lv\/index.php\/2024\/04\/02\/visvairak-lasitas-bernu-jauniesu-un-vecaku-zurijas-gramatas-2023\/\"]}]},{\"@type\":\"BreadcrumbList\",\"@id\":\"https:\/\/saulkrastubiblioteka.lv\/index.php\/2024\/04\/02\/visvairak-lasitas-bernu-jauniesu-un-vecaku-zurijas-gramatas-2023\/#breadcrumb\",\"itemListElement\":[{\"@type\":\"ListItem\",\"position\":1,\"name\":\"Home\",\"item\":\"https:\/\/saulkrastubiblioteka.lv\/\"},{\"@type\":\"ListItem\",\"position\":2,\"name\":\"Visvair\u0101k las\u012bt\u0101s B\u0113rnu, jaunie\u0161u un vec\u0101ku \u017e\u016brijas gr\u0101matas 2023\"}]},{\"@type\":\"WebSite\",\"@id\":\"https:\/\/saulkrastubiblioteka.lv\/#website\",\"url\":\"https:\/\/saulkrastubiblioteka.lv\/\",\"name\":\"Saulkrastu novada bibliot\u0113ka\",\"description\":\"Vieta, kur labi pavad\u012bt laiku un pab\u016bt mier\u0101\",\"publisher\":{\"@id\":\"https:\/\/saulkrastubiblioteka.lv\/#organization\"},\"potentialAction\":[{\"@type\":\"SearchAction\",\"target\":{\"@type\":\"EntryPoint\",\"urlTemplate\":\"https:\/\/saulkrastubiblioteka.lv\/?s={search_term_string}\"},\"query-input\":{\"@type\":\"PropertyValueSpecification\",\"valueRequired\":true,\"valueName\":\"search_term_string\"}}],\"inLanguage\":\"lv-LV\"},{\"@type\":\"Organization\",\"@id\":\"https:\/\/saulkrastubiblioteka.lv\/#organization\",\"name\":\"Saulkrastu novada bibliot\u0113ka\",\"url\":\"https:\/\/saulkrastubiblioteka.lv\/\",\"logo\":{\"@type\":\"ImageObject\",\"inLanguage\":\"lv-LV\",\"@id\":\"https:\/\/saulkrastubiblioteka.lv\/#\/schema\/logo\/image\/\",\"url\":\"https:\/\/saulkrastubiblioteka.lv\/wp-content\/uploads\/2021\/01\/cropped-logo.png\",\"contentUrl\":\"https:\/\/saulkrastubiblioteka.lv\/wp-content\/uploads\/2021\/01\/cropped-logo.png\",\"width\":240,\"height\":240,\"caption\":\"Saulkrastu novada bibliot\u0113ka\"},\"image\":{\"@id\":\"https:\/\/saulkrastubiblioteka.lv\/#\/schema\/logo\/image\/\"}},{\"@type\":\"Person\",\"@id\":\"https:\/\/saulkrastubiblioteka.lv\/#\/schema\/person\/2233277643a53fb60b293d42c1e5f7a2\",\"name\":\"admin\",\"image\":{\"@type\":\"ImageObject\",\"inLanguage\":\"lv-LV\",\"@id\":\"https:\/\/saulkrastubiblioteka.lv\/#\/schema\/person\/image\/\",\"url\":\"https:\/\/secure.gravatar.com\/avatar\/a5ad3f68569c7df813ab9387f6d30b65?s=96&d=mm&r=g\",\"contentUrl\":\"https:\/\/secure.gravatar.com\/avatar\/a5ad3f68569c7df813ab9387f6d30b65?s=96&d=mm&r=g\",\"caption\":\"admin\"},\"url\":\"https:\/\/saulkrastubiblioteka.lv\/index.php\/author\/info_xjq16vdi\/\"}]}<\/script>\n<!-- \/ Yoast SEO plugin. -->","yoast_head_json":{"title":"Visvair\u0101k las\u012bt\u0101s B\u0113rnu, jaunie\u0161u un vec\u0101ku \u017e\u016brijas gr\u0101matas 2023 - Saulkrastu novada bibliot\u0113ka","robots":{"index":"index","follow":"follow","max-snippet":"max-snippet:-1","max-image-preview":"max-image-preview:large","max-video-preview":"max-video-preview:-1"},"canonical":"https:\/\/saulkrastubiblioteka.lv\/index.php\/2024\/04\/02\/visvairak-lasitas-bernu-jauniesu-un-vecaku-zurijas-gramatas-2023\/","og_locale":"lv_LV","og_type":"article","og_title":"Visvair\u0101k las\u012bt\u0101s B\u0113rnu, jaunie\u0161u un vec\u0101ku \u017e\u016brijas gr\u0101matas 2023 - Saulkrastu novada bibliot\u0113ka","og_description":"23. mart\u0101 Latvijas Nacion\u0101l\u0101 bibliot\u0113k\u0101 (LNB) notika LNB las\u012b\u0161anas veicin\u0101\u0161anas programmas \u201cB\u0113rnu, jaunie\u0161u un vec\u0101ku \u017e\u016brija 2023\u201d svin\u012bgais nosl\u0113guma pas\u0101kums. Svin\u012bgi tika pazi\u0146otas gr\u0101matas, par kur\u0101m b\u0113rni, jaunie\u0161i un vec\u0101ki nobalsoju\u0161i visvair\u0101k. Las\u012bt\u0101ju visaugst\u0101ko nov\u0113rt\u0113jumu sa\u0146\u0113mu\u0161i paz\u012bstami latvie\u0161u rakstnieki, bet no tulkojumiem visaugst\u0101k v\u0113rt\u0113ti lietuvie\u0161u, igau\u0146u, v\u0101cu, katal\u0101\u0146u un fran\u010du rakstnieku darbi. 5+ grup\u0101: 1.vieta &hellip; Turpin\u0101t las\u012bt \"Visvair\u0101k las\u012bt\u0101s B\u0113rnu, jaunie\u0161u un vec\u0101ku \u017e\u016brijas gr\u0101matas 2023\"","og_url":"https:\/\/saulkrastubiblioteka.lv\/index.php\/2024\/04\/02\/visvairak-lasitas-bernu-jauniesu-un-vecaku-zurijas-gramatas-2023\/","og_site_name":"Saulkrastu novada bibliot\u0113ka","article_published_time":"2024-04-02T09:25:57+00:00","article_modified_time":"2024-04-02T09:26:42+00:00","author":"admin","twitter_card":"summary_large_image","twitter_misc":{"Written by":"admin","Est. reading time":"2 min\u016btes"},"schema":{"@context":"https:\/\/schema.org","@graph":[{"@type":"Article","@id":"https:\/\/saulkrastubiblioteka.lv\/index.php\/2024\/04\/02\/visvairak-lasitas-bernu-jauniesu-un-vecaku-zurijas-gramatas-2023\/#article","isPartOf":{"@id":"https:\/\/saulkrastubiblioteka.lv\/index.php\/2024\/04\/02\/visvairak-lasitas-bernu-jauniesu-un-vecaku-zurijas-gramatas-2023\/"},"author":{"name":"admin","@id":"https:\/\/saulkrastubiblioteka.lv\/#\/schema\/person\/2233277643a53fb60b293d42c1e5f7a2"},"headline":"Visvair\u0101k las\u012bt\u0101s B\u0113rnu, jaunie\u0161u un vec\u0101ku \u017e\u016brijas gr\u0101matas 2023","datePublished":"2024-04-02T09:25:57+00:00","dateModified":"2024-04-02T09:26:42+00:00","mainEntityOfPage":{"@id":"https:\/\/saulkrastubiblioteka.lv\/index.php\/2024\/04\/02\/visvairak-lasitas-bernu-jauniesu-un-vecaku-zurijas-gramatas-2023\/"},"wordCount":336,"publisher":{"@id":"https:\/\/saulkrastubiblioteka.lv\/#organization"},"articleSection":["B\u0113rnu \u017e\u016brija"],"inLanguage":"lv-LV"},{"@type":"WebPage","@id":"https:\/\/saulkrastubiblioteka.lv\/index.php\/2024\/04\/02\/visvairak-lasitas-bernu-jauniesu-un-vecaku-zurijas-gramatas-2023\/","url":"https:\/\/saulkrastubiblioteka.lv\/index.php\/2024\/04\/02\/visvairak-lasitas-bernu-jauniesu-un-vecaku-zurijas-gramatas-2023\/","name":"Visvair\u0101k las\u012bt\u0101s B\u0113rnu, jaunie\u0161u un vec\u0101ku \u017e\u016brijas gr\u0101matas 2023 - Saulkrastu novada bibliot\u0113ka","isPartOf":{"@id":"https:\/\/saulkrastubiblioteka.lv\/#website"},"datePublished":"2024-04-02T09:25:57+00:00","dateModified":"2024-04-02T09:26:42+00:00","breadcrumb":{"@id":"https:\/\/saulkrastubiblioteka.lv\/index.php\/2024\/04\/02\/visvairak-lasitas-bernu-jauniesu-un-vecaku-zurijas-gramatas-2023\/#breadcrumb"},"inLanguage":"lv-LV","potentialAction":[{"@type":"ReadAction","target":["https:\/\/saulkrastubiblioteka.lv\/index.php\/2024\/04\/02\/visvairak-lasitas-bernu-jauniesu-un-vecaku-zurijas-gramatas-2023\/"]}]},{"@type":"BreadcrumbList","@id":"https:\/\/saulkrastubiblioteka.lv\/index.php\/2024\/04\/02\/visvairak-lasitas-bernu-jauniesu-un-vecaku-zurijas-gramatas-2023\/#breadcrumb","itemListElement":[{"@type":"ListItem","position":1,"name":"Home","item":"https:\/\/saulkrastubiblioteka.lv\/"},{"@type":"ListItem","position":2,"name":"Visvair\u0101k las\u012bt\u0101s B\u0113rnu, jaunie\u0161u un vec\u0101ku \u017e\u016brijas gr\u0101matas 2023"}]},{"@type":"WebSite","@id":"https:\/\/saulkrastubiblioteka.lv\/#website","url":"https:\/\/saulkrastubiblioteka.lv\/","name":"Saulkrastu novada bibliot\u0113ka","description":"Vieta, kur labi pavad\u012bt laiku un pab\u016bt mier\u0101","publisher":{"@id":"https:\/\/saulkrastubiblioteka.lv\/#organization"},"potentialAction":[{"@type":"SearchAction","target":{"@type":"EntryPoint","urlTemplate":"https:\/\/saulkrastubiblioteka.lv\/?s={search_term_string}"},"query-input":{"@type":"PropertyValueSpecification","valueRequired":true,"valueName":"search_term_string"}}],"inLanguage":"lv-LV"},{"@type":"Organization","@id":"https:\/\/saulkrastubiblioteka.lv\/#organization","name":"Saulkrastu novada bibliot\u0113ka","url":"https:\/\/saulkrastubiblioteka.lv\/","logo":{"@type":"ImageObject","inLanguage":"lv-LV","@id":"https:\/\/saulkrastubiblioteka.lv\/#\/schema\/logo\/image\/","url":"https:\/\/saulkrastubiblioteka.lv\/wp-content\/uploads\/2021\/01\/cropped-logo.png","contentUrl":"https:\/\/saulkrastubiblioteka.lv\/wp-content\/uploads\/2021\/01\/cropped-logo.png","width":240,"height":240,"caption":"Saulkrastu novada bibliot\u0113ka"},"image":{"@id":"https:\/\/saulkrastubiblioteka.lv\/#\/schema\/logo\/image\/"}},{"@type":"Person","@id":"https:\/\/saulkrastubiblioteka.lv\/#\/schema\/person\/2233277643a53fb60b293d42c1e5f7a2","name":"admin","image":{"@type":"ImageObject","inLanguage":"lv-LV","@id":"https:\/\/saulkrastubiblioteka.lv\/#\/schema\/person\/image\/","url":"https:\/\/secure.gravatar.com\/avatar\/a5ad3f68569c7df813ab9387f6d30b65?s=96&d=mm&r=g","contentUrl":"https:\/\/secure.gravatar.com\/avatar\/a5ad3f68569c7df813ab9387f6d30b65?s=96&d=mm&r=g","caption":"admin"},"url":"https:\/\/saulkrastubiblioteka.lv\/index.php\/author\/info_xjq16vdi\/"}]}},"_links":{"self":[{"href":"https:\/\/saulkrastubiblioteka.lv\/index.php\/wp-json\/wp\/v2\/posts\/8652","targetHints":{"allow":["GET"]}}],"collection":[{"href":"https:\/\/saulkrastubiblioteka.lv\/index.php\/wp-json\/wp\/v2\/posts"}],"about":[{"href":"https:\/\/saulkrastubiblioteka.lv\/index.php\/wp-json\/wp\/v2\/types\/post"}],"author":[{"embeddable":true,"href":"https:\/\/saulkrastubiblioteka.lv\/index.php\/wp-json\/wp\/v2\/users\/1"}],"replies":[{"embeddable":true,"href":"https:\/\/saulkrastubiblioteka.lv\/index.php\/wp-json\/wp\/v2\/comments?post=8652"}],"version-history":[{"count":2,"href":"https:\/\/saulkrastubiblioteka.lv\/index.php\/wp-json\/wp\/v2\/posts\/8652\/revisions"}],"predecessor-version":[{"id":8654,"href":"https:\/\/saulkrastubiblioteka.lv\/index.php\/wp-json\/wp\/v2\/posts\/8652\/revisions\/8654"}],"wp:attachment":[{"href":"https:\/\/saulkrastubiblioteka.lv\/index.php\/wp-json\/wp\/v2\/media?parent=8652"}],"wp:term":[{"taxonomy":"category","embeddable":true,"href":"https:\/\/saulkrastubiblioteka.lv\/index.php\/wp-json\/wp\/v2\/categories?post=8652"},{"taxonomy":"post_tag","embeddable":true,"href":"https:\/\/saulkrastubiblioteka.lv\/index.php\/wp-json\/wp\/v2\/tags?post=8652"}],"curies":[{"name":"wp","href":"https:\/\/api.w.org\/{rel}","templated":true}]}}