{"id":8568,"date":"2024-01-16T10:25:09","date_gmt":"2024-01-16T10:25:09","guid":{"rendered":"https:\/\/saulkrastubiblioteka.lv\/?p=8568"},"modified":"2024-01-16T12:51:36","modified_gmt":"2024-01-16T12:51:36","slug":"saulkrastu-novada-biblioteka-sava-eka-darbu-atsaks-somenes","status":"publish","type":"post","link":"https:\/\/saulkrastubiblioteka.lv\/index.php\/2024\/01\/16\/saulkrastu-novada-biblioteka-sava-eka-darbu-atsaks-somenes\/","title":{"rendered":"Saulkrastu novada bibliot\u0113ka sav\u0101 \u0113k\u0101 darbu ats\u0101ks \u0161om\u0113nes"},"content":{"rendered":"\n<figure class=\"wp-block-image size-large\"><img loading=\"lazy\" decoding=\"async\" width=\"1024\" height=\"823\" src=\"https:\/\/saulkrastubiblioteka.lv\/wp-content\/uploads\/2024\/01\/bib2024-1024x823.jpg\" alt=\"\" class=\"wp-image-8569\" srcset=\"https:\/\/saulkrastubiblioteka.lv\/wp-content\/uploads\/2024\/01\/bib2024-1024x823.jpg 1024w, https:\/\/saulkrastubiblioteka.lv\/wp-content\/uploads\/2024\/01\/bib2024-300x241.jpg 300w, https:\/\/saulkrastubiblioteka.lv\/wp-content\/uploads\/2024\/01\/bib2024-768x618.jpg 768w, https:\/\/saulkrastubiblioteka.lv\/wp-content\/uploads\/2024\/01\/bib2024.jpg 1200w\" sizes=\"auto, (max-width: 709px) 85vw, (max-width: 909px) 67vw, (max-width: 1362px) 62vw, 840px\" \/><\/figure>\n\n\n\n<p><br>Iest\u0101joties aukst\u0101kiem laika apst\u0101k\u013ciem, k\u0101 rezult\u0101t\u0101 nav iesp\u0113jams veikt Saulkrastu novada bibliot\u0113kas \u0113kas, Rai\u0146a iel\u0101 7, Saulkrastos teritorijas darbus,\u00a0 Saulkrastu novada pa\u0161vald\u012bba vienojusies ar b\u016bvnieku SIA \u201cDaksti\u0146a Jumti\u201d par \u0101ra b\u016bvdarbu turpin\u0101\u0161anu 2024. gad\u0101. Tik\u0101m iek\u0161telp\u0101s notiek telpu sagatavo\u0161ana nodo\u0161anai pas\u016bt\u012bt\u0101jam, un \u0161om\u0113nes Saulkrastu novada bibliot\u0113ka un \u0123imenes centrs var\u0113s ats\u0101kt darbu sav\u0101s telp\u0101s.<\/p>\n\n\n\n<!--more-->\n\n\n\n<p>Pl\u0101nots, ka 2024. gad\u0101 tiks veikti lietus \u016bdens kanaliz\u0101cijas sist\u0113mas b\u016bvdarbi un labiek\u0101rtota piegu\u013co\u0161\u0101 teritorija. 2023. gad\u0101 \u0113k\u0101 veikta jumta, fas\u0101des un cokola siltin\u0101\u0161ana, izb\u016bv\u0113ta jauna ventil\u0101cijas sist\u0113ma ar siltumatguves sist\u0113mu (rekuper\u0101ciju), k\u0101 ar\u012b uzst\u0101d\u012bti jauni logi un durvis, lai nodro\u0161in\u0101tu \u0113kas energoefektivit\u0101tes uzlabo\u0161anu.<\/p>\n\n\n\n<p>Papildus \u0113kas 2. st\u0101v\u0101 izb\u016bv\u0113tas jaunas tualetes bibliot\u0113kas apmekl\u0113t\u0101jiem, p\u0101rb\u016bv\u0113ta elektroapg\u0101des sist\u0113ma, izb\u016bv\u0113tas jaunas videonov\u0113ro\u0161anas, autom\u0101tisk\u0101s ugunsgr\u0113ka atkl\u0101\u0161anas un trauksmes signaliz\u0101cijas sist\u0113mas, atjaunoti iek\u0161\u0113jie \u016bdensvada un kanaliz\u0101cijas t\u012bkli.<\/p>\n\n\n\n<p>Projekts \u201c\u0112kas Rai\u0146a iel\u0101 7 Saulkrastos energoefektivit\u0101tes uzlabo\u0161ana\u201d, projekta Nr. 4.2.2.0\/21\/A\/067. Projekta kop\u0113j\u0101s izmaksas pl\u0101notas 906 426,46 EUR, no t\u0101m ERAF finans\u0113jums 213 228 EUR, valsts bud\u017eeta dot\u0101cija 19 849,06 un pa\u0161vald\u012bbas l\u012bdzfinans\u0113jums 673 349,20 EUR.<\/p>\n","protected":false},"excerpt":{"rendered":"<p>Iest\u0101joties aukst\u0101kiem laika apst\u0101k\u013ciem, k\u0101 rezult\u0101t\u0101 nav iesp\u0113jams veikt Saulkrastu novada bibliot\u0113kas \u0113kas, Rai\u0146a iel\u0101 7, Saulkrastos teritorijas darbus,\u00a0 Saulkrastu novada pa\u0161vald\u012bba vienojusies ar b\u016bvnieku SIA \u201cDaksti\u0146a Jumti\u201d par \u0101ra b\u016bvdarbu turpin\u0101\u0161anu 2024. gad\u0101. Tik\u0101m iek\u0161telp\u0101s notiek telpu sagatavo\u0161ana nodo\u0161anai pas\u016bt\u012bt\u0101jam, un \u0161om\u0113nes Saulkrastu novada bibliot\u0113ka un \u0123imenes centrs var\u0113s ats\u0101kt darbu sav\u0101s telp\u0101s.<\/p>\n","protected":false},"author":1,"featured_media":0,"comment_status":"closed","ping_status":"open","sticky":false,"template":"","format":"standard","meta":{"footnotes":""},"categories":[47],"tags":[],"class_list":["post-8568","post","type-post","status-publish","format-standard","hentry","category-bibliotekas-vesture"],"yoast_head":"<!-- This site is optimized with the Yoast SEO plugin v24.2 - https:\/\/yoast.com\/wordpress\/plugins\/seo\/ -->\n<title>Saulkrastu novada bibliot\u0113ka sav\u0101 \u0113k\u0101 darbu ats\u0101ks \u0161om\u0113nes - Saulkrastu novada bibliot\u0113ka<\/title>\n<meta name=\"robots\" content=\"index, follow, max-snippet:-1, max-image-preview:large, max-video-preview:-1\" \/>\n<link rel=\"canonical\" href=\"https:\/\/saulkrastubiblioteka.lv\/index.php\/2024\/01\/16\/saulkrastu-novada-biblioteka-sava-eka-darbu-atsaks-somenes\/\" \/>\n<meta property=\"og:locale\" content=\"lv_LV\" \/>\n<meta property=\"og:type\" content=\"article\" \/>\n<meta property=\"og:title\" content=\"Saulkrastu novada bibliot\u0113ka sav\u0101 \u0113k\u0101 darbu ats\u0101ks \u0161om\u0113nes - Saulkrastu novada bibliot\u0113ka\" \/>\n<meta property=\"og:description\" content=\"Iest\u0101joties aukst\u0101kiem laika apst\u0101k\u013ciem, k\u0101 rezult\u0101t\u0101 nav iesp\u0113jams veikt Saulkrastu novada bibliot\u0113kas \u0113kas, Rai\u0146a iel\u0101 7, Saulkrastos teritorijas darbus,\u00a0 Saulkrastu novada pa\u0161vald\u012bba vienojusies ar b\u016bvnieku SIA \u201cDaksti\u0146a Jumti\u201d par \u0101ra b\u016bvdarbu turpin\u0101\u0161anu 2024. gad\u0101. Tik\u0101m iek\u0161telp\u0101s notiek telpu sagatavo\u0161ana nodo\u0161anai pas\u016bt\u012bt\u0101jam, un \u0161om\u0113nes Saulkrastu novada bibliot\u0113ka un \u0123imenes centrs var\u0113s ats\u0101kt darbu sav\u0101s telp\u0101s.\" \/>\n<meta property=\"og:url\" content=\"https:\/\/saulkrastubiblioteka.lv\/index.php\/2024\/01\/16\/saulkrastu-novada-biblioteka-sava-eka-darbu-atsaks-somenes\/\" \/>\n<meta property=\"og:site_name\" content=\"Saulkrastu novada bibliot\u0113ka\" \/>\n<meta property=\"article:published_time\" content=\"2024-01-16T10:25:09+00:00\" \/>\n<meta property=\"article:modified_time\" content=\"2024-01-16T12:51:36+00:00\" \/>\n<meta property=\"og:image\" content=\"https:\/\/saulkrastubiblioteka.lv\/wp-content\/uploads\/2024\/01\/bib2024-1024x823.jpg\" \/>\n<meta name=\"author\" content=\"admin\" \/>\n<meta name=\"twitter:card\" content=\"summary_large_image\" \/>\n<meta name=\"twitter:label1\" content=\"Written by\" \/>\n\t<meta name=\"twitter:data1\" content=\"admin\" \/>\n\t<meta name=\"twitter:label2\" content=\"Est. reading time\" \/>\n\t<meta name=\"twitter:data2\" content=\"2 min\u016btes\" \/>\n<script type=\"application\/ld+json\" class=\"yoast-schema-graph\">{\"@context\":\"https:\/\/schema.org\",\"@graph\":[{\"@type\":\"Article\",\"@id\":\"https:\/\/saulkrastubiblioteka.lv\/index.php\/2024\/01\/16\/saulkrastu-novada-biblioteka-sava-eka-darbu-atsaks-somenes\/#article\",\"isPartOf\":{\"@id\":\"https:\/\/saulkrastubiblioteka.lv\/index.php\/2024\/01\/16\/saulkrastu-novada-biblioteka-sava-eka-darbu-atsaks-somenes\/\"},\"author\":{\"name\":\"admin\",\"@id\":\"https:\/\/saulkrastubiblioteka.lv\/#\/schema\/person\/2233277643a53fb60b293d42c1e5f7a2\"},\"headline\":\"Saulkrastu novada bibliot\u0113ka sav\u0101 \u0113k\u0101 darbu ats\u0101ks \u0161om\u0113nes\",\"datePublished\":\"2024-01-16T10:25:09+00:00\",\"dateModified\":\"2024-01-16T12:51:36+00:00\",\"mainEntityOfPage\":{\"@id\":\"https:\/\/saulkrastubiblioteka.lv\/index.php\/2024\/01\/16\/saulkrastu-novada-biblioteka-sava-eka-darbu-atsaks-somenes\/\"},\"wordCount\":245,\"publisher\":{\"@id\":\"https:\/\/saulkrastubiblioteka.lv\/#organization\"},\"image\":{\"@id\":\"https:\/\/saulkrastubiblioteka.lv\/index.php\/2024\/01\/16\/saulkrastu-novada-biblioteka-sava-eka-darbu-atsaks-somenes\/#primaryimage\"},\"thumbnailUrl\":\"https:\/\/saulkrastubiblioteka.lv\/wp-content\/uploads\/2024\/01\/bib2024-1024x823.jpg\",\"articleSection\":[\"Bibliot\u0113kas v\u0113sture\"],\"inLanguage\":\"lv-LV\"},{\"@type\":\"WebPage\",\"@id\":\"https:\/\/saulkrastubiblioteka.lv\/index.php\/2024\/01\/16\/saulkrastu-novada-biblioteka-sava-eka-darbu-atsaks-somenes\/\",\"url\":\"https:\/\/saulkrastubiblioteka.lv\/index.php\/2024\/01\/16\/saulkrastu-novada-biblioteka-sava-eka-darbu-atsaks-somenes\/\",\"name\":\"Saulkrastu novada bibliot\u0113ka sav\u0101 \u0113k\u0101 darbu ats\u0101ks \u0161om\u0113nes - Saulkrastu novada bibliot\u0113ka\",\"isPartOf\":{\"@id\":\"https:\/\/saulkrastubiblioteka.lv\/#website\"},\"primaryImageOfPage\":{\"@id\":\"https:\/\/saulkrastubiblioteka.lv\/index.php\/2024\/01\/16\/saulkrastu-novada-biblioteka-sava-eka-darbu-atsaks-somenes\/#primaryimage\"},\"image\":{\"@id\":\"https:\/\/saulkrastubiblioteka.lv\/index.php\/2024\/01\/16\/saulkrastu-novada-biblioteka-sava-eka-darbu-atsaks-somenes\/#primaryimage\"},\"thumbnailUrl\":\"https:\/\/saulkrastubiblioteka.lv\/wp-content\/uploads\/2024\/01\/bib2024-1024x823.jpg\",\"datePublished\":\"2024-01-16T10:25:09+00:00\",\"dateModified\":\"2024-01-16T12:51:36+00:00\",\"breadcrumb\":{\"@id\":\"https:\/\/saulkrastubiblioteka.lv\/index.php\/2024\/01\/16\/saulkrastu-novada-biblioteka-sava-eka-darbu-atsaks-somenes\/#breadcrumb\"},\"inLanguage\":\"lv-LV\",\"potentialAction\":[{\"@type\":\"ReadAction\",\"target\":[\"https:\/\/saulkrastubiblioteka.lv\/index.php\/2024\/01\/16\/saulkrastu-novada-biblioteka-sava-eka-darbu-atsaks-somenes\/\"]}]},{\"@type\":\"ImageObject\",\"inLanguage\":\"lv-LV\",\"@id\":\"https:\/\/saulkrastubiblioteka.lv\/index.php\/2024\/01\/16\/saulkrastu-novada-biblioteka-sava-eka-darbu-atsaks-somenes\/#primaryimage\",\"url\":\"https:\/\/saulkrastubiblioteka.lv\/wp-content\/uploads\/2024\/01\/bib2024.jpg\",\"contentUrl\":\"https:\/\/saulkrastubiblioteka.lv\/wp-content\/uploads\/2024\/01\/bib2024.jpg\",\"width\":1200,\"height\":965},{\"@type\":\"BreadcrumbList\",\"@id\":\"https:\/\/saulkrastubiblioteka.lv\/index.php\/2024\/01\/16\/saulkrastu-novada-biblioteka-sava-eka-darbu-atsaks-somenes\/#breadcrumb\",\"itemListElement\":[{\"@type\":\"ListItem\",\"position\":1,\"name\":\"Home\",\"item\":\"https:\/\/saulkrastubiblioteka.lv\/\"},{\"@type\":\"ListItem\",\"position\":2,\"name\":\"Saulkrastu novada bibliot\u0113ka sav\u0101 \u0113k\u0101 darbu ats\u0101ks \u0161om\u0113nes\"}]},{\"@type\":\"WebSite\",\"@id\":\"https:\/\/saulkrastubiblioteka.lv\/#website\",\"url\":\"https:\/\/saulkrastubiblioteka.lv\/\",\"name\":\"Saulkrastu novada bibliot\u0113ka\",\"description\":\"Vieta, kur labi pavad\u012bt laiku un pab\u016bt mier\u0101\",\"publisher\":{\"@id\":\"https:\/\/saulkrastubiblioteka.lv\/#organization\"},\"potentialAction\":[{\"@type\":\"SearchAction\",\"target\":{\"@type\":\"EntryPoint\",\"urlTemplate\":\"https:\/\/saulkrastubiblioteka.lv\/?s={search_term_string}\"},\"query-input\":{\"@type\":\"PropertyValueSpecification\",\"valueRequired\":true,\"valueName\":\"search_term_string\"}}],\"inLanguage\":\"lv-LV\"},{\"@type\":\"Organization\",\"@id\":\"https:\/\/saulkrastubiblioteka.lv\/#organization\",\"name\":\"Saulkrastu novada bibliot\u0113ka\",\"url\":\"https:\/\/saulkrastubiblioteka.lv\/\",\"logo\":{\"@type\":\"ImageObject\",\"inLanguage\":\"lv-LV\",\"@id\":\"https:\/\/saulkrastubiblioteka.lv\/#\/schema\/logo\/image\/\",\"url\":\"https:\/\/saulkrastubiblioteka.lv\/wp-content\/uploads\/2021\/01\/cropped-logo.png\",\"contentUrl\":\"https:\/\/saulkrastubiblioteka.lv\/wp-content\/uploads\/2021\/01\/cropped-logo.png\",\"width\":240,\"height\":240,\"caption\":\"Saulkrastu novada bibliot\u0113ka\"},\"image\":{\"@id\":\"https:\/\/saulkrastubiblioteka.lv\/#\/schema\/logo\/image\/\"}},{\"@type\":\"Person\",\"@id\":\"https:\/\/saulkrastubiblioteka.lv\/#\/schema\/person\/2233277643a53fb60b293d42c1e5f7a2\",\"name\":\"admin\",\"image\":{\"@type\":\"ImageObject\",\"inLanguage\":\"lv-LV\",\"@id\":\"https:\/\/saulkrastubiblioteka.lv\/#\/schema\/person\/image\/\",\"url\":\"https:\/\/secure.gravatar.com\/avatar\/a5ad3f68569c7df813ab9387f6d30b65?s=96&d=mm&r=g\",\"contentUrl\":\"https:\/\/secure.gravatar.com\/avatar\/a5ad3f68569c7df813ab9387f6d30b65?s=96&d=mm&r=g\",\"caption\":\"admin\"},\"url\":\"https:\/\/saulkrastubiblioteka.lv\/index.php\/author\/info_xjq16vdi\/\"}]}<\/script>\n<!-- \/ Yoast SEO plugin. -->","yoast_head_json":{"title":"Saulkrastu novada bibliot\u0113ka sav\u0101 \u0113k\u0101 darbu ats\u0101ks \u0161om\u0113nes - Saulkrastu novada bibliot\u0113ka","robots":{"index":"index","follow":"follow","max-snippet":"max-snippet:-1","max-image-preview":"max-image-preview:large","max-video-preview":"max-video-preview:-1"},"canonical":"https:\/\/saulkrastubiblioteka.lv\/index.php\/2024\/01\/16\/saulkrastu-novada-biblioteka-sava-eka-darbu-atsaks-somenes\/","og_locale":"lv_LV","og_type":"article","og_title":"Saulkrastu novada bibliot\u0113ka sav\u0101 \u0113k\u0101 darbu ats\u0101ks \u0161om\u0113nes - Saulkrastu novada bibliot\u0113ka","og_description":"Iest\u0101joties aukst\u0101kiem laika apst\u0101k\u013ciem, k\u0101 rezult\u0101t\u0101 nav iesp\u0113jams veikt Saulkrastu novada bibliot\u0113kas \u0113kas, Rai\u0146a iel\u0101 7, Saulkrastos teritorijas darbus,\u00a0 Saulkrastu novada pa\u0161vald\u012bba vienojusies ar b\u016bvnieku SIA \u201cDaksti\u0146a Jumti\u201d par \u0101ra b\u016bvdarbu turpin\u0101\u0161anu 2024. gad\u0101. Tik\u0101m iek\u0161telp\u0101s notiek telpu sagatavo\u0161ana nodo\u0161anai pas\u016bt\u012bt\u0101jam, un \u0161om\u0113nes Saulkrastu novada bibliot\u0113ka un \u0123imenes centrs var\u0113s ats\u0101kt darbu sav\u0101s telp\u0101s.","og_url":"https:\/\/saulkrastubiblioteka.lv\/index.php\/2024\/01\/16\/saulkrastu-novada-biblioteka-sava-eka-darbu-atsaks-somenes\/","og_site_name":"Saulkrastu novada bibliot\u0113ka","article_published_time":"2024-01-16T10:25:09+00:00","article_modified_time":"2024-01-16T12:51:36+00:00","og_image":[{"url":"https:\/\/saulkrastubiblioteka.lv\/wp-content\/uploads\/2024\/01\/bib2024-1024x823.jpg","type":"","width":"","height":""}],"author":"admin","twitter_card":"summary_large_image","twitter_misc":{"Written by":"admin","Est. reading time":"2 min\u016btes"},"schema":{"@context":"https:\/\/schema.org","@graph":[{"@type":"Article","@id":"https:\/\/saulkrastubiblioteka.lv\/index.php\/2024\/01\/16\/saulkrastu-novada-biblioteka-sava-eka-darbu-atsaks-somenes\/#article","isPartOf":{"@id":"https:\/\/saulkrastubiblioteka.lv\/index.php\/2024\/01\/16\/saulkrastu-novada-biblioteka-sava-eka-darbu-atsaks-somenes\/"},"author":{"name":"admin","@id":"https:\/\/saulkrastubiblioteka.lv\/#\/schema\/person\/2233277643a53fb60b293d42c1e5f7a2"},"headline":"Saulkrastu novada bibliot\u0113ka sav\u0101 \u0113k\u0101 darbu ats\u0101ks \u0161om\u0113nes","datePublished":"2024-01-16T10:25:09+00:00","dateModified":"2024-01-16T12:51:36+00:00","mainEntityOfPage":{"@id":"https:\/\/saulkrastubiblioteka.lv\/index.php\/2024\/01\/16\/saulkrastu-novada-biblioteka-sava-eka-darbu-atsaks-somenes\/"},"wordCount":245,"publisher":{"@id":"https:\/\/saulkrastubiblioteka.lv\/#organization"},"image":{"@id":"https:\/\/saulkrastubiblioteka.lv\/index.php\/2024\/01\/16\/saulkrastu-novada-biblioteka-sava-eka-darbu-atsaks-somenes\/#primaryimage"},"thumbnailUrl":"https:\/\/saulkrastubiblioteka.lv\/wp-content\/uploads\/2024\/01\/bib2024-1024x823.jpg","articleSection":["Bibliot\u0113kas v\u0113sture"],"inLanguage":"lv-LV"},{"@type":"WebPage","@id":"https:\/\/saulkrastubiblioteka.lv\/index.php\/2024\/01\/16\/saulkrastu-novada-biblioteka-sava-eka-darbu-atsaks-somenes\/","url":"https:\/\/saulkrastubiblioteka.lv\/index.php\/2024\/01\/16\/saulkrastu-novada-biblioteka-sava-eka-darbu-atsaks-somenes\/","name":"Saulkrastu novada bibliot\u0113ka sav\u0101 \u0113k\u0101 darbu ats\u0101ks \u0161om\u0113nes - Saulkrastu novada bibliot\u0113ka","isPartOf":{"@id":"https:\/\/saulkrastubiblioteka.lv\/#website"},"primaryImageOfPage":{"@id":"https:\/\/saulkrastubiblioteka.lv\/index.php\/2024\/01\/16\/saulkrastu-novada-biblioteka-sava-eka-darbu-atsaks-somenes\/#primaryimage"},"image":{"@id":"https:\/\/saulkrastubiblioteka.lv\/index.php\/2024\/01\/16\/saulkrastu-novada-biblioteka-sava-eka-darbu-atsaks-somenes\/#primaryimage"},"thumbnailUrl":"https:\/\/saulkrastubiblioteka.lv\/wp-content\/uploads\/2024\/01\/bib2024-1024x823.jpg","datePublished":"2024-01-16T10:25:09+00:00","dateModified":"2024-01-16T12:51:36+00:00","breadcrumb":{"@id":"https:\/\/saulkrastubiblioteka.lv\/index.php\/2024\/01\/16\/saulkrastu-novada-biblioteka-sava-eka-darbu-atsaks-somenes\/#breadcrumb"},"inLanguage":"lv-LV","potentialAction":[{"@type":"ReadAction","target":["https:\/\/saulkrastubiblioteka.lv\/index.php\/2024\/01\/16\/saulkrastu-novada-biblioteka-sava-eka-darbu-atsaks-somenes\/"]}]},{"@type":"ImageObject","inLanguage":"lv-LV","@id":"https:\/\/saulkrastubiblioteka.lv\/index.php\/2024\/01\/16\/saulkrastu-novada-biblioteka-sava-eka-darbu-atsaks-somenes\/#primaryimage","url":"https:\/\/saulkrastubiblioteka.lv\/wp-content\/uploads\/2024\/01\/bib2024.jpg","contentUrl":"https:\/\/saulkrastubiblioteka.lv\/wp-content\/uploads\/2024\/01\/bib2024.jpg","width":1200,"height":965},{"@type":"BreadcrumbList","@id":"https:\/\/saulkrastubiblioteka.lv\/index.php\/2024\/01\/16\/saulkrastu-novada-biblioteka-sava-eka-darbu-atsaks-somenes\/#breadcrumb","itemListElement":[{"@type":"ListItem","position":1,"name":"Home","item":"https:\/\/saulkrastubiblioteka.lv\/"},{"@type":"ListItem","position":2,"name":"Saulkrastu novada bibliot\u0113ka sav\u0101 \u0113k\u0101 darbu ats\u0101ks \u0161om\u0113nes"}]},{"@type":"WebSite","@id":"https:\/\/saulkrastubiblioteka.lv\/#website","url":"https:\/\/saulkrastubiblioteka.lv\/","name":"Saulkrastu novada bibliot\u0113ka","description":"Vieta, kur labi pavad\u012bt laiku un pab\u016bt mier\u0101","publisher":{"@id":"https:\/\/saulkrastubiblioteka.lv\/#organization"},"potentialAction":[{"@type":"SearchAction","target":{"@type":"EntryPoint","urlTemplate":"https:\/\/saulkrastubiblioteka.lv\/?s={search_term_string}"},"query-input":{"@type":"PropertyValueSpecification","valueRequired":true,"valueName":"search_term_string"}}],"inLanguage":"lv-LV"},{"@type":"Organization","@id":"https:\/\/saulkrastubiblioteka.lv\/#organization","name":"Saulkrastu novada bibliot\u0113ka","url":"https:\/\/saulkrastubiblioteka.lv\/","logo":{"@type":"ImageObject","inLanguage":"lv-LV","@id":"https:\/\/saulkrastubiblioteka.lv\/#\/schema\/logo\/image\/","url":"https:\/\/saulkrastubiblioteka.lv\/wp-content\/uploads\/2021\/01\/cropped-logo.png","contentUrl":"https:\/\/saulkrastubiblioteka.lv\/wp-content\/uploads\/2021\/01\/cropped-logo.png","width":240,"height":240,"caption":"Saulkrastu novada bibliot\u0113ka"},"image":{"@id":"https:\/\/saulkrastubiblioteka.lv\/#\/schema\/logo\/image\/"}},{"@type":"Person","@id":"https:\/\/saulkrastubiblioteka.lv\/#\/schema\/person\/2233277643a53fb60b293d42c1e5f7a2","name":"admin","image":{"@type":"ImageObject","inLanguage":"lv-LV","@id":"https:\/\/saulkrastubiblioteka.lv\/#\/schema\/person\/image\/","url":"https:\/\/secure.gravatar.com\/avatar\/a5ad3f68569c7df813ab9387f6d30b65?s=96&d=mm&r=g","contentUrl":"https:\/\/secure.gravatar.com\/avatar\/a5ad3f68569c7df813ab9387f6d30b65?s=96&d=mm&r=g","caption":"admin"},"url":"https:\/\/saulkrastubiblioteka.lv\/index.php\/author\/info_xjq16vdi\/"}]}},"_links":{"self":[{"href":"https:\/\/saulkrastubiblioteka.lv\/index.php\/wp-json\/wp\/v2\/posts\/8568","targetHints":{"allow":["GET"]}}],"collection":[{"href":"https:\/\/saulkrastubiblioteka.lv\/index.php\/wp-json\/wp\/v2\/posts"}],"about":[{"href":"https:\/\/saulkrastubiblioteka.lv\/index.php\/wp-json\/wp\/v2\/types\/post"}],"author":[{"embeddable":true,"href":"https:\/\/saulkrastubiblioteka.lv\/index.php\/wp-json\/wp\/v2\/users\/1"}],"replies":[{"embeddable":true,"href":"https:\/\/saulkrastubiblioteka.lv\/index.php\/wp-json\/wp\/v2\/comments?post=8568"}],"version-history":[{"count":2,"href":"https:\/\/saulkrastubiblioteka.lv\/index.php\/wp-json\/wp\/v2\/posts\/8568\/revisions"}],"predecessor-version":[{"id":8571,"href":"https:\/\/saulkrastubiblioteka.lv\/index.php\/wp-json\/wp\/v2\/posts\/8568\/revisions\/8571"}],"wp:attachment":[{"href":"https:\/\/saulkrastubiblioteka.lv\/index.php\/wp-json\/wp\/v2\/media?parent=8568"}],"wp:term":[{"taxonomy":"category","embeddable":true,"href":"https:\/\/saulkrastubiblioteka.lv\/index.php\/wp-json\/wp\/v2\/categories?post=8568"},{"taxonomy":"post_tag","embeddable":true,"href":"https:\/\/saulkrastubiblioteka.lv\/index.php\/wp-json\/wp\/v2\/tags?post=8568"}],"curies":[{"name":"wp","href":"https:\/\/api.w.org\/{rel}","templated":true}]}}