{"id":812,"date":"2018-08-28T10:46:43","date_gmt":"2018-08-28T10:46:43","guid":{"rendered":"https:\/\/saulkrastubiblioteka.lv\/?p=812"},"modified":"2018-08-29T07:27:41","modified_gmt":"2018-08-29T07:27:41","slug":"saulkrastu-novada-bibliotekari-igaunija","status":"publish","type":"post","link":"https:\/\/saulkrastubiblioteka.lv\/index.php\/2018\/08\/28\/saulkrastu-novada-bibliotekari-igaunija\/","title":{"rendered":"Saulkrastu novada bibliotek\u0101ri Igaunij\u0101"},"content":{"rendered":"<p><img loading=\"lazy\" decoding=\"async\" class=\"alignleft wp-image-813 size-full\" src=\"https:\/\/saulkrastubiblioteka.lv\/wp-content\/uploads\/2018\/08\/Parnu.jpg\" alt=\"\" width=\"1239\" height=\"929\" srcset=\"https:\/\/saulkrastubiblioteka.lv\/wp-content\/uploads\/2018\/08\/Parnu.jpg 1239w, https:\/\/saulkrastubiblioteka.lv\/wp-content\/uploads\/2018\/08\/Parnu-300x225.jpg 300w, https:\/\/saulkrastubiblioteka.lv\/wp-content\/uploads\/2018\/08\/Parnu-768x576.jpg 768w, https:\/\/saulkrastubiblioteka.lv\/wp-content\/uploads\/2018\/08\/Parnu-1024x768.jpg 1024w, https:\/\/saulkrastubiblioteka.lv\/wp-content\/uploads\/2018\/08\/Parnu-1200x900.jpg 1200w\" sizes=\"auto, (max-width: 709px) 85vw, (max-width: 909px) 67vw, (max-width: 1362px) 62vw, 840px\" \/><\/p>\n<p>Att\u0113l\u0101: P\u0113rnavas Centr\u0101l\u0101 bibliot\u0113ka<\/p>\n<p>Pier\u012bgas re\u0123iona pa\u0161vald\u012bbu bibliot\u0113ku darbinieki sadarb\u012bb\u0101 ar Salaspils novada bibliot\u0113ku augusta izska\u0146\u0101 dev\u0101s profesion\u0101l\u0101s pilnveides un pieredzes apmai\u0146as braucien\u0101 uz Igauniju. \u0160oreiz pirm\u0101 pietura bija P\u0113rnavas Centr\u0101l\u0101 bibliot\u0113ka, kur kol\u0113\u0123us sagaid\u012bja bibliot\u0113kas vad\u012bba un bibliotek\u0101ri. Bibliot\u0113ka ir iespaid\u012bga ar savu arhitektonisko veidolu vien. T\u0101 ir viena no modern\u0101kaj\u0101m un liel\u0101kaj\u0101m Igaunijas publiskaj\u0101m bibliot\u0113k\u0101m \u2013 Arhitekt\u016bras Gada balvas kandid\u0101te (2008). Visus priec\u0113ja skaist\u0101 \u0113ka, kas celta par pa\u0161vald\u012bbas bud\u017eeta l\u012bdzek\u013ciem, turpat 5 miljoniem eiro. Taj\u0101 str\u0101d\u0101 35 bibliotek\u0101ri un 10 tehniskie darbinieki. Lai ar\u012b \u0113ka nodota ekspluat\u0101cij\u0101 pirms vair\u0101kiem gadiem, t\u0101 joproj\u0101m tiek papildin\u0101ta ar jauniem resursiem. Bibliot\u0113ka ir \u013coti funkcion\u0101la, daudz dom\u0101ts par las\u012bt\u0101ju \u0113rt\u012bb\u0101m.<!--more--><\/p>\n<p>T\u0101l\u0101kais ce\u013c\u0161 m\u016bs veda uz Tartu publisko bibliot\u0113ku. Kl\u0101tien\u0113 notika iepaz\u012b\u0161an\u0101s ar turienes kol\u0113\u0123iem. Sarunas laik\u0101 m\u0113s tik\u0101m iepaz\u012bstin\u0101ti ar darbiniekiem, apmekl\u0113j\u0101m pla\u0161\u0101s telpas, kas izvietotas \u010detros st\u0101vos, tostarp koferen\u010du z\u0101li, kur pulc\u0113ties da\u017e\u0101du pas\u0101kumu un semin\u0101ru interesentiem. Izzin\u0101j\u0101m ar\u012b bibliot\u0113ku automatiz\u0101cijas procesus un inform\u0101cijas sist\u0113mas att\u012bst\u012bbu, k\u0101 ar\u012b lietot\u0101ju apkalpo\u0161anu un netradicion\u0101l\u0101s darba metodes. \u0112ka piel\u0101gota m\u016bsdienu vajadz\u012bb\u0101m. T\u0101d\u0113j\u0101di piek\u013c\u016b\u0161ana, auto novieto\u0161ana, inval\u012bdu uzbrauktuves un lifts \u0113rt\u0101kai nok\u013c\u016b\u0161anai aug\u0161\u0113jos st\u0101vos ir \u013coti paroc\u012bgi.<\/p>\n<p>Dodoties atpaka\u013cce\u013c\u0101, bibliotek\u0101ri viesoj\u0101s Igaunijas Nacion\u0101laj\u0101 muzej\u0101 Tartu, kas ir ne tikai igau\u0146u v\u0113stures un kult\u016bras mantojuma glab\u0101t\u0101js, bet sa\u0146\u0113mis ar\u012b Eiropas Muzeja gada balvu. Iespaid\u012bgs un p\u0101r\u0101ks par visu bija \u0161\u012b muzeja apmekl\u0113jums. Taj\u0101 var\u0113ja apl\u016bkot ne tikai Igaunijas gr\u0101matniec\u012bbas v\u0113stures ekspoz\u012bciju, bet ar\u012b interakt\u012bvi digit\u0101l\u0101 veid\u0101 l\u012bdzdarboties v\u0113stures izzin\u0101\u0161an\u0101, kur\u0101 izmantoti da\u017e\u0101di gaismas un ska\u0146as efekti. Muzej\u0101 redzamas divas past\u0101v\u012bgas ekspoz\u012bcijas \u2013 &#8220;Tik\u0161an\u0101s&#8221;, kas st\u0101sta par vienk\u0101r\u0161iem Igaunijas cilv\u0113kiem un vi\u0146u dz\u012bvi da\u017e\u0101dos laikmetos, un &#8220;Ur\u0101lu atska\u0146as&#8221;, kas par\u0101da somugru tautu un samojedu tradicion\u0101lo kult\u016bru. Iepazin\u0101mies ar\u012b ar main\u012bgo ekspoz\u012bciju par Igaunijas nacion\u0101lo tautast\u0113rpu v\u0113sturi.<\/p>\n<p>Paldies visu apl\u016bkoto bibliot\u0113ku kol\u0113\u0123iem par viesm\u012bl\u012bgo uz\u0146em\u0161anu sav\u0101s bibliot\u0113k\u0101s. Paldies ar\u012b Saulkrastu novada pa\u0161vald\u012bbai par finansi\u0101lu atbalstu un Salaspils novada bibliot\u0113kas kolekt\u012bvam par kop\u0101 b\u016b\u0161anas prieku un satur\u012bgu augusta izska\u0146u! Lai mums visiem kop\u0101 darb\u012bgs, jaunu m\u0113r\u0137u un sasniegumu pilns laiks!<\/p>\n<p>Saulkrastu novada bibliot\u0113kas vad\u012bt\u0101ja Ilze DZINTARE<\/p>\n","protected":false},"excerpt":{"rendered":"<p>Att\u0113l\u0101: P\u0113rnavas Centr\u0101l\u0101 bibliot\u0113ka Pier\u012bgas re\u0123iona pa\u0161vald\u012bbu bibliot\u0113ku darbinieki sadarb\u012bb\u0101 ar Salaspils novada bibliot\u0113ku augusta izska\u0146\u0101 dev\u0101s profesion\u0101l\u0101s pilnveides un pieredzes apmai\u0146as braucien\u0101 uz Igauniju. \u0160oreiz pirm\u0101 pietura bija P\u0113rnavas Centr\u0101l\u0101 bibliot\u0113ka, kur kol\u0113\u0123us sagaid\u012bja bibliot\u0113kas vad\u012bba un bibliotek\u0101ri. Bibliot\u0113ka ir iespaid\u012bga ar savu arhitektonisko veidolu vien. T\u0101 ir viena no modern\u0101kaj\u0101m un liel\u0101kaj\u0101m Igaunijas &hellip; <a href=\"https:\/\/saulkrastubiblioteka.lv\/index.php\/2018\/08\/28\/saulkrastu-novada-bibliotekari-igaunija\/\" class=\"more-link\">Turpin\u0101t las\u012bt<span class=\"screen-reader-text\"> &#8220;Saulkrastu novada bibliotek\u0101ri Igaunij\u0101&#8221;<\/span><\/a><\/p>\n","protected":false},"author":1,"featured_media":0,"comment_status":"closed","ping_status":"open","sticky":false,"template":"","format":"standard","meta":{"footnotes":""},"categories":[49],"tags":[50],"class_list":["post-812","post","type-post","status-publish","format-standard","hentry","category-pieredzes-braucieni","tag-pieredzes-braucieni"],"yoast_head":"<!-- This site is optimized with the Yoast SEO plugin v24.2 - https:\/\/yoast.com\/wordpress\/plugins\/seo\/ -->\n<title>Saulkrastu novada bibliotek\u0101ri Igaunij\u0101 - Saulkrastu novada bibliot\u0113ka<\/title>\n<meta name=\"robots\" content=\"index, follow, max-snippet:-1, max-image-preview:large, max-video-preview:-1\" \/>\n<link rel=\"canonical\" href=\"https:\/\/saulkrastubiblioteka.lv\/index.php\/2018\/08\/28\/saulkrastu-novada-bibliotekari-igaunija\/\" \/>\n<meta property=\"og:locale\" content=\"lv_LV\" \/>\n<meta property=\"og:type\" content=\"article\" \/>\n<meta property=\"og:title\" content=\"Saulkrastu novada bibliotek\u0101ri Igaunij\u0101 - Saulkrastu novada bibliot\u0113ka\" \/>\n<meta property=\"og:description\" content=\"Att\u0113l\u0101: P\u0113rnavas Centr\u0101l\u0101 bibliot\u0113ka Pier\u012bgas re\u0123iona pa\u0161vald\u012bbu bibliot\u0113ku darbinieki sadarb\u012bb\u0101 ar Salaspils novada bibliot\u0113ku augusta izska\u0146\u0101 dev\u0101s profesion\u0101l\u0101s pilnveides un pieredzes apmai\u0146as braucien\u0101 uz Igauniju. \u0160oreiz pirm\u0101 pietura bija P\u0113rnavas Centr\u0101l\u0101 bibliot\u0113ka, kur kol\u0113\u0123us sagaid\u012bja bibliot\u0113kas vad\u012bba un bibliotek\u0101ri. Bibliot\u0113ka ir iespaid\u012bga ar savu arhitektonisko veidolu vien. T\u0101 ir viena no modern\u0101kaj\u0101m un liel\u0101kaj\u0101m Igaunijas &hellip; Turpin\u0101t las\u012bt &quot;Saulkrastu novada bibliotek\u0101ri Igaunij\u0101&quot;\" \/>\n<meta property=\"og:url\" content=\"https:\/\/saulkrastubiblioteka.lv\/index.php\/2018\/08\/28\/saulkrastu-novada-bibliotekari-igaunija\/\" \/>\n<meta property=\"og:site_name\" content=\"Saulkrastu novada bibliot\u0113ka\" \/>\n<meta property=\"article:published_time\" content=\"2018-08-28T10:46:43+00:00\" \/>\n<meta property=\"article:modified_time\" content=\"2018-08-29T07:27:41+00:00\" \/>\n<meta property=\"og:image\" content=\"https:\/\/saulkrastubiblioteka.lv\/wp-content\/uploads\/2018\/08\/Parnu.jpg\" \/>\n<meta name=\"author\" content=\"admin\" \/>\n<meta name=\"twitter:card\" content=\"summary_large_image\" \/>\n<meta name=\"twitter:label1\" content=\"Written by\" \/>\n\t<meta name=\"twitter:data1\" content=\"admin\" \/>\n\t<meta name=\"twitter:label2\" content=\"Est. reading time\" \/>\n\t<meta name=\"twitter:data2\" content=\"2 min\u016btes\" \/>\n<script type=\"application\/ld+json\" class=\"yoast-schema-graph\">{\"@context\":\"https:\/\/schema.org\",\"@graph\":[{\"@type\":\"Article\",\"@id\":\"https:\/\/saulkrastubiblioteka.lv\/index.php\/2018\/08\/28\/saulkrastu-novada-bibliotekari-igaunija\/#article\",\"isPartOf\":{\"@id\":\"https:\/\/saulkrastubiblioteka.lv\/index.php\/2018\/08\/28\/saulkrastu-novada-bibliotekari-igaunija\/\"},\"author\":{\"name\":\"admin\",\"@id\":\"https:\/\/saulkrastubiblioteka.lv\/#\/schema\/person\/2233277643a53fb60b293d42c1e5f7a2\"},\"headline\":\"Saulkrastu novada bibliotek\u0101ri Igaunij\u0101\",\"datePublished\":\"2018-08-28T10:46:43+00:00\",\"dateModified\":\"2018-08-29T07:27:41+00:00\",\"mainEntityOfPage\":{\"@id\":\"https:\/\/saulkrastubiblioteka.lv\/index.php\/2018\/08\/28\/saulkrastu-novada-bibliotekari-igaunija\/\"},\"wordCount\":502,\"publisher\":{\"@id\":\"https:\/\/saulkrastubiblioteka.lv\/#organization\"},\"image\":{\"@id\":\"https:\/\/saulkrastubiblioteka.lv\/index.php\/2018\/08\/28\/saulkrastu-novada-bibliotekari-igaunija\/#primaryimage\"},\"thumbnailUrl\":\"https:\/\/saulkrastubiblioteka.lv\/wp-content\/uploads\/2018\/08\/Parnu.jpg\",\"keywords\":[\"Pieredzes braucieni\"],\"articleSection\":[\"Pieredzes braucieni\"],\"inLanguage\":\"lv-LV\"},{\"@type\":\"WebPage\",\"@id\":\"https:\/\/saulkrastubiblioteka.lv\/index.php\/2018\/08\/28\/saulkrastu-novada-bibliotekari-igaunija\/\",\"url\":\"https:\/\/saulkrastubiblioteka.lv\/index.php\/2018\/08\/28\/saulkrastu-novada-bibliotekari-igaunija\/\",\"name\":\"Saulkrastu novada bibliotek\u0101ri Igaunij\u0101 - Saulkrastu novada bibliot\u0113ka\",\"isPartOf\":{\"@id\":\"https:\/\/saulkrastubiblioteka.lv\/#website\"},\"primaryImageOfPage\":{\"@id\":\"https:\/\/saulkrastubiblioteka.lv\/index.php\/2018\/08\/28\/saulkrastu-novada-bibliotekari-igaunija\/#primaryimage\"},\"image\":{\"@id\":\"https:\/\/saulkrastubiblioteka.lv\/index.php\/2018\/08\/28\/saulkrastu-novada-bibliotekari-igaunija\/#primaryimage\"},\"thumbnailUrl\":\"https:\/\/saulkrastubiblioteka.lv\/wp-content\/uploads\/2018\/08\/Parnu.jpg\",\"datePublished\":\"2018-08-28T10:46:43+00:00\",\"dateModified\":\"2018-08-29T07:27:41+00:00\",\"breadcrumb\":{\"@id\":\"https:\/\/saulkrastubiblioteka.lv\/index.php\/2018\/08\/28\/saulkrastu-novada-bibliotekari-igaunija\/#breadcrumb\"},\"inLanguage\":\"lv-LV\",\"potentialAction\":[{\"@type\":\"ReadAction\",\"target\":[\"https:\/\/saulkrastubiblioteka.lv\/index.php\/2018\/08\/28\/saulkrastu-novada-bibliotekari-igaunija\/\"]}]},{\"@type\":\"ImageObject\",\"inLanguage\":\"lv-LV\",\"@id\":\"https:\/\/saulkrastubiblioteka.lv\/index.php\/2018\/08\/28\/saulkrastu-novada-bibliotekari-igaunija\/#primaryimage\",\"url\":\"https:\/\/saulkrastubiblioteka.lv\/wp-content\/uploads\/2018\/08\/Parnu.jpg\",\"contentUrl\":\"https:\/\/saulkrastubiblioteka.lv\/wp-content\/uploads\/2018\/08\/Parnu.jpg\",\"width\":1239,\"height\":929},{\"@type\":\"BreadcrumbList\",\"@id\":\"https:\/\/saulkrastubiblioteka.lv\/index.php\/2018\/08\/28\/saulkrastu-novada-bibliotekari-igaunija\/#breadcrumb\",\"itemListElement\":[{\"@type\":\"ListItem\",\"position\":1,\"name\":\"Home\",\"item\":\"https:\/\/saulkrastubiblioteka.lv\/\"},{\"@type\":\"ListItem\",\"position\":2,\"name\":\"Saulkrastu novada bibliotek\u0101ri Igaunij\u0101\"}]},{\"@type\":\"WebSite\",\"@id\":\"https:\/\/saulkrastubiblioteka.lv\/#website\",\"url\":\"https:\/\/saulkrastubiblioteka.lv\/\",\"name\":\"Saulkrastu novada bibliot\u0113ka\",\"description\":\"Vieta, kur labi pavad\u012bt laiku un pab\u016bt mier\u0101\",\"publisher\":{\"@id\":\"https:\/\/saulkrastubiblioteka.lv\/#organization\"},\"potentialAction\":[{\"@type\":\"SearchAction\",\"target\":{\"@type\":\"EntryPoint\",\"urlTemplate\":\"https:\/\/saulkrastubiblioteka.lv\/?s={search_term_string}\"},\"query-input\":{\"@type\":\"PropertyValueSpecification\",\"valueRequired\":true,\"valueName\":\"search_term_string\"}}],\"inLanguage\":\"lv-LV\"},{\"@type\":\"Organization\",\"@id\":\"https:\/\/saulkrastubiblioteka.lv\/#organization\",\"name\":\"Saulkrastu novada bibliot\u0113ka\",\"url\":\"https:\/\/saulkrastubiblioteka.lv\/\",\"logo\":{\"@type\":\"ImageObject\",\"inLanguage\":\"lv-LV\",\"@id\":\"https:\/\/saulkrastubiblioteka.lv\/#\/schema\/logo\/image\/\",\"url\":\"https:\/\/saulkrastubiblioteka.lv\/wp-content\/uploads\/2021\/01\/cropped-logo.png\",\"contentUrl\":\"https:\/\/saulkrastubiblioteka.lv\/wp-content\/uploads\/2021\/01\/cropped-logo.png\",\"width\":240,\"height\":240,\"caption\":\"Saulkrastu novada bibliot\u0113ka\"},\"image\":{\"@id\":\"https:\/\/saulkrastubiblioteka.lv\/#\/schema\/logo\/image\/\"}},{\"@type\":\"Person\",\"@id\":\"https:\/\/saulkrastubiblioteka.lv\/#\/schema\/person\/2233277643a53fb60b293d42c1e5f7a2\",\"name\":\"admin\",\"image\":{\"@type\":\"ImageObject\",\"inLanguage\":\"lv-LV\",\"@id\":\"https:\/\/saulkrastubiblioteka.lv\/#\/schema\/person\/image\/\",\"url\":\"https:\/\/secure.gravatar.com\/avatar\/a5ad3f68569c7df813ab9387f6d30b65?s=96&d=mm&r=g\",\"contentUrl\":\"https:\/\/secure.gravatar.com\/avatar\/a5ad3f68569c7df813ab9387f6d30b65?s=96&d=mm&r=g\",\"caption\":\"admin\"},\"url\":\"https:\/\/saulkrastubiblioteka.lv\/index.php\/author\/info_xjq16vdi\/\"}]}<\/script>\n<!-- \/ Yoast SEO plugin. -->","yoast_head_json":{"title":"Saulkrastu novada bibliotek\u0101ri Igaunij\u0101 - Saulkrastu novada bibliot\u0113ka","robots":{"index":"index","follow":"follow","max-snippet":"max-snippet:-1","max-image-preview":"max-image-preview:large","max-video-preview":"max-video-preview:-1"},"canonical":"https:\/\/saulkrastubiblioteka.lv\/index.php\/2018\/08\/28\/saulkrastu-novada-bibliotekari-igaunija\/","og_locale":"lv_LV","og_type":"article","og_title":"Saulkrastu novada bibliotek\u0101ri Igaunij\u0101 - Saulkrastu novada bibliot\u0113ka","og_description":"Att\u0113l\u0101: P\u0113rnavas Centr\u0101l\u0101 bibliot\u0113ka Pier\u012bgas re\u0123iona pa\u0161vald\u012bbu bibliot\u0113ku darbinieki sadarb\u012bb\u0101 ar Salaspils novada bibliot\u0113ku augusta izska\u0146\u0101 dev\u0101s profesion\u0101l\u0101s pilnveides un pieredzes apmai\u0146as braucien\u0101 uz Igauniju. \u0160oreiz pirm\u0101 pietura bija P\u0113rnavas Centr\u0101l\u0101 bibliot\u0113ka, kur kol\u0113\u0123us sagaid\u012bja bibliot\u0113kas vad\u012bba un bibliotek\u0101ri. Bibliot\u0113ka ir iespaid\u012bga ar savu arhitektonisko veidolu vien. T\u0101 ir viena no modern\u0101kaj\u0101m un liel\u0101kaj\u0101m Igaunijas &hellip; Turpin\u0101t las\u012bt \"Saulkrastu novada bibliotek\u0101ri Igaunij\u0101\"","og_url":"https:\/\/saulkrastubiblioteka.lv\/index.php\/2018\/08\/28\/saulkrastu-novada-bibliotekari-igaunija\/","og_site_name":"Saulkrastu novada bibliot\u0113ka","article_published_time":"2018-08-28T10:46:43+00:00","article_modified_time":"2018-08-29T07:27:41+00:00","og_image":[{"url":"https:\/\/saulkrastubiblioteka.lv\/wp-content\/uploads\/2018\/08\/Parnu.jpg","type":"","width":"","height":""}],"author":"admin","twitter_card":"summary_large_image","twitter_misc":{"Written by":"admin","Est. reading time":"2 min\u016btes"},"schema":{"@context":"https:\/\/schema.org","@graph":[{"@type":"Article","@id":"https:\/\/saulkrastubiblioteka.lv\/index.php\/2018\/08\/28\/saulkrastu-novada-bibliotekari-igaunija\/#article","isPartOf":{"@id":"https:\/\/saulkrastubiblioteka.lv\/index.php\/2018\/08\/28\/saulkrastu-novada-bibliotekari-igaunija\/"},"author":{"name":"admin","@id":"https:\/\/saulkrastubiblioteka.lv\/#\/schema\/person\/2233277643a53fb60b293d42c1e5f7a2"},"headline":"Saulkrastu novada bibliotek\u0101ri Igaunij\u0101","datePublished":"2018-08-28T10:46:43+00:00","dateModified":"2018-08-29T07:27:41+00:00","mainEntityOfPage":{"@id":"https:\/\/saulkrastubiblioteka.lv\/index.php\/2018\/08\/28\/saulkrastu-novada-bibliotekari-igaunija\/"},"wordCount":502,"publisher":{"@id":"https:\/\/saulkrastubiblioteka.lv\/#organization"},"image":{"@id":"https:\/\/saulkrastubiblioteka.lv\/index.php\/2018\/08\/28\/saulkrastu-novada-bibliotekari-igaunija\/#primaryimage"},"thumbnailUrl":"https:\/\/saulkrastubiblioteka.lv\/wp-content\/uploads\/2018\/08\/Parnu.jpg","keywords":["Pieredzes braucieni"],"articleSection":["Pieredzes braucieni"],"inLanguage":"lv-LV"},{"@type":"WebPage","@id":"https:\/\/saulkrastubiblioteka.lv\/index.php\/2018\/08\/28\/saulkrastu-novada-bibliotekari-igaunija\/","url":"https:\/\/saulkrastubiblioteka.lv\/index.php\/2018\/08\/28\/saulkrastu-novada-bibliotekari-igaunija\/","name":"Saulkrastu novada bibliotek\u0101ri Igaunij\u0101 - Saulkrastu novada bibliot\u0113ka","isPartOf":{"@id":"https:\/\/saulkrastubiblioteka.lv\/#website"},"primaryImageOfPage":{"@id":"https:\/\/saulkrastubiblioteka.lv\/index.php\/2018\/08\/28\/saulkrastu-novada-bibliotekari-igaunija\/#primaryimage"},"image":{"@id":"https:\/\/saulkrastubiblioteka.lv\/index.php\/2018\/08\/28\/saulkrastu-novada-bibliotekari-igaunija\/#primaryimage"},"thumbnailUrl":"https:\/\/saulkrastubiblioteka.lv\/wp-content\/uploads\/2018\/08\/Parnu.jpg","datePublished":"2018-08-28T10:46:43+00:00","dateModified":"2018-08-29T07:27:41+00:00","breadcrumb":{"@id":"https:\/\/saulkrastubiblioteka.lv\/index.php\/2018\/08\/28\/saulkrastu-novada-bibliotekari-igaunija\/#breadcrumb"},"inLanguage":"lv-LV","potentialAction":[{"@type":"ReadAction","target":["https:\/\/saulkrastubiblioteka.lv\/index.php\/2018\/08\/28\/saulkrastu-novada-bibliotekari-igaunija\/"]}]},{"@type":"ImageObject","inLanguage":"lv-LV","@id":"https:\/\/saulkrastubiblioteka.lv\/index.php\/2018\/08\/28\/saulkrastu-novada-bibliotekari-igaunija\/#primaryimage","url":"https:\/\/saulkrastubiblioteka.lv\/wp-content\/uploads\/2018\/08\/Parnu.jpg","contentUrl":"https:\/\/saulkrastubiblioteka.lv\/wp-content\/uploads\/2018\/08\/Parnu.jpg","width":1239,"height":929},{"@type":"BreadcrumbList","@id":"https:\/\/saulkrastubiblioteka.lv\/index.php\/2018\/08\/28\/saulkrastu-novada-bibliotekari-igaunija\/#breadcrumb","itemListElement":[{"@type":"ListItem","position":1,"name":"Home","item":"https:\/\/saulkrastubiblioteka.lv\/"},{"@type":"ListItem","position":2,"name":"Saulkrastu novada bibliotek\u0101ri Igaunij\u0101"}]},{"@type":"WebSite","@id":"https:\/\/saulkrastubiblioteka.lv\/#website","url":"https:\/\/saulkrastubiblioteka.lv\/","name":"Saulkrastu novada bibliot\u0113ka","description":"Vieta, kur labi pavad\u012bt laiku un pab\u016bt mier\u0101","publisher":{"@id":"https:\/\/saulkrastubiblioteka.lv\/#organization"},"potentialAction":[{"@type":"SearchAction","target":{"@type":"EntryPoint","urlTemplate":"https:\/\/saulkrastubiblioteka.lv\/?s={search_term_string}"},"query-input":{"@type":"PropertyValueSpecification","valueRequired":true,"valueName":"search_term_string"}}],"inLanguage":"lv-LV"},{"@type":"Organization","@id":"https:\/\/saulkrastubiblioteka.lv\/#organization","name":"Saulkrastu novada bibliot\u0113ka","url":"https:\/\/saulkrastubiblioteka.lv\/","logo":{"@type":"ImageObject","inLanguage":"lv-LV","@id":"https:\/\/saulkrastubiblioteka.lv\/#\/schema\/logo\/image\/","url":"https:\/\/saulkrastubiblioteka.lv\/wp-content\/uploads\/2021\/01\/cropped-logo.png","contentUrl":"https:\/\/saulkrastubiblioteka.lv\/wp-content\/uploads\/2021\/01\/cropped-logo.png","width":240,"height":240,"caption":"Saulkrastu novada bibliot\u0113ka"},"image":{"@id":"https:\/\/saulkrastubiblioteka.lv\/#\/schema\/logo\/image\/"}},{"@type":"Person","@id":"https:\/\/saulkrastubiblioteka.lv\/#\/schema\/person\/2233277643a53fb60b293d42c1e5f7a2","name":"admin","image":{"@type":"ImageObject","inLanguage":"lv-LV","@id":"https:\/\/saulkrastubiblioteka.lv\/#\/schema\/person\/image\/","url":"https:\/\/secure.gravatar.com\/avatar\/a5ad3f68569c7df813ab9387f6d30b65?s=96&d=mm&r=g","contentUrl":"https:\/\/secure.gravatar.com\/avatar\/a5ad3f68569c7df813ab9387f6d30b65?s=96&d=mm&r=g","caption":"admin"},"url":"https:\/\/saulkrastubiblioteka.lv\/index.php\/author\/info_xjq16vdi\/"}]}},"_links":{"self":[{"href":"https:\/\/saulkrastubiblioteka.lv\/index.php\/wp-json\/wp\/v2\/posts\/812","targetHints":{"allow":["GET"]}}],"collection":[{"href":"https:\/\/saulkrastubiblioteka.lv\/index.php\/wp-json\/wp\/v2\/posts"}],"about":[{"href":"https:\/\/saulkrastubiblioteka.lv\/index.php\/wp-json\/wp\/v2\/types\/post"}],"author":[{"embeddable":true,"href":"https:\/\/saulkrastubiblioteka.lv\/index.php\/wp-json\/wp\/v2\/users\/1"}],"replies":[{"embeddable":true,"href":"https:\/\/saulkrastubiblioteka.lv\/index.php\/wp-json\/wp\/v2\/comments?post=812"}],"version-history":[{"count":5,"href":"https:\/\/saulkrastubiblioteka.lv\/index.php\/wp-json\/wp\/v2\/posts\/812\/revisions"}],"predecessor-version":[{"id":821,"href":"https:\/\/saulkrastubiblioteka.lv\/index.php\/wp-json\/wp\/v2\/posts\/812\/revisions\/821"}],"wp:attachment":[{"href":"https:\/\/saulkrastubiblioteka.lv\/index.php\/wp-json\/wp\/v2\/media?parent=812"}],"wp:term":[{"taxonomy":"category","embeddable":true,"href":"https:\/\/saulkrastubiblioteka.lv\/index.php\/wp-json\/wp\/v2\/categories?post=812"},{"taxonomy":"post_tag","embeddable":true,"href":"https:\/\/saulkrastubiblioteka.lv\/index.php\/wp-json\/wp\/v2\/tags?post=812"}],"curies":[{"name":"wp","href":"https:\/\/api.w.org\/{rel}","templated":true}]}}