{"id":7867,"date":"2023-01-23T07:23:04","date_gmt":"2023-01-23T07:23:04","guid":{"rendered":"https:\/\/saulkrastubiblioteka.lv\/?p=7867"},"modified":"2023-01-23T07:23:40","modified_gmt":"2023-01-23T07:23:40","slug":"viktorinas-zini-mini-vai-uzzini-uzverataji","status":"publish","type":"post","link":"https:\/\/saulkrastubiblioteka.lv\/index.php\/2023\/01\/23\/viktorinas-zini-mini-vai-uzzini-uzverataji\/","title":{"rendered":"Viktor\u012bnas ,,Zini, mini vai uzzini!\u2019\u2019 uzv\u0113r\u0101t\u0101ji"},"content":{"rendered":"\n<figure class=\"wp-block-image size-large\"><img loading=\"lazy\" decoding=\"async\" width=\"1024\" height=\"1024\" src=\"https:\/\/saulkrastubiblioteka.lv\/wp-content\/uploads\/2023\/01\/Balvas-Zini-mini-vai-uzzini-1024x1024.jpg\" alt=\"\" class=\"wp-image-7868\" srcset=\"https:\/\/saulkrastubiblioteka.lv\/wp-content\/uploads\/2023\/01\/Balvas-Zini-mini-vai-uzzini-1024x1024.jpg 1024w, https:\/\/saulkrastubiblioteka.lv\/wp-content\/uploads\/2023\/01\/Balvas-Zini-mini-vai-uzzini-300x300.jpg 300w, https:\/\/saulkrastubiblioteka.lv\/wp-content\/uploads\/2023\/01\/Balvas-Zini-mini-vai-uzzini-150x150.jpg 150w, https:\/\/saulkrastubiblioteka.lv\/wp-content\/uploads\/2023\/01\/Balvas-Zini-mini-vai-uzzini-768x768.jpg 768w, https:\/\/saulkrastubiblioteka.lv\/wp-content\/uploads\/2023\/01\/Balvas-Zini-mini-vai-uzzini.jpg 1080w\" sizes=\"auto, (max-width: 709px) 85vw, (max-width: 909px) 67vw, (max-width: 1362px) 62vw, 840px\" \/><\/figure>\n\n\n\n<p>Gada nogal\u0113 parasti atskat\u0101mies uz padar\u012bto aizvad\u012btaj\u0101 gad\u0101, izvert\u0113jam, kas labs \u0146emams l\u012bdzi jaunaj\u0101, kas atst\u0101jams vecaj\u0101 gad\u0101. Saulkrastu novada bibliot\u0113kas apmekl\u0113t\u0101jiem gadu mij\u0101 bija iesp\u0113ja atsaukt atmi\u0146\u0101 notikumus un aktualit\u0101tes Saulkrstos t\u0101l\u0101k\u0101 pag\u0101tn\u0113, jo izv\u0113rt\u0113\u0161anai tika nodoti ,,Saulkrastu Av\u012bzes\u2019\u2019 decembra numuros atspogu\u013cotie notikumi no 1994.-2012.gadam. Visi, kas v\u0113l\u0113j\u0101s, var\u0113ja piedal\u012bties viktor\u012bn\u0101 ,,Zini, mini vai uzzini!\u2019\u2019, aizpildot anketu. Pal\u012bdz\u012bba un iesp\u0113ja samekl\u0113t pareizo atbildi bija novadp\u0113tniec\u012bbas map\u0113s, kur\u0101s sakr\u0101ti visi ,,Saulkrastu Av\u012bzes\u2019\u2019(izn\u0101ca no 1993.-2012.gadam) numuri. \u0160os materi\u0101lus ikviens var sa\u0146emt apskatei ar\u012b turpm\u0101k.<\/p>\n\n\n\n<p><img loading=\"lazy\" decoding=\"async\" alt=\"\ud83e\udd73\" src=\"https:\/\/static.xx.fbcdn.net\/images\/emoji.php\/v9\/tc6\/1.5\/16\/1f973.png\" width=\"16\" height=\"16\">Paldies visiem, kas piedal\u012bj\u0101s \u0161aj\u0101 aktivit\u0101t\u0113! Vislab\u0101k, sniedzot atbildes, veic\u0101s skolniec\u0113m Sintijai \u0160trodahai, Laumai Ciel\u0113nai un Sofiai Sonorai Celmai. Priec\u0101jamies kop\u0101 ar uzvar\u0113t\u0101j\u0101m un v\u0113lam veiksmi ar\u012b cit\u0101s viktor\u012bn\u0101s un konkursos!<\/p>\n","protected":false},"excerpt":{"rendered":"<p>Gada nogal\u0113 parasti atskat\u0101mies uz padar\u012bto aizvad\u012btaj\u0101 gad\u0101, izvert\u0113jam, kas labs \u0146emams l\u012bdzi jaunaj\u0101, kas atst\u0101jams vecaj\u0101 gad\u0101. Saulkrastu novada bibliot\u0113kas apmekl\u0113t\u0101jiem gadu mij\u0101 bija iesp\u0113ja atsaukt atmi\u0146\u0101 notikumus un aktualit\u0101tes Saulkrstos t\u0101l\u0101k\u0101 pag\u0101tn\u0113, jo izv\u0113rt\u0113\u0161anai tika nodoti ,,Saulkrastu Av\u012bzes\u2019\u2019 decembra numuros atspogu\u013cotie notikumi no 1994.-2012.gadam. Visi, kas v\u0113l\u0113j\u0101s, var\u0113ja piedal\u012bties viktor\u012bn\u0101 ,,Zini, mini vai &hellip; <a href=\"https:\/\/saulkrastubiblioteka.lv\/index.php\/2023\/01\/23\/viktorinas-zini-mini-vai-uzzini-uzverataji\/\" class=\"more-link\">Turpin\u0101t las\u012bt<span class=\"screen-reader-text\"> &#8220;Viktor\u012bnas ,,Zini, mini vai uzzini!\u2019\u2019 uzv\u0113r\u0101t\u0101ji&#8221;<\/span><\/a><\/p>\n","protected":false},"author":1,"featured_media":0,"comment_status":"closed","ping_status":"open","sticky":false,"template":"","format":"standard","meta":{"footnotes":""},"categories":[13],"tags":[],"class_list":["post-7867","post","type-post","status-publish","format-standard","hentry","category-konkursi"],"yoast_head":"<!-- This site is optimized with the Yoast SEO plugin v24.2 - https:\/\/yoast.com\/wordpress\/plugins\/seo\/ -->\n<title>Viktor\u012bnas ,,Zini, mini vai uzzini!\u2019\u2019 uzv\u0113r\u0101t\u0101ji - Saulkrastu novada bibliot\u0113ka<\/title>\n<meta name=\"robots\" content=\"index, follow, max-snippet:-1, max-image-preview:large, max-video-preview:-1\" \/>\n<link rel=\"canonical\" href=\"https:\/\/saulkrastubiblioteka.lv\/index.php\/2023\/01\/23\/viktorinas-zini-mini-vai-uzzini-uzverataji\/\" \/>\n<meta property=\"og:locale\" content=\"lv_LV\" \/>\n<meta property=\"og:type\" content=\"article\" \/>\n<meta property=\"og:title\" content=\"Viktor\u012bnas ,,Zini, mini vai uzzini!\u2019\u2019 uzv\u0113r\u0101t\u0101ji - Saulkrastu novada bibliot\u0113ka\" \/>\n<meta property=\"og:description\" content=\"Gada nogal\u0113 parasti atskat\u0101mies uz padar\u012bto aizvad\u012btaj\u0101 gad\u0101, izvert\u0113jam, kas labs \u0146emams l\u012bdzi jaunaj\u0101, kas atst\u0101jams vecaj\u0101 gad\u0101. Saulkrastu novada bibliot\u0113kas apmekl\u0113t\u0101jiem gadu mij\u0101 bija iesp\u0113ja atsaukt atmi\u0146\u0101 notikumus un aktualit\u0101tes Saulkrstos t\u0101l\u0101k\u0101 pag\u0101tn\u0113, jo izv\u0113rt\u0113\u0161anai tika nodoti ,,Saulkrastu Av\u012bzes\u2019\u2019 decembra numuros atspogu\u013cotie notikumi no 1994.-2012.gadam. Visi, kas v\u0113l\u0113j\u0101s, var\u0113ja piedal\u012bties viktor\u012bn\u0101 ,,Zini, mini vai &hellip; Turpin\u0101t las\u012bt &quot;Viktor\u012bnas ,,Zini, mini vai uzzini!\u2019\u2019 uzv\u0113r\u0101t\u0101ji&quot;\" \/>\n<meta property=\"og:url\" content=\"https:\/\/saulkrastubiblioteka.lv\/index.php\/2023\/01\/23\/viktorinas-zini-mini-vai-uzzini-uzverataji\/\" \/>\n<meta property=\"og:site_name\" content=\"Saulkrastu novada bibliot\u0113ka\" \/>\n<meta property=\"article:published_time\" content=\"2023-01-23T07:23:04+00:00\" \/>\n<meta property=\"article:modified_time\" content=\"2023-01-23T07:23:40+00:00\" \/>\n<meta property=\"og:image\" content=\"https:\/\/saulkrastubiblioteka.lv\/wp-content\/uploads\/2023\/01\/Balvas-Zini-mini-vai-uzzini-1024x1024.jpg\" \/>\n<meta name=\"author\" content=\"admin\" \/>\n<meta name=\"twitter:card\" content=\"summary_large_image\" \/>\n<meta name=\"twitter:label1\" content=\"Written by\" \/>\n\t<meta name=\"twitter:data1\" content=\"admin\" \/>\n\t<meta name=\"twitter:label2\" content=\"Est. reading time\" \/>\n\t<meta name=\"twitter:data2\" content=\"1 min\u016bte\" \/>\n<script type=\"application\/ld+json\" class=\"yoast-schema-graph\">{\"@context\":\"https:\/\/schema.org\",\"@graph\":[{\"@type\":\"Article\",\"@id\":\"https:\/\/saulkrastubiblioteka.lv\/index.php\/2023\/01\/23\/viktorinas-zini-mini-vai-uzzini-uzverataji\/#article\",\"isPartOf\":{\"@id\":\"https:\/\/saulkrastubiblioteka.lv\/index.php\/2023\/01\/23\/viktorinas-zini-mini-vai-uzzini-uzverataji\/\"},\"author\":{\"name\":\"admin\",\"@id\":\"https:\/\/saulkrastubiblioteka.lv\/#\/schema\/person\/2233277643a53fb60b293d42c1e5f7a2\"},\"headline\":\"Viktor\u012bnas ,,Zini, mini vai uzzini!\u2019\u2019 uzv\u0113r\u0101t\u0101ji\",\"datePublished\":\"2023-01-23T07:23:04+00:00\",\"dateModified\":\"2023-01-23T07:23:40+00:00\",\"mainEntityOfPage\":{\"@id\":\"https:\/\/saulkrastubiblioteka.lv\/index.php\/2023\/01\/23\/viktorinas-zini-mini-vai-uzzini-uzverataji\/\"},\"wordCount\":180,\"publisher\":{\"@id\":\"https:\/\/saulkrastubiblioteka.lv\/#organization\"},\"image\":{\"@id\":\"https:\/\/saulkrastubiblioteka.lv\/index.php\/2023\/01\/23\/viktorinas-zini-mini-vai-uzzini-uzverataji\/#primaryimage\"},\"thumbnailUrl\":\"https:\/\/saulkrastubiblioteka.lv\/wp-content\/uploads\/2023\/01\/Balvas-Zini-mini-vai-uzzini-1024x1024.jpg\",\"articleSection\":[\"Konkursi\"],\"inLanguage\":\"lv-LV\"},{\"@type\":\"WebPage\",\"@id\":\"https:\/\/saulkrastubiblioteka.lv\/index.php\/2023\/01\/23\/viktorinas-zini-mini-vai-uzzini-uzverataji\/\",\"url\":\"https:\/\/saulkrastubiblioteka.lv\/index.php\/2023\/01\/23\/viktorinas-zini-mini-vai-uzzini-uzverataji\/\",\"name\":\"Viktor\u012bnas ,,Zini, mini vai uzzini!\u2019\u2019 uzv\u0113r\u0101t\u0101ji - Saulkrastu novada bibliot\u0113ka\",\"isPartOf\":{\"@id\":\"https:\/\/saulkrastubiblioteka.lv\/#website\"},\"primaryImageOfPage\":{\"@id\":\"https:\/\/saulkrastubiblioteka.lv\/index.php\/2023\/01\/23\/viktorinas-zini-mini-vai-uzzini-uzverataji\/#primaryimage\"},\"image\":{\"@id\":\"https:\/\/saulkrastubiblioteka.lv\/index.php\/2023\/01\/23\/viktorinas-zini-mini-vai-uzzini-uzverataji\/#primaryimage\"},\"thumbnailUrl\":\"https:\/\/saulkrastubiblioteka.lv\/wp-content\/uploads\/2023\/01\/Balvas-Zini-mini-vai-uzzini-1024x1024.jpg\",\"datePublished\":\"2023-01-23T07:23:04+00:00\",\"dateModified\":\"2023-01-23T07:23:40+00:00\",\"breadcrumb\":{\"@id\":\"https:\/\/saulkrastubiblioteka.lv\/index.php\/2023\/01\/23\/viktorinas-zini-mini-vai-uzzini-uzverataji\/#breadcrumb\"},\"inLanguage\":\"lv-LV\",\"potentialAction\":[{\"@type\":\"ReadAction\",\"target\":[\"https:\/\/saulkrastubiblioteka.lv\/index.php\/2023\/01\/23\/viktorinas-zini-mini-vai-uzzini-uzverataji\/\"]}]},{\"@type\":\"ImageObject\",\"inLanguage\":\"lv-LV\",\"@id\":\"https:\/\/saulkrastubiblioteka.lv\/index.php\/2023\/01\/23\/viktorinas-zini-mini-vai-uzzini-uzverataji\/#primaryimage\",\"url\":\"https:\/\/saulkrastubiblioteka.lv\/wp-content\/uploads\/2023\/01\/Balvas-Zini-mini-vai-uzzini.jpg\",\"contentUrl\":\"https:\/\/saulkrastubiblioteka.lv\/wp-content\/uploads\/2023\/01\/Balvas-Zini-mini-vai-uzzini.jpg\",\"width\":1080,\"height\":1080},{\"@type\":\"BreadcrumbList\",\"@id\":\"https:\/\/saulkrastubiblioteka.lv\/index.php\/2023\/01\/23\/viktorinas-zini-mini-vai-uzzini-uzverataji\/#breadcrumb\",\"itemListElement\":[{\"@type\":\"ListItem\",\"position\":1,\"name\":\"Home\",\"item\":\"https:\/\/saulkrastubiblioteka.lv\/\"},{\"@type\":\"ListItem\",\"position\":2,\"name\":\"Viktor\u012bnas ,,Zini, mini vai uzzini!\u2019\u2019 uzv\u0113r\u0101t\u0101ji\"}]},{\"@type\":\"WebSite\",\"@id\":\"https:\/\/saulkrastubiblioteka.lv\/#website\",\"url\":\"https:\/\/saulkrastubiblioteka.lv\/\",\"name\":\"Saulkrastu novada bibliot\u0113ka\",\"description\":\"Vieta, kur labi pavad\u012bt laiku un pab\u016bt mier\u0101\",\"publisher\":{\"@id\":\"https:\/\/saulkrastubiblioteka.lv\/#organization\"},\"potentialAction\":[{\"@type\":\"SearchAction\",\"target\":{\"@type\":\"EntryPoint\",\"urlTemplate\":\"https:\/\/saulkrastubiblioteka.lv\/?s={search_term_string}\"},\"query-input\":{\"@type\":\"PropertyValueSpecification\",\"valueRequired\":true,\"valueName\":\"search_term_string\"}}],\"inLanguage\":\"lv-LV\"},{\"@type\":\"Organization\",\"@id\":\"https:\/\/saulkrastubiblioteka.lv\/#organization\",\"name\":\"Saulkrastu novada bibliot\u0113ka\",\"url\":\"https:\/\/saulkrastubiblioteka.lv\/\",\"logo\":{\"@type\":\"ImageObject\",\"inLanguage\":\"lv-LV\",\"@id\":\"https:\/\/saulkrastubiblioteka.lv\/#\/schema\/logo\/image\/\",\"url\":\"https:\/\/saulkrastubiblioteka.lv\/wp-content\/uploads\/2021\/01\/cropped-logo.png\",\"contentUrl\":\"https:\/\/saulkrastubiblioteka.lv\/wp-content\/uploads\/2021\/01\/cropped-logo.png\",\"width\":240,\"height\":240,\"caption\":\"Saulkrastu novada bibliot\u0113ka\"},\"image\":{\"@id\":\"https:\/\/saulkrastubiblioteka.lv\/#\/schema\/logo\/image\/\"}},{\"@type\":\"Person\",\"@id\":\"https:\/\/saulkrastubiblioteka.lv\/#\/schema\/person\/2233277643a53fb60b293d42c1e5f7a2\",\"name\":\"admin\",\"image\":{\"@type\":\"ImageObject\",\"inLanguage\":\"lv-LV\",\"@id\":\"https:\/\/saulkrastubiblioteka.lv\/#\/schema\/person\/image\/\",\"url\":\"https:\/\/secure.gravatar.com\/avatar\/a5ad3f68569c7df813ab9387f6d30b65?s=96&d=mm&r=g\",\"contentUrl\":\"https:\/\/secure.gravatar.com\/avatar\/a5ad3f68569c7df813ab9387f6d30b65?s=96&d=mm&r=g\",\"caption\":\"admin\"},\"url\":\"https:\/\/saulkrastubiblioteka.lv\/index.php\/author\/info_xjq16vdi\/\"}]}<\/script>\n<!-- \/ Yoast SEO plugin. -->","yoast_head_json":{"title":"Viktor\u012bnas ,,Zini, mini vai uzzini!\u2019\u2019 uzv\u0113r\u0101t\u0101ji - Saulkrastu novada bibliot\u0113ka","robots":{"index":"index","follow":"follow","max-snippet":"max-snippet:-1","max-image-preview":"max-image-preview:large","max-video-preview":"max-video-preview:-1"},"canonical":"https:\/\/saulkrastubiblioteka.lv\/index.php\/2023\/01\/23\/viktorinas-zini-mini-vai-uzzini-uzverataji\/","og_locale":"lv_LV","og_type":"article","og_title":"Viktor\u012bnas ,,Zini, mini vai uzzini!\u2019\u2019 uzv\u0113r\u0101t\u0101ji - Saulkrastu novada bibliot\u0113ka","og_description":"Gada nogal\u0113 parasti atskat\u0101mies uz padar\u012bto aizvad\u012btaj\u0101 gad\u0101, izvert\u0113jam, kas labs \u0146emams l\u012bdzi jaunaj\u0101, kas atst\u0101jams vecaj\u0101 gad\u0101. Saulkrastu novada bibliot\u0113kas apmekl\u0113t\u0101jiem gadu mij\u0101 bija iesp\u0113ja atsaukt atmi\u0146\u0101 notikumus un aktualit\u0101tes Saulkrstos t\u0101l\u0101k\u0101 pag\u0101tn\u0113, jo izv\u0113rt\u0113\u0161anai tika nodoti ,,Saulkrastu Av\u012bzes\u2019\u2019 decembra numuros atspogu\u013cotie notikumi no 1994.-2012.gadam. Visi, kas v\u0113l\u0113j\u0101s, var\u0113ja piedal\u012bties viktor\u012bn\u0101 ,,Zini, mini vai &hellip; Turpin\u0101t las\u012bt \"Viktor\u012bnas ,,Zini, mini vai uzzini!\u2019\u2019 uzv\u0113r\u0101t\u0101ji\"","og_url":"https:\/\/saulkrastubiblioteka.lv\/index.php\/2023\/01\/23\/viktorinas-zini-mini-vai-uzzini-uzverataji\/","og_site_name":"Saulkrastu novada bibliot\u0113ka","article_published_time":"2023-01-23T07:23:04+00:00","article_modified_time":"2023-01-23T07:23:40+00:00","og_image":[{"url":"https:\/\/saulkrastubiblioteka.lv\/wp-content\/uploads\/2023\/01\/Balvas-Zini-mini-vai-uzzini-1024x1024.jpg","type":"","width":"","height":""}],"author":"admin","twitter_card":"summary_large_image","twitter_misc":{"Written by":"admin","Est. reading time":"1 min\u016bte"},"schema":{"@context":"https:\/\/schema.org","@graph":[{"@type":"Article","@id":"https:\/\/saulkrastubiblioteka.lv\/index.php\/2023\/01\/23\/viktorinas-zini-mini-vai-uzzini-uzverataji\/#article","isPartOf":{"@id":"https:\/\/saulkrastubiblioteka.lv\/index.php\/2023\/01\/23\/viktorinas-zini-mini-vai-uzzini-uzverataji\/"},"author":{"name":"admin","@id":"https:\/\/saulkrastubiblioteka.lv\/#\/schema\/person\/2233277643a53fb60b293d42c1e5f7a2"},"headline":"Viktor\u012bnas ,,Zini, mini vai uzzini!\u2019\u2019 uzv\u0113r\u0101t\u0101ji","datePublished":"2023-01-23T07:23:04+00:00","dateModified":"2023-01-23T07:23:40+00:00","mainEntityOfPage":{"@id":"https:\/\/saulkrastubiblioteka.lv\/index.php\/2023\/01\/23\/viktorinas-zini-mini-vai-uzzini-uzverataji\/"},"wordCount":180,"publisher":{"@id":"https:\/\/saulkrastubiblioteka.lv\/#organization"},"image":{"@id":"https:\/\/saulkrastubiblioteka.lv\/index.php\/2023\/01\/23\/viktorinas-zini-mini-vai-uzzini-uzverataji\/#primaryimage"},"thumbnailUrl":"https:\/\/saulkrastubiblioteka.lv\/wp-content\/uploads\/2023\/01\/Balvas-Zini-mini-vai-uzzini-1024x1024.jpg","articleSection":["Konkursi"],"inLanguage":"lv-LV"},{"@type":"WebPage","@id":"https:\/\/saulkrastubiblioteka.lv\/index.php\/2023\/01\/23\/viktorinas-zini-mini-vai-uzzini-uzverataji\/","url":"https:\/\/saulkrastubiblioteka.lv\/index.php\/2023\/01\/23\/viktorinas-zini-mini-vai-uzzini-uzverataji\/","name":"Viktor\u012bnas ,,Zini, mini vai uzzini!\u2019\u2019 uzv\u0113r\u0101t\u0101ji - Saulkrastu novada bibliot\u0113ka","isPartOf":{"@id":"https:\/\/saulkrastubiblioteka.lv\/#website"},"primaryImageOfPage":{"@id":"https:\/\/saulkrastubiblioteka.lv\/index.php\/2023\/01\/23\/viktorinas-zini-mini-vai-uzzini-uzverataji\/#primaryimage"},"image":{"@id":"https:\/\/saulkrastubiblioteka.lv\/index.php\/2023\/01\/23\/viktorinas-zini-mini-vai-uzzini-uzverataji\/#primaryimage"},"thumbnailUrl":"https:\/\/saulkrastubiblioteka.lv\/wp-content\/uploads\/2023\/01\/Balvas-Zini-mini-vai-uzzini-1024x1024.jpg","datePublished":"2023-01-23T07:23:04+00:00","dateModified":"2023-01-23T07:23:40+00:00","breadcrumb":{"@id":"https:\/\/saulkrastubiblioteka.lv\/index.php\/2023\/01\/23\/viktorinas-zini-mini-vai-uzzini-uzverataji\/#breadcrumb"},"inLanguage":"lv-LV","potentialAction":[{"@type":"ReadAction","target":["https:\/\/saulkrastubiblioteka.lv\/index.php\/2023\/01\/23\/viktorinas-zini-mini-vai-uzzini-uzverataji\/"]}]},{"@type":"ImageObject","inLanguage":"lv-LV","@id":"https:\/\/saulkrastubiblioteka.lv\/index.php\/2023\/01\/23\/viktorinas-zini-mini-vai-uzzini-uzverataji\/#primaryimage","url":"https:\/\/saulkrastubiblioteka.lv\/wp-content\/uploads\/2023\/01\/Balvas-Zini-mini-vai-uzzini.jpg","contentUrl":"https:\/\/saulkrastubiblioteka.lv\/wp-content\/uploads\/2023\/01\/Balvas-Zini-mini-vai-uzzini.jpg","width":1080,"height":1080},{"@type":"BreadcrumbList","@id":"https:\/\/saulkrastubiblioteka.lv\/index.php\/2023\/01\/23\/viktorinas-zini-mini-vai-uzzini-uzverataji\/#breadcrumb","itemListElement":[{"@type":"ListItem","position":1,"name":"Home","item":"https:\/\/saulkrastubiblioteka.lv\/"},{"@type":"ListItem","position":2,"name":"Viktor\u012bnas ,,Zini, mini vai uzzini!\u2019\u2019 uzv\u0113r\u0101t\u0101ji"}]},{"@type":"WebSite","@id":"https:\/\/saulkrastubiblioteka.lv\/#website","url":"https:\/\/saulkrastubiblioteka.lv\/","name":"Saulkrastu novada bibliot\u0113ka","description":"Vieta, kur labi pavad\u012bt laiku un pab\u016bt mier\u0101","publisher":{"@id":"https:\/\/saulkrastubiblioteka.lv\/#organization"},"potentialAction":[{"@type":"SearchAction","target":{"@type":"EntryPoint","urlTemplate":"https:\/\/saulkrastubiblioteka.lv\/?s={search_term_string}"},"query-input":{"@type":"PropertyValueSpecification","valueRequired":true,"valueName":"search_term_string"}}],"inLanguage":"lv-LV"},{"@type":"Organization","@id":"https:\/\/saulkrastubiblioteka.lv\/#organization","name":"Saulkrastu novada bibliot\u0113ka","url":"https:\/\/saulkrastubiblioteka.lv\/","logo":{"@type":"ImageObject","inLanguage":"lv-LV","@id":"https:\/\/saulkrastubiblioteka.lv\/#\/schema\/logo\/image\/","url":"https:\/\/saulkrastubiblioteka.lv\/wp-content\/uploads\/2021\/01\/cropped-logo.png","contentUrl":"https:\/\/saulkrastubiblioteka.lv\/wp-content\/uploads\/2021\/01\/cropped-logo.png","width":240,"height":240,"caption":"Saulkrastu novada bibliot\u0113ka"},"image":{"@id":"https:\/\/saulkrastubiblioteka.lv\/#\/schema\/logo\/image\/"}},{"@type":"Person","@id":"https:\/\/saulkrastubiblioteka.lv\/#\/schema\/person\/2233277643a53fb60b293d42c1e5f7a2","name":"admin","image":{"@type":"ImageObject","inLanguage":"lv-LV","@id":"https:\/\/saulkrastubiblioteka.lv\/#\/schema\/person\/image\/","url":"https:\/\/secure.gravatar.com\/avatar\/a5ad3f68569c7df813ab9387f6d30b65?s=96&d=mm&r=g","contentUrl":"https:\/\/secure.gravatar.com\/avatar\/a5ad3f68569c7df813ab9387f6d30b65?s=96&d=mm&r=g","caption":"admin"},"url":"https:\/\/saulkrastubiblioteka.lv\/index.php\/author\/info_xjq16vdi\/"}]}},"_links":{"self":[{"href":"https:\/\/saulkrastubiblioteka.lv\/index.php\/wp-json\/wp\/v2\/posts\/7867","targetHints":{"allow":["GET"]}}],"collection":[{"href":"https:\/\/saulkrastubiblioteka.lv\/index.php\/wp-json\/wp\/v2\/posts"}],"about":[{"href":"https:\/\/saulkrastubiblioteka.lv\/index.php\/wp-json\/wp\/v2\/types\/post"}],"author":[{"embeddable":true,"href":"https:\/\/saulkrastubiblioteka.lv\/index.php\/wp-json\/wp\/v2\/users\/1"}],"replies":[{"embeddable":true,"href":"https:\/\/saulkrastubiblioteka.lv\/index.php\/wp-json\/wp\/v2\/comments?post=7867"}],"version-history":[{"count":1,"href":"https:\/\/saulkrastubiblioteka.lv\/index.php\/wp-json\/wp\/v2\/posts\/7867\/revisions"}],"predecessor-version":[{"id":7869,"href":"https:\/\/saulkrastubiblioteka.lv\/index.php\/wp-json\/wp\/v2\/posts\/7867\/revisions\/7869"}],"wp:attachment":[{"href":"https:\/\/saulkrastubiblioteka.lv\/index.php\/wp-json\/wp\/v2\/media?parent=7867"}],"wp:term":[{"taxonomy":"category","embeddable":true,"href":"https:\/\/saulkrastubiblioteka.lv\/index.php\/wp-json\/wp\/v2\/categories?post=7867"},{"taxonomy":"post_tag","embeddable":true,"href":"https:\/\/saulkrastubiblioteka.lv\/index.php\/wp-json\/wp\/v2\/tags?post=7867"}],"curies":[{"name":"wp","href":"https:\/\/api.w.org\/{rel}","templated":true}]}}