{"id":7651,"date":"2022-11-14T14:27:04","date_gmt":"2022-11-14T14:27:04","guid":{"rendered":"https:\/\/saulkrastubiblioteka.lv\/?p=7651"},"modified":"2022-11-17T05:35:35","modified_gmt":"2022-11-17T05:35:35","slug":"16-novembri-gaidam-uz-radoso-darbnicu","status":"publish","type":"post","link":"https:\/\/saulkrastubiblioteka.lv\/index.php\/2022\/11\/14\/16-novembri-gaidam-uz-radoso-darbnicu\/","title":{"rendered":"16.novembr\u012b gaid\u0101m uz rado\u0161o darbn\u012bcu!"},"content":{"rendered":"\n<figure class=\"wp-block-image size-large is-resized\"><img loading=\"lazy\" decoding=\"async\" src=\"https:\/\/saulkrastubiblioteka.lv\/wp-content\/uploads\/2022\/11\/314474135_494799899351299_3701341133525546563_n-724x1024.jpg\" alt=\"\" class=\"wp-image-7652\" width=\"413\" height=\"584\" srcset=\"https:\/\/saulkrastubiblioteka.lv\/wp-content\/uploads\/2022\/11\/314474135_494799899351299_3701341133525546563_n-724x1024.jpg 724w, https:\/\/saulkrastubiblioteka.lv\/wp-content\/uploads\/2022\/11\/314474135_494799899351299_3701341133525546563_n-212x300.jpg 212w, https:\/\/saulkrastubiblioteka.lv\/wp-content\/uploads\/2022\/11\/314474135_494799899351299_3701341133525546563_n-768x1086.jpg 768w, https:\/\/saulkrastubiblioteka.lv\/wp-content\/uploads\/2022\/11\/314474135_494799899351299_3701341133525546563_n-1086x1536.jpg 1086w, https:\/\/saulkrastubiblioteka.lv\/wp-content\/uploads\/2022\/11\/314474135_494799899351299_3701341133525546563_n-1200x1697.jpg 1200w, https:\/\/saulkrastubiblioteka.lv\/wp-content\/uploads\/2022\/11\/314474135_494799899351299_3701341133525546563_n.jpg 1414w\" sizes=\"auto, (max-width: 413px) 85vw, 413px\" \/><\/figure>\n","protected":false},"excerpt":{"rendered":"","protected":false},"author":1,"featured_media":0,"comment_status":"closed","ping_status":"open","sticky":false,"template":"","format":"standard","meta":{"footnotes":""},"categories":[14],"tags":[],"class_list":["post-7651","post","type-post","status-publish","format-standard","hentry","category-radosas-darbnicas"],"yoast_head":"<!-- This site is optimized with the Yoast SEO plugin v24.2 - https:\/\/yoast.com\/wordpress\/plugins\/seo\/ -->\n<title>16.novembr\u012b gaid\u0101m uz rado\u0161o darbn\u012bcu! - Saulkrastu novada bibliot\u0113ka<\/title>\n<meta name=\"robots\" content=\"index, follow, max-snippet:-1, max-image-preview:large, max-video-preview:-1\" \/>\n<link rel=\"canonical\" href=\"https:\/\/saulkrastubiblioteka.lv\/index.php\/2022\/11\/14\/16-novembri-gaidam-uz-radoso-darbnicu\/\" \/>\n<meta property=\"og:locale\" content=\"lv_LV\" \/>\n<meta property=\"og:type\" content=\"article\" \/>\n<meta property=\"og:title\" content=\"16.novembr\u012b gaid\u0101m uz rado\u0161o darbn\u012bcu! - Saulkrastu novada bibliot\u0113ka\" \/>\n<meta property=\"og:url\" content=\"https:\/\/saulkrastubiblioteka.lv\/index.php\/2022\/11\/14\/16-novembri-gaidam-uz-radoso-darbnicu\/\" \/>\n<meta property=\"og:site_name\" content=\"Saulkrastu novada bibliot\u0113ka\" \/>\n<meta property=\"article:published_time\" content=\"2022-11-14T14:27:04+00:00\" \/>\n<meta property=\"article:modified_time\" content=\"2022-11-17T05:35:35+00:00\" \/>\n<meta property=\"og:image\" content=\"https:\/\/saulkrastubiblioteka.lv\/wp-content\/uploads\/2022\/11\/314474135_494799899351299_3701341133525546563_n-724x1024.jpg\" \/>\n<meta name=\"author\" content=\"admin\" \/>\n<meta name=\"twitter:card\" content=\"summary_large_image\" \/>\n<meta name=\"twitter:label1\" content=\"Written by\" \/>\n\t<meta name=\"twitter:data1\" content=\"admin\" \/>\n<script type=\"application\/ld+json\" class=\"yoast-schema-graph\">{\"@context\":\"https:\/\/schema.org\",\"@graph\":[{\"@type\":\"Article\",\"@id\":\"https:\/\/saulkrastubiblioteka.lv\/index.php\/2022\/11\/14\/16-novembri-gaidam-uz-radoso-darbnicu\/#article\",\"isPartOf\":{\"@id\":\"https:\/\/saulkrastubiblioteka.lv\/index.php\/2022\/11\/14\/16-novembri-gaidam-uz-radoso-darbnicu\/\"},\"author\":{\"name\":\"admin\",\"@id\":\"https:\/\/saulkrastubiblioteka.lv\/#\/schema\/person\/2233277643a53fb60b293d42c1e5f7a2\"},\"headline\":\"16.novembr\u012b gaid\u0101m uz rado\u0161o darbn\u012bcu!\",\"datePublished\":\"2022-11-14T14:27:04+00:00\",\"dateModified\":\"2022-11-17T05:35:35+00:00\",\"mainEntityOfPage\":{\"@id\":\"https:\/\/saulkrastubiblioteka.lv\/index.php\/2022\/11\/14\/16-novembri-gaidam-uz-radoso-darbnicu\/\"},\"wordCount\":8,\"publisher\":{\"@id\":\"https:\/\/saulkrastubiblioteka.lv\/#organization\"},\"image\":{\"@id\":\"https:\/\/saulkrastubiblioteka.lv\/index.php\/2022\/11\/14\/16-novembri-gaidam-uz-radoso-darbnicu\/#primaryimage\"},\"thumbnailUrl\":\"https:\/\/saulkrastubiblioteka.lv\/wp-content\/uploads\/2022\/11\/314474135_494799899351299_3701341133525546563_n-724x1024.jpg\",\"articleSection\":[\"Rado\u0161\u0101s darbn\u012bcas\"],\"inLanguage\":\"lv-LV\"},{\"@type\":\"WebPage\",\"@id\":\"https:\/\/saulkrastubiblioteka.lv\/index.php\/2022\/11\/14\/16-novembri-gaidam-uz-radoso-darbnicu\/\",\"url\":\"https:\/\/saulkrastubiblioteka.lv\/index.php\/2022\/11\/14\/16-novembri-gaidam-uz-radoso-darbnicu\/\",\"name\":\"16.novembr\u012b gaid\u0101m uz rado\u0161o darbn\u012bcu! - Saulkrastu novada bibliot\u0113ka\",\"isPartOf\":{\"@id\":\"https:\/\/saulkrastubiblioteka.lv\/#website\"},\"primaryImageOfPage\":{\"@id\":\"https:\/\/saulkrastubiblioteka.lv\/index.php\/2022\/11\/14\/16-novembri-gaidam-uz-radoso-darbnicu\/#primaryimage\"},\"image\":{\"@id\":\"https:\/\/saulkrastubiblioteka.lv\/index.php\/2022\/11\/14\/16-novembri-gaidam-uz-radoso-darbnicu\/#primaryimage\"},\"thumbnailUrl\":\"https:\/\/saulkrastubiblioteka.lv\/wp-content\/uploads\/2022\/11\/314474135_494799899351299_3701341133525546563_n-724x1024.jpg\",\"datePublished\":\"2022-11-14T14:27:04+00:00\",\"dateModified\":\"2022-11-17T05:35:35+00:00\",\"breadcrumb\":{\"@id\":\"https:\/\/saulkrastubiblioteka.lv\/index.php\/2022\/11\/14\/16-novembri-gaidam-uz-radoso-darbnicu\/#breadcrumb\"},\"inLanguage\":\"lv-LV\",\"potentialAction\":[{\"@type\":\"ReadAction\",\"target\":[\"https:\/\/saulkrastubiblioteka.lv\/index.php\/2022\/11\/14\/16-novembri-gaidam-uz-radoso-darbnicu\/\"]}]},{\"@type\":\"ImageObject\",\"inLanguage\":\"lv-LV\",\"@id\":\"https:\/\/saulkrastubiblioteka.lv\/index.php\/2022\/11\/14\/16-novembri-gaidam-uz-radoso-darbnicu\/#primaryimage\",\"url\":\"https:\/\/saulkrastubiblioteka.lv\/wp-content\/uploads\/2022\/11\/314474135_494799899351299_3701341133525546563_n.jpg\",\"contentUrl\":\"https:\/\/saulkrastubiblioteka.lv\/wp-content\/uploads\/2022\/11\/314474135_494799899351299_3701341133525546563_n.jpg\",\"width\":1414,\"height\":2000},{\"@type\":\"BreadcrumbList\",\"@id\":\"https:\/\/saulkrastubiblioteka.lv\/index.php\/2022\/11\/14\/16-novembri-gaidam-uz-radoso-darbnicu\/#breadcrumb\",\"itemListElement\":[{\"@type\":\"ListItem\",\"position\":1,\"name\":\"Home\",\"item\":\"https:\/\/saulkrastubiblioteka.lv\/\"},{\"@type\":\"ListItem\",\"position\":2,\"name\":\"16.novembr\u012b gaid\u0101m uz rado\u0161o darbn\u012bcu!\"}]},{\"@type\":\"WebSite\",\"@id\":\"https:\/\/saulkrastubiblioteka.lv\/#website\",\"url\":\"https:\/\/saulkrastubiblioteka.lv\/\",\"name\":\"Saulkrastu novada bibliot\u0113ka\",\"description\":\"Vieta, kur labi pavad\u012bt laiku un pab\u016bt mier\u0101\",\"publisher\":{\"@id\":\"https:\/\/saulkrastubiblioteka.lv\/#organization\"},\"potentialAction\":[{\"@type\":\"SearchAction\",\"target\":{\"@type\":\"EntryPoint\",\"urlTemplate\":\"https:\/\/saulkrastubiblioteka.lv\/?s={search_term_string}\"},\"query-input\":{\"@type\":\"PropertyValueSpecification\",\"valueRequired\":true,\"valueName\":\"search_term_string\"}}],\"inLanguage\":\"lv-LV\"},{\"@type\":\"Organization\",\"@id\":\"https:\/\/saulkrastubiblioteka.lv\/#organization\",\"name\":\"Saulkrastu novada bibliot\u0113ka\",\"url\":\"https:\/\/saulkrastubiblioteka.lv\/\",\"logo\":{\"@type\":\"ImageObject\",\"inLanguage\":\"lv-LV\",\"@id\":\"https:\/\/saulkrastubiblioteka.lv\/#\/schema\/logo\/image\/\",\"url\":\"https:\/\/saulkrastubiblioteka.lv\/wp-content\/uploads\/2021\/01\/cropped-logo.png\",\"contentUrl\":\"https:\/\/saulkrastubiblioteka.lv\/wp-content\/uploads\/2021\/01\/cropped-logo.png\",\"width\":240,\"height\":240,\"caption\":\"Saulkrastu novada bibliot\u0113ka\"},\"image\":{\"@id\":\"https:\/\/saulkrastubiblioteka.lv\/#\/schema\/logo\/image\/\"}},{\"@type\":\"Person\",\"@id\":\"https:\/\/saulkrastubiblioteka.lv\/#\/schema\/person\/2233277643a53fb60b293d42c1e5f7a2\",\"name\":\"admin\",\"image\":{\"@type\":\"ImageObject\",\"inLanguage\":\"lv-LV\",\"@id\":\"https:\/\/saulkrastubiblioteka.lv\/#\/schema\/person\/image\/\",\"url\":\"https:\/\/secure.gravatar.com\/avatar\/a5ad3f68569c7df813ab9387f6d30b65?s=96&d=mm&r=g\",\"contentUrl\":\"https:\/\/secure.gravatar.com\/avatar\/a5ad3f68569c7df813ab9387f6d30b65?s=96&d=mm&r=g\",\"caption\":\"admin\"},\"url\":\"https:\/\/saulkrastubiblioteka.lv\/index.php\/author\/info_xjq16vdi\/\"}]}<\/script>\n<!-- \/ Yoast SEO plugin. -->","yoast_head_json":{"title":"16.novembr\u012b gaid\u0101m uz rado\u0161o darbn\u012bcu! - Saulkrastu novada bibliot\u0113ka","robots":{"index":"index","follow":"follow","max-snippet":"max-snippet:-1","max-image-preview":"max-image-preview:large","max-video-preview":"max-video-preview:-1"},"canonical":"https:\/\/saulkrastubiblioteka.lv\/index.php\/2022\/11\/14\/16-novembri-gaidam-uz-radoso-darbnicu\/","og_locale":"lv_LV","og_type":"article","og_title":"16.novembr\u012b gaid\u0101m uz rado\u0161o darbn\u012bcu! - Saulkrastu novada bibliot\u0113ka","og_url":"https:\/\/saulkrastubiblioteka.lv\/index.php\/2022\/11\/14\/16-novembri-gaidam-uz-radoso-darbnicu\/","og_site_name":"Saulkrastu novada bibliot\u0113ka","article_published_time":"2022-11-14T14:27:04+00:00","article_modified_time":"2022-11-17T05:35:35+00:00","og_image":[{"url":"https:\/\/saulkrastubiblioteka.lv\/wp-content\/uploads\/2022\/11\/314474135_494799899351299_3701341133525546563_n-724x1024.jpg","type":"","width":"","height":""}],"author":"admin","twitter_card":"summary_large_image","twitter_misc":{"Written by":"admin"},"schema":{"@context":"https:\/\/schema.org","@graph":[{"@type":"Article","@id":"https:\/\/saulkrastubiblioteka.lv\/index.php\/2022\/11\/14\/16-novembri-gaidam-uz-radoso-darbnicu\/#article","isPartOf":{"@id":"https:\/\/saulkrastubiblioteka.lv\/index.php\/2022\/11\/14\/16-novembri-gaidam-uz-radoso-darbnicu\/"},"author":{"name":"admin","@id":"https:\/\/saulkrastubiblioteka.lv\/#\/schema\/person\/2233277643a53fb60b293d42c1e5f7a2"},"headline":"16.novembr\u012b gaid\u0101m uz rado\u0161o darbn\u012bcu!","datePublished":"2022-11-14T14:27:04+00:00","dateModified":"2022-11-17T05:35:35+00:00","mainEntityOfPage":{"@id":"https:\/\/saulkrastubiblioteka.lv\/index.php\/2022\/11\/14\/16-novembri-gaidam-uz-radoso-darbnicu\/"},"wordCount":8,"publisher":{"@id":"https:\/\/saulkrastubiblioteka.lv\/#organization"},"image":{"@id":"https:\/\/saulkrastubiblioteka.lv\/index.php\/2022\/11\/14\/16-novembri-gaidam-uz-radoso-darbnicu\/#primaryimage"},"thumbnailUrl":"https:\/\/saulkrastubiblioteka.lv\/wp-content\/uploads\/2022\/11\/314474135_494799899351299_3701341133525546563_n-724x1024.jpg","articleSection":["Rado\u0161\u0101s darbn\u012bcas"],"inLanguage":"lv-LV"},{"@type":"WebPage","@id":"https:\/\/saulkrastubiblioteka.lv\/index.php\/2022\/11\/14\/16-novembri-gaidam-uz-radoso-darbnicu\/","url":"https:\/\/saulkrastubiblioteka.lv\/index.php\/2022\/11\/14\/16-novembri-gaidam-uz-radoso-darbnicu\/","name":"16.novembr\u012b gaid\u0101m uz rado\u0161o darbn\u012bcu! - Saulkrastu novada bibliot\u0113ka","isPartOf":{"@id":"https:\/\/saulkrastubiblioteka.lv\/#website"},"primaryImageOfPage":{"@id":"https:\/\/saulkrastubiblioteka.lv\/index.php\/2022\/11\/14\/16-novembri-gaidam-uz-radoso-darbnicu\/#primaryimage"},"image":{"@id":"https:\/\/saulkrastubiblioteka.lv\/index.php\/2022\/11\/14\/16-novembri-gaidam-uz-radoso-darbnicu\/#primaryimage"},"thumbnailUrl":"https:\/\/saulkrastubiblioteka.lv\/wp-content\/uploads\/2022\/11\/314474135_494799899351299_3701341133525546563_n-724x1024.jpg","datePublished":"2022-11-14T14:27:04+00:00","dateModified":"2022-11-17T05:35:35+00:00","breadcrumb":{"@id":"https:\/\/saulkrastubiblioteka.lv\/index.php\/2022\/11\/14\/16-novembri-gaidam-uz-radoso-darbnicu\/#breadcrumb"},"inLanguage":"lv-LV","potentialAction":[{"@type":"ReadAction","target":["https:\/\/saulkrastubiblioteka.lv\/index.php\/2022\/11\/14\/16-novembri-gaidam-uz-radoso-darbnicu\/"]}]},{"@type":"ImageObject","inLanguage":"lv-LV","@id":"https:\/\/saulkrastubiblioteka.lv\/index.php\/2022\/11\/14\/16-novembri-gaidam-uz-radoso-darbnicu\/#primaryimage","url":"https:\/\/saulkrastubiblioteka.lv\/wp-content\/uploads\/2022\/11\/314474135_494799899351299_3701341133525546563_n.jpg","contentUrl":"https:\/\/saulkrastubiblioteka.lv\/wp-content\/uploads\/2022\/11\/314474135_494799899351299_3701341133525546563_n.jpg","width":1414,"height":2000},{"@type":"BreadcrumbList","@id":"https:\/\/saulkrastubiblioteka.lv\/index.php\/2022\/11\/14\/16-novembri-gaidam-uz-radoso-darbnicu\/#breadcrumb","itemListElement":[{"@type":"ListItem","position":1,"name":"Home","item":"https:\/\/saulkrastubiblioteka.lv\/"},{"@type":"ListItem","position":2,"name":"16.novembr\u012b gaid\u0101m uz rado\u0161o darbn\u012bcu!"}]},{"@type":"WebSite","@id":"https:\/\/saulkrastubiblioteka.lv\/#website","url":"https:\/\/saulkrastubiblioteka.lv\/","name":"Saulkrastu novada bibliot\u0113ka","description":"Vieta, kur labi pavad\u012bt laiku un pab\u016bt mier\u0101","publisher":{"@id":"https:\/\/saulkrastubiblioteka.lv\/#organization"},"potentialAction":[{"@type":"SearchAction","target":{"@type":"EntryPoint","urlTemplate":"https:\/\/saulkrastubiblioteka.lv\/?s={search_term_string}"},"query-input":{"@type":"PropertyValueSpecification","valueRequired":true,"valueName":"search_term_string"}}],"inLanguage":"lv-LV"},{"@type":"Organization","@id":"https:\/\/saulkrastubiblioteka.lv\/#organization","name":"Saulkrastu novada bibliot\u0113ka","url":"https:\/\/saulkrastubiblioteka.lv\/","logo":{"@type":"ImageObject","inLanguage":"lv-LV","@id":"https:\/\/saulkrastubiblioteka.lv\/#\/schema\/logo\/image\/","url":"https:\/\/saulkrastubiblioteka.lv\/wp-content\/uploads\/2021\/01\/cropped-logo.png","contentUrl":"https:\/\/saulkrastubiblioteka.lv\/wp-content\/uploads\/2021\/01\/cropped-logo.png","width":240,"height":240,"caption":"Saulkrastu novada bibliot\u0113ka"},"image":{"@id":"https:\/\/saulkrastubiblioteka.lv\/#\/schema\/logo\/image\/"}},{"@type":"Person","@id":"https:\/\/saulkrastubiblioteka.lv\/#\/schema\/person\/2233277643a53fb60b293d42c1e5f7a2","name":"admin","image":{"@type":"ImageObject","inLanguage":"lv-LV","@id":"https:\/\/saulkrastubiblioteka.lv\/#\/schema\/person\/image\/","url":"https:\/\/secure.gravatar.com\/avatar\/a5ad3f68569c7df813ab9387f6d30b65?s=96&d=mm&r=g","contentUrl":"https:\/\/secure.gravatar.com\/avatar\/a5ad3f68569c7df813ab9387f6d30b65?s=96&d=mm&r=g","caption":"admin"},"url":"https:\/\/saulkrastubiblioteka.lv\/index.php\/author\/info_xjq16vdi\/"}]}},"_links":{"self":[{"href":"https:\/\/saulkrastubiblioteka.lv\/index.php\/wp-json\/wp\/v2\/posts\/7651","targetHints":{"allow":["GET"]}}],"collection":[{"href":"https:\/\/saulkrastubiblioteka.lv\/index.php\/wp-json\/wp\/v2\/posts"}],"about":[{"href":"https:\/\/saulkrastubiblioteka.lv\/index.php\/wp-json\/wp\/v2\/types\/post"}],"author":[{"embeddable":true,"href":"https:\/\/saulkrastubiblioteka.lv\/index.php\/wp-json\/wp\/v2\/users\/1"}],"replies":[{"embeddable":true,"href":"https:\/\/saulkrastubiblioteka.lv\/index.php\/wp-json\/wp\/v2\/comments?post=7651"}],"version-history":[{"count":1,"href":"https:\/\/saulkrastubiblioteka.lv\/index.php\/wp-json\/wp\/v2\/posts\/7651\/revisions"}],"predecessor-version":[{"id":7653,"href":"https:\/\/saulkrastubiblioteka.lv\/index.php\/wp-json\/wp\/v2\/posts\/7651\/revisions\/7653"}],"wp:attachment":[{"href":"https:\/\/saulkrastubiblioteka.lv\/index.php\/wp-json\/wp\/v2\/media?parent=7651"}],"wp:term":[{"taxonomy":"category","embeddable":true,"href":"https:\/\/saulkrastubiblioteka.lv\/index.php\/wp-json\/wp\/v2\/categories?post=7651"},{"taxonomy":"post_tag","embeddable":true,"href":"https:\/\/saulkrastubiblioteka.lv\/index.php\/wp-json\/wp\/v2\/tags?post=7651"}],"curies":[{"name":"wp","href":"https:\/\/api.w.org\/{rel}","templated":true}]}}