{"id":7641,"date":"2022-11-14T12:58:41","date_gmt":"2022-11-14T12:58:41","guid":{"rendered":"https:\/\/saulkrastubiblioteka.lv\/?p=7641"},"modified":"2022-11-14T13:02:17","modified_gmt":"2022-11-14T13:02:17","slug":"biblioteka-iepazistina-ar-dabu-ziemelvalstis","status":"publish","type":"post","link":"https:\/\/saulkrastubiblioteka.lv\/index.php\/2022\/11\/14\/biblioteka-iepazistina-ar-dabu-ziemelvalstis\/","title":{"rendered":"Bibliot\u0113ka iepaz\u012bstina ar dabu Zieme\u013cvalst\u012bs"},"content":{"rendered":"\n<figure class=\"wp-block-gallery columns-3 is-cropped wp-block-gallery-1 is-layout-flex wp-block-gallery-is-layout-flex\"><ul class=\"blocks-gallery-grid\"><li class=\"blocks-gallery-item\"><figure><img loading=\"lazy\" decoding=\"async\" width=\"1024\" height=\"683\" src=\"https:\/\/saulkrastubiblioteka.lv\/wp-content\/uploads\/2022\/11\/315290974_496892219142067_2524846484209060357_n-1024x683.jpg\" alt=\"\" data-id=\"7642\" data-full-url=\"https:\/\/saulkrastubiblioteka.lv\/wp-content\/uploads\/2022\/11\/315290974_496892219142067_2524846484209060357_n.jpg\" data-link=\"https:\/\/saulkrastubiblioteka.lv\/?attachment_id=7642\" class=\"wp-image-7642\" srcset=\"https:\/\/saulkrastubiblioteka.lv\/wp-content\/uploads\/2022\/11\/315290974_496892219142067_2524846484209060357_n-1024x683.jpg 1024w, https:\/\/saulkrastubiblioteka.lv\/wp-content\/uploads\/2022\/11\/315290974_496892219142067_2524846484209060357_n-300x200.jpg 300w, https:\/\/saulkrastubiblioteka.lv\/wp-content\/uploads\/2022\/11\/315290974_496892219142067_2524846484209060357_n-768x512.jpg 768w, https:\/\/saulkrastubiblioteka.lv\/wp-content\/uploads\/2022\/11\/315290974_496892219142067_2524846484209060357_n-1536x1024.jpg 1536w, https:\/\/saulkrastubiblioteka.lv\/wp-content\/uploads\/2022\/11\/315290974_496892219142067_2524846484209060357_n-1200x800.jpg 1200w, https:\/\/saulkrastubiblioteka.lv\/wp-content\/uploads\/2022\/11\/315290974_496892219142067_2524846484209060357_n.jpg 2048w\" sizes=\"auto, (max-width: 709px) 85vw, (max-width: 909px) 67vw, (max-width: 1362px) 62vw, 840px\" \/><\/figure><\/li><li class=\"blocks-gallery-item\"><figure><img loading=\"lazy\" decoding=\"async\" width=\"1024\" height=\"683\" src=\"https:\/\/saulkrastubiblioteka.lv\/wp-content\/uploads\/2022\/11\/315623773_496892045808751_2516995444455168254_n-1024x683.jpg\" alt=\"\" data-id=\"7643\" data-full-url=\"https:\/\/saulkrastubiblioteka.lv\/wp-content\/uploads\/2022\/11\/315623773_496892045808751_2516995444455168254_n.jpg\" data-link=\"https:\/\/saulkrastubiblioteka.lv\/?attachment_id=7643\" class=\"wp-image-7643\" srcset=\"https:\/\/saulkrastubiblioteka.lv\/wp-content\/uploads\/2022\/11\/315623773_496892045808751_2516995444455168254_n-1024x683.jpg 1024w, https:\/\/saulkrastubiblioteka.lv\/wp-content\/uploads\/2022\/11\/315623773_496892045808751_2516995444455168254_n-300x200.jpg 300w, https:\/\/saulkrastubiblioteka.lv\/wp-content\/uploads\/2022\/11\/315623773_496892045808751_2516995444455168254_n-768x512.jpg 768w, https:\/\/saulkrastubiblioteka.lv\/wp-content\/uploads\/2022\/11\/315623773_496892045808751_2516995444455168254_n-1536x1024.jpg 1536w, https:\/\/saulkrastubiblioteka.lv\/wp-content\/uploads\/2022\/11\/315623773_496892045808751_2516995444455168254_n-1200x800.jpg 1200w, https:\/\/saulkrastubiblioteka.lv\/wp-content\/uploads\/2022\/11\/315623773_496892045808751_2516995444455168254_n.jpg 2048w\" sizes=\"auto, (max-width: 709px) 85vw, (max-width: 909px) 67vw, (max-width: 1362px) 62vw, 840px\" \/><\/figure><\/li><li class=\"blocks-gallery-item\"><figure><img loading=\"lazy\" decoding=\"async\" width=\"1024\" height=\"683\" src=\"https:\/\/saulkrastubiblioteka.lv\/wp-content\/uploads\/2022\/11\/315648146_496892145808741_4073772685345729424_n-1024x683.jpg\" alt=\"\" data-id=\"7644\" data-full-url=\"https:\/\/saulkrastubiblioteka.lv\/wp-content\/uploads\/2022\/11\/315648146_496892145808741_4073772685345729424_n.jpg\" data-link=\"https:\/\/saulkrastubiblioteka.lv\/?attachment_id=7644\" class=\"wp-image-7644\" srcset=\"https:\/\/saulkrastubiblioteka.lv\/wp-content\/uploads\/2022\/11\/315648146_496892145808741_4073772685345729424_n-1024x683.jpg 1024w, https:\/\/saulkrastubiblioteka.lv\/wp-content\/uploads\/2022\/11\/315648146_496892145808741_4073772685345729424_n-300x200.jpg 300w, https:\/\/saulkrastubiblioteka.lv\/wp-content\/uploads\/2022\/11\/315648146_496892145808741_4073772685345729424_n-768x512.jpg 768w, https:\/\/saulkrastubiblioteka.lv\/wp-content\/uploads\/2022\/11\/315648146_496892145808741_4073772685345729424_n-1536x1024.jpg 1536w, https:\/\/saulkrastubiblioteka.lv\/wp-content\/uploads\/2022\/11\/315648146_496892145808741_4073772685345729424_n-1200x800.jpg 1200w, https:\/\/saulkrastubiblioteka.lv\/wp-content\/uploads\/2022\/11\/315648146_496892145808741_4073772685345729424_n.jpg 2048w\" sizes=\"auto, (max-width: 709px) 85vw, (max-width: 909px) 67vw, (max-width: 1362px) 62vw, 840px\" \/><\/figure><\/li><\/ul><\/figure>\n\n\n\n<p>\u0160ogad Zieme\u013cvalstu Literat\u016bras ned\u0113\u013ca, tostarp Latvij\u0101, norisin\u0101s no 14. l\u012bdz 20. novembrim. T\u0101s t\u0113ma velt\u012bta dabai. P\u0113c divu gadu p\u0101rtraukuma, taj\u0101 iesaist\u012bjusies ar\u012b Saulkrastu novada bibliot\u0113ka. R\u012btausmas las\u012bjums notika 11. novembr\u012b plkst. 10.00 un 14. novembr\u012b plkst. 10.00. Taj\u0101 piedal\u012bj\u0101s <a href=\"https:\/\/www.facebook.com\/profile.php?id=100057843301585&amp;__cft__[0]=AZX0RUZfmIuGUg-XolVHagMk_vV1VSry0qEKft96U2xT03mdcdIh58jnEJlWsqhjuyoAtmiy5hAfxeZn8qzne5ytQPrLqe-7iJyuiSApbRclpJPOK9JRM6ouKJHUbTItq1oJwQPSLUI8mJYQIuziVMYAVbe3qEnkGoxT-WoeND34TYNLFTs6UUt0y40XfEgua7U&amp;__tn__=-]K-R\">Saulkrastu PII R\u016b\u0137\u012btis<\/a> grupi\u0146as \u201cCielavi\u0146a\u201d un \u201cPienen\u012bte\u201d las\u012bt\u0101ji \u2013 kop\u0101 27 audz\u0113k\u0146i un \u010detri pedagogi. Kop\u0101 tika izlas\u012bts un p\u0101rrun\u0101ts M\u0101linas Kiveles un Martina Glasa Serupa gr\u0101mati\u0146a \u201cJa tu satiec l\u0101ci\u201d , k\u0101 ar\u012b pas\u0101kuma otraj\u0101 pus\u0113 b\u0113rni tika aicin\u0101ti izkr\u0101sot z\u012bm\u0113jumus.<img loading=\"lazy\" decoding=\"async\" alt=\"\ud83d\udc49\" src=\"https:\/\/static.xx.fbcdn.net\/images\/emoji.php\/v9\/taa\/1.5\/16\/1f449.png\" width=\"16\" height=\"16\">Uzzini vair\u0101k par Zieme\u013cvalstu literat\u016bras ned\u0113\u013cu <a href=\"https:\/\/www.nordisklitteratur.org\/lv\/?fbclid=IwAR19FWgdH6qb9yKr1gFISmgpC8pYqEiUFcfdB_shYWJeskXysAvFr0L-NrM\" rel=\"noreferrer noopener\" target=\"_blank\">https:\/\/www.nordisklitteratur.org\/lv\/<\/a><\/p>\n","protected":false},"excerpt":{"rendered":"<p>\u0160ogad Zieme\u013cvalstu Literat\u016bras ned\u0113\u013ca, tostarp Latvij\u0101, norisin\u0101s no 14. l\u012bdz 20. novembrim. T\u0101s t\u0113ma velt\u012bta dabai. P\u0113c divu gadu p\u0101rtraukuma, taj\u0101 iesaist\u012bjusies ar\u012b Saulkrastu novada bibliot\u0113ka. R\u012btausmas las\u012bjums notika 11. novembr\u012b plkst. 10.00 un 14. novembr\u012b plkst. 10.00. Taj\u0101 piedal\u012bj\u0101s Saulkrastu PII R\u016b\u0137\u012btis grupi\u0146as \u201cCielavi\u0146a\u201d un \u201cPienen\u012bte\u201d las\u012bt\u0101ji \u2013 kop\u0101 27 audz\u0113k\u0146i un \u010detri pedagogi. &hellip; <a href=\"https:\/\/saulkrastubiblioteka.lv\/index.php\/2022\/11\/14\/biblioteka-iepazistina-ar-dabu-ziemelvalstis\/\" class=\"more-link\">Turpin\u0101t las\u012bt<span class=\"screen-reader-text\"> &#8220;Bibliot\u0113ka iepaz\u012bstina ar dabu Zieme\u013cvalst\u012bs&#8221;<\/span><\/a><\/p>\n","protected":false},"author":1,"featured_media":0,"comment_status":"closed","ping_status":"open","sticky":false,"template":"","format":"standard","meta":{"footnotes":""},"categories":[88],"tags":[],"class_list":["post-7641","post","type-post","status-publish","format-standard","hentry","category-ziemelvalstis"],"yoast_head":"<!-- This site is optimized with the Yoast SEO plugin v24.2 - https:\/\/yoast.com\/wordpress\/plugins\/seo\/ -->\n<title>Bibliot\u0113ka iepaz\u012bstina ar dabu Zieme\u013cvalst\u012bs - Saulkrastu novada bibliot\u0113ka<\/title>\n<meta name=\"robots\" content=\"index, follow, max-snippet:-1, max-image-preview:large, max-video-preview:-1\" \/>\n<link rel=\"canonical\" href=\"https:\/\/saulkrastubiblioteka.lv\/index.php\/2022\/11\/14\/biblioteka-iepazistina-ar-dabu-ziemelvalstis\/\" \/>\n<meta property=\"og:locale\" content=\"lv_LV\" \/>\n<meta property=\"og:type\" content=\"article\" \/>\n<meta property=\"og:title\" content=\"Bibliot\u0113ka iepaz\u012bstina ar dabu Zieme\u013cvalst\u012bs - Saulkrastu novada bibliot\u0113ka\" \/>\n<meta property=\"og:description\" content=\"\u0160ogad Zieme\u013cvalstu Literat\u016bras ned\u0113\u013ca, tostarp Latvij\u0101, norisin\u0101s no 14. l\u012bdz 20. novembrim. T\u0101s t\u0113ma velt\u012bta dabai. P\u0113c divu gadu p\u0101rtraukuma, taj\u0101 iesaist\u012bjusies ar\u012b Saulkrastu novada bibliot\u0113ka. R\u012btausmas las\u012bjums notika 11. novembr\u012b plkst. 10.00 un 14. novembr\u012b plkst. 10.00. Taj\u0101 piedal\u012bj\u0101s Saulkrastu PII R\u016b\u0137\u012btis grupi\u0146as \u201cCielavi\u0146a\u201d un \u201cPienen\u012bte\u201d las\u012bt\u0101ji \u2013 kop\u0101 27 audz\u0113k\u0146i un \u010detri pedagogi. &hellip; Turpin\u0101t las\u012bt &quot;Bibliot\u0113ka iepaz\u012bstina ar dabu Zieme\u013cvalst\u012bs&quot;\" \/>\n<meta property=\"og:url\" content=\"https:\/\/saulkrastubiblioteka.lv\/index.php\/2022\/11\/14\/biblioteka-iepazistina-ar-dabu-ziemelvalstis\/\" \/>\n<meta property=\"og:site_name\" content=\"Saulkrastu novada bibliot\u0113ka\" \/>\n<meta property=\"article:published_time\" content=\"2022-11-14T12:58:41+00:00\" \/>\n<meta property=\"article:modified_time\" content=\"2022-11-14T13:02:17+00:00\" \/>\n<meta property=\"og:image\" content=\"https:\/\/saulkrastubiblioteka.lv\/wp-content\/uploads\/2022\/11\/315290974_496892219142067_2524846484209060357_n-1024x683.jpg\" \/>\n<meta name=\"author\" content=\"admin\" \/>\n<meta name=\"twitter:card\" content=\"summary_large_image\" \/>\n<meta name=\"twitter:label1\" content=\"Written by\" \/>\n\t<meta name=\"twitter:data1\" content=\"admin\" \/>\n\t<meta name=\"twitter:label2\" content=\"Est. reading time\" \/>\n\t<meta name=\"twitter:data2\" content=\"1 min\u016bte\" \/>\n<script type=\"application\/ld+json\" class=\"yoast-schema-graph\">{\"@context\":\"https:\/\/schema.org\",\"@graph\":[{\"@type\":\"Article\",\"@id\":\"https:\/\/saulkrastubiblioteka.lv\/index.php\/2022\/11\/14\/biblioteka-iepazistina-ar-dabu-ziemelvalstis\/#article\",\"isPartOf\":{\"@id\":\"https:\/\/saulkrastubiblioteka.lv\/index.php\/2022\/11\/14\/biblioteka-iepazistina-ar-dabu-ziemelvalstis\/\"},\"author\":{\"name\":\"admin\",\"@id\":\"https:\/\/saulkrastubiblioteka.lv\/#\/schema\/person\/2233277643a53fb60b293d42c1e5f7a2\"},\"headline\":\"Bibliot\u0113ka iepaz\u012bstina ar dabu Zieme\u013cvalst\u012bs\",\"datePublished\":\"2022-11-14T12:58:41+00:00\",\"dateModified\":\"2022-11-14T13:02:17+00:00\",\"mainEntityOfPage\":{\"@id\":\"https:\/\/saulkrastubiblioteka.lv\/index.php\/2022\/11\/14\/biblioteka-iepazistina-ar-dabu-ziemelvalstis\/\"},\"wordCount\":134,\"publisher\":{\"@id\":\"https:\/\/saulkrastubiblioteka.lv\/#organization\"},\"image\":{\"@id\":\"https:\/\/saulkrastubiblioteka.lv\/index.php\/2022\/11\/14\/biblioteka-iepazistina-ar-dabu-ziemelvalstis\/#primaryimage\"},\"thumbnailUrl\":\"https:\/\/saulkrastubiblioteka.lv\/wp-content\/uploads\/2022\/11\/315290974_496892219142067_2524846484209060357_n-1024x683.jpg\",\"articleSection\":[\"Zieme\u013cvalstis\"],\"inLanguage\":\"lv-LV\"},{\"@type\":\"WebPage\",\"@id\":\"https:\/\/saulkrastubiblioteka.lv\/index.php\/2022\/11\/14\/biblioteka-iepazistina-ar-dabu-ziemelvalstis\/\",\"url\":\"https:\/\/saulkrastubiblioteka.lv\/index.php\/2022\/11\/14\/biblioteka-iepazistina-ar-dabu-ziemelvalstis\/\",\"name\":\"Bibliot\u0113ka iepaz\u012bstina ar dabu Zieme\u013cvalst\u012bs - Saulkrastu novada bibliot\u0113ka\",\"isPartOf\":{\"@id\":\"https:\/\/saulkrastubiblioteka.lv\/#website\"},\"primaryImageOfPage\":{\"@id\":\"https:\/\/saulkrastubiblioteka.lv\/index.php\/2022\/11\/14\/biblioteka-iepazistina-ar-dabu-ziemelvalstis\/#primaryimage\"},\"image\":{\"@id\":\"https:\/\/saulkrastubiblioteka.lv\/index.php\/2022\/11\/14\/biblioteka-iepazistina-ar-dabu-ziemelvalstis\/#primaryimage\"},\"thumbnailUrl\":\"https:\/\/saulkrastubiblioteka.lv\/wp-content\/uploads\/2022\/11\/315290974_496892219142067_2524846484209060357_n-1024x683.jpg\",\"datePublished\":\"2022-11-14T12:58:41+00:00\",\"dateModified\":\"2022-11-14T13:02:17+00:00\",\"breadcrumb\":{\"@id\":\"https:\/\/saulkrastubiblioteka.lv\/index.php\/2022\/11\/14\/biblioteka-iepazistina-ar-dabu-ziemelvalstis\/#breadcrumb\"},\"inLanguage\":\"lv-LV\",\"potentialAction\":[{\"@type\":\"ReadAction\",\"target\":[\"https:\/\/saulkrastubiblioteka.lv\/index.php\/2022\/11\/14\/biblioteka-iepazistina-ar-dabu-ziemelvalstis\/\"]}]},{\"@type\":\"ImageObject\",\"inLanguage\":\"lv-LV\",\"@id\":\"https:\/\/saulkrastubiblioteka.lv\/index.php\/2022\/11\/14\/biblioteka-iepazistina-ar-dabu-ziemelvalstis\/#primaryimage\",\"url\":\"https:\/\/saulkrastubiblioteka.lv\/wp-content\/uploads\/2022\/11\/315290974_496892219142067_2524846484209060357_n.jpg\",\"contentUrl\":\"https:\/\/saulkrastubiblioteka.lv\/wp-content\/uploads\/2022\/11\/315290974_496892219142067_2524846484209060357_n.jpg\",\"width\":2048,\"height\":1365},{\"@type\":\"BreadcrumbList\",\"@id\":\"https:\/\/saulkrastubiblioteka.lv\/index.php\/2022\/11\/14\/biblioteka-iepazistina-ar-dabu-ziemelvalstis\/#breadcrumb\",\"itemListElement\":[{\"@type\":\"ListItem\",\"position\":1,\"name\":\"Home\",\"item\":\"https:\/\/saulkrastubiblioteka.lv\/\"},{\"@type\":\"ListItem\",\"position\":2,\"name\":\"Bibliot\u0113ka iepaz\u012bstina ar dabu Zieme\u013cvalst\u012bs\"}]},{\"@type\":\"WebSite\",\"@id\":\"https:\/\/saulkrastubiblioteka.lv\/#website\",\"url\":\"https:\/\/saulkrastubiblioteka.lv\/\",\"name\":\"Saulkrastu novada bibliot\u0113ka\",\"description\":\"Vieta, kur labi pavad\u012bt laiku un pab\u016bt mier\u0101\",\"publisher\":{\"@id\":\"https:\/\/saulkrastubiblioteka.lv\/#organization\"},\"potentialAction\":[{\"@type\":\"SearchAction\",\"target\":{\"@type\":\"EntryPoint\",\"urlTemplate\":\"https:\/\/saulkrastubiblioteka.lv\/?s={search_term_string}\"},\"query-input\":{\"@type\":\"PropertyValueSpecification\",\"valueRequired\":true,\"valueName\":\"search_term_string\"}}],\"inLanguage\":\"lv-LV\"},{\"@type\":\"Organization\",\"@id\":\"https:\/\/saulkrastubiblioteka.lv\/#organization\",\"name\":\"Saulkrastu novada bibliot\u0113ka\",\"url\":\"https:\/\/saulkrastubiblioteka.lv\/\",\"logo\":{\"@type\":\"ImageObject\",\"inLanguage\":\"lv-LV\",\"@id\":\"https:\/\/saulkrastubiblioteka.lv\/#\/schema\/logo\/image\/\",\"url\":\"https:\/\/saulkrastubiblioteka.lv\/wp-content\/uploads\/2021\/01\/cropped-logo.png\",\"contentUrl\":\"https:\/\/saulkrastubiblioteka.lv\/wp-content\/uploads\/2021\/01\/cropped-logo.png\",\"width\":240,\"height\":240,\"caption\":\"Saulkrastu novada bibliot\u0113ka\"},\"image\":{\"@id\":\"https:\/\/saulkrastubiblioteka.lv\/#\/schema\/logo\/image\/\"}},{\"@type\":\"Person\",\"@id\":\"https:\/\/saulkrastubiblioteka.lv\/#\/schema\/person\/2233277643a53fb60b293d42c1e5f7a2\",\"name\":\"admin\",\"image\":{\"@type\":\"ImageObject\",\"inLanguage\":\"lv-LV\",\"@id\":\"https:\/\/saulkrastubiblioteka.lv\/#\/schema\/person\/image\/\",\"url\":\"https:\/\/secure.gravatar.com\/avatar\/a5ad3f68569c7df813ab9387f6d30b65?s=96&d=mm&r=g\",\"contentUrl\":\"https:\/\/secure.gravatar.com\/avatar\/a5ad3f68569c7df813ab9387f6d30b65?s=96&d=mm&r=g\",\"caption\":\"admin\"},\"url\":\"https:\/\/saulkrastubiblioteka.lv\/index.php\/author\/info_xjq16vdi\/\"}]}<\/script>\n<!-- \/ Yoast SEO plugin. -->","yoast_head_json":{"title":"Bibliot\u0113ka iepaz\u012bstina ar dabu Zieme\u013cvalst\u012bs - Saulkrastu novada bibliot\u0113ka","robots":{"index":"index","follow":"follow","max-snippet":"max-snippet:-1","max-image-preview":"max-image-preview:large","max-video-preview":"max-video-preview:-1"},"canonical":"https:\/\/saulkrastubiblioteka.lv\/index.php\/2022\/11\/14\/biblioteka-iepazistina-ar-dabu-ziemelvalstis\/","og_locale":"lv_LV","og_type":"article","og_title":"Bibliot\u0113ka iepaz\u012bstina ar dabu Zieme\u013cvalst\u012bs - Saulkrastu novada bibliot\u0113ka","og_description":"\u0160ogad Zieme\u013cvalstu Literat\u016bras ned\u0113\u013ca, tostarp Latvij\u0101, norisin\u0101s no 14. l\u012bdz 20. novembrim. T\u0101s t\u0113ma velt\u012bta dabai. P\u0113c divu gadu p\u0101rtraukuma, taj\u0101 iesaist\u012bjusies ar\u012b Saulkrastu novada bibliot\u0113ka. R\u012btausmas las\u012bjums notika 11. novembr\u012b plkst. 10.00 un 14. novembr\u012b plkst. 10.00. Taj\u0101 piedal\u012bj\u0101s Saulkrastu PII R\u016b\u0137\u012btis grupi\u0146as \u201cCielavi\u0146a\u201d un \u201cPienen\u012bte\u201d las\u012bt\u0101ji \u2013 kop\u0101 27 audz\u0113k\u0146i un \u010detri pedagogi. &hellip; Turpin\u0101t las\u012bt \"Bibliot\u0113ka iepaz\u012bstina ar dabu Zieme\u013cvalst\u012bs\"","og_url":"https:\/\/saulkrastubiblioteka.lv\/index.php\/2022\/11\/14\/biblioteka-iepazistina-ar-dabu-ziemelvalstis\/","og_site_name":"Saulkrastu novada bibliot\u0113ka","article_published_time":"2022-11-14T12:58:41+00:00","article_modified_time":"2022-11-14T13:02:17+00:00","og_image":[{"url":"https:\/\/saulkrastubiblioteka.lv\/wp-content\/uploads\/2022\/11\/315290974_496892219142067_2524846484209060357_n-1024x683.jpg","type":"","width":"","height":""}],"author":"admin","twitter_card":"summary_large_image","twitter_misc":{"Written by":"admin","Est. reading time":"1 min\u016bte"},"schema":{"@context":"https:\/\/schema.org","@graph":[{"@type":"Article","@id":"https:\/\/saulkrastubiblioteka.lv\/index.php\/2022\/11\/14\/biblioteka-iepazistina-ar-dabu-ziemelvalstis\/#article","isPartOf":{"@id":"https:\/\/saulkrastubiblioteka.lv\/index.php\/2022\/11\/14\/biblioteka-iepazistina-ar-dabu-ziemelvalstis\/"},"author":{"name":"admin","@id":"https:\/\/saulkrastubiblioteka.lv\/#\/schema\/person\/2233277643a53fb60b293d42c1e5f7a2"},"headline":"Bibliot\u0113ka iepaz\u012bstina ar dabu Zieme\u013cvalst\u012bs","datePublished":"2022-11-14T12:58:41+00:00","dateModified":"2022-11-14T13:02:17+00:00","mainEntityOfPage":{"@id":"https:\/\/saulkrastubiblioteka.lv\/index.php\/2022\/11\/14\/biblioteka-iepazistina-ar-dabu-ziemelvalstis\/"},"wordCount":134,"publisher":{"@id":"https:\/\/saulkrastubiblioteka.lv\/#organization"},"image":{"@id":"https:\/\/saulkrastubiblioteka.lv\/index.php\/2022\/11\/14\/biblioteka-iepazistina-ar-dabu-ziemelvalstis\/#primaryimage"},"thumbnailUrl":"https:\/\/saulkrastubiblioteka.lv\/wp-content\/uploads\/2022\/11\/315290974_496892219142067_2524846484209060357_n-1024x683.jpg","articleSection":["Zieme\u013cvalstis"],"inLanguage":"lv-LV"},{"@type":"WebPage","@id":"https:\/\/saulkrastubiblioteka.lv\/index.php\/2022\/11\/14\/biblioteka-iepazistina-ar-dabu-ziemelvalstis\/","url":"https:\/\/saulkrastubiblioteka.lv\/index.php\/2022\/11\/14\/biblioteka-iepazistina-ar-dabu-ziemelvalstis\/","name":"Bibliot\u0113ka iepaz\u012bstina ar dabu Zieme\u013cvalst\u012bs - Saulkrastu novada bibliot\u0113ka","isPartOf":{"@id":"https:\/\/saulkrastubiblioteka.lv\/#website"},"primaryImageOfPage":{"@id":"https:\/\/saulkrastubiblioteka.lv\/index.php\/2022\/11\/14\/biblioteka-iepazistina-ar-dabu-ziemelvalstis\/#primaryimage"},"image":{"@id":"https:\/\/saulkrastubiblioteka.lv\/index.php\/2022\/11\/14\/biblioteka-iepazistina-ar-dabu-ziemelvalstis\/#primaryimage"},"thumbnailUrl":"https:\/\/saulkrastubiblioteka.lv\/wp-content\/uploads\/2022\/11\/315290974_496892219142067_2524846484209060357_n-1024x683.jpg","datePublished":"2022-11-14T12:58:41+00:00","dateModified":"2022-11-14T13:02:17+00:00","breadcrumb":{"@id":"https:\/\/saulkrastubiblioteka.lv\/index.php\/2022\/11\/14\/biblioteka-iepazistina-ar-dabu-ziemelvalstis\/#breadcrumb"},"inLanguage":"lv-LV","potentialAction":[{"@type":"ReadAction","target":["https:\/\/saulkrastubiblioteka.lv\/index.php\/2022\/11\/14\/biblioteka-iepazistina-ar-dabu-ziemelvalstis\/"]}]},{"@type":"ImageObject","inLanguage":"lv-LV","@id":"https:\/\/saulkrastubiblioteka.lv\/index.php\/2022\/11\/14\/biblioteka-iepazistina-ar-dabu-ziemelvalstis\/#primaryimage","url":"https:\/\/saulkrastubiblioteka.lv\/wp-content\/uploads\/2022\/11\/315290974_496892219142067_2524846484209060357_n.jpg","contentUrl":"https:\/\/saulkrastubiblioteka.lv\/wp-content\/uploads\/2022\/11\/315290974_496892219142067_2524846484209060357_n.jpg","width":2048,"height":1365},{"@type":"BreadcrumbList","@id":"https:\/\/saulkrastubiblioteka.lv\/index.php\/2022\/11\/14\/biblioteka-iepazistina-ar-dabu-ziemelvalstis\/#breadcrumb","itemListElement":[{"@type":"ListItem","position":1,"name":"Home","item":"https:\/\/saulkrastubiblioteka.lv\/"},{"@type":"ListItem","position":2,"name":"Bibliot\u0113ka iepaz\u012bstina ar dabu Zieme\u013cvalst\u012bs"}]},{"@type":"WebSite","@id":"https:\/\/saulkrastubiblioteka.lv\/#website","url":"https:\/\/saulkrastubiblioteka.lv\/","name":"Saulkrastu novada bibliot\u0113ka","description":"Vieta, kur labi pavad\u012bt laiku un pab\u016bt mier\u0101","publisher":{"@id":"https:\/\/saulkrastubiblioteka.lv\/#organization"},"potentialAction":[{"@type":"SearchAction","target":{"@type":"EntryPoint","urlTemplate":"https:\/\/saulkrastubiblioteka.lv\/?s={search_term_string}"},"query-input":{"@type":"PropertyValueSpecification","valueRequired":true,"valueName":"search_term_string"}}],"inLanguage":"lv-LV"},{"@type":"Organization","@id":"https:\/\/saulkrastubiblioteka.lv\/#organization","name":"Saulkrastu novada bibliot\u0113ka","url":"https:\/\/saulkrastubiblioteka.lv\/","logo":{"@type":"ImageObject","inLanguage":"lv-LV","@id":"https:\/\/saulkrastubiblioteka.lv\/#\/schema\/logo\/image\/","url":"https:\/\/saulkrastubiblioteka.lv\/wp-content\/uploads\/2021\/01\/cropped-logo.png","contentUrl":"https:\/\/saulkrastubiblioteka.lv\/wp-content\/uploads\/2021\/01\/cropped-logo.png","width":240,"height":240,"caption":"Saulkrastu novada bibliot\u0113ka"},"image":{"@id":"https:\/\/saulkrastubiblioteka.lv\/#\/schema\/logo\/image\/"}},{"@type":"Person","@id":"https:\/\/saulkrastubiblioteka.lv\/#\/schema\/person\/2233277643a53fb60b293d42c1e5f7a2","name":"admin","image":{"@type":"ImageObject","inLanguage":"lv-LV","@id":"https:\/\/saulkrastubiblioteka.lv\/#\/schema\/person\/image\/","url":"https:\/\/secure.gravatar.com\/avatar\/a5ad3f68569c7df813ab9387f6d30b65?s=96&d=mm&r=g","contentUrl":"https:\/\/secure.gravatar.com\/avatar\/a5ad3f68569c7df813ab9387f6d30b65?s=96&d=mm&r=g","caption":"admin"},"url":"https:\/\/saulkrastubiblioteka.lv\/index.php\/author\/info_xjq16vdi\/"}]}},"_links":{"self":[{"href":"https:\/\/saulkrastubiblioteka.lv\/index.php\/wp-json\/wp\/v2\/posts\/7641","targetHints":{"allow":["GET"]}}],"collection":[{"href":"https:\/\/saulkrastubiblioteka.lv\/index.php\/wp-json\/wp\/v2\/posts"}],"about":[{"href":"https:\/\/saulkrastubiblioteka.lv\/index.php\/wp-json\/wp\/v2\/types\/post"}],"author":[{"embeddable":true,"href":"https:\/\/saulkrastubiblioteka.lv\/index.php\/wp-json\/wp\/v2\/users\/1"}],"replies":[{"embeddable":true,"href":"https:\/\/saulkrastubiblioteka.lv\/index.php\/wp-json\/wp\/v2\/comments?post=7641"}],"version-history":[{"count":1,"href":"https:\/\/saulkrastubiblioteka.lv\/index.php\/wp-json\/wp\/v2\/posts\/7641\/revisions"}],"predecessor-version":[{"id":7645,"href":"https:\/\/saulkrastubiblioteka.lv\/index.php\/wp-json\/wp\/v2\/posts\/7641\/revisions\/7645"}],"wp:attachment":[{"href":"https:\/\/saulkrastubiblioteka.lv\/index.php\/wp-json\/wp\/v2\/media?parent=7641"}],"wp:term":[{"taxonomy":"category","embeddable":true,"href":"https:\/\/saulkrastubiblioteka.lv\/index.php\/wp-json\/wp\/v2\/categories?post=7641"},{"taxonomy":"post_tag","embeddable":true,"href":"https:\/\/saulkrastubiblioteka.lv\/index.php\/wp-json\/wp\/v2\/tags?post=7641"}],"curies":[{"name":"wp","href":"https:\/\/api.w.org\/{rel}","templated":true}]}}