{"id":7617,"date":"2022-11-04T10:42:08","date_gmt":"2022-11-04T10:42:08","guid":{"rendered":"https:\/\/saulkrastubiblioteka.lv\/?p=7617"},"modified":"2022-11-04T10:42:41","modified_gmt":"2022-11-04T10:42:41","slug":"jaunas-gramatas-berniem-un-jauniesiem","status":"publish","type":"post","link":"https:\/\/saulkrastubiblioteka.lv\/index.php\/2022\/11\/04\/jaunas-gramatas-berniem-un-jauniesiem\/","title":{"rendered":"Jaun\u0101s gr\u0101matas b\u0113rniem un jaunie\u0161iem"},"content":{"rendered":"\n<div class=\"wp-block-image\"><figure class=\"alignleft size-large is-resized\"><img loading=\"lazy\" decoding=\"async\" src=\"https:\/\/saulkrastubiblioteka.lv\/wp-content\/uploads\/2022\/11\/313271588_489682439863045_8327712120050297572_n-985x1024.jpg\" alt=\"\" class=\"wp-image-7618\" width=\"339\" height=\"352\" srcset=\"https:\/\/saulkrastubiblioteka.lv\/wp-content\/uploads\/2022\/11\/313271588_489682439863045_8327712120050297572_n-985x1024.jpg 985w, https:\/\/saulkrastubiblioteka.lv\/wp-content\/uploads\/2022\/11\/313271588_489682439863045_8327712120050297572_n-288x300.jpg 288w, https:\/\/saulkrastubiblioteka.lv\/wp-content\/uploads\/2022\/11\/313271588_489682439863045_8327712120050297572_n-768x799.jpg 768w, https:\/\/saulkrastubiblioteka.lv\/wp-content\/uploads\/2022\/11\/313271588_489682439863045_8327712120050297572_n-1477x1536.jpg 1477w, https:\/\/saulkrastubiblioteka.lv\/wp-content\/uploads\/2022\/11\/313271588_489682439863045_8327712120050297572_n-1200x1248.jpg 1200w, https:\/\/saulkrastubiblioteka.lv\/wp-content\/uploads\/2022\/11\/313271588_489682439863045_8327712120050297572_n.jpg 1969w\" sizes=\"auto, (max-width: 339px) 85vw, 339px\" \/><\/figure><\/div>\n\n\n\n<p>Gr\u0101matu jaunumi Saulkrastu novada bibliot\u0113k\u0101 iepriecin\u0101s tos b\u0113rnus, kas v\u0113las m\u0101c\u012bties las\u012bt ar latvie\u0161u tautas pasaku un m\u012bklu pal\u012bdz\u012bbu, bet tiem, kam pat\u012bk las\u012bt par elfiem, tro\u013c\u013ciem, gobliniem un ragan\u0101m, iesp\u0113ja sa\u0146emt tr\u012bs da\u017e\u0101du autoru gr\u0101matas ar \u0161o varo\u0146u piedz\u012bvojumiem. ,,Cilv\u0113ki uz \u0161\u012bs zemes dz\u012bvo 3-4 miljonus gadu, savuk\u0101rt dinozauri pa \u0161o plan\u0113tu staig\u0101ja 150 miljonus gadu pirms cilv\u0113kiem\u2019\u2019, t\u0101p\u0113c ir v\u0113rts izlas\u012bt gr\u0101matu ar br\u012bni\u0161\u0137\u012bg\u0101m ilustr\u0101cij\u0101m ,, Dinozauri\u2019\u2019, kur\u0101 ieg\u016bsiet \u013coti detaliz\u0113tu inform\u0101ciju par \u0161iem m\u016bsu priek\u0161te\u010diem. Pied\u0101v\u0101jam ar\u012b izcili ilustr\u0113tu gr\u0101matu par kokiem, kas b\u016bs interesanta un v\u0113rt\u012bga las\u0101mviela ar\u012b pieaugu\u0161ajiem. Su\u0146um\u012b\u013ciem prieks- iesp\u0113ja izlas\u012bt jaun\u0101s autores gr\u0101matu par vi\u0146as attiec\u012bb\u0101m ar savu suni labradoru Madoru. P\u012bps un P\u016bzijs iepriecin\u0101s pa\u0161us maz\u0101kos las\u012bt\u0101jus ar jautriem Ziemassv\u0113tku piedz\u012bvojumiem, bet tiem, kas grib zin\u0101t, no k\u0101 tika gatavotas pirm\u0101s karotes un kas notiek mikrovi\u013c\u0146u kr\u0101sn\u012b, bibliot\u0113k\u0101 j\u0101jaut\u0101 Nek\u0101rt\u012bbas R\u016b\u0137\u012b\u0161a enciklop\u0113dija ,,Interesant\u0101kie izgudrojumi\u2019\u2019.Esat laipni gaid\u012bti Saulkrastu novada bibliot\u0113k\u0101!<img loading=\"lazy\" decoding=\"async\" width=\"16\" height=\"16\" alt=\"\ud83e\udd1d\" src=\"https:\/\/static.xx.fbcdn.net\/images\/emoji.php\/v9\/tbd\/1.5\/16\/1f91d.png\"><\/p>\n","protected":false},"excerpt":{"rendered":"<p>Gr\u0101matu jaunumi Saulkrastu novada bibliot\u0113k\u0101 iepriecin\u0101s tos b\u0113rnus, kas v\u0113las m\u0101c\u012bties las\u012bt ar latvie\u0161u tautas pasaku un m\u012bklu pal\u012bdz\u012bbu, bet tiem, kam pat\u012bk las\u012bt par elfiem, tro\u013c\u013ciem, gobliniem un ragan\u0101m, iesp\u0113ja sa\u0146emt tr\u012bs da\u017e\u0101du autoru gr\u0101matas ar \u0161o varo\u0146u piedz\u012bvojumiem. ,,Cilv\u0113ki uz \u0161\u012bs zemes dz\u012bvo 3-4 miljonus gadu, savuk\u0101rt dinozauri pa \u0161o plan\u0113tu staig\u0101ja 150 &hellip; <a href=\"https:\/\/saulkrastubiblioteka.lv\/index.php\/2022\/11\/04\/jaunas-gramatas-berniem-un-jauniesiem\/\" class=\"more-link\">Turpin\u0101t las\u012bt<span class=\"screen-reader-text\"> &#8220;Jaun\u0101s gr\u0101matas b\u0113rniem un jaunie\u0161iem&#8221;<\/span><\/a><\/p>\n","protected":false},"author":1,"featured_media":0,"comment_status":"closed","ping_status":"open","sticky":false,"template":"","format":"standard","meta":{"footnotes":""},"categories":[31],"tags":[],"class_list":["post-7617","post","type-post","status-publish","format-standard","hentry","category-gramatas"],"yoast_head":"<!-- This site is optimized with the Yoast SEO plugin v24.2 - https:\/\/yoast.com\/wordpress\/plugins\/seo\/ -->\n<title>Jaun\u0101s gr\u0101matas b\u0113rniem un jaunie\u0161iem - Saulkrastu novada bibliot\u0113ka<\/title>\n<meta name=\"robots\" content=\"index, follow, max-snippet:-1, max-image-preview:large, max-video-preview:-1\" \/>\n<link rel=\"canonical\" href=\"https:\/\/saulkrastubiblioteka.lv\/index.php\/2022\/11\/04\/jaunas-gramatas-berniem-un-jauniesiem\/\" \/>\n<meta property=\"og:locale\" content=\"lv_LV\" \/>\n<meta property=\"og:type\" content=\"article\" \/>\n<meta property=\"og:title\" content=\"Jaun\u0101s gr\u0101matas b\u0113rniem un jaunie\u0161iem - Saulkrastu novada bibliot\u0113ka\" \/>\n<meta property=\"og:description\" content=\"Gr\u0101matu jaunumi Saulkrastu novada bibliot\u0113k\u0101 iepriecin\u0101s tos b\u0113rnus, kas v\u0113las m\u0101c\u012bties las\u012bt ar latvie\u0161u tautas pasaku un m\u012bklu pal\u012bdz\u012bbu, bet tiem, kam pat\u012bk las\u012bt par elfiem, tro\u013c\u013ciem, gobliniem un ragan\u0101m, iesp\u0113ja sa\u0146emt tr\u012bs da\u017e\u0101du autoru gr\u0101matas ar \u0161o varo\u0146u piedz\u012bvojumiem. ,,Cilv\u0113ki uz \u0161\u012bs zemes dz\u012bvo 3-4 miljonus gadu, savuk\u0101rt dinozauri pa \u0161o plan\u0113tu staig\u0101ja 150 &hellip; Turpin\u0101t las\u012bt &quot;Jaun\u0101s gr\u0101matas b\u0113rniem un jaunie\u0161iem&quot;\" \/>\n<meta property=\"og:url\" content=\"https:\/\/saulkrastubiblioteka.lv\/index.php\/2022\/11\/04\/jaunas-gramatas-berniem-un-jauniesiem\/\" \/>\n<meta property=\"og:site_name\" content=\"Saulkrastu novada bibliot\u0113ka\" \/>\n<meta property=\"article:published_time\" content=\"2022-11-04T10:42:08+00:00\" \/>\n<meta property=\"article:modified_time\" content=\"2022-11-04T10:42:41+00:00\" \/>\n<meta property=\"og:image\" content=\"https:\/\/saulkrastubiblioteka.lv\/wp-content\/uploads\/2022\/11\/313271588_489682439863045_8327712120050297572_n-985x1024.jpg\" \/>\n<meta name=\"author\" content=\"admin\" \/>\n<meta name=\"twitter:card\" content=\"summary_large_image\" \/>\n<meta name=\"twitter:label1\" content=\"Written by\" \/>\n\t<meta name=\"twitter:data1\" content=\"admin\" \/>\n\t<meta name=\"twitter:label2\" content=\"Est. reading time\" \/>\n\t<meta name=\"twitter:data2\" content=\"1 min\u016bte\" \/>\n<script type=\"application\/ld+json\" class=\"yoast-schema-graph\">{\"@context\":\"https:\/\/schema.org\",\"@graph\":[{\"@type\":\"Article\",\"@id\":\"https:\/\/saulkrastubiblioteka.lv\/index.php\/2022\/11\/04\/jaunas-gramatas-berniem-un-jauniesiem\/#article\",\"isPartOf\":{\"@id\":\"https:\/\/saulkrastubiblioteka.lv\/index.php\/2022\/11\/04\/jaunas-gramatas-berniem-un-jauniesiem\/\"},\"author\":{\"name\":\"admin\",\"@id\":\"https:\/\/saulkrastubiblioteka.lv\/#\/schema\/person\/2233277643a53fb60b293d42c1e5f7a2\"},\"headline\":\"Jaun\u0101s gr\u0101matas b\u0113rniem un jaunie\u0161iem\",\"datePublished\":\"2022-11-04T10:42:08+00:00\",\"dateModified\":\"2022-11-04T10:42:41+00:00\",\"mainEntityOfPage\":{\"@id\":\"https:\/\/saulkrastubiblioteka.lv\/index.php\/2022\/11\/04\/jaunas-gramatas-berniem-un-jauniesiem\/\"},\"wordCount\":240,\"publisher\":{\"@id\":\"https:\/\/saulkrastubiblioteka.lv\/#organization\"},\"image\":{\"@id\":\"https:\/\/saulkrastubiblioteka.lv\/index.php\/2022\/11\/04\/jaunas-gramatas-berniem-un-jauniesiem\/#primaryimage\"},\"thumbnailUrl\":\"https:\/\/saulkrastubiblioteka.lv\/wp-content\/uploads\/2022\/11\/313271588_489682439863045_8327712120050297572_n-985x1024.jpg\",\"articleSection\":[\"Gr\u0101matas\"],\"inLanguage\":\"lv-LV\"},{\"@type\":\"WebPage\",\"@id\":\"https:\/\/saulkrastubiblioteka.lv\/index.php\/2022\/11\/04\/jaunas-gramatas-berniem-un-jauniesiem\/\",\"url\":\"https:\/\/saulkrastubiblioteka.lv\/index.php\/2022\/11\/04\/jaunas-gramatas-berniem-un-jauniesiem\/\",\"name\":\"Jaun\u0101s gr\u0101matas b\u0113rniem un jaunie\u0161iem - Saulkrastu novada bibliot\u0113ka\",\"isPartOf\":{\"@id\":\"https:\/\/saulkrastubiblioteka.lv\/#website\"},\"primaryImageOfPage\":{\"@id\":\"https:\/\/saulkrastubiblioteka.lv\/index.php\/2022\/11\/04\/jaunas-gramatas-berniem-un-jauniesiem\/#primaryimage\"},\"image\":{\"@id\":\"https:\/\/saulkrastubiblioteka.lv\/index.php\/2022\/11\/04\/jaunas-gramatas-berniem-un-jauniesiem\/#primaryimage\"},\"thumbnailUrl\":\"https:\/\/saulkrastubiblioteka.lv\/wp-content\/uploads\/2022\/11\/313271588_489682439863045_8327712120050297572_n-985x1024.jpg\",\"datePublished\":\"2022-11-04T10:42:08+00:00\",\"dateModified\":\"2022-11-04T10:42:41+00:00\",\"breadcrumb\":{\"@id\":\"https:\/\/saulkrastubiblioteka.lv\/index.php\/2022\/11\/04\/jaunas-gramatas-berniem-un-jauniesiem\/#breadcrumb\"},\"inLanguage\":\"lv-LV\",\"potentialAction\":[{\"@type\":\"ReadAction\",\"target\":[\"https:\/\/saulkrastubiblioteka.lv\/index.php\/2022\/11\/04\/jaunas-gramatas-berniem-un-jauniesiem\/\"]}]},{\"@type\":\"ImageObject\",\"inLanguage\":\"lv-LV\",\"@id\":\"https:\/\/saulkrastubiblioteka.lv\/index.php\/2022\/11\/04\/jaunas-gramatas-berniem-un-jauniesiem\/#primaryimage\",\"url\":\"https:\/\/saulkrastubiblioteka.lv\/wp-content\/uploads\/2022\/11\/313271588_489682439863045_8327712120050297572_n.jpg\",\"contentUrl\":\"https:\/\/saulkrastubiblioteka.lv\/wp-content\/uploads\/2022\/11\/313271588_489682439863045_8327712120050297572_n.jpg\",\"width\":1969,\"height\":2048},{\"@type\":\"BreadcrumbList\",\"@id\":\"https:\/\/saulkrastubiblioteka.lv\/index.php\/2022\/11\/04\/jaunas-gramatas-berniem-un-jauniesiem\/#breadcrumb\",\"itemListElement\":[{\"@type\":\"ListItem\",\"position\":1,\"name\":\"Home\",\"item\":\"https:\/\/saulkrastubiblioteka.lv\/\"},{\"@type\":\"ListItem\",\"position\":2,\"name\":\"Jaun\u0101s gr\u0101matas b\u0113rniem un jaunie\u0161iem\"}]},{\"@type\":\"WebSite\",\"@id\":\"https:\/\/saulkrastubiblioteka.lv\/#website\",\"url\":\"https:\/\/saulkrastubiblioteka.lv\/\",\"name\":\"Saulkrastu novada bibliot\u0113ka\",\"description\":\"Vieta, kur labi pavad\u012bt laiku un pab\u016bt mier\u0101\",\"publisher\":{\"@id\":\"https:\/\/saulkrastubiblioteka.lv\/#organization\"},\"potentialAction\":[{\"@type\":\"SearchAction\",\"target\":{\"@type\":\"EntryPoint\",\"urlTemplate\":\"https:\/\/saulkrastubiblioteka.lv\/?s={search_term_string}\"},\"query-input\":{\"@type\":\"PropertyValueSpecification\",\"valueRequired\":true,\"valueName\":\"search_term_string\"}}],\"inLanguage\":\"lv-LV\"},{\"@type\":\"Organization\",\"@id\":\"https:\/\/saulkrastubiblioteka.lv\/#organization\",\"name\":\"Saulkrastu novada bibliot\u0113ka\",\"url\":\"https:\/\/saulkrastubiblioteka.lv\/\",\"logo\":{\"@type\":\"ImageObject\",\"inLanguage\":\"lv-LV\",\"@id\":\"https:\/\/saulkrastubiblioteka.lv\/#\/schema\/logo\/image\/\",\"url\":\"https:\/\/saulkrastubiblioteka.lv\/wp-content\/uploads\/2021\/01\/cropped-logo.png\",\"contentUrl\":\"https:\/\/saulkrastubiblioteka.lv\/wp-content\/uploads\/2021\/01\/cropped-logo.png\",\"width\":240,\"height\":240,\"caption\":\"Saulkrastu novada bibliot\u0113ka\"},\"image\":{\"@id\":\"https:\/\/saulkrastubiblioteka.lv\/#\/schema\/logo\/image\/\"}},{\"@type\":\"Person\",\"@id\":\"https:\/\/saulkrastubiblioteka.lv\/#\/schema\/person\/2233277643a53fb60b293d42c1e5f7a2\",\"name\":\"admin\",\"image\":{\"@type\":\"ImageObject\",\"inLanguage\":\"lv-LV\",\"@id\":\"https:\/\/saulkrastubiblioteka.lv\/#\/schema\/person\/image\/\",\"url\":\"https:\/\/secure.gravatar.com\/avatar\/a5ad3f68569c7df813ab9387f6d30b65?s=96&d=mm&r=g\",\"contentUrl\":\"https:\/\/secure.gravatar.com\/avatar\/a5ad3f68569c7df813ab9387f6d30b65?s=96&d=mm&r=g\",\"caption\":\"admin\"},\"url\":\"https:\/\/saulkrastubiblioteka.lv\/index.php\/author\/info_xjq16vdi\/\"}]}<\/script>\n<!-- \/ Yoast SEO plugin. -->","yoast_head_json":{"title":"Jaun\u0101s gr\u0101matas b\u0113rniem un jaunie\u0161iem - Saulkrastu novada bibliot\u0113ka","robots":{"index":"index","follow":"follow","max-snippet":"max-snippet:-1","max-image-preview":"max-image-preview:large","max-video-preview":"max-video-preview:-1"},"canonical":"https:\/\/saulkrastubiblioteka.lv\/index.php\/2022\/11\/04\/jaunas-gramatas-berniem-un-jauniesiem\/","og_locale":"lv_LV","og_type":"article","og_title":"Jaun\u0101s gr\u0101matas b\u0113rniem un jaunie\u0161iem - Saulkrastu novada bibliot\u0113ka","og_description":"Gr\u0101matu jaunumi Saulkrastu novada bibliot\u0113k\u0101 iepriecin\u0101s tos b\u0113rnus, kas v\u0113las m\u0101c\u012bties las\u012bt ar latvie\u0161u tautas pasaku un m\u012bklu pal\u012bdz\u012bbu, bet tiem, kam pat\u012bk las\u012bt par elfiem, tro\u013c\u013ciem, gobliniem un ragan\u0101m, iesp\u0113ja sa\u0146emt tr\u012bs da\u017e\u0101du autoru gr\u0101matas ar \u0161o varo\u0146u piedz\u012bvojumiem. ,,Cilv\u0113ki uz \u0161\u012bs zemes dz\u012bvo 3-4 miljonus gadu, savuk\u0101rt dinozauri pa \u0161o plan\u0113tu staig\u0101ja 150 &hellip; Turpin\u0101t las\u012bt \"Jaun\u0101s gr\u0101matas b\u0113rniem un jaunie\u0161iem\"","og_url":"https:\/\/saulkrastubiblioteka.lv\/index.php\/2022\/11\/04\/jaunas-gramatas-berniem-un-jauniesiem\/","og_site_name":"Saulkrastu novada bibliot\u0113ka","article_published_time":"2022-11-04T10:42:08+00:00","article_modified_time":"2022-11-04T10:42:41+00:00","og_image":[{"url":"https:\/\/saulkrastubiblioteka.lv\/wp-content\/uploads\/2022\/11\/313271588_489682439863045_8327712120050297572_n-985x1024.jpg","type":"","width":"","height":""}],"author":"admin","twitter_card":"summary_large_image","twitter_misc":{"Written by":"admin","Est. reading time":"1 min\u016bte"},"schema":{"@context":"https:\/\/schema.org","@graph":[{"@type":"Article","@id":"https:\/\/saulkrastubiblioteka.lv\/index.php\/2022\/11\/04\/jaunas-gramatas-berniem-un-jauniesiem\/#article","isPartOf":{"@id":"https:\/\/saulkrastubiblioteka.lv\/index.php\/2022\/11\/04\/jaunas-gramatas-berniem-un-jauniesiem\/"},"author":{"name":"admin","@id":"https:\/\/saulkrastubiblioteka.lv\/#\/schema\/person\/2233277643a53fb60b293d42c1e5f7a2"},"headline":"Jaun\u0101s gr\u0101matas b\u0113rniem un jaunie\u0161iem","datePublished":"2022-11-04T10:42:08+00:00","dateModified":"2022-11-04T10:42:41+00:00","mainEntityOfPage":{"@id":"https:\/\/saulkrastubiblioteka.lv\/index.php\/2022\/11\/04\/jaunas-gramatas-berniem-un-jauniesiem\/"},"wordCount":240,"publisher":{"@id":"https:\/\/saulkrastubiblioteka.lv\/#organization"},"image":{"@id":"https:\/\/saulkrastubiblioteka.lv\/index.php\/2022\/11\/04\/jaunas-gramatas-berniem-un-jauniesiem\/#primaryimage"},"thumbnailUrl":"https:\/\/saulkrastubiblioteka.lv\/wp-content\/uploads\/2022\/11\/313271588_489682439863045_8327712120050297572_n-985x1024.jpg","articleSection":["Gr\u0101matas"],"inLanguage":"lv-LV"},{"@type":"WebPage","@id":"https:\/\/saulkrastubiblioteka.lv\/index.php\/2022\/11\/04\/jaunas-gramatas-berniem-un-jauniesiem\/","url":"https:\/\/saulkrastubiblioteka.lv\/index.php\/2022\/11\/04\/jaunas-gramatas-berniem-un-jauniesiem\/","name":"Jaun\u0101s gr\u0101matas b\u0113rniem un jaunie\u0161iem - Saulkrastu novada bibliot\u0113ka","isPartOf":{"@id":"https:\/\/saulkrastubiblioteka.lv\/#website"},"primaryImageOfPage":{"@id":"https:\/\/saulkrastubiblioteka.lv\/index.php\/2022\/11\/04\/jaunas-gramatas-berniem-un-jauniesiem\/#primaryimage"},"image":{"@id":"https:\/\/saulkrastubiblioteka.lv\/index.php\/2022\/11\/04\/jaunas-gramatas-berniem-un-jauniesiem\/#primaryimage"},"thumbnailUrl":"https:\/\/saulkrastubiblioteka.lv\/wp-content\/uploads\/2022\/11\/313271588_489682439863045_8327712120050297572_n-985x1024.jpg","datePublished":"2022-11-04T10:42:08+00:00","dateModified":"2022-11-04T10:42:41+00:00","breadcrumb":{"@id":"https:\/\/saulkrastubiblioteka.lv\/index.php\/2022\/11\/04\/jaunas-gramatas-berniem-un-jauniesiem\/#breadcrumb"},"inLanguage":"lv-LV","potentialAction":[{"@type":"ReadAction","target":["https:\/\/saulkrastubiblioteka.lv\/index.php\/2022\/11\/04\/jaunas-gramatas-berniem-un-jauniesiem\/"]}]},{"@type":"ImageObject","inLanguage":"lv-LV","@id":"https:\/\/saulkrastubiblioteka.lv\/index.php\/2022\/11\/04\/jaunas-gramatas-berniem-un-jauniesiem\/#primaryimage","url":"https:\/\/saulkrastubiblioteka.lv\/wp-content\/uploads\/2022\/11\/313271588_489682439863045_8327712120050297572_n.jpg","contentUrl":"https:\/\/saulkrastubiblioteka.lv\/wp-content\/uploads\/2022\/11\/313271588_489682439863045_8327712120050297572_n.jpg","width":1969,"height":2048},{"@type":"BreadcrumbList","@id":"https:\/\/saulkrastubiblioteka.lv\/index.php\/2022\/11\/04\/jaunas-gramatas-berniem-un-jauniesiem\/#breadcrumb","itemListElement":[{"@type":"ListItem","position":1,"name":"Home","item":"https:\/\/saulkrastubiblioteka.lv\/"},{"@type":"ListItem","position":2,"name":"Jaun\u0101s gr\u0101matas b\u0113rniem un jaunie\u0161iem"}]},{"@type":"WebSite","@id":"https:\/\/saulkrastubiblioteka.lv\/#website","url":"https:\/\/saulkrastubiblioteka.lv\/","name":"Saulkrastu novada bibliot\u0113ka","description":"Vieta, kur labi pavad\u012bt laiku un pab\u016bt mier\u0101","publisher":{"@id":"https:\/\/saulkrastubiblioteka.lv\/#organization"},"potentialAction":[{"@type":"SearchAction","target":{"@type":"EntryPoint","urlTemplate":"https:\/\/saulkrastubiblioteka.lv\/?s={search_term_string}"},"query-input":{"@type":"PropertyValueSpecification","valueRequired":true,"valueName":"search_term_string"}}],"inLanguage":"lv-LV"},{"@type":"Organization","@id":"https:\/\/saulkrastubiblioteka.lv\/#organization","name":"Saulkrastu novada bibliot\u0113ka","url":"https:\/\/saulkrastubiblioteka.lv\/","logo":{"@type":"ImageObject","inLanguage":"lv-LV","@id":"https:\/\/saulkrastubiblioteka.lv\/#\/schema\/logo\/image\/","url":"https:\/\/saulkrastubiblioteka.lv\/wp-content\/uploads\/2021\/01\/cropped-logo.png","contentUrl":"https:\/\/saulkrastubiblioteka.lv\/wp-content\/uploads\/2021\/01\/cropped-logo.png","width":240,"height":240,"caption":"Saulkrastu novada bibliot\u0113ka"},"image":{"@id":"https:\/\/saulkrastubiblioteka.lv\/#\/schema\/logo\/image\/"}},{"@type":"Person","@id":"https:\/\/saulkrastubiblioteka.lv\/#\/schema\/person\/2233277643a53fb60b293d42c1e5f7a2","name":"admin","image":{"@type":"ImageObject","inLanguage":"lv-LV","@id":"https:\/\/saulkrastubiblioteka.lv\/#\/schema\/person\/image\/","url":"https:\/\/secure.gravatar.com\/avatar\/a5ad3f68569c7df813ab9387f6d30b65?s=96&d=mm&r=g","contentUrl":"https:\/\/secure.gravatar.com\/avatar\/a5ad3f68569c7df813ab9387f6d30b65?s=96&d=mm&r=g","caption":"admin"},"url":"https:\/\/saulkrastubiblioteka.lv\/index.php\/author\/info_xjq16vdi\/"}]}},"_links":{"self":[{"href":"https:\/\/saulkrastubiblioteka.lv\/index.php\/wp-json\/wp\/v2\/posts\/7617","targetHints":{"allow":["GET"]}}],"collection":[{"href":"https:\/\/saulkrastubiblioteka.lv\/index.php\/wp-json\/wp\/v2\/posts"}],"about":[{"href":"https:\/\/saulkrastubiblioteka.lv\/index.php\/wp-json\/wp\/v2\/types\/post"}],"author":[{"embeddable":true,"href":"https:\/\/saulkrastubiblioteka.lv\/index.php\/wp-json\/wp\/v2\/users\/1"}],"replies":[{"embeddable":true,"href":"https:\/\/saulkrastubiblioteka.lv\/index.php\/wp-json\/wp\/v2\/comments?post=7617"}],"version-history":[{"count":1,"href":"https:\/\/saulkrastubiblioteka.lv\/index.php\/wp-json\/wp\/v2\/posts\/7617\/revisions"}],"predecessor-version":[{"id":7619,"href":"https:\/\/saulkrastubiblioteka.lv\/index.php\/wp-json\/wp\/v2\/posts\/7617\/revisions\/7619"}],"wp:attachment":[{"href":"https:\/\/saulkrastubiblioteka.lv\/index.php\/wp-json\/wp\/v2\/media?parent=7617"}],"wp:term":[{"taxonomy":"category","embeddable":true,"href":"https:\/\/saulkrastubiblioteka.lv\/index.php\/wp-json\/wp\/v2\/categories?post=7617"},{"taxonomy":"post_tag","embeddable":true,"href":"https:\/\/saulkrastubiblioteka.lv\/index.php\/wp-json\/wp\/v2\/tags?post=7617"}],"curies":[{"name":"wp","href":"https:\/\/api.w.org\/{rel}","templated":true}]}}