{"id":7612,"date":"2022-11-03T12:21:49","date_gmt":"2022-11-03T12:21:49","guid":{"rendered":"https:\/\/saulkrastubiblioteka.lv\/?p=7612"},"modified":"2022-11-15T14:25:36","modified_gmt":"2022-11-15T14:25:36","slug":"koncerts-ar-tauta-miletu-dziedataju-ievu-akurateri","status":"publish","type":"post","link":"https:\/\/saulkrastubiblioteka.lv\/index.php\/2022\/11\/03\/koncerts-ar-tauta-miletu-dziedataju-ievu-akurateri\/","title":{"rendered":"Koncerts ar taut\u0101 m\u012bl\u0113tu dzied\u0101t\u0101ju Ievu Akurateri"},"content":{"rendered":"\n<div class=\"wp-block-image\"><figure class=\"alignleft size-large is-resized\"><img loading=\"lazy\" decoding=\"async\" src=\"https:\/\/saulkrastubiblioteka.lv\/wp-content\/uploads\/2022\/11\/akuratere-724x1024.jpg\" alt=\"\" class=\"wp-image-7613\" width=\"366\" height=\"518\" srcset=\"https:\/\/saulkrastubiblioteka.lv\/wp-content\/uploads\/2022\/11\/akuratere-724x1024.jpg 724w, https:\/\/saulkrastubiblioteka.lv\/wp-content\/uploads\/2022\/11\/akuratere-212x300.jpg 212w, https:\/\/saulkrastubiblioteka.lv\/wp-content\/uploads\/2022\/11\/akuratere-768x1086.jpg 768w, https:\/\/saulkrastubiblioteka.lv\/wp-content\/uploads\/2022\/11\/akuratere-1086x1536.jpg 1086w, https:\/\/saulkrastubiblioteka.lv\/wp-content\/uploads\/2022\/11\/akuratere-1200x1697.jpg 1200w, https:\/\/saulkrastubiblioteka.lv\/wp-content\/uploads\/2022\/11\/akuratere.jpg 1448w\" sizes=\"auto, (max-width: 366px) 85vw, 366px\" \/><\/figure><\/div>\n\n\n\n<p><img loading=\"lazy\" decoding=\"async\" alt=\"\ud83c\uddf1\ud83c\uddfb\" src=\"https:\/\/static.xx.fbcdn.net\/images\/emoji.php\/v9\/t26\/1.5\/16\/1f1f1_1f1fb.png\" width=\"16\" height=\"16\"> Priec\u0101jamies, ka Latvijas valsts 104. dzim\u0161anas dienas m\u0113nes\u012b Saulkrastu novada bibliot\u0113k\u0101 viesosies Ieva Akuratere! M\u016bsu las\u012bt\u0101jiem un ar\u012b bibliot\u0113kas viesiem b\u016bs iesp\u0113ja tikties kl\u0101tien\u0113 ar \u0161o izcilo person\u012bbu, sp\u0113ka dziesminieci, un Atmodas laika simbolu. Visi laipni gaid\u012bti uz tik\u0161anos 15.novembr\u012b plkst.14.00 Saulkrastu novada bibliot\u0113kas las\u012btav\u0101!<\/p>\n","protected":false},"excerpt":{"rendered":"<p>Priec\u0101jamies, ka Latvijas valsts 104. dzim\u0161anas dienas m\u0113nes\u012b Saulkrastu novada bibliot\u0113k\u0101 viesosies Ieva Akuratere! M\u016bsu las\u012bt\u0101jiem un ar\u012b bibliot\u0113kas viesiem b\u016bs iesp\u0113ja tikties kl\u0101tien\u0113 ar \u0161o izcilo person\u012bbu, sp\u0113ka dziesminieci, un Atmodas laika simbolu. Visi laipni gaid\u012bti uz tik\u0161anos 15.novembr\u012b plkst.14.00 Saulkrastu novada bibliot\u0113kas las\u012btav\u0101!<\/p>\n","protected":false},"author":1,"featured_media":0,"comment_status":"closed","ping_status":"open","sticky":false,"template":"","format":"standard","meta":{"footnotes":""},"categories":[67,4],"tags":[],"class_list":["post-7612","post","type-post","status-publish","format-standard","hentry","category-makslinieki","category-pasakumi"],"yoast_head":"<!-- This site is optimized with the Yoast SEO plugin v24.2 - https:\/\/yoast.com\/wordpress\/plugins\/seo\/ -->\n<title>Koncerts ar taut\u0101 m\u012bl\u0113tu dzied\u0101t\u0101ju Ievu Akurateri - Saulkrastu novada bibliot\u0113ka<\/title>\n<meta name=\"robots\" content=\"index, follow, max-snippet:-1, max-image-preview:large, max-video-preview:-1\" \/>\n<link rel=\"canonical\" href=\"https:\/\/saulkrastubiblioteka.lv\/index.php\/2022\/11\/03\/koncerts-ar-tauta-miletu-dziedataju-ievu-akurateri\/\" \/>\n<meta property=\"og:locale\" content=\"lv_LV\" \/>\n<meta property=\"og:type\" content=\"article\" \/>\n<meta property=\"og:title\" content=\"Koncerts ar taut\u0101 m\u012bl\u0113tu dzied\u0101t\u0101ju Ievu Akurateri - Saulkrastu novada bibliot\u0113ka\" \/>\n<meta property=\"og:description\" content=\"Priec\u0101jamies, ka Latvijas valsts 104. dzim\u0161anas dienas m\u0113nes\u012b Saulkrastu novada bibliot\u0113k\u0101 viesosies Ieva Akuratere! M\u016bsu las\u012bt\u0101jiem un ar\u012b bibliot\u0113kas viesiem b\u016bs iesp\u0113ja tikties kl\u0101tien\u0113 ar \u0161o izcilo person\u012bbu, sp\u0113ka dziesminieci, un Atmodas laika simbolu. Visi laipni gaid\u012bti uz tik\u0161anos 15.novembr\u012b plkst.14.00 Saulkrastu novada bibliot\u0113kas las\u012btav\u0101!\" \/>\n<meta property=\"og:url\" content=\"https:\/\/saulkrastubiblioteka.lv\/index.php\/2022\/11\/03\/koncerts-ar-tauta-miletu-dziedataju-ievu-akurateri\/\" \/>\n<meta property=\"og:site_name\" content=\"Saulkrastu novada bibliot\u0113ka\" \/>\n<meta property=\"article:published_time\" content=\"2022-11-03T12:21:49+00:00\" \/>\n<meta property=\"article:modified_time\" content=\"2022-11-15T14:25:36+00:00\" \/>\n<meta property=\"og:image\" content=\"https:\/\/saulkrastubiblioteka.lv\/wp-content\/uploads\/2022\/11\/akuratere-724x1024.jpg\" \/>\n<meta name=\"author\" content=\"admin\" \/>\n<meta name=\"twitter:card\" content=\"summary_large_image\" \/>\n<meta name=\"twitter:label1\" content=\"Written by\" \/>\n\t<meta name=\"twitter:data1\" content=\"admin\" \/>\n<script type=\"application\/ld+json\" class=\"yoast-schema-graph\">{\"@context\":\"https:\/\/schema.org\",\"@graph\":[{\"@type\":\"Article\",\"@id\":\"https:\/\/saulkrastubiblioteka.lv\/index.php\/2022\/11\/03\/koncerts-ar-tauta-miletu-dziedataju-ievu-akurateri\/#article\",\"isPartOf\":{\"@id\":\"https:\/\/saulkrastubiblioteka.lv\/index.php\/2022\/11\/03\/koncerts-ar-tauta-miletu-dziedataju-ievu-akurateri\/\"},\"author\":{\"name\":\"admin\",\"@id\":\"https:\/\/saulkrastubiblioteka.lv\/#\/schema\/person\/2233277643a53fb60b293d42c1e5f7a2\"},\"headline\":\"Koncerts ar taut\u0101 m\u012bl\u0113tu dzied\u0101t\u0101ju Ievu Akurateri\",\"datePublished\":\"2022-11-03T12:21:49+00:00\",\"dateModified\":\"2022-11-15T14:25:36+00:00\",\"mainEntityOfPage\":{\"@id\":\"https:\/\/saulkrastubiblioteka.lv\/index.php\/2022\/11\/03\/koncerts-ar-tauta-miletu-dziedataju-ievu-akurateri\/\"},\"wordCount\":72,\"publisher\":{\"@id\":\"https:\/\/saulkrastubiblioteka.lv\/#organization\"},\"image\":{\"@id\":\"https:\/\/saulkrastubiblioteka.lv\/index.php\/2022\/11\/03\/koncerts-ar-tauta-miletu-dziedataju-ievu-akurateri\/#primaryimage\"},\"thumbnailUrl\":\"https:\/\/saulkrastubiblioteka.lv\/wp-content\/uploads\/2022\/11\/akuratere-724x1024.jpg\",\"articleSection\":[\"M\u0101kslinieki\",\"Pas\u0101kumi\"],\"inLanguage\":\"lv-LV\"},{\"@type\":\"WebPage\",\"@id\":\"https:\/\/saulkrastubiblioteka.lv\/index.php\/2022\/11\/03\/koncerts-ar-tauta-miletu-dziedataju-ievu-akurateri\/\",\"url\":\"https:\/\/saulkrastubiblioteka.lv\/index.php\/2022\/11\/03\/koncerts-ar-tauta-miletu-dziedataju-ievu-akurateri\/\",\"name\":\"Koncerts ar taut\u0101 m\u012bl\u0113tu dzied\u0101t\u0101ju Ievu Akurateri - Saulkrastu novada bibliot\u0113ka\",\"isPartOf\":{\"@id\":\"https:\/\/saulkrastubiblioteka.lv\/#website\"},\"primaryImageOfPage\":{\"@id\":\"https:\/\/saulkrastubiblioteka.lv\/index.php\/2022\/11\/03\/koncerts-ar-tauta-miletu-dziedataju-ievu-akurateri\/#primaryimage\"},\"image\":{\"@id\":\"https:\/\/saulkrastubiblioteka.lv\/index.php\/2022\/11\/03\/koncerts-ar-tauta-miletu-dziedataju-ievu-akurateri\/#primaryimage\"},\"thumbnailUrl\":\"https:\/\/saulkrastubiblioteka.lv\/wp-content\/uploads\/2022\/11\/akuratere-724x1024.jpg\",\"datePublished\":\"2022-11-03T12:21:49+00:00\",\"dateModified\":\"2022-11-15T14:25:36+00:00\",\"breadcrumb\":{\"@id\":\"https:\/\/saulkrastubiblioteka.lv\/index.php\/2022\/11\/03\/koncerts-ar-tauta-miletu-dziedataju-ievu-akurateri\/#breadcrumb\"},\"inLanguage\":\"lv-LV\",\"potentialAction\":[{\"@type\":\"ReadAction\",\"target\":[\"https:\/\/saulkrastubiblioteka.lv\/index.php\/2022\/11\/03\/koncerts-ar-tauta-miletu-dziedataju-ievu-akurateri\/\"]}]},{\"@type\":\"ImageObject\",\"inLanguage\":\"lv-LV\",\"@id\":\"https:\/\/saulkrastubiblioteka.lv\/index.php\/2022\/11\/03\/koncerts-ar-tauta-miletu-dziedataju-ievu-akurateri\/#primaryimage\",\"url\":\"https:\/\/saulkrastubiblioteka.lv\/wp-content\/uploads\/2022\/11\/akuratere.jpg\",\"contentUrl\":\"https:\/\/saulkrastubiblioteka.lv\/wp-content\/uploads\/2022\/11\/akuratere.jpg\",\"width\":1448,\"height\":2048},{\"@type\":\"BreadcrumbList\",\"@id\":\"https:\/\/saulkrastubiblioteka.lv\/index.php\/2022\/11\/03\/koncerts-ar-tauta-miletu-dziedataju-ievu-akurateri\/#breadcrumb\",\"itemListElement\":[{\"@type\":\"ListItem\",\"position\":1,\"name\":\"Home\",\"item\":\"https:\/\/saulkrastubiblioteka.lv\/\"},{\"@type\":\"ListItem\",\"position\":2,\"name\":\"Koncerts ar taut\u0101 m\u012bl\u0113tu dzied\u0101t\u0101ju Ievu Akurateri\"}]},{\"@type\":\"WebSite\",\"@id\":\"https:\/\/saulkrastubiblioteka.lv\/#website\",\"url\":\"https:\/\/saulkrastubiblioteka.lv\/\",\"name\":\"Saulkrastu novada bibliot\u0113ka\",\"description\":\"Vieta, kur labi pavad\u012bt laiku un pab\u016bt mier\u0101\",\"publisher\":{\"@id\":\"https:\/\/saulkrastubiblioteka.lv\/#organization\"},\"potentialAction\":[{\"@type\":\"SearchAction\",\"target\":{\"@type\":\"EntryPoint\",\"urlTemplate\":\"https:\/\/saulkrastubiblioteka.lv\/?s={search_term_string}\"},\"query-input\":{\"@type\":\"PropertyValueSpecification\",\"valueRequired\":true,\"valueName\":\"search_term_string\"}}],\"inLanguage\":\"lv-LV\"},{\"@type\":\"Organization\",\"@id\":\"https:\/\/saulkrastubiblioteka.lv\/#organization\",\"name\":\"Saulkrastu novada bibliot\u0113ka\",\"url\":\"https:\/\/saulkrastubiblioteka.lv\/\",\"logo\":{\"@type\":\"ImageObject\",\"inLanguage\":\"lv-LV\",\"@id\":\"https:\/\/saulkrastubiblioteka.lv\/#\/schema\/logo\/image\/\",\"url\":\"https:\/\/saulkrastubiblioteka.lv\/wp-content\/uploads\/2021\/01\/cropped-logo.png\",\"contentUrl\":\"https:\/\/saulkrastubiblioteka.lv\/wp-content\/uploads\/2021\/01\/cropped-logo.png\",\"width\":240,\"height\":240,\"caption\":\"Saulkrastu novada bibliot\u0113ka\"},\"image\":{\"@id\":\"https:\/\/saulkrastubiblioteka.lv\/#\/schema\/logo\/image\/\"}},{\"@type\":\"Person\",\"@id\":\"https:\/\/saulkrastubiblioteka.lv\/#\/schema\/person\/2233277643a53fb60b293d42c1e5f7a2\",\"name\":\"admin\",\"image\":{\"@type\":\"ImageObject\",\"inLanguage\":\"lv-LV\",\"@id\":\"https:\/\/saulkrastubiblioteka.lv\/#\/schema\/person\/image\/\",\"url\":\"https:\/\/secure.gravatar.com\/avatar\/a5ad3f68569c7df813ab9387f6d30b65?s=96&d=mm&r=g\",\"contentUrl\":\"https:\/\/secure.gravatar.com\/avatar\/a5ad3f68569c7df813ab9387f6d30b65?s=96&d=mm&r=g\",\"caption\":\"admin\"},\"url\":\"https:\/\/saulkrastubiblioteka.lv\/index.php\/author\/info_xjq16vdi\/\"}]}<\/script>\n<!-- \/ Yoast SEO plugin. -->","yoast_head_json":{"title":"Koncerts ar taut\u0101 m\u012bl\u0113tu dzied\u0101t\u0101ju Ievu Akurateri - Saulkrastu novada bibliot\u0113ka","robots":{"index":"index","follow":"follow","max-snippet":"max-snippet:-1","max-image-preview":"max-image-preview:large","max-video-preview":"max-video-preview:-1"},"canonical":"https:\/\/saulkrastubiblioteka.lv\/index.php\/2022\/11\/03\/koncerts-ar-tauta-miletu-dziedataju-ievu-akurateri\/","og_locale":"lv_LV","og_type":"article","og_title":"Koncerts ar taut\u0101 m\u012bl\u0113tu dzied\u0101t\u0101ju Ievu Akurateri - Saulkrastu novada bibliot\u0113ka","og_description":"Priec\u0101jamies, ka Latvijas valsts 104. dzim\u0161anas dienas m\u0113nes\u012b Saulkrastu novada bibliot\u0113k\u0101 viesosies Ieva Akuratere! M\u016bsu las\u012bt\u0101jiem un ar\u012b bibliot\u0113kas viesiem b\u016bs iesp\u0113ja tikties kl\u0101tien\u0113 ar \u0161o izcilo person\u012bbu, sp\u0113ka dziesminieci, un Atmodas laika simbolu. Visi laipni gaid\u012bti uz tik\u0161anos 15.novembr\u012b plkst.14.00 Saulkrastu novada bibliot\u0113kas las\u012btav\u0101!","og_url":"https:\/\/saulkrastubiblioteka.lv\/index.php\/2022\/11\/03\/koncerts-ar-tauta-miletu-dziedataju-ievu-akurateri\/","og_site_name":"Saulkrastu novada bibliot\u0113ka","article_published_time":"2022-11-03T12:21:49+00:00","article_modified_time":"2022-11-15T14:25:36+00:00","og_image":[{"url":"https:\/\/saulkrastubiblioteka.lv\/wp-content\/uploads\/2022\/11\/akuratere-724x1024.jpg","type":"","width":"","height":""}],"author":"admin","twitter_card":"summary_large_image","twitter_misc":{"Written by":"admin"},"schema":{"@context":"https:\/\/schema.org","@graph":[{"@type":"Article","@id":"https:\/\/saulkrastubiblioteka.lv\/index.php\/2022\/11\/03\/koncerts-ar-tauta-miletu-dziedataju-ievu-akurateri\/#article","isPartOf":{"@id":"https:\/\/saulkrastubiblioteka.lv\/index.php\/2022\/11\/03\/koncerts-ar-tauta-miletu-dziedataju-ievu-akurateri\/"},"author":{"name":"admin","@id":"https:\/\/saulkrastubiblioteka.lv\/#\/schema\/person\/2233277643a53fb60b293d42c1e5f7a2"},"headline":"Koncerts ar taut\u0101 m\u012bl\u0113tu dzied\u0101t\u0101ju Ievu Akurateri","datePublished":"2022-11-03T12:21:49+00:00","dateModified":"2022-11-15T14:25:36+00:00","mainEntityOfPage":{"@id":"https:\/\/saulkrastubiblioteka.lv\/index.php\/2022\/11\/03\/koncerts-ar-tauta-miletu-dziedataju-ievu-akurateri\/"},"wordCount":72,"publisher":{"@id":"https:\/\/saulkrastubiblioteka.lv\/#organization"},"image":{"@id":"https:\/\/saulkrastubiblioteka.lv\/index.php\/2022\/11\/03\/koncerts-ar-tauta-miletu-dziedataju-ievu-akurateri\/#primaryimage"},"thumbnailUrl":"https:\/\/saulkrastubiblioteka.lv\/wp-content\/uploads\/2022\/11\/akuratere-724x1024.jpg","articleSection":["M\u0101kslinieki","Pas\u0101kumi"],"inLanguage":"lv-LV"},{"@type":"WebPage","@id":"https:\/\/saulkrastubiblioteka.lv\/index.php\/2022\/11\/03\/koncerts-ar-tauta-miletu-dziedataju-ievu-akurateri\/","url":"https:\/\/saulkrastubiblioteka.lv\/index.php\/2022\/11\/03\/koncerts-ar-tauta-miletu-dziedataju-ievu-akurateri\/","name":"Koncerts ar taut\u0101 m\u012bl\u0113tu dzied\u0101t\u0101ju Ievu Akurateri - Saulkrastu novada bibliot\u0113ka","isPartOf":{"@id":"https:\/\/saulkrastubiblioteka.lv\/#website"},"primaryImageOfPage":{"@id":"https:\/\/saulkrastubiblioteka.lv\/index.php\/2022\/11\/03\/koncerts-ar-tauta-miletu-dziedataju-ievu-akurateri\/#primaryimage"},"image":{"@id":"https:\/\/saulkrastubiblioteka.lv\/index.php\/2022\/11\/03\/koncerts-ar-tauta-miletu-dziedataju-ievu-akurateri\/#primaryimage"},"thumbnailUrl":"https:\/\/saulkrastubiblioteka.lv\/wp-content\/uploads\/2022\/11\/akuratere-724x1024.jpg","datePublished":"2022-11-03T12:21:49+00:00","dateModified":"2022-11-15T14:25:36+00:00","breadcrumb":{"@id":"https:\/\/saulkrastubiblioteka.lv\/index.php\/2022\/11\/03\/koncerts-ar-tauta-miletu-dziedataju-ievu-akurateri\/#breadcrumb"},"inLanguage":"lv-LV","potentialAction":[{"@type":"ReadAction","target":["https:\/\/saulkrastubiblioteka.lv\/index.php\/2022\/11\/03\/koncerts-ar-tauta-miletu-dziedataju-ievu-akurateri\/"]}]},{"@type":"ImageObject","inLanguage":"lv-LV","@id":"https:\/\/saulkrastubiblioteka.lv\/index.php\/2022\/11\/03\/koncerts-ar-tauta-miletu-dziedataju-ievu-akurateri\/#primaryimage","url":"https:\/\/saulkrastubiblioteka.lv\/wp-content\/uploads\/2022\/11\/akuratere.jpg","contentUrl":"https:\/\/saulkrastubiblioteka.lv\/wp-content\/uploads\/2022\/11\/akuratere.jpg","width":1448,"height":2048},{"@type":"BreadcrumbList","@id":"https:\/\/saulkrastubiblioteka.lv\/index.php\/2022\/11\/03\/koncerts-ar-tauta-miletu-dziedataju-ievu-akurateri\/#breadcrumb","itemListElement":[{"@type":"ListItem","position":1,"name":"Home","item":"https:\/\/saulkrastubiblioteka.lv\/"},{"@type":"ListItem","position":2,"name":"Koncerts ar taut\u0101 m\u012bl\u0113tu dzied\u0101t\u0101ju Ievu Akurateri"}]},{"@type":"WebSite","@id":"https:\/\/saulkrastubiblioteka.lv\/#website","url":"https:\/\/saulkrastubiblioteka.lv\/","name":"Saulkrastu novada bibliot\u0113ka","description":"Vieta, kur labi pavad\u012bt laiku un pab\u016bt mier\u0101","publisher":{"@id":"https:\/\/saulkrastubiblioteka.lv\/#organization"},"potentialAction":[{"@type":"SearchAction","target":{"@type":"EntryPoint","urlTemplate":"https:\/\/saulkrastubiblioteka.lv\/?s={search_term_string}"},"query-input":{"@type":"PropertyValueSpecification","valueRequired":true,"valueName":"search_term_string"}}],"inLanguage":"lv-LV"},{"@type":"Organization","@id":"https:\/\/saulkrastubiblioteka.lv\/#organization","name":"Saulkrastu novada bibliot\u0113ka","url":"https:\/\/saulkrastubiblioteka.lv\/","logo":{"@type":"ImageObject","inLanguage":"lv-LV","@id":"https:\/\/saulkrastubiblioteka.lv\/#\/schema\/logo\/image\/","url":"https:\/\/saulkrastubiblioteka.lv\/wp-content\/uploads\/2021\/01\/cropped-logo.png","contentUrl":"https:\/\/saulkrastubiblioteka.lv\/wp-content\/uploads\/2021\/01\/cropped-logo.png","width":240,"height":240,"caption":"Saulkrastu novada bibliot\u0113ka"},"image":{"@id":"https:\/\/saulkrastubiblioteka.lv\/#\/schema\/logo\/image\/"}},{"@type":"Person","@id":"https:\/\/saulkrastubiblioteka.lv\/#\/schema\/person\/2233277643a53fb60b293d42c1e5f7a2","name":"admin","image":{"@type":"ImageObject","inLanguage":"lv-LV","@id":"https:\/\/saulkrastubiblioteka.lv\/#\/schema\/person\/image\/","url":"https:\/\/secure.gravatar.com\/avatar\/a5ad3f68569c7df813ab9387f6d30b65?s=96&d=mm&r=g","contentUrl":"https:\/\/secure.gravatar.com\/avatar\/a5ad3f68569c7df813ab9387f6d30b65?s=96&d=mm&r=g","caption":"admin"},"url":"https:\/\/saulkrastubiblioteka.lv\/index.php\/author\/info_xjq16vdi\/"}]}},"_links":{"self":[{"href":"https:\/\/saulkrastubiblioteka.lv\/index.php\/wp-json\/wp\/v2\/posts\/7612","targetHints":{"allow":["GET"]}}],"collection":[{"href":"https:\/\/saulkrastubiblioteka.lv\/index.php\/wp-json\/wp\/v2\/posts"}],"about":[{"href":"https:\/\/saulkrastubiblioteka.lv\/index.php\/wp-json\/wp\/v2\/types\/post"}],"author":[{"embeddable":true,"href":"https:\/\/saulkrastubiblioteka.lv\/index.php\/wp-json\/wp\/v2\/users\/1"}],"replies":[{"embeddable":true,"href":"https:\/\/saulkrastubiblioteka.lv\/index.php\/wp-json\/wp\/v2\/comments?post=7612"}],"version-history":[{"count":3,"href":"https:\/\/saulkrastubiblioteka.lv\/index.php\/wp-json\/wp\/v2\/posts\/7612\/revisions"}],"predecessor-version":[{"id":7635,"href":"https:\/\/saulkrastubiblioteka.lv\/index.php\/wp-json\/wp\/v2\/posts\/7612\/revisions\/7635"}],"wp:attachment":[{"href":"https:\/\/saulkrastubiblioteka.lv\/index.php\/wp-json\/wp\/v2\/media?parent=7612"}],"wp:term":[{"taxonomy":"category","embeddable":true,"href":"https:\/\/saulkrastubiblioteka.lv\/index.php\/wp-json\/wp\/v2\/categories?post=7612"},{"taxonomy":"post_tag","embeddable":true,"href":"https:\/\/saulkrastubiblioteka.lv\/index.php\/wp-json\/wp\/v2\/tags?post=7612"}],"curies":[{"name":"wp","href":"https:\/\/api.w.org\/{rel}","templated":true}]}}