{"id":7450,"date":"2022-09-05T09:29:53","date_gmt":"2022-09-05T09:29:53","guid":{"rendered":"https:\/\/saulkrastubiblioteka.lv\/?p=7450"},"modified":"2022-09-05T09:31:06","modified_gmt":"2022-09-05T09:31:06","slug":"kristas-ozolas-makslas-darbu-izstade-biblioteka","status":"publish","type":"post","link":"https:\/\/saulkrastubiblioteka.lv\/index.php\/2022\/09\/05\/kristas-ozolas-makslas-darbu-izstade-biblioteka\/","title":{"rendered":"Kristas Ozolas m\u0101kslas darbu izst\u0101de bibliot\u0113k\u0101"},"content":{"rendered":"\n<figure class=\"wp-block-image size-large is-resized\"><img loading=\"lazy\" decoding=\"async\" src=\"https:\/\/saulkrastubiblioteka.lv\/wp-content\/uploads\/2022\/09\/Copy-of-Foto-G.Memmena-1024x1024.jpg\" alt=\"\" class=\"wp-image-7451\" width=\"600\" height=\"600\" srcset=\"https:\/\/saulkrastubiblioteka.lv\/wp-content\/uploads\/2022\/09\/Copy-of-Foto-G.Memmena-1024x1024.jpg 1024w, https:\/\/saulkrastubiblioteka.lv\/wp-content\/uploads\/2022\/09\/Copy-of-Foto-G.Memmena-300x300.jpg 300w, https:\/\/saulkrastubiblioteka.lv\/wp-content\/uploads\/2022\/09\/Copy-of-Foto-G.Memmena-150x150.jpg 150w, https:\/\/saulkrastubiblioteka.lv\/wp-content\/uploads\/2022\/09\/Copy-of-Foto-G.Memmena-768x768.jpg 768w, https:\/\/saulkrastubiblioteka.lv\/wp-content\/uploads\/2022\/09\/Copy-of-Foto-G.Memmena.jpg 1080w\" sizes=\"auto, (max-width: 709px) 85vw, (max-width: 909px) 67vw, (max-width: 984px) 61vw, (max-width: 1362px) 45vw, 600px\" \/><\/figure>\n\n\n\n<p><img loading=\"lazy\" decoding=\"async\" alt=\"\ud83d\udc4f\" src=\"https:\/\/static.xx.fbcdn.net\/images\/emoji.php\/v9\/t57\/1.5\/16\/1f44f.png\" width=\"16\" height=\"16\"><img loading=\"lazy\" decoding=\"async\" alt=\"\ud83d\udc4f\" src=\"https:\/\/static.xx.fbcdn.net\/images\/emoji.php\/v9\/t57\/1.5\/16\/1f44f.png\" width=\"16\" height=\"16\"><img loading=\"lazy\" decoding=\"async\" alt=\"\ud83d\udc4f\" src=\"https:\/\/static.xx.fbcdn.net\/images\/emoji.php\/v9\/t57\/1.5\/16\/1f44f.png\" width=\"16\" height=\"16\">Saulkrastu novada bibliot\u0113kas las\u012btav\u0101 apskat\u0101ms jaunums &#8211; Kristas Ozolas gleznu izst\u0101de ,,Mekl\u0113jot skaisto&#8221;. Visi laipni aicin\u0101ti apmekl\u0113t izst\u0101di!<img loading=\"lazy\" decoding=\"async\" alt=\"\u2600\ufe0f\" src=\"https:\/\/static.xx.fbcdn.net\/images\/emoji.php\/v9\/tf4\/1.5\/16\/2600.png\" width=\"16\" height=\"16\">M\u0101ksliniece par sevi: Esmu Krista Ozola, kuru daudzi v\u0113l atceras k\u0101 Kristu L\u012bmani. Lai gan esmu dzimusi R\u012bg\u0101, visa b\u0113rn\u012bba un jaun\u012bba ir pavad\u012bta Saulkrastos, ko tad ar\u012b uzskatu par savu dzimto pils\u0113tu. Jau kop\u0161 b\u0113rn\u012bbas ar m\u0101kslu esmu bijusi \u201cuz Tu\u201d, jo mana mamma, Baiba L\u012bmane, ir profesion\u0101la gleznot\u0101ja, kura mani iepaz\u012bstin\u0101ja ar m\u0101kslas pasauli. Esmu Absolv\u0113ju ar\u012b m\u0101kslas skolu (VJMMS), tom\u0113r, neskatoties uz cie\u0161o saskarsmi ar m\u0101kslu un daudzajiem manis rad\u012btajiem m\u0101kslas darbiem, pa\u0161ai par\u0101d\u012bj\u0101s v\u0113lme nodarboties ar glezniec\u012bbu tikai pirms p\u0101ris gadiem. Pirmais lielais solis pret\u012b m\u0101kslai bija glezno\u0161anas studijas \u201c2 otas\u201d atv\u0113r\u0161ana R\u012bg\u0101, kur\u0101 darbojamies kop\u0101 ar mammu. Studij\u0101 esot starp tik daudziem talant\u012bgiem un kaisl\u012bgiem m\u0101ksliniekiem, ar\u012b mana v\u0113lme rad\u012bt m\u0101kslas darbus pieauga. Uzreiz zin\u0101ju, ka izv\u0113l\u0113\u0161os tie\u0161i glezniec\u012bbu ar e\u013c\u013cas kr\u0101s\u0101m uz audekla.T\u0101 k\u0101 kop\u0161 b\u0113rn\u012bbas esmu bijusi liela sap\u0146ot\u0101ja un romanti\u0137e, kura ik vis\u0101 mekl\u0113ja skaisto, ar darbu t\u0113mu izv\u0113li bija mazliet sare\u017e\u0123\u012bti, jo skaists lik\u0101s viss \u2013 cilv\u0113ki, pils\u0113tvide, j\u016bra, dz\u012bvnieki, ziedi u.t.t. Tom\u0113r da\u017eas t\u0113mas k\u013cuva par sirdij tuv\u0101k\u0101m. Patreiz \u012bpa\u0161i mani vilina virmojo\u0161\u0101s pils\u0113tvides glezniec\u012bba, izce\u013cot ma\u0161\u012bnu lukturus, debesskr\u0101pjus, atspulgus slapjaj\u0101s iel\u0101s un nakts gaismek\u013cus. Perspekt\u012bvas likumi un kr\u0101su sp\u0113le pils\u0113tvides atspogu\u013cojumu uz audekla padara par lielu izaicin\u0101jumu, toties, cik baudpilns ir glezno\u0161anas process! Un liels gandar\u012bjums, v\u0113rojot rezult\u0101tu. Liel\u0101kajai da\u013cai m\u0101kslinieku ir svar\u012bgi, lai vi\u0146u rad\u012btie m\u0101kslas darbi tiek atzin\u012bgi nov\u0113rt\u0113ti un sasniedz sabiedr\u012bbas da\u013cu, kas v\u0113l\u0113sies tos ieg\u0101d\u0101ties. T\u0101p\u0113c ir b\u016btiski, lai \u0161ie darbi \u201ciet l\u012bdzi laikam\u201d un iederas m\u0101ju interjeros, par ko ar\u012b es esmu dom\u0101jusi, radot savus m\u0101kslas darbus \u2013 gaum\u012bga kr\u0101su izv\u0113le, m\u016bsdien\u012bgas glezno\u0161anas tehnikas un uzrun\u0101jo\u0161as t\u0113mas.Ja esi R\u012bg\u0101 un v\u0113lies rado\u0161i un pozit\u012bvi pavad\u012bt laiku, noteikti piesakies uz glezno\u0161anas meistarklasi vai nodarb\u012bb\u0101m m\u016bsu studij\u0101 \u201c2 otas\u201d, ja pat Tev nav nek\u0101du zin\u0101\u0161anu! M\u0113s ar mammu pal\u012bdz\u0113sim un palabosim, un rezult\u0101ts b\u016bs lielisks! Uz dr\u012bzu tik\u0161anos!<\/p>\n\n\n\n<p><\/p>\n","protected":false},"excerpt":{"rendered":"<p>Saulkrastu novada bibliot\u0113kas las\u012btav\u0101 apskat\u0101ms jaunums &#8211; Kristas Ozolas gleznu izst\u0101de ,,Mekl\u0113jot skaisto&#8221;. Visi laipni aicin\u0101ti apmekl\u0113t izst\u0101di!M\u0101ksliniece par sevi: Esmu Krista Ozola, kuru daudzi v\u0113l atceras k\u0101 Kristu L\u012bmani. Lai gan esmu dzimusi R\u012bg\u0101, visa b\u0113rn\u012bba un jaun\u012bba ir pavad\u012bta Saulkrastos, ko tad ar\u012b uzskatu par savu dzimto pils\u0113tu. Jau kop\u0161 b\u0113rn\u012bbas ar m\u0101kslu &hellip; <a href=\"https:\/\/saulkrastubiblioteka.lv\/index.php\/2022\/09\/05\/kristas-ozolas-makslas-darbu-izstade-biblioteka\/\" class=\"more-link\">Turpin\u0101t las\u012bt<span class=\"screen-reader-text\"> &#8220;Kristas Ozolas m\u0101kslas darbu izst\u0101de bibliot\u0113k\u0101&#8221;<\/span><\/a><\/p>\n","protected":false},"author":1,"featured_media":0,"comment_status":"closed","ping_status":"open","sticky":false,"template":"","format":"standard","meta":{"footnotes":""},"categories":[11,67],"tags":[],"class_list":["post-7450","post","type-post","status-publish","format-standard","hentry","category-izstades","category-makslinieki"],"yoast_head":"<!-- This site is optimized with the Yoast SEO plugin v24.2 - https:\/\/yoast.com\/wordpress\/plugins\/seo\/ -->\n<title>Kristas Ozolas m\u0101kslas darbu izst\u0101de bibliot\u0113k\u0101 - Saulkrastu novada bibliot\u0113ka<\/title>\n<meta name=\"robots\" content=\"index, follow, max-snippet:-1, max-image-preview:large, max-video-preview:-1\" \/>\n<link rel=\"canonical\" href=\"https:\/\/saulkrastubiblioteka.lv\/index.php\/2022\/09\/05\/kristas-ozolas-makslas-darbu-izstade-biblioteka\/\" \/>\n<meta property=\"og:locale\" content=\"lv_LV\" \/>\n<meta property=\"og:type\" content=\"article\" \/>\n<meta property=\"og:title\" content=\"Kristas Ozolas m\u0101kslas darbu izst\u0101de bibliot\u0113k\u0101 - Saulkrastu novada bibliot\u0113ka\" \/>\n<meta property=\"og:description\" content=\"Saulkrastu novada bibliot\u0113kas las\u012btav\u0101 apskat\u0101ms jaunums &#8211; Kristas Ozolas gleznu izst\u0101de ,,Mekl\u0113jot skaisto&#8221;. Visi laipni aicin\u0101ti apmekl\u0113t izst\u0101di!M\u0101ksliniece par sevi: Esmu Krista Ozola, kuru daudzi v\u0113l atceras k\u0101 Kristu L\u012bmani. Lai gan esmu dzimusi R\u012bg\u0101, visa b\u0113rn\u012bba un jaun\u012bba ir pavad\u012bta Saulkrastos, ko tad ar\u012b uzskatu par savu dzimto pils\u0113tu. Jau kop\u0161 b\u0113rn\u012bbas ar m\u0101kslu &hellip; Turpin\u0101t las\u012bt &quot;Kristas Ozolas m\u0101kslas darbu izst\u0101de bibliot\u0113k\u0101&quot;\" \/>\n<meta property=\"og:url\" content=\"https:\/\/saulkrastubiblioteka.lv\/index.php\/2022\/09\/05\/kristas-ozolas-makslas-darbu-izstade-biblioteka\/\" \/>\n<meta property=\"og:site_name\" content=\"Saulkrastu novada bibliot\u0113ka\" \/>\n<meta property=\"article:published_time\" content=\"2022-09-05T09:29:53+00:00\" \/>\n<meta property=\"article:modified_time\" content=\"2022-09-05T09:31:06+00:00\" \/>\n<meta property=\"og:image\" content=\"https:\/\/saulkrastubiblioteka.lv\/wp-content\/uploads\/2022\/09\/Copy-of-Foto-G.Memmena-1024x1024.jpg\" \/>\n<meta name=\"author\" content=\"admin\" \/>\n<meta name=\"twitter:card\" content=\"summary_large_image\" \/>\n<meta name=\"twitter:label1\" content=\"Written by\" \/>\n\t<meta name=\"twitter:data1\" content=\"admin\" \/>\n\t<meta name=\"twitter:label2\" content=\"Est. reading time\" \/>\n\t<meta name=\"twitter:data2\" content=\"2 min\u016btes\" \/>\n<script type=\"application\/ld+json\" class=\"yoast-schema-graph\">{\"@context\":\"https:\/\/schema.org\",\"@graph\":[{\"@type\":\"Article\",\"@id\":\"https:\/\/saulkrastubiblioteka.lv\/index.php\/2022\/09\/05\/kristas-ozolas-makslas-darbu-izstade-biblioteka\/#article\",\"isPartOf\":{\"@id\":\"https:\/\/saulkrastubiblioteka.lv\/index.php\/2022\/09\/05\/kristas-ozolas-makslas-darbu-izstade-biblioteka\/\"},\"author\":{\"name\":\"admin\",\"@id\":\"https:\/\/saulkrastubiblioteka.lv\/#\/schema\/person\/2233277643a53fb60b293d42c1e5f7a2\"},\"headline\":\"Kristas Ozolas m\u0101kslas darbu izst\u0101de bibliot\u0113k\u0101\",\"datePublished\":\"2022-09-05T09:29:53+00:00\",\"dateModified\":\"2022-09-05T09:31:06+00:00\",\"mainEntityOfPage\":{\"@id\":\"https:\/\/saulkrastubiblioteka.lv\/index.php\/2022\/09\/05\/kristas-ozolas-makslas-darbu-izstade-biblioteka\/\"},\"wordCount\":478,\"publisher\":{\"@id\":\"https:\/\/saulkrastubiblioteka.lv\/#organization\"},\"image\":{\"@id\":\"https:\/\/saulkrastubiblioteka.lv\/index.php\/2022\/09\/05\/kristas-ozolas-makslas-darbu-izstade-biblioteka\/#primaryimage\"},\"thumbnailUrl\":\"https:\/\/saulkrastubiblioteka.lv\/wp-content\/uploads\/2022\/09\/Copy-of-Foto-G.Memmena-1024x1024.jpg\",\"articleSection\":[\"Izst\u0101des\",\"M\u0101kslinieki\"],\"inLanguage\":\"lv-LV\"},{\"@type\":\"WebPage\",\"@id\":\"https:\/\/saulkrastubiblioteka.lv\/index.php\/2022\/09\/05\/kristas-ozolas-makslas-darbu-izstade-biblioteka\/\",\"url\":\"https:\/\/saulkrastubiblioteka.lv\/index.php\/2022\/09\/05\/kristas-ozolas-makslas-darbu-izstade-biblioteka\/\",\"name\":\"Kristas Ozolas m\u0101kslas darbu izst\u0101de bibliot\u0113k\u0101 - Saulkrastu novada bibliot\u0113ka\",\"isPartOf\":{\"@id\":\"https:\/\/saulkrastubiblioteka.lv\/#website\"},\"primaryImageOfPage\":{\"@id\":\"https:\/\/saulkrastubiblioteka.lv\/index.php\/2022\/09\/05\/kristas-ozolas-makslas-darbu-izstade-biblioteka\/#primaryimage\"},\"image\":{\"@id\":\"https:\/\/saulkrastubiblioteka.lv\/index.php\/2022\/09\/05\/kristas-ozolas-makslas-darbu-izstade-biblioteka\/#primaryimage\"},\"thumbnailUrl\":\"https:\/\/saulkrastubiblioteka.lv\/wp-content\/uploads\/2022\/09\/Copy-of-Foto-G.Memmena-1024x1024.jpg\",\"datePublished\":\"2022-09-05T09:29:53+00:00\",\"dateModified\":\"2022-09-05T09:31:06+00:00\",\"breadcrumb\":{\"@id\":\"https:\/\/saulkrastubiblioteka.lv\/index.php\/2022\/09\/05\/kristas-ozolas-makslas-darbu-izstade-biblioteka\/#breadcrumb\"},\"inLanguage\":\"lv-LV\",\"potentialAction\":[{\"@type\":\"ReadAction\",\"target\":[\"https:\/\/saulkrastubiblioteka.lv\/index.php\/2022\/09\/05\/kristas-ozolas-makslas-darbu-izstade-biblioteka\/\"]}]},{\"@type\":\"ImageObject\",\"inLanguage\":\"lv-LV\",\"@id\":\"https:\/\/saulkrastubiblioteka.lv\/index.php\/2022\/09\/05\/kristas-ozolas-makslas-darbu-izstade-biblioteka\/#primaryimage\",\"url\":\"https:\/\/saulkrastubiblioteka.lv\/wp-content\/uploads\/2022\/09\/Copy-of-Foto-G.Memmena.jpg\",\"contentUrl\":\"https:\/\/saulkrastubiblioteka.lv\/wp-content\/uploads\/2022\/09\/Copy-of-Foto-G.Memmena.jpg\",\"width\":1080,\"height\":1080},{\"@type\":\"BreadcrumbList\",\"@id\":\"https:\/\/saulkrastubiblioteka.lv\/index.php\/2022\/09\/05\/kristas-ozolas-makslas-darbu-izstade-biblioteka\/#breadcrumb\",\"itemListElement\":[{\"@type\":\"ListItem\",\"position\":1,\"name\":\"Home\",\"item\":\"https:\/\/saulkrastubiblioteka.lv\/\"},{\"@type\":\"ListItem\",\"position\":2,\"name\":\"Kristas Ozolas m\u0101kslas darbu izst\u0101de bibliot\u0113k\u0101\"}]},{\"@type\":\"WebSite\",\"@id\":\"https:\/\/saulkrastubiblioteka.lv\/#website\",\"url\":\"https:\/\/saulkrastubiblioteka.lv\/\",\"name\":\"Saulkrastu novada bibliot\u0113ka\",\"description\":\"Vieta, kur labi pavad\u012bt laiku un pab\u016bt mier\u0101\",\"publisher\":{\"@id\":\"https:\/\/saulkrastubiblioteka.lv\/#organization\"},\"potentialAction\":[{\"@type\":\"SearchAction\",\"target\":{\"@type\":\"EntryPoint\",\"urlTemplate\":\"https:\/\/saulkrastubiblioteka.lv\/?s={search_term_string}\"},\"query-input\":{\"@type\":\"PropertyValueSpecification\",\"valueRequired\":true,\"valueName\":\"search_term_string\"}}],\"inLanguage\":\"lv-LV\"},{\"@type\":\"Organization\",\"@id\":\"https:\/\/saulkrastubiblioteka.lv\/#organization\",\"name\":\"Saulkrastu novada bibliot\u0113ka\",\"url\":\"https:\/\/saulkrastubiblioteka.lv\/\",\"logo\":{\"@type\":\"ImageObject\",\"inLanguage\":\"lv-LV\",\"@id\":\"https:\/\/saulkrastubiblioteka.lv\/#\/schema\/logo\/image\/\",\"url\":\"https:\/\/saulkrastubiblioteka.lv\/wp-content\/uploads\/2021\/01\/cropped-logo.png\",\"contentUrl\":\"https:\/\/saulkrastubiblioteka.lv\/wp-content\/uploads\/2021\/01\/cropped-logo.png\",\"width\":240,\"height\":240,\"caption\":\"Saulkrastu novada bibliot\u0113ka\"},\"image\":{\"@id\":\"https:\/\/saulkrastubiblioteka.lv\/#\/schema\/logo\/image\/\"}},{\"@type\":\"Person\",\"@id\":\"https:\/\/saulkrastubiblioteka.lv\/#\/schema\/person\/2233277643a53fb60b293d42c1e5f7a2\",\"name\":\"admin\",\"image\":{\"@type\":\"ImageObject\",\"inLanguage\":\"lv-LV\",\"@id\":\"https:\/\/saulkrastubiblioteka.lv\/#\/schema\/person\/image\/\",\"url\":\"https:\/\/secure.gravatar.com\/avatar\/a5ad3f68569c7df813ab9387f6d30b65?s=96&d=mm&r=g\",\"contentUrl\":\"https:\/\/secure.gravatar.com\/avatar\/a5ad3f68569c7df813ab9387f6d30b65?s=96&d=mm&r=g\",\"caption\":\"admin\"},\"url\":\"https:\/\/saulkrastubiblioteka.lv\/index.php\/author\/info_xjq16vdi\/\"}]}<\/script>\n<!-- \/ Yoast SEO plugin. -->","yoast_head_json":{"title":"Kristas Ozolas m\u0101kslas darbu izst\u0101de bibliot\u0113k\u0101 - Saulkrastu novada bibliot\u0113ka","robots":{"index":"index","follow":"follow","max-snippet":"max-snippet:-1","max-image-preview":"max-image-preview:large","max-video-preview":"max-video-preview:-1"},"canonical":"https:\/\/saulkrastubiblioteka.lv\/index.php\/2022\/09\/05\/kristas-ozolas-makslas-darbu-izstade-biblioteka\/","og_locale":"lv_LV","og_type":"article","og_title":"Kristas Ozolas m\u0101kslas darbu izst\u0101de bibliot\u0113k\u0101 - Saulkrastu novada bibliot\u0113ka","og_description":"Saulkrastu novada bibliot\u0113kas las\u012btav\u0101 apskat\u0101ms jaunums &#8211; Kristas Ozolas gleznu izst\u0101de ,,Mekl\u0113jot skaisto&#8221;. Visi laipni aicin\u0101ti apmekl\u0113t izst\u0101di!M\u0101ksliniece par sevi: Esmu Krista Ozola, kuru daudzi v\u0113l atceras k\u0101 Kristu L\u012bmani. Lai gan esmu dzimusi R\u012bg\u0101, visa b\u0113rn\u012bba un jaun\u012bba ir pavad\u012bta Saulkrastos, ko tad ar\u012b uzskatu par savu dzimto pils\u0113tu. Jau kop\u0161 b\u0113rn\u012bbas ar m\u0101kslu &hellip; Turpin\u0101t las\u012bt \"Kristas Ozolas m\u0101kslas darbu izst\u0101de bibliot\u0113k\u0101\"","og_url":"https:\/\/saulkrastubiblioteka.lv\/index.php\/2022\/09\/05\/kristas-ozolas-makslas-darbu-izstade-biblioteka\/","og_site_name":"Saulkrastu novada bibliot\u0113ka","article_published_time":"2022-09-05T09:29:53+00:00","article_modified_time":"2022-09-05T09:31:06+00:00","og_image":[{"url":"https:\/\/saulkrastubiblioteka.lv\/wp-content\/uploads\/2022\/09\/Copy-of-Foto-G.Memmena-1024x1024.jpg","type":"","width":"","height":""}],"author":"admin","twitter_card":"summary_large_image","twitter_misc":{"Written by":"admin","Est. reading time":"2 min\u016btes"},"schema":{"@context":"https:\/\/schema.org","@graph":[{"@type":"Article","@id":"https:\/\/saulkrastubiblioteka.lv\/index.php\/2022\/09\/05\/kristas-ozolas-makslas-darbu-izstade-biblioteka\/#article","isPartOf":{"@id":"https:\/\/saulkrastubiblioteka.lv\/index.php\/2022\/09\/05\/kristas-ozolas-makslas-darbu-izstade-biblioteka\/"},"author":{"name":"admin","@id":"https:\/\/saulkrastubiblioteka.lv\/#\/schema\/person\/2233277643a53fb60b293d42c1e5f7a2"},"headline":"Kristas Ozolas m\u0101kslas darbu izst\u0101de bibliot\u0113k\u0101","datePublished":"2022-09-05T09:29:53+00:00","dateModified":"2022-09-05T09:31:06+00:00","mainEntityOfPage":{"@id":"https:\/\/saulkrastubiblioteka.lv\/index.php\/2022\/09\/05\/kristas-ozolas-makslas-darbu-izstade-biblioteka\/"},"wordCount":478,"publisher":{"@id":"https:\/\/saulkrastubiblioteka.lv\/#organization"},"image":{"@id":"https:\/\/saulkrastubiblioteka.lv\/index.php\/2022\/09\/05\/kristas-ozolas-makslas-darbu-izstade-biblioteka\/#primaryimage"},"thumbnailUrl":"https:\/\/saulkrastubiblioteka.lv\/wp-content\/uploads\/2022\/09\/Copy-of-Foto-G.Memmena-1024x1024.jpg","articleSection":["Izst\u0101des","M\u0101kslinieki"],"inLanguage":"lv-LV"},{"@type":"WebPage","@id":"https:\/\/saulkrastubiblioteka.lv\/index.php\/2022\/09\/05\/kristas-ozolas-makslas-darbu-izstade-biblioteka\/","url":"https:\/\/saulkrastubiblioteka.lv\/index.php\/2022\/09\/05\/kristas-ozolas-makslas-darbu-izstade-biblioteka\/","name":"Kristas Ozolas m\u0101kslas darbu izst\u0101de bibliot\u0113k\u0101 - Saulkrastu novada bibliot\u0113ka","isPartOf":{"@id":"https:\/\/saulkrastubiblioteka.lv\/#website"},"primaryImageOfPage":{"@id":"https:\/\/saulkrastubiblioteka.lv\/index.php\/2022\/09\/05\/kristas-ozolas-makslas-darbu-izstade-biblioteka\/#primaryimage"},"image":{"@id":"https:\/\/saulkrastubiblioteka.lv\/index.php\/2022\/09\/05\/kristas-ozolas-makslas-darbu-izstade-biblioteka\/#primaryimage"},"thumbnailUrl":"https:\/\/saulkrastubiblioteka.lv\/wp-content\/uploads\/2022\/09\/Copy-of-Foto-G.Memmena-1024x1024.jpg","datePublished":"2022-09-05T09:29:53+00:00","dateModified":"2022-09-05T09:31:06+00:00","breadcrumb":{"@id":"https:\/\/saulkrastubiblioteka.lv\/index.php\/2022\/09\/05\/kristas-ozolas-makslas-darbu-izstade-biblioteka\/#breadcrumb"},"inLanguage":"lv-LV","potentialAction":[{"@type":"ReadAction","target":["https:\/\/saulkrastubiblioteka.lv\/index.php\/2022\/09\/05\/kristas-ozolas-makslas-darbu-izstade-biblioteka\/"]}]},{"@type":"ImageObject","inLanguage":"lv-LV","@id":"https:\/\/saulkrastubiblioteka.lv\/index.php\/2022\/09\/05\/kristas-ozolas-makslas-darbu-izstade-biblioteka\/#primaryimage","url":"https:\/\/saulkrastubiblioteka.lv\/wp-content\/uploads\/2022\/09\/Copy-of-Foto-G.Memmena.jpg","contentUrl":"https:\/\/saulkrastubiblioteka.lv\/wp-content\/uploads\/2022\/09\/Copy-of-Foto-G.Memmena.jpg","width":1080,"height":1080},{"@type":"BreadcrumbList","@id":"https:\/\/saulkrastubiblioteka.lv\/index.php\/2022\/09\/05\/kristas-ozolas-makslas-darbu-izstade-biblioteka\/#breadcrumb","itemListElement":[{"@type":"ListItem","position":1,"name":"Home","item":"https:\/\/saulkrastubiblioteka.lv\/"},{"@type":"ListItem","position":2,"name":"Kristas Ozolas m\u0101kslas darbu izst\u0101de bibliot\u0113k\u0101"}]},{"@type":"WebSite","@id":"https:\/\/saulkrastubiblioteka.lv\/#website","url":"https:\/\/saulkrastubiblioteka.lv\/","name":"Saulkrastu novada bibliot\u0113ka","description":"Vieta, kur labi pavad\u012bt laiku un pab\u016bt mier\u0101","publisher":{"@id":"https:\/\/saulkrastubiblioteka.lv\/#organization"},"potentialAction":[{"@type":"SearchAction","target":{"@type":"EntryPoint","urlTemplate":"https:\/\/saulkrastubiblioteka.lv\/?s={search_term_string}"},"query-input":{"@type":"PropertyValueSpecification","valueRequired":true,"valueName":"search_term_string"}}],"inLanguage":"lv-LV"},{"@type":"Organization","@id":"https:\/\/saulkrastubiblioteka.lv\/#organization","name":"Saulkrastu novada bibliot\u0113ka","url":"https:\/\/saulkrastubiblioteka.lv\/","logo":{"@type":"ImageObject","inLanguage":"lv-LV","@id":"https:\/\/saulkrastubiblioteka.lv\/#\/schema\/logo\/image\/","url":"https:\/\/saulkrastubiblioteka.lv\/wp-content\/uploads\/2021\/01\/cropped-logo.png","contentUrl":"https:\/\/saulkrastubiblioteka.lv\/wp-content\/uploads\/2021\/01\/cropped-logo.png","width":240,"height":240,"caption":"Saulkrastu novada bibliot\u0113ka"},"image":{"@id":"https:\/\/saulkrastubiblioteka.lv\/#\/schema\/logo\/image\/"}},{"@type":"Person","@id":"https:\/\/saulkrastubiblioteka.lv\/#\/schema\/person\/2233277643a53fb60b293d42c1e5f7a2","name":"admin","image":{"@type":"ImageObject","inLanguage":"lv-LV","@id":"https:\/\/saulkrastubiblioteka.lv\/#\/schema\/person\/image\/","url":"https:\/\/secure.gravatar.com\/avatar\/a5ad3f68569c7df813ab9387f6d30b65?s=96&d=mm&r=g","contentUrl":"https:\/\/secure.gravatar.com\/avatar\/a5ad3f68569c7df813ab9387f6d30b65?s=96&d=mm&r=g","caption":"admin"},"url":"https:\/\/saulkrastubiblioteka.lv\/index.php\/author\/info_xjq16vdi\/"}]}},"_links":{"self":[{"href":"https:\/\/saulkrastubiblioteka.lv\/index.php\/wp-json\/wp\/v2\/posts\/7450","targetHints":{"allow":["GET"]}}],"collection":[{"href":"https:\/\/saulkrastubiblioteka.lv\/index.php\/wp-json\/wp\/v2\/posts"}],"about":[{"href":"https:\/\/saulkrastubiblioteka.lv\/index.php\/wp-json\/wp\/v2\/types\/post"}],"author":[{"embeddable":true,"href":"https:\/\/saulkrastubiblioteka.lv\/index.php\/wp-json\/wp\/v2\/users\/1"}],"replies":[{"embeddable":true,"href":"https:\/\/saulkrastubiblioteka.lv\/index.php\/wp-json\/wp\/v2\/comments?post=7450"}],"version-history":[{"count":3,"href":"https:\/\/saulkrastubiblioteka.lv\/index.php\/wp-json\/wp\/v2\/posts\/7450\/revisions"}],"predecessor-version":[{"id":7454,"href":"https:\/\/saulkrastubiblioteka.lv\/index.php\/wp-json\/wp\/v2\/posts\/7450\/revisions\/7454"}],"wp:attachment":[{"href":"https:\/\/saulkrastubiblioteka.lv\/index.php\/wp-json\/wp\/v2\/media?parent=7450"}],"wp:term":[{"taxonomy":"category","embeddable":true,"href":"https:\/\/saulkrastubiblioteka.lv\/index.php\/wp-json\/wp\/v2\/categories?post=7450"},{"taxonomy":"post_tag","embeddable":true,"href":"https:\/\/saulkrastubiblioteka.lv\/index.php\/wp-json\/wp\/v2\/tags?post=7450"}],"curies":[{"name":"wp","href":"https:\/\/api.w.org\/{rel}","templated":true}]}}