{"id":737,"date":"2018-07-03T06:56:49","date_gmt":"2018-07-03T06:56:49","guid":{"rendered":"https:\/\/saulkrastubiblioteka.lv\/?p=737"},"modified":"2018-07-17T07:06:07","modified_gmt":"2018-07-17T07:06:07","slug":"biblioteka-sanem-edgara-aizstrauta-atminu-krajumu-pirma-kilometra","status":"publish","type":"post","link":"https:\/\/saulkrastubiblioteka.lv\/index.php\/2018\/07\/03\/biblioteka-sanem-edgara-aizstrauta-atminu-krajumu-pirma-kilometra\/","title":{"rendered":"Bibliot\u0113k\u0101 sa\u0146emts Edgara Aizstrauta atmi\u0146u kr\u0101jums &#8220;Pirm\u0101 kilometr\u0101&#8221;"},"content":{"rendered":"<p><img loading=\"lazy\" decoding=\"async\" class=\"alignnone wp-image-738 size-medium\" src=\"https:\/\/saulkrastubiblioteka.lv\/wp-content\/uploads\/2018\/07\/vaks_pirma_kilometra-259x300.jpg\" alt=\"\" width=\"259\" height=\"300\" srcset=\"https:\/\/saulkrastubiblioteka.lv\/wp-content\/uploads\/2018\/07\/vaks_pirma_kilometra-259x300.jpg 259w, https:\/\/saulkrastubiblioteka.lv\/wp-content\/uploads\/2018\/07\/vaks_pirma_kilometra-768x888.jpg 768w, https:\/\/saulkrastubiblioteka.lv\/wp-content\/uploads\/2018\/07\/vaks_pirma_kilometra.jpg 788w\" sizes=\"auto, (max-width: 259px) 85vw, 259px\" \/><\/p>\n<p>Mazb\u0113rniem velt\u012btie atmi\u0146u pieraksti, kurus papildina autora z\u012bm\u0113jumi, v\u0113st\u012b par piedz\u012bvoto filtr\u0101cijas nometn\u0113 Vorkut\u0101 1945.\u20131946. gad\u0101. Sagaidot Latvijas valsts simtgadi un pieminot pa\u0161a E. Aizstrauta simto dzim\u0161anas dienu, autora \u0123imene izl\u0113musi izdot atmi\u0146u kr\u0101jumu. Gr\u0101mata uzd\u0101vin\u0101ta Saulkrastu novada bibliot\u0113kai un t\u0101 pieejama las\u012bt\u0101jiem.<!--more--><\/p>\n<p>L\u012bdz\u012bgi atmi\u0146u st\u0101sti ir gandr\u012bz katr\u0101 dzimt\u0101, tostarp Aizstrautu<span class=\"text_exposed_show\"> \u0123imen\u0113. E. Aizstrauts bija padomju ieslodz\u012bjuma nometn\u0113 Vorkut\u0101 \u2013 vair\u0101k nek\u0101 2000 km att\u0101lum\u0101 no dzimt\u0101s Slokas. Kam\u0113r cit\u0101s \u0123imen\u0113s komunistisk\u0101 re\u017e\u012bma upuri izv\u0113l\u0113ju\u0161ies par \u0161ai laik\u0101 piedz\u012bvoto nerun\u0101t, E. Aizstrauts p\u0113c atgrie\u0161an\u0101s pierakst\u012bja savas atmi\u0146as un p\u0101rdomas, papildin\u0101ja t\u0101s ar aspr\u0101t\u012bgiem z\u012bm\u0113jumiem. Vi\u0146\u0161 dal\u012bj\u0101s savos atmi\u0146u st\u0101stos ar pieder\u012bgajiem un draugiem, jo tic\u0113ja, ka tikai neaizmirstot savu pag\u0101tni, m\u0113s varam main\u012bt n\u0101kotni. Gr\u0101mat\u0101 iek\u013cauts ne tikai filtr\u0101cijas nometnes dz\u012bves apst\u0101k\u013cu un ikdienas rut\u012bnas apraksts, bet ar\u012b tolaik aptuveni 28 gadus veca v\u012brie\u0161a p\u0101rdomas par dz\u012bves j\u0113gu un v\u0113rt\u012bb\u0101m. Autors vair\u0101kk\u0101rt las\u012bt\u0101jam ilustr\u0113, ka zin\u0101\u0161anas un prasmes ir vien\u012bgais, ko cilv\u0113kam nevar at\u0146emt, un izdz\u012bvot pal\u012bdz sp\u0113ja t\u0101s rado\u0161i izmantot \u012bstaj\u0101 br\u012bd\u012b.<\/span><\/p>\n","protected":false},"excerpt":{"rendered":"<p>Mazb\u0113rniem velt\u012btie atmi\u0146u pieraksti, kurus papildina autora z\u012bm\u0113jumi, v\u0113st\u012b par piedz\u012bvoto filtr\u0101cijas nometn\u0113 Vorkut\u0101 1945.\u20131946. gad\u0101. Sagaidot Latvijas valsts simtgadi un pieminot pa\u0161a E. Aizstrauta simto dzim\u0161anas dienu, autora \u0123imene izl\u0113musi izdot atmi\u0146u kr\u0101jumu. Gr\u0101mata uzd\u0101vin\u0101ta Saulkrastu novada bibliot\u0113kai un t\u0101 pieejama las\u012bt\u0101jiem.<\/p>\n","protected":false},"author":1,"featured_media":0,"comment_status":"closed","ping_status":"open","sticky":false,"template":"","format":"standard","meta":{"footnotes":""},"categories":[31],"tags":[],"class_list":["post-737","post","type-post","status-publish","format-standard","hentry","category-gramatas"],"yoast_head":"<!-- This site is optimized with the Yoast SEO plugin v24.2 - https:\/\/yoast.com\/wordpress\/plugins\/seo\/ -->\n<title>Bibliot\u0113k\u0101 sa\u0146emts Edgara Aizstrauta atmi\u0146u kr\u0101jums &quot;Pirm\u0101 kilometr\u0101&quot; - Saulkrastu novada bibliot\u0113ka<\/title>\n<meta name=\"robots\" content=\"index, follow, max-snippet:-1, max-image-preview:large, max-video-preview:-1\" \/>\n<link rel=\"canonical\" href=\"https:\/\/saulkrastubiblioteka.lv\/index.php\/2018\/07\/03\/biblioteka-sanem-edgara-aizstrauta-atminu-krajumu-pirma-kilometra\/\" \/>\n<meta property=\"og:locale\" content=\"lv_LV\" \/>\n<meta property=\"og:type\" content=\"article\" \/>\n<meta property=\"og:title\" content=\"Bibliot\u0113k\u0101 sa\u0146emts Edgara Aizstrauta atmi\u0146u kr\u0101jums &quot;Pirm\u0101 kilometr\u0101&quot; - Saulkrastu novada bibliot\u0113ka\" \/>\n<meta property=\"og:description\" content=\"Mazb\u0113rniem velt\u012btie atmi\u0146u pieraksti, kurus papildina autora z\u012bm\u0113jumi, v\u0113st\u012b par piedz\u012bvoto filtr\u0101cijas nometn\u0113 Vorkut\u0101 1945.\u20131946. gad\u0101. Sagaidot Latvijas valsts simtgadi un pieminot pa\u0161a E. Aizstrauta simto dzim\u0161anas dienu, autora \u0123imene izl\u0113musi izdot atmi\u0146u kr\u0101jumu. Gr\u0101mata uzd\u0101vin\u0101ta Saulkrastu novada bibliot\u0113kai un t\u0101 pieejama las\u012bt\u0101jiem.\" \/>\n<meta property=\"og:url\" content=\"https:\/\/saulkrastubiblioteka.lv\/index.php\/2018\/07\/03\/biblioteka-sanem-edgara-aizstrauta-atminu-krajumu-pirma-kilometra\/\" \/>\n<meta property=\"og:site_name\" content=\"Saulkrastu novada bibliot\u0113ka\" \/>\n<meta property=\"article:published_time\" content=\"2018-07-03T06:56:49+00:00\" \/>\n<meta property=\"article:modified_time\" content=\"2018-07-17T07:06:07+00:00\" \/>\n<meta property=\"og:image\" content=\"https:\/\/saulkrastubiblioteka.lv\/wp-content\/uploads\/2018\/07\/vaks_pirma_kilometra-259x300.jpg\" \/>\n<meta name=\"author\" content=\"admin\" \/>\n<meta name=\"twitter:card\" content=\"summary_large_image\" \/>\n<meta name=\"twitter:label1\" content=\"Written by\" \/>\n\t<meta name=\"twitter:data1\" content=\"admin\" \/>\n\t<meta name=\"twitter:label2\" content=\"Est. reading time\" \/>\n\t<meta name=\"twitter:data2\" content=\"1 min\u016bte\" \/>\n<script type=\"application\/ld+json\" class=\"yoast-schema-graph\">{\"@context\":\"https:\/\/schema.org\",\"@graph\":[{\"@type\":\"Article\",\"@id\":\"https:\/\/saulkrastubiblioteka.lv\/index.php\/2018\/07\/03\/biblioteka-sanem-edgara-aizstrauta-atminu-krajumu-pirma-kilometra\/#article\",\"isPartOf\":{\"@id\":\"https:\/\/saulkrastubiblioteka.lv\/index.php\/2018\/07\/03\/biblioteka-sanem-edgara-aizstrauta-atminu-krajumu-pirma-kilometra\/\"},\"author\":{\"name\":\"admin\",\"@id\":\"https:\/\/saulkrastubiblioteka.lv\/#\/schema\/person\/2233277643a53fb60b293d42c1e5f7a2\"},\"headline\":\"Bibliot\u0113k\u0101 sa\u0146emts Edgara Aizstrauta atmi\u0146u kr\u0101jums &#8220;Pirm\u0101 kilometr\u0101&#8221;\",\"datePublished\":\"2018-07-03T06:56:49+00:00\",\"dateModified\":\"2018-07-17T07:06:07+00:00\",\"mainEntityOfPage\":{\"@id\":\"https:\/\/saulkrastubiblioteka.lv\/index.php\/2018\/07\/03\/biblioteka-sanem-edgara-aizstrauta-atminu-krajumu-pirma-kilometra\/\"},\"wordCount\":260,\"publisher\":{\"@id\":\"https:\/\/saulkrastubiblioteka.lv\/#organization\"},\"image\":{\"@id\":\"https:\/\/saulkrastubiblioteka.lv\/index.php\/2018\/07\/03\/biblioteka-sanem-edgara-aizstrauta-atminu-krajumu-pirma-kilometra\/#primaryimage\"},\"thumbnailUrl\":\"https:\/\/saulkrastubiblioteka.lv\/wp-content\/uploads\/2018\/07\/vaks_pirma_kilometra-259x300.jpg\",\"articleSection\":[\"Gr\u0101matas\"],\"inLanguage\":\"lv-LV\"},{\"@type\":\"WebPage\",\"@id\":\"https:\/\/saulkrastubiblioteka.lv\/index.php\/2018\/07\/03\/biblioteka-sanem-edgara-aizstrauta-atminu-krajumu-pirma-kilometra\/\",\"url\":\"https:\/\/saulkrastubiblioteka.lv\/index.php\/2018\/07\/03\/biblioteka-sanem-edgara-aizstrauta-atminu-krajumu-pirma-kilometra\/\",\"name\":\"Bibliot\u0113k\u0101 sa\u0146emts Edgara Aizstrauta atmi\u0146u kr\u0101jums \\\"Pirm\u0101 kilometr\u0101\\\" - Saulkrastu novada bibliot\u0113ka\",\"isPartOf\":{\"@id\":\"https:\/\/saulkrastubiblioteka.lv\/#website\"},\"primaryImageOfPage\":{\"@id\":\"https:\/\/saulkrastubiblioteka.lv\/index.php\/2018\/07\/03\/biblioteka-sanem-edgara-aizstrauta-atminu-krajumu-pirma-kilometra\/#primaryimage\"},\"image\":{\"@id\":\"https:\/\/saulkrastubiblioteka.lv\/index.php\/2018\/07\/03\/biblioteka-sanem-edgara-aizstrauta-atminu-krajumu-pirma-kilometra\/#primaryimage\"},\"thumbnailUrl\":\"https:\/\/saulkrastubiblioteka.lv\/wp-content\/uploads\/2018\/07\/vaks_pirma_kilometra-259x300.jpg\",\"datePublished\":\"2018-07-03T06:56:49+00:00\",\"dateModified\":\"2018-07-17T07:06:07+00:00\",\"breadcrumb\":{\"@id\":\"https:\/\/saulkrastubiblioteka.lv\/index.php\/2018\/07\/03\/biblioteka-sanem-edgara-aizstrauta-atminu-krajumu-pirma-kilometra\/#breadcrumb\"},\"inLanguage\":\"lv-LV\",\"potentialAction\":[{\"@type\":\"ReadAction\",\"target\":[\"https:\/\/saulkrastubiblioteka.lv\/index.php\/2018\/07\/03\/biblioteka-sanem-edgara-aizstrauta-atminu-krajumu-pirma-kilometra\/\"]}]},{\"@type\":\"ImageObject\",\"inLanguage\":\"lv-LV\",\"@id\":\"https:\/\/saulkrastubiblioteka.lv\/index.php\/2018\/07\/03\/biblioteka-sanem-edgara-aizstrauta-atminu-krajumu-pirma-kilometra\/#primaryimage\",\"url\":\"https:\/\/saulkrastubiblioteka.lv\/wp-content\/uploads\/2018\/07\/vaks_pirma_kilometra.jpg\",\"contentUrl\":\"https:\/\/saulkrastubiblioteka.lv\/wp-content\/uploads\/2018\/07\/vaks_pirma_kilometra.jpg\",\"width\":788,\"height\":911},{\"@type\":\"BreadcrumbList\",\"@id\":\"https:\/\/saulkrastubiblioteka.lv\/index.php\/2018\/07\/03\/biblioteka-sanem-edgara-aizstrauta-atminu-krajumu-pirma-kilometra\/#breadcrumb\",\"itemListElement\":[{\"@type\":\"ListItem\",\"position\":1,\"name\":\"Home\",\"item\":\"https:\/\/saulkrastubiblioteka.lv\/\"},{\"@type\":\"ListItem\",\"position\":2,\"name\":\"Bibliot\u0113k\u0101 sa\u0146emts Edgara Aizstrauta atmi\u0146u kr\u0101jums &#8220;Pirm\u0101 kilometr\u0101&#8221;\"}]},{\"@type\":\"WebSite\",\"@id\":\"https:\/\/saulkrastubiblioteka.lv\/#website\",\"url\":\"https:\/\/saulkrastubiblioteka.lv\/\",\"name\":\"Saulkrastu novada bibliot\u0113ka\",\"description\":\"Vieta, kur labi pavad\u012bt laiku un pab\u016bt mier\u0101\",\"publisher\":{\"@id\":\"https:\/\/saulkrastubiblioteka.lv\/#organization\"},\"potentialAction\":[{\"@type\":\"SearchAction\",\"target\":{\"@type\":\"EntryPoint\",\"urlTemplate\":\"https:\/\/saulkrastubiblioteka.lv\/?s={search_term_string}\"},\"query-input\":{\"@type\":\"PropertyValueSpecification\",\"valueRequired\":true,\"valueName\":\"search_term_string\"}}],\"inLanguage\":\"lv-LV\"},{\"@type\":\"Organization\",\"@id\":\"https:\/\/saulkrastubiblioteka.lv\/#organization\",\"name\":\"Saulkrastu novada bibliot\u0113ka\",\"url\":\"https:\/\/saulkrastubiblioteka.lv\/\",\"logo\":{\"@type\":\"ImageObject\",\"inLanguage\":\"lv-LV\",\"@id\":\"https:\/\/saulkrastubiblioteka.lv\/#\/schema\/logo\/image\/\",\"url\":\"https:\/\/saulkrastubiblioteka.lv\/wp-content\/uploads\/2021\/01\/cropped-logo.png\",\"contentUrl\":\"https:\/\/saulkrastubiblioteka.lv\/wp-content\/uploads\/2021\/01\/cropped-logo.png\",\"width\":240,\"height\":240,\"caption\":\"Saulkrastu novada bibliot\u0113ka\"},\"image\":{\"@id\":\"https:\/\/saulkrastubiblioteka.lv\/#\/schema\/logo\/image\/\"}},{\"@type\":\"Person\",\"@id\":\"https:\/\/saulkrastubiblioteka.lv\/#\/schema\/person\/2233277643a53fb60b293d42c1e5f7a2\",\"name\":\"admin\",\"image\":{\"@type\":\"ImageObject\",\"inLanguage\":\"lv-LV\",\"@id\":\"https:\/\/saulkrastubiblioteka.lv\/#\/schema\/person\/image\/\",\"url\":\"https:\/\/secure.gravatar.com\/avatar\/a5ad3f68569c7df813ab9387f6d30b65?s=96&d=mm&r=g\",\"contentUrl\":\"https:\/\/secure.gravatar.com\/avatar\/a5ad3f68569c7df813ab9387f6d30b65?s=96&d=mm&r=g\",\"caption\":\"admin\"},\"url\":\"https:\/\/saulkrastubiblioteka.lv\/index.php\/author\/info_xjq16vdi\/\"}]}<\/script>\n<!-- \/ Yoast SEO plugin. -->","yoast_head_json":{"title":"Bibliot\u0113k\u0101 sa\u0146emts Edgara Aizstrauta atmi\u0146u kr\u0101jums \"Pirm\u0101 kilometr\u0101\" - Saulkrastu novada bibliot\u0113ka","robots":{"index":"index","follow":"follow","max-snippet":"max-snippet:-1","max-image-preview":"max-image-preview:large","max-video-preview":"max-video-preview:-1"},"canonical":"https:\/\/saulkrastubiblioteka.lv\/index.php\/2018\/07\/03\/biblioteka-sanem-edgara-aizstrauta-atminu-krajumu-pirma-kilometra\/","og_locale":"lv_LV","og_type":"article","og_title":"Bibliot\u0113k\u0101 sa\u0146emts Edgara Aizstrauta atmi\u0146u kr\u0101jums \"Pirm\u0101 kilometr\u0101\" - Saulkrastu novada bibliot\u0113ka","og_description":"Mazb\u0113rniem velt\u012btie atmi\u0146u pieraksti, kurus papildina autora z\u012bm\u0113jumi, v\u0113st\u012b par piedz\u012bvoto filtr\u0101cijas nometn\u0113 Vorkut\u0101 1945.\u20131946. gad\u0101. Sagaidot Latvijas valsts simtgadi un pieminot pa\u0161a E. Aizstrauta simto dzim\u0161anas dienu, autora \u0123imene izl\u0113musi izdot atmi\u0146u kr\u0101jumu. Gr\u0101mata uzd\u0101vin\u0101ta Saulkrastu novada bibliot\u0113kai un t\u0101 pieejama las\u012bt\u0101jiem.","og_url":"https:\/\/saulkrastubiblioteka.lv\/index.php\/2018\/07\/03\/biblioteka-sanem-edgara-aizstrauta-atminu-krajumu-pirma-kilometra\/","og_site_name":"Saulkrastu novada bibliot\u0113ka","article_published_time":"2018-07-03T06:56:49+00:00","article_modified_time":"2018-07-17T07:06:07+00:00","og_image":[{"url":"https:\/\/saulkrastubiblioteka.lv\/wp-content\/uploads\/2018\/07\/vaks_pirma_kilometra-259x300.jpg","type":"","width":"","height":""}],"author":"admin","twitter_card":"summary_large_image","twitter_misc":{"Written by":"admin","Est. reading time":"1 min\u016bte"},"schema":{"@context":"https:\/\/schema.org","@graph":[{"@type":"Article","@id":"https:\/\/saulkrastubiblioteka.lv\/index.php\/2018\/07\/03\/biblioteka-sanem-edgara-aizstrauta-atminu-krajumu-pirma-kilometra\/#article","isPartOf":{"@id":"https:\/\/saulkrastubiblioteka.lv\/index.php\/2018\/07\/03\/biblioteka-sanem-edgara-aizstrauta-atminu-krajumu-pirma-kilometra\/"},"author":{"name":"admin","@id":"https:\/\/saulkrastubiblioteka.lv\/#\/schema\/person\/2233277643a53fb60b293d42c1e5f7a2"},"headline":"Bibliot\u0113k\u0101 sa\u0146emts Edgara Aizstrauta atmi\u0146u kr\u0101jums &#8220;Pirm\u0101 kilometr\u0101&#8221;","datePublished":"2018-07-03T06:56:49+00:00","dateModified":"2018-07-17T07:06:07+00:00","mainEntityOfPage":{"@id":"https:\/\/saulkrastubiblioteka.lv\/index.php\/2018\/07\/03\/biblioteka-sanem-edgara-aizstrauta-atminu-krajumu-pirma-kilometra\/"},"wordCount":260,"publisher":{"@id":"https:\/\/saulkrastubiblioteka.lv\/#organization"},"image":{"@id":"https:\/\/saulkrastubiblioteka.lv\/index.php\/2018\/07\/03\/biblioteka-sanem-edgara-aizstrauta-atminu-krajumu-pirma-kilometra\/#primaryimage"},"thumbnailUrl":"https:\/\/saulkrastubiblioteka.lv\/wp-content\/uploads\/2018\/07\/vaks_pirma_kilometra-259x300.jpg","articleSection":["Gr\u0101matas"],"inLanguage":"lv-LV"},{"@type":"WebPage","@id":"https:\/\/saulkrastubiblioteka.lv\/index.php\/2018\/07\/03\/biblioteka-sanem-edgara-aizstrauta-atminu-krajumu-pirma-kilometra\/","url":"https:\/\/saulkrastubiblioteka.lv\/index.php\/2018\/07\/03\/biblioteka-sanem-edgara-aizstrauta-atminu-krajumu-pirma-kilometra\/","name":"Bibliot\u0113k\u0101 sa\u0146emts Edgara Aizstrauta atmi\u0146u kr\u0101jums \"Pirm\u0101 kilometr\u0101\" - Saulkrastu novada bibliot\u0113ka","isPartOf":{"@id":"https:\/\/saulkrastubiblioteka.lv\/#website"},"primaryImageOfPage":{"@id":"https:\/\/saulkrastubiblioteka.lv\/index.php\/2018\/07\/03\/biblioteka-sanem-edgara-aizstrauta-atminu-krajumu-pirma-kilometra\/#primaryimage"},"image":{"@id":"https:\/\/saulkrastubiblioteka.lv\/index.php\/2018\/07\/03\/biblioteka-sanem-edgara-aizstrauta-atminu-krajumu-pirma-kilometra\/#primaryimage"},"thumbnailUrl":"https:\/\/saulkrastubiblioteka.lv\/wp-content\/uploads\/2018\/07\/vaks_pirma_kilometra-259x300.jpg","datePublished":"2018-07-03T06:56:49+00:00","dateModified":"2018-07-17T07:06:07+00:00","breadcrumb":{"@id":"https:\/\/saulkrastubiblioteka.lv\/index.php\/2018\/07\/03\/biblioteka-sanem-edgara-aizstrauta-atminu-krajumu-pirma-kilometra\/#breadcrumb"},"inLanguage":"lv-LV","potentialAction":[{"@type":"ReadAction","target":["https:\/\/saulkrastubiblioteka.lv\/index.php\/2018\/07\/03\/biblioteka-sanem-edgara-aizstrauta-atminu-krajumu-pirma-kilometra\/"]}]},{"@type":"ImageObject","inLanguage":"lv-LV","@id":"https:\/\/saulkrastubiblioteka.lv\/index.php\/2018\/07\/03\/biblioteka-sanem-edgara-aizstrauta-atminu-krajumu-pirma-kilometra\/#primaryimage","url":"https:\/\/saulkrastubiblioteka.lv\/wp-content\/uploads\/2018\/07\/vaks_pirma_kilometra.jpg","contentUrl":"https:\/\/saulkrastubiblioteka.lv\/wp-content\/uploads\/2018\/07\/vaks_pirma_kilometra.jpg","width":788,"height":911},{"@type":"BreadcrumbList","@id":"https:\/\/saulkrastubiblioteka.lv\/index.php\/2018\/07\/03\/biblioteka-sanem-edgara-aizstrauta-atminu-krajumu-pirma-kilometra\/#breadcrumb","itemListElement":[{"@type":"ListItem","position":1,"name":"Home","item":"https:\/\/saulkrastubiblioteka.lv\/"},{"@type":"ListItem","position":2,"name":"Bibliot\u0113k\u0101 sa\u0146emts Edgara Aizstrauta atmi\u0146u kr\u0101jums &#8220;Pirm\u0101 kilometr\u0101&#8221;"}]},{"@type":"WebSite","@id":"https:\/\/saulkrastubiblioteka.lv\/#website","url":"https:\/\/saulkrastubiblioteka.lv\/","name":"Saulkrastu novada bibliot\u0113ka","description":"Vieta, kur labi pavad\u012bt laiku un pab\u016bt mier\u0101","publisher":{"@id":"https:\/\/saulkrastubiblioteka.lv\/#organization"},"potentialAction":[{"@type":"SearchAction","target":{"@type":"EntryPoint","urlTemplate":"https:\/\/saulkrastubiblioteka.lv\/?s={search_term_string}"},"query-input":{"@type":"PropertyValueSpecification","valueRequired":true,"valueName":"search_term_string"}}],"inLanguage":"lv-LV"},{"@type":"Organization","@id":"https:\/\/saulkrastubiblioteka.lv\/#organization","name":"Saulkrastu novada bibliot\u0113ka","url":"https:\/\/saulkrastubiblioteka.lv\/","logo":{"@type":"ImageObject","inLanguage":"lv-LV","@id":"https:\/\/saulkrastubiblioteka.lv\/#\/schema\/logo\/image\/","url":"https:\/\/saulkrastubiblioteka.lv\/wp-content\/uploads\/2021\/01\/cropped-logo.png","contentUrl":"https:\/\/saulkrastubiblioteka.lv\/wp-content\/uploads\/2021\/01\/cropped-logo.png","width":240,"height":240,"caption":"Saulkrastu novada bibliot\u0113ka"},"image":{"@id":"https:\/\/saulkrastubiblioteka.lv\/#\/schema\/logo\/image\/"}},{"@type":"Person","@id":"https:\/\/saulkrastubiblioteka.lv\/#\/schema\/person\/2233277643a53fb60b293d42c1e5f7a2","name":"admin","image":{"@type":"ImageObject","inLanguage":"lv-LV","@id":"https:\/\/saulkrastubiblioteka.lv\/#\/schema\/person\/image\/","url":"https:\/\/secure.gravatar.com\/avatar\/a5ad3f68569c7df813ab9387f6d30b65?s=96&d=mm&r=g","contentUrl":"https:\/\/secure.gravatar.com\/avatar\/a5ad3f68569c7df813ab9387f6d30b65?s=96&d=mm&r=g","caption":"admin"},"url":"https:\/\/saulkrastubiblioteka.lv\/index.php\/author\/info_xjq16vdi\/"}]}},"_links":{"self":[{"href":"https:\/\/saulkrastubiblioteka.lv\/index.php\/wp-json\/wp\/v2\/posts\/737","targetHints":{"allow":["GET"]}}],"collection":[{"href":"https:\/\/saulkrastubiblioteka.lv\/index.php\/wp-json\/wp\/v2\/posts"}],"about":[{"href":"https:\/\/saulkrastubiblioteka.lv\/index.php\/wp-json\/wp\/v2\/types\/post"}],"author":[{"embeddable":true,"href":"https:\/\/saulkrastubiblioteka.lv\/index.php\/wp-json\/wp\/v2\/users\/1"}],"replies":[{"embeddable":true,"href":"https:\/\/saulkrastubiblioteka.lv\/index.php\/wp-json\/wp\/v2\/comments?post=737"}],"version-history":[{"count":2,"href":"https:\/\/saulkrastubiblioteka.lv\/index.php\/wp-json\/wp\/v2\/posts\/737\/revisions"}],"predecessor-version":[{"id":759,"href":"https:\/\/saulkrastubiblioteka.lv\/index.php\/wp-json\/wp\/v2\/posts\/737\/revisions\/759"}],"wp:attachment":[{"href":"https:\/\/saulkrastubiblioteka.lv\/index.php\/wp-json\/wp\/v2\/media?parent=737"}],"wp:term":[{"taxonomy":"category","embeddable":true,"href":"https:\/\/saulkrastubiblioteka.lv\/index.php\/wp-json\/wp\/v2\/categories?post=737"},{"taxonomy":"post_tag","embeddable":true,"href":"https:\/\/saulkrastubiblioteka.lv\/index.php\/wp-json\/wp\/v2\/tags?post=737"}],"curies":[{"name":"wp","href":"https:\/\/api.w.org\/{rel}","templated":true}]}}