{"id":727,"date":"2018-06-26T09:54:37","date_gmt":"2018-06-26T09:54:37","guid":{"rendered":"https:\/\/saulkrastubiblioteka.lv\/?p=727"},"modified":"2018-07-12T13:25:35","modified_gmt":"2018-07-12T13:25:35","slug":"bibliotekas-daliba-jauna-projekta","status":"publish","type":"post","link":"https:\/\/saulkrastubiblioteka.lv\/index.php\/2018\/06\/26\/bibliotekas-daliba-jauna-projekta\/","title":{"rendered":"Bibliot\u0113kas dal\u012bba jaun\u0101 projekt\u0101"},"content":{"rendered":"<p><img loading=\"lazy\" decoding=\"async\" class=\"alignnone wp-image-728 size-full\" src=\"https:\/\/saulkrastubiblioteka.lv\/wp-content\/uploads\/2018\/06\/vks-nepilns.png\" alt=\"\" width=\"430\" height=\"414\" srcset=\"https:\/\/saulkrastubiblioteka.lv\/wp-content\/uploads\/2018\/06\/vks-nepilns.png 430w, https:\/\/saulkrastubiblioteka.lv\/wp-content\/uploads\/2018\/06\/vks-nepilns-300x289.png 300w\" sizes=\"auto, (max-width: 430px) 85vw, 430px\" \/><\/p>\n<p>Saulkrastu novada bibliot\u0113ka sadarb\u012bb\u0101 ar b\u0113rnu gr\u0101matu izdevniec\u012bbu \u201cLiels un mazs\u201d uzs\u0101ks jaunas rado\u0161\u0101s nodarb\u012bbas las\u012btveicin\u0101\u0161anas projekt\u0101 \u201eM\u016bsu maz\u0101 bibliot\u0113ka\u201d, kas paredz\u0113ta 4\u20138 gadus veciem b\u0113rniem. Projekts ilgs l\u012bdz 2019. gada maijam un tiks \u012bstenots se\u0161\u0101s valst\u012bs (Latvij\u0101, Lietuv\u0101, Igaunij\u0101, Polij\u0101, Slov\u0113nija, Horv\u0101tij\u0101). To atbalsta Eiropas Savien\u012bbas programma &#8220;Rado\u0161\u0101 Eiropa&#8221; un Latvijas Republikas Kult\u016bras ministrija. Projekta m\u0113r\u0137is ir veicin\u0101t b\u0113rnu interesi par literat\u016bru un ilustr\u0101ciju, k\u0101 ar\u012b rosin\u0101t b\u0113rnus uz da\u017e\u0101d\u0101m rado\u0161\u0101m nodarb\u0113m. B\u016btiski b\u0113rniem par\u0101d\u012bt, ka las\u012b\u0161ana var b\u016bt aizraujo\u0161a un vienojo\u0161a nodarbe, kas ir cie\u0161i saist\u012bta ar cit\u0101m rado\u0161\u0101m izpausm\u0113m: te\u0101tri, z\u012bm\u0113\u0161anu, rakst\u012b\u0161anu.<!--more--><\/p>\n<p>Projekta \u012bsteno\u0161anas laik\u0101 b\u0113rni las\u012bs gr\u0101matas un ar t\u0101m rado\u0161i darbosies. Saulkrastu novada bibliot\u0113ka no izdevniec\u012bbas \u201cLiels un mazs\u201d iepirks 6 gr\u0101matas &#8211; P\u0161emislavs Vehterovi\u010ds, Marta Ludvi\u0161evska &#8220;Vista vai ola?&#8221;, P\u0161emislavs Vehterovi\u010ds, Emilija D\u017eubaka &#8220;L\u016bdzu, apskauj mani&#8221;, Majda Korena, Agata Dudeka &#8220;Uzv\u0101ri man pasaci\u0146u!&#8221;, Peters Svetina, Damjans Stepan\u010di\u010ds &#8220;Br\u012bnumu gredzens&#8221; un Hilli Randa, Kater\u012bne Zaripa &#8220;Sniegbaltais un og\u013cmelnais\u201d.<\/p>\n<p>Ruden\u012b sa\u0146emsim ar\u012b bezmaksas darba burtn\u012bcas ar uzdevumiem b\u0113rniem. Darba burtn\u012bc\u0101s vi\u0146i sastaps gr\u0101mat\u0101s iepaz\u012btos varo\u0146us, bet uzdevumi b\u016bs saist\u012bti ar skait\u012b\u0161anu, las\u012b\u0161anu, rakst\u012b\u0161anu, z\u012bm\u0113\u0161anu un cit\u0101m nodarb\u0113m.<\/p>\n<p>Iesp\u0113jams, nopeln\u012bsim ar\u012b \u0101rzemju autoru viz\u012btes bibliot\u0113k\u0101. Autori no Polijas, Slov\u0113nijas un Igaunijas pie mums Latvij\u0101 viesosies 2018. gada oktobr\u012b un 2019. gada febru\u0101r\u012b. Vi\u0146i tiksies ar b\u0113rniem, vad\u012bs darbn\u012bcas, st\u0101st\u012bs par savu gr\u0101matu un valsti.<\/p>\n","protected":false},"excerpt":{"rendered":"<p>Saulkrastu novada bibliot\u0113ka sadarb\u012bb\u0101 ar b\u0113rnu gr\u0101matu izdevniec\u012bbu \u201cLiels un mazs\u201d uzs\u0101ks jaunas rado\u0161\u0101s nodarb\u012bbas las\u012btveicin\u0101\u0161anas projekt\u0101 \u201eM\u016bsu maz\u0101 bibliot\u0113ka\u201d, kas paredz\u0113ta 4\u20138 gadus veciem b\u0113rniem. Projekts ilgs l\u012bdz 2019. gada maijam un tiks \u012bstenots se\u0161\u0101s valst\u012bs (Latvij\u0101, Lietuv\u0101, Igaunij\u0101, Polij\u0101, Slov\u0113nija, Horv\u0101tij\u0101). To atbalsta Eiropas Savien\u012bbas programma &#8220;Rado\u0161\u0101 Eiropa&#8221; un Latvijas Republikas Kult\u016bras ministrija. &hellip; <a href=\"https:\/\/saulkrastubiblioteka.lv\/index.php\/2018\/06\/26\/bibliotekas-daliba-jauna-projekta\/\" class=\"more-link\">Turpin\u0101t las\u012bt<span class=\"screen-reader-text\"> &#8220;Bibliot\u0113kas dal\u012bba jaun\u0101 projekt\u0101&#8221;<\/span><\/a><\/p>\n","protected":false},"author":1,"featured_media":0,"comment_status":"closed","ping_status":"open","sticky":false,"template":"","format":"standard","meta":{"footnotes":""},"categories":[41,5],"tags":[],"class_list":["post-727","post","type-post","status-publish","format-standard","hentry","category-musu-maza-biblioteka","category-projekti"],"yoast_head":"<!-- This site is optimized with the Yoast SEO plugin v24.2 - https:\/\/yoast.com\/wordpress\/plugins\/seo\/ -->\n<title>Bibliot\u0113kas dal\u012bba jaun\u0101 projekt\u0101 - Saulkrastu novada bibliot\u0113ka<\/title>\n<meta name=\"robots\" content=\"index, follow, max-snippet:-1, max-image-preview:large, max-video-preview:-1\" \/>\n<link rel=\"canonical\" href=\"https:\/\/saulkrastubiblioteka.lv\/index.php\/2018\/06\/26\/bibliotekas-daliba-jauna-projekta\/\" \/>\n<meta property=\"og:locale\" content=\"lv_LV\" \/>\n<meta property=\"og:type\" content=\"article\" \/>\n<meta property=\"og:title\" content=\"Bibliot\u0113kas dal\u012bba jaun\u0101 projekt\u0101 - Saulkrastu novada bibliot\u0113ka\" \/>\n<meta property=\"og:description\" content=\"Saulkrastu novada bibliot\u0113ka sadarb\u012bb\u0101 ar b\u0113rnu gr\u0101matu izdevniec\u012bbu \u201cLiels un mazs\u201d uzs\u0101ks jaunas rado\u0161\u0101s nodarb\u012bbas las\u012btveicin\u0101\u0161anas projekt\u0101 \u201eM\u016bsu maz\u0101 bibliot\u0113ka\u201d, kas paredz\u0113ta 4\u20138 gadus veciem b\u0113rniem. Projekts ilgs l\u012bdz 2019. gada maijam un tiks \u012bstenots se\u0161\u0101s valst\u012bs (Latvij\u0101, Lietuv\u0101, Igaunij\u0101, Polij\u0101, Slov\u0113nija, Horv\u0101tij\u0101). To atbalsta Eiropas Savien\u012bbas programma &#8220;Rado\u0161\u0101 Eiropa&#8221; un Latvijas Republikas Kult\u016bras ministrija. &hellip; Turpin\u0101t las\u012bt &quot;Bibliot\u0113kas dal\u012bba jaun\u0101 projekt\u0101&quot;\" \/>\n<meta property=\"og:url\" content=\"https:\/\/saulkrastubiblioteka.lv\/index.php\/2018\/06\/26\/bibliotekas-daliba-jauna-projekta\/\" \/>\n<meta property=\"og:site_name\" content=\"Saulkrastu novada bibliot\u0113ka\" \/>\n<meta property=\"article:published_time\" content=\"2018-06-26T09:54:37+00:00\" \/>\n<meta property=\"article:modified_time\" content=\"2018-07-12T13:25:35+00:00\" \/>\n<meta property=\"og:image\" content=\"https:\/\/saulkrastubiblioteka.lv\/wp-content\/uploads\/2018\/06\/vks-nepilns.png\" \/>\n<meta name=\"author\" content=\"admin\" \/>\n<meta name=\"twitter:card\" content=\"summary_large_image\" \/>\n<meta name=\"twitter:label1\" content=\"Written by\" \/>\n\t<meta name=\"twitter:data1\" content=\"admin\" \/>\n\t<meta name=\"twitter:label2\" content=\"Est. reading time\" \/>\n\t<meta name=\"twitter:data2\" content=\"2 min\u016btes\" \/>\n<script type=\"application\/ld+json\" class=\"yoast-schema-graph\">{\"@context\":\"https:\/\/schema.org\",\"@graph\":[{\"@type\":\"Article\",\"@id\":\"https:\/\/saulkrastubiblioteka.lv\/index.php\/2018\/06\/26\/bibliotekas-daliba-jauna-projekta\/#article\",\"isPartOf\":{\"@id\":\"https:\/\/saulkrastubiblioteka.lv\/index.php\/2018\/06\/26\/bibliotekas-daliba-jauna-projekta\/\"},\"author\":{\"name\":\"admin\",\"@id\":\"https:\/\/saulkrastubiblioteka.lv\/#\/schema\/person\/2233277643a53fb60b293d42c1e5f7a2\"},\"headline\":\"Bibliot\u0113kas dal\u012bba jaun\u0101 projekt\u0101\",\"datePublished\":\"2018-06-26T09:54:37+00:00\",\"dateModified\":\"2018-07-12T13:25:35+00:00\",\"mainEntityOfPage\":{\"@id\":\"https:\/\/saulkrastubiblioteka.lv\/index.php\/2018\/06\/26\/bibliotekas-daliba-jauna-projekta\/\"},\"wordCount\":323,\"publisher\":{\"@id\":\"https:\/\/saulkrastubiblioteka.lv\/#organization\"},\"image\":{\"@id\":\"https:\/\/saulkrastubiblioteka.lv\/index.php\/2018\/06\/26\/bibliotekas-daliba-jauna-projekta\/#primaryimage\"},\"thumbnailUrl\":\"https:\/\/saulkrastubiblioteka.lv\/wp-content\/uploads\/2018\/06\/vks-nepilns.png\",\"articleSection\":[\"M\u016bsu maz\u0101 bibliot\u0113ka\",\"Projekti\"],\"inLanguage\":\"lv-LV\"},{\"@type\":\"WebPage\",\"@id\":\"https:\/\/saulkrastubiblioteka.lv\/index.php\/2018\/06\/26\/bibliotekas-daliba-jauna-projekta\/\",\"url\":\"https:\/\/saulkrastubiblioteka.lv\/index.php\/2018\/06\/26\/bibliotekas-daliba-jauna-projekta\/\",\"name\":\"Bibliot\u0113kas dal\u012bba jaun\u0101 projekt\u0101 - Saulkrastu novada bibliot\u0113ka\",\"isPartOf\":{\"@id\":\"https:\/\/saulkrastubiblioteka.lv\/#website\"},\"primaryImageOfPage\":{\"@id\":\"https:\/\/saulkrastubiblioteka.lv\/index.php\/2018\/06\/26\/bibliotekas-daliba-jauna-projekta\/#primaryimage\"},\"image\":{\"@id\":\"https:\/\/saulkrastubiblioteka.lv\/index.php\/2018\/06\/26\/bibliotekas-daliba-jauna-projekta\/#primaryimage\"},\"thumbnailUrl\":\"https:\/\/saulkrastubiblioteka.lv\/wp-content\/uploads\/2018\/06\/vks-nepilns.png\",\"datePublished\":\"2018-06-26T09:54:37+00:00\",\"dateModified\":\"2018-07-12T13:25:35+00:00\",\"breadcrumb\":{\"@id\":\"https:\/\/saulkrastubiblioteka.lv\/index.php\/2018\/06\/26\/bibliotekas-daliba-jauna-projekta\/#breadcrumb\"},\"inLanguage\":\"lv-LV\",\"potentialAction\":[{\"@type\":\"ReadAction\",\"target\":[\"https:\/\/saulkrastubiblioteka.lv\/index.php\/2018\/06\/26\/bibliotekas-daliba-jauna-projekta\/\"]}]},{\"@type\":\"ImageObject\",\"inLanguage\":\"lv-LV\",\"@id\":\"https:\/\/saulkrastubiblioteka.lv\/index.php\/2018\/06\/26\/bibliotekas-daliba-jauna-projekta\/#primaryimage\",\"url\":\"https:\/\/saulkrastubiblioteka.lv\/wp-content\/uploads\/2018\/06\/vks-nepilns.png\",\"contentUrl\":\"https:\/\/saulkrastubiblioteka.lv\/wp-content\/uploads\/2018\/06\/vks-nepilns.png\",\"width\":430,\"height\":414},{\"@type\":\"BreadcrumbList\",\"@id\":\"https:\/\/saulkrastubiblioteka.lv\/index.php\/2018\/06\/26\/bibliotekas-daliba-jauna-projekta\/#breadcrumb\",\"itemListElement\":[{\"@type\":\"ListItem\",\"position\":1,\"name\":\"Home\",\"item\":\"https:\/\/saulkrastubiblioteka.lv\/\"},{\"@type\":\"ListItem\",\"position\":2,\"name\":\"Bibliot\u0113kas dal\u012bba jaun\u0101 projekt\u0101\"}]},{\"@type\":\"WebSite\",\"@id\":\"https:\/\/saulkrastubiblioteka.lv\/#website\",\"url\":\"https:\/\/saulkrastubiblioteka.lv\/\",\"name\":\"Saulkrastu novada bibliot\u0113ka\",\"description\":\"Vieta, kur labi pavad\u012bt laiku un pab\u016bt mier\u0101\",\"publisher\":{\"@id\":\"https:\/\/saulkrastubiblioteka.lv\/#organization\"},\"potentialAction\":[{\"@type\":\"SearchAction\",\"target\":{\"@type\":\"EntryPoint\",\"urlTemplate\":\"https:\/\/saulkrastubiblioteka.lv\/?s={search_term_string}\"},\"query-input\":{\"@type\":\"PropertyValueSpecification\",\"valueRequired\":true,\"valueName\":\"search_term_string\"}}],\"inLanguage\":\"lv-LV\"},{\"@type\":\"Organization\",\"@id\":\"https:\/\/saulkrastubiblioteka.lv\/#organization\",\"name\":\"Saulkrastu novada bibliot\u0113ka\",\"url\":\"https:\/\/saulkrastubiblioteka.lv\/\",\"logo\":{\"@type\":\"ImageObject\",\"inLanguage\":\"lv-LV\",\"@id\":\"https:\/\/saulkrastubiblioteka.lv\/#\/schema\/logo\/image\/\",\"url\":\"https:\/\/saulkrastubiblioteka.lv\/wp-content\/uploads\/2021\/01\/cropped-logo.png\",\"contentUrl\":\"https:\/\/saulkrastubiblioteka.lv\/wp-content\/uploads\/2021\/01\/cropped-logo.png\",\"width\":240,\"height\":240,\"caption\":\"Saulkrastu novada bibliot\u0113ka\"},\"image\":{\"@id\":\"https:\/\/saulkrastubiblioteka.lv\/#\/schema\/logo\/image\/\"}},{\"@type\":\"Person\",\"@id\":\"https:\/\/saulkrastubiblioteka.lv\/#\/schema\/person\/2233277643a53fb60b293d42c1e5f7a2\",\"name\":\"admin\",\"image\":{\"@type\":\"ImageObject\",\"inLanguage\":\"lv-LV\",\"@id\":\"https:\/\/saulkrastubiblioteka.lv\/#\/schema\/person\/image\/\",\"url\":\"https:\/\/secure.gravatar.com\/avatar\/a5ad3f68569c7df813ab9387f6d30b65?s=96&d=mm&r=g\",\"contentUrl\":\"https:\/\/secure.gravatar.com\/avatar\/a5ad3f68569c7df813ab9387f6d30b65?s=96&d=mm&r=g\",\"caption\":\"admin\"},\"url\":\"https:\/\/saulkrastubiblioteka.lv\/index.php\/author\/info_xjq16vdi\/\"}]}<\/script>\n<!-- \/ Yoast SEO plugin. -->","yoast_head_json":{"title":"Bibliot\u0113kas dal\u012bba jaun\u0101 projekt\u0101 - Saulkrastu novada bibliot\u0113ka","robots":{"index":"index","follow":"follow","max-snippet":"max-snippet:-1","max-image-preview":"max-image-preview:large","max-video-preview":"max-video-preview:-1"},"canonical":"https:\/\/saulkrastubiblioteka.lv\/index.php\/2018\/06\/26\/bibliotekas-daliba-jauna-projekta\/","og_locale":"lv_LV","og_type":"article","og_title":"Bibliot\u0113kas dal\u012bba jaun\u0101 projekt\u0101 - Saulkrastu novada bibliot\u0113ka","og_description":"Saulkrastu novada bibliot\u0113ka sadarb\u012bb\u0101 ar b\u0113rnu gr\u0101matu izdevniec\u012bbu \u201cLiels un mazs\u201d uzs\u0101ks jaunas rado\u0161\u0101s nodarb\u012bbas las\u012btveicin\u0101\u0161anas projekt\u0101 \u201eM\u016bsu maz\u0101 bibliot\u0113ka\u201d, kas paredz\u0113ta 4\u20138 gadus veciem b\u0113rniem. Projekts ilgs l\u012bdz 2019. gada maijam un tiks \u012bstenots se\u0161\u0101s valst\u012bs (Latvij\u0101, Lietuv\u0101, Igaunij\u0101, Polij\u0101, Slov\u0113nija, Horv\u0101tij\u0101). To atbalsta Eiropas Savien\u012bbas programma &#8220;Rado\u0161\u0101 Eiropa&#8221; un Latvijas Republikas Kult\u016bras ministrija. &hellip; Turpin\u0101t las\u012bt \"Bibliot\u0113kas dal\u012bba jaun\u0101 projekt\u0101\"","og_url":"https:\/\/saulkrastubiblioteka.lv\/index.php\/2018\/06\/26\/bibliotekas-daliba-jauna-projekta\/","og_site_name":"Saulkrastu novada bibliot\u0113ka","article_published_time":"2018-06-26T09:54:37+00:00","article_modified_time":"2018-07-12T13:25:35+00:00","og_image":[{"url":"https:\/\/saulkrastubiblioteka.lv\/wp-content\/uploads\/2018\/06\/vks-nepilns.png","type":"","width":"","height":""}],"author":"admin","twitter_card":"summary_large_image","twitter_misc":{"Written by":"admin","Est. reading time":"2 min\u016btes"},"schema":{"@context":"https:\/\/schema.org","@graph":[{"@type":"Article","@id":"https:\/\/saulkrastubiblioteka.lv\/index.php\/2018\/06\/26\/bibliotekas-daliba-jauna-projekta\/#article","isPartOf":{"@id":"https:\/\/saulkrastubiblioteka.lv\/index.php\/2018\/06\/26\/bibliotekas-daliba-jauna-projekta\/"},"author":{"name":"admin","@id":"https:\/\/saulkrastubiblioteka.lv\/#\/schema\/person\/2233277643a53fb60b293d42c1e5f7a2"},"headline":"Bibliot\u0113kas dal\u012bba jaun\u0101 projekt\u0101","datePublished":"2018-06-26T09:54:37+00:00","dateModified":"2018-07-12T13:25:35+00:00","mainEntityOfPage":{"@id":"https:\/\/saulkrastubiblioteka.lv\/index.php\/2018\/06\/26\/bibliotekas-daliba-jauna-projekta\/"},"wordCount":323,"publisher":{"@id":"https:\/\/saulkrastubiblioteka.lv\/#organization"},"image":{"@id":"https:\/\/saulkrastubiblioteka.lv\/index.php\/2018\/06\/26\/bibliotekas-daliba-jauna-projekta\/#primaryimage"},"thumbnailUrl":"https:\/\/saulkrastubiblioteka.lv\/wp-content\/uploads\/2018\/06\/vks-nepilns.png","articleSection":["M\u016bsu maz\u0101 bibliot\u0113ka","Projekti"],"inLanguage":"lv-LV"},{"@type":"WebPage","@id":"https:\/\/saulkrastubiblioteka.lv\/index.php\/2018\/06\/26\/bibliotekas-daliba-jauna-projekta\/","url":"https:\/\/saulkrastubiblioteka.lv\/index.php\/2018\/06\/26\/bibliotekas-daliba-jauna-projekta\/","name":"Bibliot\u0113kas dal\u012bba jaun\u0101 projekt\u0101 - Saulkrastu novada bibliot\u0113ka","isPartOf":{"@id":"https:\/\/saulkrastubiblioteka.lv\/#website"},"primaryImageOfPage":{"@id":"https:\/\/saulkrastubiblioteka.lv\/index.php\/2018\/06\/26\/bibliotekas-daliba-jauna-projekta\/#primaryimage"},"image":{"@id":"https:\/\/saulkrastubiblioteka.lv\/index.php\/2018\/06\/26\/bibliotekas-daliba-jauna-projekta\/#primaryimage"},"thumbnailUrl":"https:\/\/saulkrastubiblioteka.lv\/wp-content\/uploads\/2018\/06\/vks-nepilns.png","datePublished":"2018-06-26T09:54:37+00:00","dateModified":"2018-07-12T13:25:35+00:00","breadcrumb":{"@id":"https:\/\/saulkrastubiblioteka.lv\/index.php\/2018\/06\/26\/bibliotekas-daliba-jauna-projekta\/#breadcrumb"},"inLanguage":"lv-LV","potentialAction":[{"@type":"ReadAction","target":["https:\/\/saulkrastubiblioteka.lv\/index.php\/2018\/06\/26\/bibliotekas-daliba-jauna-projekta\/"]}]},{"@type":"ImageObject","inLanguage":"lv-LV","@id":"https:\/\/saulkrastubiblioteka.lv\/index.php\/2018\/06\/26\/bibliotekas-daliba-jauna-projekta\/#primaryimage","url":"https:\/\/saulkrastubiblioteka.lv\/wp-content\/uploads\/2018\/06\/vks-nepilns.png","contentUrl":"https:\/\/saulkrastubiblioteka.lv\/wp-content\/uploads\/2018\/06\/vks-nepilns.png","width":430,"height":414},{"@type":"BreadcrumbList","@id":"https:\/\/saulkrastubiblioteka.lv\/index.php\/2018\/06\/26\/bibliotekas-daliba-jauna-projekta\/#breadcrumb","itemListElement":[{"@type":"ListItem","position":1,"name":"Home","item":"https:\/\/saulkrastubiblioteka.lv\/"},{"@type":"ListItem","position":2,"name":"Bibliot\u0113kas dal\u012bba jaun\u0101 projekt\u0101"}]},{"@type":"WebSite","@id":"https:\/\/saulkrastubiblioteka.lv\/#website","url":"https:\/\/saulkrastubiblioteka.lv\/","name":"Saulkrastu novada bibliot\u0113ka","description":"Vieta, kur labi pavad\u012bt laiku un pab\u016bt mier\u0101","publisher":{"@id":"https:\/\/saulkrastubiblioteka.lv\/#organization"},"potentialAction":[{"@type":"SearchAction","target":{"@type":"EntryPoint","urlTemplate":"https:\/\/saulkrastubiblioteka.lv\/?s={search_term_string}"},"query-input":{"@type":"PropertyValueSpecification","valueRequired":true,"valueName":"search_term_string"}}],"inLanguage":"lv-LV"},{"@type":"Organization","@id":"https:\/\/saulkrastubiblioteka.lv\/#organization","name":"Saulkrastu novada bibliot\u0113ka","url":"https:\/\/saulkrastubiblioteka.lv\/","logo":{"@type":"ImageObject","inLanguage":"lv-LV","@id":"https:\/\/saulkrastubiblioteka.lv\/#\/schema\/logo\/image\/","url":"https:\/\/saulkrastubiblioteka.lv\/wp-content\/uploads\/2021\/01\/cropped-logo.png","contentUrl":"https:\/\/saulkrastubiblioteka.lv\/wp-content\/uploads\/2021\/01\/cropped-logo.png","width":240,"height":240,"caption":"Saulkrastu novada bibliot\u0113ka"},"image":{"@id":"https:\/\/saulkrastubiblioteka.lv\/#\/schema\/logo\/image\/"}},{"@type":"Person","@id":"https:\/\/saulkrastubiblioteka.lv\/#\/schema\/person\/2233277643a53fb60b293d42c1e5f7a2","name":"admin","image":{"@type":"ImageObject","inLanguage":"lv-LV","@id":"https:\/\/saulkrastubiblioteka.lv\/#\/schema\/person\/image\/","url":"https:\/\/secure.gravatar.com\/avatar\/a5ad3f68569c7df813ab9387f6d30b65?s=96&d=mm&r=g","contentUrl":"https:\/\/secure.gravatar.com\/avatar\/a5ad3f68569c7df813ab9387f6d30b65?s=96&d=mm&r=g","caption":"admin"},"url":"https:\/\/saulkrastubiblioteka.lv\/index.php\/author\/info_xjq16vdi\/"}]}},"_links":{"self":[{"href":"https:\/\/saulkrastubiblioteka.lv\/index.php\/wp-json\/wp\/v2\/posts\/727","targetHints":{"allow":["GET"]}}],"collection":[{"href":"https:\/\/saulkrastubiblioteka.lv\/index.php\/wp-json\/wp\/v2\/posts"}],"about":[{"href":"https:\/\/saulkrastubiblioteka.lv\/index.php\/wp-json\/wp\/v2\/types\/post"}],"author":[{"embeddable":true,"href":"https:\/\/saulkrastubiblioteka.lv\/index.php\/wp-json\/wp\/v2\/users\/1"}],"replies":[{"embeddable":true,"href":"https:\/\/saulkrastubiblioteka.lv\/index.php\/wp-json\/wp\/v2\/comments?post=727"}],"version-history":[{"count":2,"href":"https:\/\/saulkrastubiblioteka.lv\/index.php\/wp-json\/wp\/v2\/posts\/727\/revisions"}],"predecessor-version":[{"id":752,"href":"https:\/\/saulkrastubiblioteka.lv\/index.php\/wp-json\/wp\/v2\/posts\/727\/revisions\/752"}],"wp:attachment":[{"href":"https:\/\/saulkrastubiblioteka.lv\/index.php\/wp-json\/wp\/v2\/media?parent=727"}],"wp:term":[{"taxonomy":"category","embeddable":true,"href":"https:\/\/saulkrastubiblioteka.lv\/index.php\/wp-json\/wp\/v2\/categories?post=727"},{"taxonomy":"post_tag","embeddable":true,"href":"https:\/\/saulkrastubiblioteka.lv\/index.php\/wp-json\/wp\/v2\/tags?post=727"}],"curies":[{"name":"wp","href":"https:\/\/api.w.org\/{rel}","templated":true}]}}