{"id":704,"date":"2018-06-21T13:28:25","date_gmt":"2018-06-21T13:28:25","guid":{"rendered":"https:\/\/saulkrastubiblioteka.lv\/?p=704"},"modified":"2018-06-25T06:49:47","modified_gmt":"2018-06-25T06:49:47","slug":"jauniesi-iepazist-janu-tradicijas-un-ticejumus","status":"publish","type":"post","link":"https:\/\/saulkrastubiblioteka.lv\/index.php\/2018\/06\/21\/jauniesi-iepazist-janu-tradicijas-un-ticejumus\/","title":{"rendered":"Jaunie\u0161i izzina J\u0101\u0146u trad\u012bcijas un tic\u0113jumus"},"content":{"rendered":"<p><img loading=\"lazy\" decoding=\"async\" class=\"alignleft size-large wp-image-705\" src=\"https:\/\/saulkrastubiblioteka.lv\/wp-content\/uploads\/2018\/06\/lapai0-1024x768.jpg\" alt=\"\" width=\"840\" height=\"630\" srcset=\"https:\/\/saulkrastubiblioteka.lv\/wp-content\/uploads\/2018\/06\/lapai0-1024x768.jpg 1024w, https:\/\/saulkrastubiblioteka.lv\/wp-content\/uploads\/2018\/06\/lapai0-300x225.jpg 300w, https:\/\/saulkrastubiblioteka.lv\/wp-content\/uploads\/2018\/06\/lapai0-768x576.jpg 768w, https:\/\/saulkrastubiblioteka.lv\/wp-content\/uploads\/2018\/06\/lapai0-1200x900.jpg 1200w\" sizes=\"auto, (max-width: 709px) 85vw, (max-width: 909px) 67vw, (max-width: 1362px) 62vw, 840px\" \/>L\u012bgo vakars un J\u0101\u0146u diena, nenoliedzami, ir vieni no gada gaid\u012bt\u0101kajiem un skaist\u0101kajiem sv\u0113tkiem. <a class=\"profileLink\" href=\"https:\/\/www.facebook.com\/JMSaulkrasti\/?fref=mentions\" data-hovercard=\"\/ajax\/hovercard\/page.php?id=184963208661279&amp;extragetparams=%7B%22fref%22%3A%22mentions%22%7D\" data-hovercard-prefer-more-content-show=\"1\">Jaunie\u0161u M\u0101ja &#8211; Saulkrasti<\/a> darbinieki mudin\u0101ja san\u0101kt kop\u0101 b\u0113rnus un jaunie\u0161us, kas zina J\u0101\u0146u trad\u012bcijas, tic\u0113jumus un dziesmas, k\u0101 ar\u012b tos, kas to visu v\u0113l grib iem\u0101c\u012bties. Saulkrastu novada bibliot\u0113kas bibliotek\u0101re Guntra dal\u012bj\u0101s sav\u0101 pieredz\u0113 un past\u0101st\u012bja par gr\u0101mat\u0101s, \u017eurn\u0101los rakst\u012bto, par \u012bsten\u0101m latvie\u0161u trad\u012bcij\u0101m, z\u0101\u013cu vainagu p\u012b\u0161anu, sadzied\u0101\u0161anos un l\u0113k\u0161anu p\u0101r ugunskuru.<\/p>\n","protected":false},"excerpt":{"rendered":"<p>L\u012bgo vakars un J\u0101\u0146u diena, nenoliedzami, ir vieni no gada gaid\u012bt\u0101kajiem un skaist\u0101kajiem sv\u0113tkiem. Jaunie\u0161u M\u0101ja &#8211; Saulkrasti darbinieki mudin\u0101ja san\u0101kt kop\u0101 b\u0113rnus un jaunie\u0161us, kas zina J\u0101\u0146u trad\u012bcijas, tic\u0113jumus un dziesmas, k\u0101 ar\u012b tos, kas to visu v\u0113l grib iem\u0101c\u012bties. Saulkrastu novada bibliot\u0113kas bibliotek\u0101re Guntra dal\u012bj\u0101s sav\u0101 pieredz\u0113 un past\u0101st\u012bja par gr\u0101mat\u0101s, \u017eurn\u0101los rakst\u012bto, &hellip; <a href=\"https:\/\/saulkrastubiblioteka.lv\/index.php\/2018\/06\/21\/jauniesi-iepazist-janu-tradicijas-un-ticejumus\/\" class=\"more-link\">Turpin\u0101t las\u012bt<span class=\"screen-reader-text\"> &#8220;Jaunie\u0161i izzina J\u0101\u0146u trad\u012bcijas un tic\u0113jumus&#8221;<\/span><\/a><\/p>\n","protected":false},"author":1,"featured_media":0,"comment_status":"closed","ping_status":"open","sticky":false,"template":"","format":"standard","meta":{"footnotes":""},"categories":[4],"tags":[],"class_list":["post-704","post","type-post","status-publish","format-standard","hentry","category-pasakumi"],"yoast_head":"<!-- This site is optimized with the Yoast SEO plugin v24.2 - https:\/\/yoast.com\/wordpress\/plugins\/seo\/ -->\n<title>Jaunie\u0161i izzina J\u0101\u0146u trad\u012bcijas un tic\u0113jumus - Saulkrastu novada bibliot\u0113ka<\/title>\n<meta name=\"robots\" content=\"index, follow, max-snippet:-1, max-image-preview:large, max-video-preview:-1\" \/>\n<link rel=\"canonical\" href=\"https:\/\/saulkrastubiblioteka.lv\/index.php\/2018\/06\/21\/jauniesi-iepazist-janu-tradicijas-un-ticejumus\/\" \/>\n<meta property=\"og:locale\" content=\"lv_LV\" \/>\n<meta property=\"og:type\" content=\"article\" \/>\n<meta property=\"og:title\" content=\"Jaunie\u0161i izzina J\u0101\u0146u trad\u012bcijas un tic\u0113jumus - Saulkrastu novada bibliot\u0113ka\" \/>\n<meta property=\"og:description\" content=\"L\u012bgo vakars un J\u0101\u0146u diena, nenoliedzami, ir vieni no gada gaid\u012bt\u0101kajiem un skaist\u0101kajiem sv\u0113tkiem. Jaunie\u0161u M\u0101ja &#8211; Saulkrasti darbinieki mudin\u0101ja san\u0101kt kop\u0101 b\u0113rnus un jaunie\u0161us, kas zina J\u0101\u0146u trad\u012bcijas, tic\u0113jumus un dziesmas, k\u0101 ar\u012b tos, kas to visu v\u0113l grib iem\u0101c\u012bties. Saulkrastu novada bibliot\u0113kas bibliotek\u0101re Guntra dal\u012bj\u0101s sav\u0101 pieredz\u0113 un past\u0101st\u012bja par gr\u0101mat\u0101s, \u017eurn\u0101los rakst\u012bto, &hellip; Turpin\u0101t las\u012bt &quot;Jaunie\u0161i izzina J\u0101\u0146u trad\u012bcijas un tic\u0113jumus&quot;\" \/>\n<meta property=\"og:url\" content=\"https:\/\/saulkrastubiblioteka.lv\/index.php\/2018\/06\/21\/jauniesi-iepazist-janu-tradicijas-un-ticejumus\/\" \/>\n<meta property=\"og:site_name\" content=\"Saulkrastu novada bibliot\u0113ka\" \/>\n<meta property=\"article:published_time\" content=\"2018-06-21T13:28:25+00:00\" \/>\n<meta property=\"article:modified_time\" content=\"2018-06-25T06:49:47+00:00\" \/>\n<meta property=\"og:image\" content=\"https:\/\/saulkrastubiblioteka.lv\/wp-content\/uploads\/2018\/06\/lapai0-1024x768.jpg\" \/>\n<meta name=\"author\" content=\"admin\" \/>\n<meta name=\"twitter:card\" content=\"summary_large_image\" \/>\n<meta name=\"twitter:label1\" content=\"Written by\" \/>\n\t<meta name=\"twitter:data1\" content=\"admin\" \/>\n\t<meta name=\"twitter:label2\" content=\"Est. reading time\" \/>\n\t<meta name=\"twitter:data2\" content=\"1 min\u016bte\" \/>\n<script type=\"application\/ld+json\" class=\"yoast-schema-graph\">{\"@context\":\"https:\/\/schema.org\",\"@graph\":[{\"@type\":\"Article\",\"@id\":\"https:\/\/saulkrastubiblioteka.lv\/index.php\/2018\/06\/21\/jauniesi-iepazist-janu-tradicijas-un-ticejumus\/#article\",\"isPartOf\":{\"@id\":\"https:\/\/saulkrastubiblioteka.lv\/index.php\/2018\/06\/21\/jauniesi-iepazist-janu-tradicijas-un-ticejumus\/\"},\"author\":{\"name\":\"admin\",\"@id\":\"https:\/\/saulkrastubiblioteka.lv\/#\/schema\/person\/2233277643a53fb60b293d42c1e5f7a2\"},\"headline\":\"Jaunie\u0161i izzina J\u0101\u0146u trad\u012bcijas un tic\u0113jumus\",\"datePublished\":\"2018-06-21T13:28:25+00:00\",\"dateModified\":\"2018-06-25T06:49:47+00:00\",\"mainEntityOfPage\":{\"@id\":\"https:\/\/saulkrastubiblioteka.lv\/index.php\/2018\/06\/21\/jauniesi-iepazist-janu-tradicijas-un-ticejumus\/\"},\"wordCount\":115,\"publisher\":{\"@id\":\"https:\/\/saulkrastubiblioteka.lv\/#organization\"},\"image\":{\"@id\":\"https:\/\/saulkrastubiblioteka.lv\/index.php\/2018\/06\/21\/jauniesi-iepazist-janu-tradicijas-un-ticejumus\/#primaryimage\"},\"thumbnailUrl\":\"https:\/\/saulkrastubiblioteka.lv\/wp-content\/uploads\/2018\/06\/lapai0-1024x768.jpg\",\"articleSection\":[\"Pas\u0101kumi\"],\"inLanguage\":\"lv-LV\"},{\"@type\":\"WebPage\",\"@id\":\"https:\/\/saulkrastubiblioteka.lv\/index.php\/2018\/06\/21\/jauniesi-iepazist-janu-tradicijas-un-ticejumus\/\",\"url\":\"https:\/\/saulkrastubiblioteka.lv\/index.php\/2018\/06\/21\/jauniesi-iepazist-janu-tradicijas-un-ticejumus\/\",\"name\":\"Jaunie\u0161i izzina J\u0101\u0146u trad\u012bcijas un tic\u0113jumus - Saulkrastu novada bibliot\u0113ka\",\"isPartOf\":{\"@id\":\"https:\/\/saulkrastubiblioteka.lv\/#website\"},\"primaryImageOfPage\":{\"@id\":\"https:\/\/saulkrastubiblioteka.lv\/index.php\/2018\/06\/21\/jauniesi-iepazist-janu-tradicijas-un-ticejumus\/#primaryimage\"},\"image\":{\"@id\":\"https:\/\/saulkrastubiblioteka.lv\/index.php\/2018\/06\/21\/jauniesi-iepazist-janu-tradicijas-un-ticejumus\/#primaryimage\"},\"thumbnailUrl\":\"https:\/\/saulkrastubiblioteka.lv\/wp-content\/uploads\/2018\/06\/lapai0-1024x768.jpg\",\"datePublished\":\"2018-06-21T13:28:25+00:00\",\"dateModified\":\"2018-06-25T06:49:47+00:00\",\"breadcrumb\":{\"@id\":\"https:\/\/saulkrastubiblioteka.lv\/index.php\/2018\/06\/21\/jauniesi-iepazist-janu-tradicijas-un-ticejumus\/#breadcrumb\"},\"inLanguage\":\"lv-LV\",\"potentialAction\":[{\"@type\":\"ReadAction\",\"target\":[\"https:\/\/saulkrastubiblioteka.lv\/index.php\/2018\/06\/21\/jauniesi-iepazist-janu-tradicijas-un-ticejumus\/\"]}]},{\"@type\":\"ImageObject\",\"inLanguage\":\"lv-LV\",\"@id\":\"https:\/\/saulkrastubiblioteka.lv\/index.php\/2018\/06\/21\/jauniesi-iepazist-janu-tradicijas-un-ticejumus\/#primaryimage\",\"url\":\"https:\/\/saulkrastubiblioteka.lv\/wp-content\/uploads\/2018\/06\/lapai0.jpg\",\"contentUrl\":\"https:\/\/saulkrastubiblioteka.lv\/wp-content\/uploads\/2018\/06\/lapai0.jpg\",\"width\":2064,\"height\":1548},{\"@type\":\"BreadcrumbList\",\"@id\":\"https:\/\/saulkrastubiblioteka.lv\/index.php\/2018\/06\/21\/jauniesi-iepazist-janu-tradicijas-un-ticejumus\/#breadcrumb\",\"itemListElement\":[{\"@type\":\"ListItem\",\"position\":1,\"name\":\"Home\",\"item\":\"https:\/\/saulkrastubiblioteka.lv\/\"},{\"@type\":\"ListItem\",\"position\":2,\"name\":\"Jaunie\u0161i izzina J\u0101\u0146u trad\u012bcijas un tic\u0113jumus\"}]},{\"@type\":\"WebSite\",\"@id\":\"https:\/\/saulkrastubiblioteka.lv\/#website\",\"url\":\"https:\/\/saulkrastubiblioteka.lv\/\",\"name\":\"Saulkrastu novada bibliot\u0113ka\",\"description\":\"Vieta, kur labi pavad\u012bt laiku un pab\u016bt mier\u0101\",\"publisher\":{\"@id\":\"https:\/\/saulkrastubiblioteka.lv\/#organization\"},\"potentialAction\":[{\"@type\":\"SearchAction\",\"target\":{\"@type\":\"EntryPoint\",\"urlTemplate\":\"https:\/\/saulkrastubiblioteka.lv\/?s={search_term_string}\"},\"query-input\":{\"@type\":\"PropertyValueSpecification\",\"valueRequired\":true,\"valueName\":\"search_term_string\"}}],\"inLanguage\":\"lv-LV\"},{\"@type\":\"Organization\",\"@id\":\"https:\/\/saulkrastubiblioteka.lv\/#organization\",\"name\":\"Saulkrastu novada bibliot\u0113ka\",\"url\":\"https:\/\/saulkrastubiblioteka.lv\/\",\"logo\":{\"@type\":\"ImageObject\",\"inLanguage\":\"lv-LV\",\"@id\":\"https:\/\/saulkrastubiblioteka.lv\/#\/schema\/logo\/image\/\",\"url\":\"https:\/\/saulkrastubiblioteka.lv\/wp-content\/uploads\/2021\/01\/cropped-logo.png\",\"contentUrl\":\"https:\/\/saulkrastubiblioteka.lv\/wp-content\/uploads\/2021\/01\/cropped-logo.png\",\"width\":240,\"height\":240,\"caption\":\"Saulkrastu novada bibliot\u0113ka\"},\"image\":{\"@id\":\"https:\/\/saulkrastubiblioteka.lv\/#\/schema\/logo\/image\/\"}},{\"@type\":\"Person\",\"@id\":\"https:\/\/saulkrastubiblioteka.lv\/#\/schema\/person\/2233277643a53fb60b293d42c1e5f7a2\",\"name\":\"admin\",\"image\":{\"@type\":\"ImageObject\",\"inLanguage\":\"lv-LV\",\"@id\":\"https:\/\/saulkrastubiblioteka.lv\/#\/schema\/person\/image\/\",\"url\":\"https:\/\/secure.gravatar.com\/avatar\/a5ad3f68569c7df813ab9387f6d30b65?s=96&d=mm&r=g\",\"contentUrl\":\"https:\/\/secure.gravatar.com\/avatar\/a5ad3f68569c7df813ab9387f6d30b65?s=96&d=mm&r=g\",\"caption\":\"admin\"},\"url\":\"https:\/\/saulkrastubiblioteka.lv\/index.php\/author\/info_xjq16vdi\/\"}]}<\/script>\n<!-- \/ Yoast SEO plugin. -->","yoast_head_json":{"title":"Jaunie\u0161i izzina J\u0101\u0146u trad\u012bcijas un tic\u0113jumus - Saulkrastu novada bibliot\u0113ka","robots":{"index":"index","follow":"follow","max-snippet":"max-snippet:-1","max-image-preview":"max-image-preview:large","max-video-preview":"max-video-preview:-1"},"canonical":"https:\/\/saulkrastubiblioteka.lv\/index.php\/2018\/06\/21\/jauniesi-iepazist-janu-tradicijas-un-ticejumus\/","og_locale":"lv_LV","og_type":"article","og_title":"Jaunie\u0161i izzina J\u0101\u0146u trad\u012bcijas un tic\u0113jumus - Saulkrastu novada bibliot\u0113ka","og_description":"L\u012bgo vakars un J\u0101\u0146u diena, nenoliedzami, ir vieni no gada gaid\u012bt\u0101kajiem un skaist\u0101kajiem sv\u0113tkiem. Jaunie\u0161u M\u0101ja &#8211; Saulkrasti darbinieki mudin\u0101ja san\u0101kt kop\u0101 b\u0113rnus un jaunie\u0161us, kas zina J\u0101\u0146u trad\u012bcijas, tic\u0113jumus un dziesmas, k\u0101 ar\u012b tos, kas to visu v\u0113l grib iem\u0101c\u012bties. Saulkrastu novada bibliot\u0113kas bibliotek\u0101re Guntra dal\u012bj\u0101s sav\u0101 pieredz\u0113 un past\u0101st\u012bja par gr\u0101mat\u0101s, \u017eurn\u0101los rakst\u012bto, &hellip; Turpin\u0101t las\u012bt \"Jaunie\u0161i izzina J\u0101\u0146u trad\u012bcijas un tic\u0113jumus\"","og_url":"https:\/\/saulkrastubiblioteka.lv\/index.php\/2018\/06\/21\/jauniesi-iepazist-janu-tradicijas-un-ticejumus\/","og_site_name":"Saulkrastu novada bibliot\u0113ka","article_published_time":"2018-06-21T13:28:25+00:00","article_modified_time":"2018-06-25T06:49:47+00:00","og_image":[{"url":"https:\/\/saulkrastubiblioteka.lv\/wp-content\/uploads\/2018\/06\/lapai0-1024x768.jpg","type":"","width":"","height":""}],"author":"admin","twitter_card":"summary_large_image","twitter_misc":{"Written by":"admin","Est. reading time":"1 min\u016bte"},"schema":{"@context":"https:\/\/schema.org","@graph":[{"@type":"Article","@id":"https:\/\/saulkrastubiblioteka.lv\/index.php\/2018\/06\/21\/jauniesi-iepazist-janu-tradicijas-un-ticejumus\/#article","isPartOf":{"@id":"https:\/\/saulkrastubiblioteka.lv\/index.php\/2018\/06\/21\/jauniesi-iepazist-janu-tradicijas-un-ticejumus\/"},"author":{"name":"admin","@id":"https:\/\/saulkrastubiblioteka.lv\/#\/schema\/person\/2233277643a53fb60b293d42c1e5f7a2"},"headline":"Jaunie\u0161i izzina J\u0101\u0146u trad\u012bcijas un tic\u0113jumus","datePublished":"2018-06-21T13:28:25+00:00","dateModified":"2018-06-25T06:49:47+00:00","mainEntityOfPage":{"@id":"https:\/\/saulkrastubiblioteka.lv\/index.php\/2018\/06\/21\/jauniesi-iepazist-janu-tradicijas-un-ticejumus\/"},"wordCount":115,"publisher":{"@id":"https:\/\/saulkrastubiblioteka.lv\/#organization"},"image":{"@id":"https:\/\/saulkrastubiblioteka.lv\/index.php\/2018\/06\/21\/jauniesi-iepazist-janu-tradicijas-un-ticejumus\/#primaryimage"},"thumbnailUrl":"https:\/\/saulkrastubiblioteka.lv\/wp-content\/uploads\/2018\/06\/lapai0-1024x768.jpg","articleSection":["Pas\u0101kumi"],"inLanguage":"lv-LV"},{"@type":"WebPage","@id":"https:\/\/saulkrastubiblioteka.lv\/index.php\/2018\/06\/21\/jauniesi-iepazist-janu-tradicijas-un-ticejumus\/","url":"https:\/\/saulkrastubiblioteka.lv\/index.php\/2018\/06\/21\/jauniesi-iepazist-janu-tradicijas-un-ticejumus\/","name":"Jaunie\u0161i izzina J\u0101\u0146u trad\u012bcijas un tic\u0113jumus - Saulkrastu novada bibliot\u0113ka","isPartOf":{"@id":"https:\/\/saulkrastubiblioteka.lv\/#website"},"primaryImageOfPage":{"@id":"https:\/\/saulkrastubiblioteka.lv\/index.php\/2018\/06\/21\/jauniesi-iepazist-janu-tradicijas-un-ticejumus\/#primaryimage"},"image":{"@id":"https:\/\/saulkrastubiblioteka.lv\/index.php\/2018\/06\/21\/jauniesi-iepazist-janu-tradicijas-un-ticejumus\/#primaryimage"},"thumbnailUrl":"https:\/\/saulkrastubiblioteka.lv\/wp-content\/uploads\/2018\/06\/lapai0-1024x768.jpg","datePublished":"2018-06-21T13:28:25+00:00","dateModified":"2018-06-25T06:49:47+00:00","breadcrumb":{"@id":"https:\/\/saulkrastubiblioteka.lv\/index.php\/2018\/06\/21\/jauniesi-iepazist-janu-tradicijas-un-ticejumus\/#breadcrumb"},"inLanguage":"lv-LV","potentialAction":[{"@type":"ReadAction","target":["https:\/\/saulkrastubiblioteka.lv\/index.php\/2018\/06\/21\/jauniesi-iepazist-janu-tradicijas-un-ticejumus\/"]}]},{"@type":"ImageObject","inLanguage":"lv-LV","@id":"https:\/\/saulkrastubiblioteka.lv\/index.php\/2018\/06\/21\/jauniesi-iepazist-janu-tradicijas-un-ticejumus\/#primaryimage","url":"https:\/\/saulkrastubiblioteka.lv\/wp-content\/uploads\/2018\/06\/lapai0.jpg","contentUrl":"https:\/\/saulkrastubiblioteka.lv\/wp-content\/uploads\/2018\/06\/lapai0.jpg","width":2064,"height":1548},{"@type":"BreadcrumbList","@id":"https:\/\/saulkrastubiblioteka.lv\/index.php\/2018\/06\/21\/jauniesi-iepazist-janu-tradicijas-un-ticejumus\/#breadcrumb","itemListElement":[{"@type":"ListItem","position":1,"name":"Home","item":"https:\/\/saulkrastubiblioteka.lv\/"},{"@type":"ListItem","position":2,"name":"Jaunie\u0161i izzina J\u0101\u0146u trad\u012bcijas un tic\u0113jumus"}]},{"@type":"WebSite","@id":"https:\/\/saulkrastubiblioteka.lv\/#website","url":"https:\/\/saulkrastubiblioteka.lv\/","name":"Saulkrastu novada bibliot\u0113ka","description":"Vieta, kur labi pavad\u012bt laiku un pab\u016bt mier\u0101","publisher":{"@id":"https:\/\/saulkrastubiblioteka.lv\/#organization"},"potentialAction":[{"@type":"SearchAction","target":{"@type":"EntryPoint","urlTemplate":"https:\/\/saulkrastubiblioteka.lv\/?s={search_term_string}"},"query-input":{"@type":"PropertyValueSpecification","valueRequired":true,"valueName":"search_term_string"}}],"inLanguage":"lv-LV"},{"@type":"Organization","@id":"https:\/\/saulkrastubiblioteka.lv\/#organization","name":"Saulkrastu novada bibliot\u0113ka","url":"https:\/\/saulkrastubiblioteka.lv\/","logo":{"@type":"ImageObject","inLanguage":"lv-LV","@id":"https:\/\/saulkrastubiblioteka.lv\/#\/schema\/logo\/image\/","url":"https:\/\/saulkrastubiblioteka.lv\/wp-content\/uploads\/2021\/01\/cropped-logo.png","contentUrl":"https:\/\/saulkrastubiblioteka.lv\/wp-content\/uploads\/2021\/01\/cropped-logo.png","width":240,"height":240,"caption":"Saulkrastu novada bibliot\u0113ka"},"image":{"@id":"https:\/\/saulkrastubiblioteka.lv\/#\/schema\/logo\/image\/"}},{"@type":"Person","@id":"https:\/\/saulkrastubiblioteka.lv\/#\/schema\/person\/2233277643a53fb60b293d42c1e5f7a2","name":"admin","image":{"@type":"ImageObject","inLanguage":"lv-LV","@id":"https:\/\/saulkrastubiblioteka.lv\/#\/schema\/person\/image\/","url":"https:\/\/secure.gravatar.com\/avatar\/a5ad3f68569c7df813ab9387f6d30b65?s=96&d=mm&r=g","contentUrl":"https:\/\/secure.gravatar.com\/avatar\/a5ad3f68569c7df813ab9387f6d30b65?s=96&d=mm&r=g","caption":"admin"},"url":"https:\/\/saulkrastubiblioteka.lv\/index.php\/author\/info_xjq16vdi\/"}]}},"_links":{"self":[{"href":"https:\/\/saulkrastubiblioteka.lv\/index.php\/wp-json\/wp\/v2\/posts\/704","targetHints":{"allow":["GET"]}}],"collection":[{"href":"https:\/\/saulkrastubiblioteka.lv\/index.php\/wp-json\/wp\/v2\/posts"}],"about":[{"href":"https:\/\/saulkrastubiblioteka.lv\/index.php\/wp-json\/wp\/v2\/types\/post"}],"author":[{"embeddable":true,"href":"https:\/\/saulkrastubiblioteka.lv\/index.php\/wp-json\/wp\/v2\/users\/1"}],"replies":[{"embeddable":true,"href":"https:\/\/saulkrastubiblioteka.lv\/index.php\/wp-json\/wp\/v2\/comments?post=704"}],"version-history":[{"count":4,"href":"https:\/\/saulkrastubiblioteka.lv\/index.php\/wp-json\/wp\/v2\/posts\/704\/revisions"}],"predecessor-version":[{"id":715,"href":"https:\/\/saulkrastubiblioteka.lv\/index.php\/wp-json\/wp\/v2\/posts\/704\/revisions\/715"}],"wp:attachment":[{"href":"https:\/\/saulkrastubiblioteka.lv\/index.php\/wp-json\/wp\/v2\/media?parent=704"}],"wp:term":[{"taxonomy":"category","embeddable":true,"href":"https:\/\/saulkrastubiblioteka.lv\/index.php\/wp-json\/wp\/v2\/categories?post=704"},{"taxonomy":"post_tag","embeddable":true,"href":"https:\/\/saulkrastubiblioteka.lv\/index.php\/wp-json\/wp\/v2\/tags?post=704"}],"curies":[{"name":"wp","href":"https:\/\/api.w.org\/{rel}","templated":true}]}}