{"id":6921,"date":"2022-04-01T06:58:43","date_gmt":"2022-04-01T06:58:43","guid":{"rendered":"https:\/\/saulkrastubiblioteka.lv\/?p=6921"},"modified":"2022-04-01T07:00:10","modified_gmt":"2022-04-01T07:00:10","slug":"2-aprilis-starptautiska-bernu-gramatu-diena","status":"publish","type":"post","link":"https:\/\/saulkrastubiblioteka.lv\/index.php\/2022\/04\/01\/2-aprilis-starptautiska-bernu-gramatu-diena\/","title":{"rendered":"2. apr\u012blis \u2013 Starptautisk\u0101 b\u0113rnu gr\u0101matu diena"},"content":{"rendered":"\n<p>2. apr\u012bl\u012b, pasaku meistara Hansa Kristiana Andersena dzim\u0161anas dien\u0101, \u0161ogad jau 55. reizi atz\u012bm\u0113sim Starptautisko b\u0113rnu gr\u0101matu dienu.<\/p>\n\n\n\n<p>1967. gad\u0101 trad\u012bciju aizs\u0101ka Starptautisk\u0101 B\u0113rnu un jaunatnes literat\u016bras padome (<em>International Board on Books for Young People<\/em>,&nbsp;<em>IBBY<\/em>), un ik gadu no 80 dal\u012bbvalst\u012bm tiek izv\u0113l\u0113ta viena valsts, kurai uztic sagatavot v\u0113st\u012bjumu pasaules b\u0113rniem. Paz\u012bstams b\u0113rnu rakstnieks sagatavo v\u0113st\u012bjuma tekstu, savuk\u0101rt m\u0101kslinieks z\u012bm\u0113 atbilsto\u0161u ilustr\u0101ciju \u2013 plak\u0101tu.<\/p>\n\n\n\n<p>\u0160ogad pasaul\u0113 izskan\u0113s Kan\u0101das rakstnieka Ri\u010darda van Kempa (<em>Richard Van Camp<\/em>) v\u0113st\u012bjums<strong> &#8220;St\u0101sti ir sp\u0101rni, kas ik dienas pal\u012bdz pacelties aug\u0161up&#8221;<\/strong>, ilustratore D\u017e\u016blija Fleta (<em>Julie Flett<\/em>). Ri\u010dards van Kemps ir autors 26 gr\u0101mat\u0101m, no kur\u0101m daudzas velt\u012btas b\u0113rniem, taj\u0101 skait\u0101 vismaz\u0101kajiem, bet ilustratore, m\u0101ksliniece D\u017e\u016blija Fleta ir ar\u012b gr\u0101matu autore.<\/p>\n\n\n\n<!--more-->\n\n\n\n<p>Katru gadu Latvijas bibliot\u0113k\u0101s pla\u0161i atz\u012bm\u0113 Starptautisko b\u0113rnu gr\u0101matu dienu, par pamatu \u0146emot v\u0113st\u012bjuma saturu, r\u012bkojot daudzveid\u012bgas gr\u0101matu izst\u0101des, rado\u0161us pas\u0101kumus, las\u012bjumus, tik\u0161anos ar gr\u0101matu autoriem un ilustratoriem. Svar\u012bga b\u0113rnu gr\u0101matu dienas da\u013ca Latvij\u0101 ir tradicion\u0101l\u0101 Pavasara konference, ko r\u012bko Latvijas Nacion\u0101l\u0101s bibliot\u0113kas B\u0113rnu literat\u016bras centrs un Latvijas b\u0113rnu un jaunatnes literat\u016bras padome. Starptautisk\u0101 konference &#8220;Gr\u0101matu pumpuri att\u0113los rais\u0101s&#8221; notiks 12. apr\u012bl\u012b, \u0161ogad t\u0101 b\u016bs velt\u012bta b\u0113rnu bil\u017eu gr\u0101mat\u0101m un ilustr\u0101cijai.<\/p>\n\n\n\n<p>Starptautisk\u0101s b\u0113rnu gr\u0101matu dienas plak\u0101tu var lejupiel\u0101d\u0113t: <a href=\"https:\/\/www.ibby.org\/awards-activities\/activities\/international-childrens-book-day\">https:\/\/www.ibby.org\/awards-activities\/activities\/international-childrens-book-day<\/a>.<br>&nbsp;<\/p>\n\n\n\n<p><strong>St\u0101sti ir sp\u0101rni, kas ik dienas pal\u012bdz pacelties aug\u0161up<\/strong><\/p>\n\n\n\n<p>Las\u012b\u0161ana ir br\u012bv\u012bba. Las\u012b\u0161ana ir elpa.<br>Lasot tu ieraugi m\u016bsu pasauli cit\u0101m ac\u012bm un nok\u013c\u016bsti t\u0101d\u0101s pasaul\u0113s, kuras vairs nev\u0113lies atst\u0101t.<br>Las\u012b\u0161ana tavam garam \u013cauj sap\u0146ot.<br>M\u0113dz teikt, ka gr\u0101matas k\u013c\u016bst par draugiem uz m\u016b\u017eu, un es tam piekr\u012btu.<br>Kad lasi, tavs ide\u0101lais Visums tikai aug augum\u0101.<br>St\u0101sti ir sp\u0101rni, kas ik dienas pal\u012bdz pacelties aug\u0161up, t\u0101p\u0113c atrodi gr\u0101matas, kas uzrun\u0101 tavu garu, sirdi un pr\u0101tu!<br>St\u0101sti ir z\u0101les. Tie dzied\u0113. Mierina. Iedvesmo. M\u0101ca.<br>Lai sv\u0113t\u012bti st\u0101stnieki, las\u012bt\u0101ji un klaus\u012bt\u0101ji! Lai sv\u0113t\u012btas gr\u0101matas! T\u0101s ir z\u0101les, kas \u013caus piedz\u012bvot lab\u0101ku, gai\u0161\u0101ku pasauli.<br><em>Mahsi cho<\/em>. Liels paldies.<\/p>\n\n\n\n<p>Autors: Ri\u010dards van Kemps<br>No ang\u013cu valodas atdzejojusi: M\u0101ra Ciel\u0113na<\/p>\n\n\n\n<p><strong>Inform\u0101ciju sagatavoja:<\/strong><br>B\u0113rnu literat\u016bras centrs<br>Latvijas Nacion\u0101l\u0101 bibliot\u0113ka<br>E-pasts: <a href=\"mailto:berni@lnb.lv\">berni@lnb.lv (link sends e-mail)<\/a><br>T\u0101lr.: 67716040, 67716041<br><a href=\"http:\/\/www.lasamkoks.lv\/\" target=\"_blank\" rel=\"noreferrer noopener\">www.lasamkoks.lv<\/a><br><a href=\"https:\/\/twitter.com\/bjv_zurija\" target=\"_blank\" rel=\"noreferrer noopener\">twitter.com\/bjv_zurija<\/a><\/p>\n","protected":false},"excerpt":{"rendered":"<p>2. apr\u012bl\u012b, pasaku meistara Hansa Kristiana Andersena dzim\u0161anas dien\u0101, \u0161ogad jau 55. reizi atz\u012bm\u0113sim Starptautisko b\u0113rnu gr\u0101matu dienu. 1967. gad\u0101 trad\u012bciju aizs\u0101ka Starptautisk\u0101 B\u0113rnu un jaunatnes literat\u016bras padome (International Board on Books for Young People,&nbsp;IBBY), un ik gadu no 80 dal\u012bbvalst\u012bm tiek izv\u0113l\u0113ta viena valsts, kurai uztic sagatavot v\u0113st\u012bjumu pasaules b\u0113rniem. Paz\u012bstams b\u0113rnu rakstnieks sagatavo &hellip; <a href=\"https:\/\/saulkrastubiblioteka.lv\/index.php\/2022\/04\/01\/2-aprilis-starptautiska-bernu-gramatu-diena\/\" class=\"more-link\">Turpin\u0101t las\u012bt<span class=\"screen-reader-text\"> &#8220;2. apr\u012blis \u2013 Starptautisk\u0101 b\u0113rnu gr\u0101matu diena&#8221;<\/span><\/a><\/p>\n","protected":false},"author":1,"featured_media":0,"comment_status":"closed","ping_status":"open","sticky":false,"template":"","format":"standard","meta":{"footnotes":""},"categories":[31],"tags":[],"class_list":["post-6921","post","type-post","status-publish","format-standard","hentry","category-gramatas"],"yoast_head":"<!-- This site is optimized with the Yoast SEO plugin v24.2 - https:\/\/yoast.com\/wordpress\/plugins\/seo\/ -->\n<title>2. apr\u012blis \u2013 Starptautisk\u0101 b\u0113rnu gr\u0101matu diena - Saulkrastu novada bibliot\u0113ka<\/title>\n<meta name=\"robots\" content=\"index, follow, max-snippet:-1, max-image-preview:large, max-video-preview:-1\" \/>\n<link rel=\"canonical\" href=\"https:\/\/saulkrastubiblioteka.lv\/index.php\/2022\/04\/01\/2-aprilis-starptautiska-bernu-gramatu-diena\/\" \/>\n<meta property=\"og:locale\" content=\"lv_LV\" \/>\n<meta property=\"og:type\" content=\"article\" \/>\n<meta property=\"og:title\" content=\"2. apr\u012blis \u2013 Starptautisk\u0101 b\u0113rnu gr\u0101matu diena - Saulkrastu novada bibliot\u0113ka\" \/>\n<meta property=\"og:description\" content=\"2. apr\u012bl\u012b, pasaku meistara Hansa Kristiana Andersena dzim\u0161anas dien\u0101, \u0161ogad jau 55. reizi atz\u012bm\u0113sim Starptautisko b\u0113rnu gr\u0101matu dienu. 1967. gad\u0101 trad\u012bciju aizs\u0101ka Starptautisk\u0101 B\u0113rnu un jaunatnes literat\u016bras padome (International Board on Books for Young People,&nbsp;IBBY), un ik gadu no 80 dal\u012bbvalst\u012bm tiek izv\u0113l\u0113ta viena valsts, kurai uztic sagatavot v\u0113st\u012bjumu pasaules b\u0113rniem. Paz\u012bstams b\u0113rnu rakstnieks sagatavo &hellip; Turpin\u0101t las\u012bt &quot;2. apr\u012blis \u2013 Starptautisk\u0101 b\u0113rnu gr\u0101matu diena&quot;\" \/>\n<meta property=\"og:url\" content=\"https:\/\/saulkrastubiblioteka.lv\/index.php\/2022\/04\/01\/2-aprilis-starptautiska-bernu-gramatu-diena\/\" \/>\n<meta property=\"og:site_name\" content=\"Saulkrastu novada bibliot\u0113ka\" \/>\n<meta property=\"article:published_time\" content=\"2022-04-01T06:58:43+00:00\" \/>\n<meta property=\"article:modified_time\" content=\"2022-04-01T07:00:10+00:00\" \/>\n<meta name=\"author\" content=\"admin\" \/>\n<meta name=\"twitter:card\" content=\"summary_large_image\" \/>\n<meta name=\"twitter:label1\" content=\"Written by\" \/>\n\t<meta name=\"twitter:data1\" content=\"admin\" \/>\n\t<meta name=\"twitter:label2\" content=\"Est. reading time\" \/>\n\t<meta name=\"twitter:data2\" content=\"2 min\u016btes\" \/>\n<script type=\"application\/ld+json\" class=\"yoast-schema-graph\">{\"@context\":\"https:\/\/schema.org\",\"@graph\":[{\"@type\":\"Article\",\"@id\":\"https:\/\/saulkrastubiblioteka.lv\/index.php\/2022\/04\/01\/2-aprilis-starptautiska-bernu-gramatu-diena\/#article\",\"isPartOf\":{\"@id\":\"https:\/\/saulkrastubiblioteka.lv\/index.php\/2022\/04\/01\/2-aprilis-starptautiska-bernu-gramatu-diena\/\"},\"author\":{\"name\":\"admin\",\"@id\":\"https:\/\/saulkrastubiblioteka.lv\/#\/schema\/person\/2233277643a53fb60b293d42c1e5f7a2\"},\"headline\":\"2. apr\u012blis \u2013 Starptautisk\u0101 b\u0113rnu gr\u0101matu diena\",\"datePublished\":\"2022-04-01T06:58:43+00:00\",\"dateModified\":\"2022-04-01T07:00:10+00:00\",\"mainEntityOfPage\":{\"@id\":\"https:\/\/saulkrastubiblioteka.lv\/index.php\/2022\/04\/01\/2-aprilis-starptautiska-bernu-gramatu-diena\/\"},\"wordCount\":493,\"publisher\":{\"@id\":\"https:\/\/saulkrastubiblioteka.lv\/#organization\"},\"articleSection\":[\"Gr\u0101matas\"],\"inLanguage\":\"lv-LV\"},{\"@type\":\"WebPage\",\"@id\":\"https:\/\/saulkrastubiblioteka.lv\/index.php\/2022\/04\/01\/2-aprilis-starptautiska-bernu-gramatu-diena\/\",\"url\":\"https:\/\/saulkrastubiblioteka.lv\/index.php\/2022\/04\/01\/2-aprilis-starptautiska-bernu-gramatu-diena\/\",\"name\":\"2. apr\u012blis \u2013 Starptautisk\u0101 b\u0113rnu gr\u0101matu diena - Saulkrastu novada bibliot\u0113ka\",\"isPartOf\":{\"@id\":\"https:\/\/saulkrastubiblioteka.lv\/#website\"},\"datePublished\":\"2022-04-01T06:58:43+00:00\",\"dateModified\":\"2022-04-01T07:00:10+00:00\",\"breadcrumb\":{\"@id\":\"https:\/\/saulkrastubiblioteka.lv\/index.php\/2022\/04\/01\/2-aprilis-starptautiska-bernu-gramatu-diena\/#breadcrumb\"},\"inLanguage\":\"lv-LV\",\"potentialAction\":[{\"@type\":\"ReadAction\",\"target\":[\"https:\/\/saulkrastubiblioteka.lv\/index.php\/2022\/04\/01\/2-aprilis-starptautiska-bernu-gramatu-diena\/\"]}]},{\"@type\":\"BreadcrumbList\",\"@id\":\"https:\/\/saulkrastubiblioteka.lv\/index.php\/2022\/04\/01\/2-aprilis-starptautiska-bernu-gramatu-diena\/#breadcrumb\",\"itemListElement\":[{\"@type\":\"ListItem\",\"position\":1,\"name\":\"Home\",\"item\":\"https:\/\/saulkrastubiblioteka.lv\/\"},{\"@type\":\"ListItem\",\"position\":2,\"name\":\"2. apr\u012blis \u2013 Starptautisk\u0101 b\u0113rnu gr\u0101matu diena\"}]},{\"@type\":\"WebSite\",\"@id\":\"https:\/\/saulkrastubiblioteka.lv\/#website\",\"url\":\"https:\/\/saulkrastubiblioteka.lv\/\",\"name\":\"Saulkrastu novada bibliot\u0113ka\",\"description\":\"Vieta, kur labi pavad\u012bt laiku un pab\u016bt mier\u0101\",\"publisher\":{\"@id\":\"https:\/\/saulkrastubiblioteka.lv\/#organization\"},\"potentialAction\":[{\"@type\":\"SearchAction\",\"target\":{\"@type\":\"EntryPoint\",\"urlTemplate\":\"https:\/\/saulkrastubiblioteka.lv\/?s={search_term_string}\"},\"query-input\":{\"@type\":\"PropertyValueSpecification\",\"valueRequired\":true,\"valueName\":\"search_term_string\"}}],\"inLanguage\":\"lv-LV\"},{\"@type\":\"Organization\",\"@id\":\"https:\/\/saulkrastubiblioteka.lv\/#organization\",\"name\":\"Saulkrastu novada bibliot\u0113ka\",\"url\":\"https:\/\/saulkrastubiblioteka.lv\/\",\"logo\":{\"@type\":\"ImageObject\",\"inLanguage\":\"lv-LV\",\"@id\":\"https:\/\/saulkrastubiblioteka.lv\/#\/schema\/logo\/image\/\",\"url\":\"https:\/\/saulkrastubiblioteka.lv\/wp-content\/uploads\/2021\/01\/cropped-logo.png\",\"contentUrl\":\"https:\/\/saulkrastubiblioteka.lv\/wp-content\/uploads\/2021\/01\/cropped-logo.png\",\"width\":240,\"height\":240,\"caption\":\"Saulkrastu novada bibliot\u0113ka\"},\"image\":{\"@id\":\"https:\/\/saulkrastubiblioteka.lv\/#\/schema\/logo\/image\/\"}},{\"@type\":\"Person\",\"@id\":\"https:\/\/saulkrastubiblioteka.lv\/#\/schema\/person\/2233277643a53fb60b293d42c1e5f7a2\",\"name\":\"admin\",\"image\":{\"@type\":\"ImageObject\",\"inLanguage\":\"lv-LV\",\"@id\":\"https:\/\/saulkrastubiblioteka.lv\/#\/schema\/person\/image\/\",\"url\":\"https:\/\/secure.gravatar.com\/avatar\/a5ad3f68569c7df813ab9387f6d30b65?s=96&d=mm&r=g\",\"contentUrl\":\"https:\/\/secure.gravatar.com\/avatar\/a5ad3f68569c7df813ab9387f6d30b65?s=96&d=mm&r=g\",\"caption\":\"admin\"},\"url\":\"https:\/\/saulkrastubiblioteka.lv\/index.php\/author\/info_xjq16vdi\/\"}]}<\/script>\n<!-- \/ Yoast SEO plugin. -->","yoast_head_json":{"title":"2. apr\u012blis \u2013 Starptautisk\u0101 b\u0113rnu gr\u0101matu diena - Saulkrastu novada bibliot\u0113ka","robots":{"index":"index","follow":"follow","max-snippet":"max-snippet:-1","max-image-preview":"max-image-preview:large","max-video-preview":"max-video-preview:-1"},"canonical":"https:\/\/saulkrastubiblioteka.lv\/index.php\/2022\/04\/01\/2-aprilis-starptautiska-bernu-gramatu-diena\/","og_locale":"lv_LV","og_type":"article","og_title":"2. apr\u012blis \u2013 Starptautisk\u0101 b\u0113rnu gr\u0101matu diena - Saulkrastu novada bibliot\u0113ka","og_description":"2. apr\u012bl\u012b, pasaku meistara Hansa Kristiana Andersena dzim\u0161anas dien\u0101, \u0161ogad jau 55. reizi atz\u012bm\u0113sim Starptautisko b\u0113rnu gr\u0101matu dienu. 1967. gad\u0101 trad\u012bciju aizs\u0101ka Starptautisk\u0101 B\u0113rnu un jaunatnes literat\u016bras padome (International Board on Books for Young People,&nbsp;IBBY), un ik gadu no 80 dal\u012bbvalst\u012bm tiek izv\u0113l\u0113ta viena valsts, kurai uztic sagatavot v\u0113st\u012bjumu pasaules b\u0113rniem. Paz\u012bstams b\u0113rnu rakstnieks sagatavo &hellip; Turpin\u0101t las\u012bt \"2. apr\u012blis \u2013 Starptautisk\u0101 b\u0113rnu gr\u0101matu diena\"","og_url":"https:\/\/saulkrastubiblioteka.lv\/index.php\/2022\/04\/01\/2-aprilis-starptautiska-bernu-gramatu-diena\/","og_site_name":"Saulkrastu novada bibliot\u0113ka","article_published_time":"2022-04-01T06:58:43+00:00","article_modified_time":"2022-04-01T07:00:10+00:00","author":"admin","twitter_card":"summary_large_image","twitter_misc":{"Written by":"admin","Est. reading time":"2 min\u016btes"},"schema":{"@context":"https:\/\/schema.org","@graph":[{"@type":"Article","@id":"https:\/\/saulkrastubiblioteka.lv\/index.php\/2022\/04\/01\/2-aprilis-starptautiska-bernu-gramatu-diena\/#article","isPartOf":{"@id":"https:\/\/saulkrastubiblioteka.lv\/index.php\/2022\/04\/01\/2-aprilis-starptautiska-bernu-gramatu-diena\/"},"author":{"name":"admin","@id":"https:\/\/saulkrastubiblioteka.lv\/#\/schema\/person\/2233277643a53fb60b293d42c1e5f7a2"},"headline":"2. apr\u012blis \u2013 Starptautisk\u0101 b\u0113rnu gr\u0101matu diena","datePublished":"2022-04-01T06:58:43+00:00","dateModified":"2022-04-01T07:00:10+00:00","mainEntityOfPage":{"@id":"https:\/\/saulkrastubiblioteka.lv\/index.php\/2022\/04\/01\/2-aprilis-starptautiska-bernu-gramatu-diena\/"},"wordCount":493,"publisher":{"@id":"https:\/\/saulkrastubiblioteka.lv\/#organization"},"articleSection":["Gr\u0101matas"],"inLanguage":"lv-LV"},{"@type":"WebPage","@id":"https:\/\/saulkrastubiblioteka.lv\/index.php\/2022\/04\/01\/2-aprilis-starptautiska-bernu-gramatu-diena\/","url":"https:\/\/saulkrastubiblioteka.lv\/index.php\/2022\/04\/01\/2-aprilis-starptautiska-bernu-gramatu-diena\/","name":"2. apr\u012blis \u2013 Starptautisk\u0101 b\u0113rnu gr\u0101matu diena - Saulkrastu novada bibliot\u0113ka","isPartOf":{"@id":"https:\/\/saulkrastubiblioteka.lv\/#website"},"datePublished":"2022-04-01T06:58:43+00:00","dateModified":"2022-04-01T07:00:10+00:00","breadcrumb":{"@id":"https:\/\/saulkrastubiblioteka.lv\/index.php\/2022\/04\/01\/2-aprilis-starptautiska-bernu-gramatu-diena\/#breadcrumb"},"inLanguage":"lv-LV","potentialAction":[{"@type":"ReadAction","target":["https:\/\/saulkrastubiblioteka.lv\/index.php\/2022\/04\/01\/2-aprilis-starptautiska-bernu-gramatu-diena\/"]}]},{"@type":"BreadcrumbList","@id":"https:\/\/saulkrastubiblioteka.lv\/index.php\/2022\/04\/01\/2-aprilis-starptautiska-bernu-gramatu-diena\/#breadcrumb","itemListElement":[{"@type":"ListItem","position":1,"name":"Home","item":"https:\/\/saulkrastubiblioteka.lv\/"},{"@type":"ListItem","position":2,"name":"2. apr\u012blis \u2013 Starptautisk\u0101 b\u0113rnu gr\u0101matu diena"}]},{"@type":"WebSite","@id":"https:\/\/saulkrastubiblioteka.lv\/#website","url":"https:\/\/saulkrastubiblioteka.lv\/","name":"Saulkrastu novada bibliot\u0113ka","description":"Vieta, kur labi pavad\u012bt laiku un pab\u016bt mier\u0101","publisher":{"@id":"https:\/\/saulkrastubiblioteka.lv\/#organization"},"potentialAction":[{"@type":"SearchAction","target":{"@type":"EntryPoint","urlTemplate":"https:\/\/saulkrastubiblioteka.lv\/?s={search_term_string}"},"query-input":{"@type":"PropertyValueSpecification","valueRequired":true,"valueName":"search_term_string"}}],"inLanguage":"lv-LV"},{"@type":"Organization","@id":"https:\/\/saulkrastubiblioteka.lv\/#organization","name":"Saulkrastu novada bibliot\u0113ka","url":"https:\/\/saulkrastubiblioteka.lv\/","logo":{"@type":"ImageObject","inLanguage":"lv-LV","@id":"https:\/\/saulkrastubiblioteka.lv\/#\/schema\/logo\/image\/","url":"https:\/\/saulkrastubiblioteka.lv\/wp-content\/uploads\/2021\/01\/cropped-logo.png","contentUrl":"https:\/\/saulkrastubiblioteka.lv\/wp-content\/uploads\/2021\/01\/cropped-logo.png","width":240,"height":240,"caption":"Saulkrastu novada bibliot\u0113ka"},"image":{"@id":"https:\/\/saulkrastubiblioteka.lv\/#\/schema\/logo\/image\/"}},{"@type":"Person","@id":"https:\/\/saulkrastubiblioteka.lv\/#\/schema\/person\/2233277643a53fb60b293d42c1e5f7a2","name":"admin","image":{"@type":"ImageObject","inLanguage":"lv-LV","@id":"https:\/\/saulkrastubiblioteka.lv\/#\/schema\/person\/image\/","url":"https:\/\/secure.gravatar.com\/avatar\/a5ad3f68569c7df813ab9387f6d30b65?s=96&d=mm&r=g","contentUrl":"https:\/\/secure.gravatar.com\/avatar\/a5ad3f68569c7df813ab9387f6d30b65?s=96&d=mm&r=g","caption":"admin"},"url":"https:\/\/saulkrastubiblioteka.lv\/index.php\/author\/info_xjq16vdi\/"}]}},"_links":{"self":[{"href":"https:\/\/saulkrastubiblioteka.lv\/index.php\/wp-json\/wp\/v2\/posts\/6921","targetHints":{"allow":["GET"]}}],"collection":[{"href":"https:\/\/saulkrastubiblioteka.lv\/index.php\/wp-json\/wp\/v2\/posts"}],"about":[{"href":"https:\/\/saulkrastubiblioteka.lv\/index.php\/wp-json\/wp\/v2\/types\/post"}],"author":[{"embeddable":true,"href":"https:\/\/saulkrastubiblioteka.lv\/index.php\/wp-json\/wp\/v2\/users\/1"}],"replies":[{"embeddable":true,"href":"https:\/\/saulkrastubiblioteka.lv\/index.php\/wp-json\/wp\/v2\/comments?post=6921"}],"version-history":[{"count":3,"href":"https:\/\/saulkrastubiblioteka.lv\/index.php\/wp-json\/wp\/v2\/posts\/6921\/revisions"}],"predecessor-version":[{"id":6924,"href":"https:\/\/saulkrastubiblioteka.lv\/index.php\/wp-json\/wp\/v2\/posts\/6921\/revisions\/6924"}],"wp:attachment":[{"href":"https:\/\/saulkrastubiblioteka.lv\/index.php\/wp-json\/wp\/v2\/media?parent=6921"}],"wp:term":[{"taxonomy":"category","embeddable":true,"href":"https:\/\/saulkrastubiblioteka.lv\/index.php\/wp-json\/wp\/v2\/categories?post=6921"},{"taxonomy":"post_tag","embeddable":true,"href":"https:\/\/saulkrastubiblioteka.lv\/index.php\/wp-json\/wp\/v2\/tags?post=6921"}],"curies":[{"name":"wp","href":"https:\/\/api.w.org\/{rel}","templated":true}]}}