{"id":5862,"date":"2021-09-16T08:47:33","date_gmt":"2021-09-16T08:47:33","guid":{"rendered":"https:\/\/saulkrastubiblioteka.lv\/?p=5862"},"modified":"2021-09-16T08:47:56","modified_gmt":"2021-09-16T08:47:56","slug":"lasitakas-bernu-un-jauniesu-gramatas-vasaras-menesos","status":"publish","type":"post","link":"https:\/\/saulkrastubiblioteka.lv\/index.php\/2021\/09\/16\/lasitakas-bernu-un-jauniesu-gramatas-vasaras-menesos\/","title":{"rendered":"Las\u012bt\u0101k\u0101s b\u0113rnu un jaunie\u0161u gr\u0101matas vasaras m\u0113ne\u0161os"},"content":{"rendered":"\n<figure class=\"wp-block-image size-large is-resized\"><img loading=\"lazy\" decoding=\"async\" src=\"https:\/\/saulkrastubiblioteka.lv\/wp-content\/uploads\/2021\/09\/242023009_1971846942981053_5599536034491870124_n-1024x603.jpg\" alt=\"\" class=\"wp-image-5863\" width=\"600\" height=\"350\"\/><\/figure>\n\n\n\n<p>Predz\u0113t, ka b\u0113rnu un jaunie\u0161u gr\u0101matu izv\u0113l\u0113 iek\u013cuvu\u0161as \u201cB\u0113rnu, jaunie\u0161u un vec\u0101ku \u017e\u016brijas 2021\u201d gr\u0101matas. Nov\u0113rt\u0113jam akt\u012bvo dal\u012bbu las\u012b\u0161anas veicin\u0101\u0161anas programm\u0101.<\/p>\n\n\n\n<p>Las\u012bt\u0101k\u0101s b\u0113rnu un jaunie\u0161u gr\u0101matas:<\/p>\n\n\n\n<ol class=\"wp-block-list\"><li>S\u0101ra Penip\u0101rkere \u201cPakss\u201d<\/li><li>Mika Kerenens \u201cArmando\u201d<\/li><li>Halina Vdovi\u010denko \u201c36 un 6 ka\u0137i\u201d<\/li><li>Dzintars Tilaks \u201c\u0160ausmi\u0146a\u201d<\/li><li>L\u016bkass Hartmanis \u201cTik gar\u0161 deguns\u201d<\/li><li>Ieva Melgalve \u201cEm\u012b un R\u016b. Robota sirds\u201d<\/li><li>Ulfs Starks \u201cB\u0113gu\u013ci\u201d<\/li><li>Inga \u017dolude \u201cPirmo reizi uz Zemes\u201d<\/li><li>Petri Tamminens \u201cK\u0101 sagaid\u012bt citplan\u0113tieti\u201d<\/li><li>Pireta Rauda \u201cK\u0101 izgl\u0101bt maz\u012bti\u0146o mammu\u201d<\/li><\/ol>\n","protected":false},"excerpt":{"rendered":"<p>Predz\u0113t, ka b\u0113rnu un jaunie\u0161u gr\u0101matu izv\u0113l\u0113 iek\u013cuvu\u0161as \u201cB\u0113rnu, jaunie\u0161u un vec\u0101ku \u017e\u016brijas 2021\u201d gr\u0101matas. Nov\u0113rt\u0113jam akt\u012bvo dal\u012bbu las\u012b\u0161anas veicin\u0101\u0161anas programm\u0101. Las\u012bt\u0101k\u0101s b\u0113rnu un jaunie\u0161u gr\u0101matas: S\u0101ra Penip\u0101rkere \u201cPakss\u201d Mika Kerenens \u201cArmando\u201d Halina Vdovi\u010denko \u201c36 un 6 ka\u0137i\u201d Dzintars Tilaks \u201c\u0160ausmi\u0146a\u201d L\u016bkass Hartmanis \u201cTik gar\u0161 deguns\u201d Ieva Melgalve \u201cEm\u012b un R\u016b. Robota sirds\u201d Ulfs Starks &hellip; <a href=\"https:\/\/saulkrastubiblioteka.lv\/index.php\/2021\/09\/16\/lasitakas-bernu-un-jauniesu-gramatas-vasaras-menesos\/\" class=\"more-link\">Turpin\u0101t las\u012bt<span class=\"screen-reader-text\"> &#8220;Las\u012bt\u0101k\u0101s b\u0113rnu un jaunie\u0161u gr\u0101matas vasaras m\u0113ne\u0161os&#8221;<\/span><\/a><\/p>\n","protected":false},"author":1,"featured_media":0,"comment_status":"closed","ping_status":"open","sticky":false,"template":"","format":"standard","meta":{"footnotes":""},"categories":[31],"tags":[],"class_list":["post-5862","post","type-post","status-publish","format-standard","hentry","category-gramatas"],"yoast_head":"<!-- This site is optimized with the Yoast SEO plugin v24.2 - https:\/\/yoast.com\/wordpress\/plugins\/seo\/ -->\n<title>Las\u012bt\u0101k\u0101s b\u0113rnu un jaunie\u0161u gr\u0101matas vasaras m\u0113ne\u0161os - Saulkrastu novada bibliot\u0113ka<\/title>\n<meta name=\"robots\" content=\"index, follow, max-snippet:-1, max-image-preview:large, max-video-preview:-1\" \/>\n<link rel=\"canonical\" href=\"https:\/\/saulkrastubiblioteka.lv\/index.php\/2021\/09\/16\/lasitakas-bernu-un-jauniesu-gramatas-vasaras-menesos\/\" \/>\n<meta property=\"og:locale\" content=\"lv_LV\" \/>\n<meta property=\"og:type\" content=\"article\" \/>\n<meta property=\"og:title\" content=\"Las\u012bt\u0101k\u0101s b\u0113rnu un jaunie\u0161u gr\u0101matas vasaras m\u0113ne\u0161os - Saulkrastu novada bibliot\u0113ka\" \/>\n<meta property=\"og:description\" content=\"Predz\u0113t, ka b\u0113rnu un jaunie\u0161u gr\u0101matu izv\u0113l\u0113 iek\u013cuvu\u0161as \u201cB\u0113rnu, jaunie\u0161u un vec\u0101ku \u017e\u016brijas 2021\u201d gr\u0101matas. Nov\u0113rt\u0113jam akt\u012bvo dal\u012bbu las\u012b\u0161anas veicin\u0101\u0161anas programm\u0101. Las\u012bt\u0101k\u0101s b\u0113rnu un jaunie\u0161u gr\u0101matas: S\u0101ra Penip\u0101rkere \u201cPakss\u201d Mika Kerenens \u201cArmando\u201d Halina Vdovi\u010denko \u201c36 un 6 ka\u0137i\u201d Dzintars Tilaks \u201c\u0160ausmi\u0146a\u201d L\u016bkass Hartmanis \u201cTik gar\u0161 deguns\u201d Ieva Melgalve \u201cEm\u012b un R\u016b. Robota sirds\u201d Ulfs Starks &hellip; Turpin\u0101t las\u012bt &quot;Las\u012bt\u0101k\u0101s b\u0113rnu un jaunie\u0161u gr\u0101matas vasaras m\u0113ne\u0161os&quot;\" \/>\n<meta property=\"og:url\" content=\"https:\/\/saulkrastubiblioteka.lv\/index.php\/2021\/09\/16\/lasitakas-bernu-un-jauniesu-gramatas-vasaras-menesos\/\" \/>\n<meta property=\"og:site_name\" content=\"Saulkrastu novada bibliot\u0113ka\" \/>\n<meta property=\"article:published_time\" content=\"2021-09-16T08:47:33+00:00\" \/>\n<meta property=\"article:modified_time\" content=\"2021-09-16T08:47:56+00:00\" \/>\n<meta property=\"og:image\" content=\"https:\/\/saulkrastubiblioteka.lv\/wp-content\/uploads\/2021\/09\/242023009_1971846942981053_5599536034491870124_n-1024x603.jpg\" \/>\n<meta name=\"author\" content=\"admin\" \/>\n<meta name=\"twitter:card\" content=\"summary_large_image\" \/>\n<meta name=\"twitter:label1\" content=\"Written by\" \/>\n\t<meta name=\"twitter:data1\" content=\"admin\" \/>\n\t<meta name=\"twitter:label2\" content=\"Est. reading time\" \/>\n\t<meta name=\"twitter:data2\" content=\"1 min\u016bte\" \/>\n<script type=\"application\/ld+json\" class=\"yoast-schema-graph\">{\"@context\":\"https:\/\/schema.org\",\"@graph\":[{\"@type\":\"Article\",\"@id\":\"https:\/\/saulkrastubiblioteka.lv\/index.php\/2021\/09\/16\/lasitakas-bernu-un-jauniesu-gramatas-vasaras-menesos\/#article\",\"isPartOf\":{\"@id\":\"https:\/\/saulkrastubiblioteka.lv\/index.php\/2021\/09\/16\/lasitakas-bernu-un-jauniesu-gramatas-vasaras-menesos\/\"},\"author\":{\"name\":\"admin\",\"@id\":\"https:\/\/saulkrastubiblioteka.lv\/#\/schema\/person\/2233277643a53fb60b293d42c1e5f7a2\"},\"headline\":\"Las\u012bt\u0101k\u0101s b\u0113rnu un jaunie\u0161u gr\u0101matas vasaras m\u0113ne\u0161os\",\"datePublished\":\"2021-09-16T08:47:33+00:00\",\"dateModified\":\"2021-09-16T08:47:56+00:00\",\"mainEntityOfPage\":{\"@id\":\"https:\/\/saulkrastubiblioteka.lv\/index.php\/2021\/09\/16\/lasitakas-bernu-un-jauniesu-gramatas-vasaras-menesos\/\"},\"wordCount\":121,\"publisher\":{\"@id\":\"https:\/\/saulkrastubiblioteka.lv\/#organization\"},\"image\":{\"@id\":\"https:\/\/saulkrastubiblioteka.lv\/index.php\/2021\/09\/16\/lasitakas-bernu-un-jauniesu-gramatas-vasaras-menesos\/#primaryimage\"},\"thumbnailUrl\":\"https:\/\/saulkrastubiblioteka.lv\/wp-content\/uploads\/2021\/09\/242023009_1971846942981053_5599536034491870124_n-1024x603.jpg\",\"articleSection\":[\"Gr\u0101matas\"],\"inLanguage\":\"lv-LV\"},{\"@type\":\"WebPage\",\"@id\":\"https:\/\/saulkrastubiblioteka.lv\/index.php\/2021\/09\/16\/lasitakas-bernu-un-jauniesu-gramatas-vasaras-menesos\/\",\"url\":\"https:\/\/saulkrastubiblioteka.lv\/index.php\/2021\/09\/16\/lasitakas-bernu-un-jauniesu-gramatas-vasaras-menesos\/\",\"name\":\"Las\u012bt\u0101k\u0101s b\u0113rnu un jaunie\u0161u gr\u0101matas vasaras m\u0113ne\u0161os - Saulkrastu novada bibliot\u0113ka\",\"isPartOf\":{\"@id\":\"https:\/\/saulkrastubiblioteka.lv\/#website\"},\"primaryImageOfPage\":{\"@id\":\"https:\/\/saulkrastubiblioteka.lv\/index.php\/2021\/09\/16\/lasitakas-bernu-un-jauniesu-gramatas-vasaras-menesos\/#primaryimage\"},\"image\":{\"@id\":\"https:\/\/saulkrastubiblioteka.lv\/index.php\/2021\/09\/16\/lasitakas-bernu-un-jauniesu-gramatas-vasaras-menesos\/#primaryimage\"},\"thumbnailUrl\":\"https:\/\/saulkrastubiblioteka.lv\/wp-content\/uploads\/2021\/09\/242023009_1971846942981053_5599536034491870124_n-1024x603.jpg\",\"datePublished\":\"2021-09-16T08:47:33+00:00\",\"dateModified\":\"2021-09-16T08:47:56+00:00\",\"breadcrumb\":{\"@id\":\"https:\/\/saulkrastubiblioteka.lv\/index.php\/2021\/09\/16\/lasitakas-bernu-un-jauniesu-gramatas-vasaras-menesos\/#breadcrumb\"},\"inLanguage\":\"lv-LV\",\"potentialAction\":[{\"@type\":\"ReadAction\",\"target\":[\"https:\/\/saulkrastubiblioteka.lv\/index.php\/2021\/09\/16\/lasitakas-bernu-un-jauniesu-gramatas-vasaras-menesos\/\"]}]},{\"@type\":\"ImageObject\",\"inLanguage\":\"lv-LV\",\"@id\":\"https:\/\/saulkrastubiblioteka.lv\/index.php\/2021\/09\/16\/lasitakas-bernu-un-jauniesu-gramatas-vasaras-menesos\/#primaryimage\",\"url\":\"https:\/\/saulkrastubiblioteka.lv\/wp-content\/uploads\/2021\/09\/242023009_1971846942981053_5599536034491870124_n.jpg\",\"contentUrl\":\"https:\/\/saulkrastubiblioteka.lv\/wp-content\/uploads\/2021\/09\/242023009_1971846942981053_5599536034491870124_n.jpg\",\"width\":1397,\"height\":823},{\"@type\":\"BreadcrumbList\",\"@id\":\"https:\/\/saulkrastubiblioteka.lv\/index.php\/2021\/09\/16\/lasitakas-bernu-un-jauniesu-gramatas-vasaras-menesos\/#breadcrumb\",\"itemListElement\":[{\"@type\":\"ListItem\",\"position\":1,\"name\":\"Home\",\"item\":\"https:\/\/saulkrastubiblioteka.lv\/\"},{\"@type\":\"ListItem\",\"position\":2,\"name\":\"Las\u012bt\u0101k\u0101s b\u0113rnu un jaunie\u0161u gr\u0101matas vasaras m\u0113ne\u0161os\"}]},{\"@type\":\"WebSite\",\"@id\":\"https:\/\/saulkrastubiblioteka.lv\/#website\",\"url\":\"https:\/\/saulkrastubiblioteka.lv\/\",\"name\":\"Saulkrastu novada bibliot\u0113ka\",\"description\":\"Vieta, kur labi pavad\u012bt laiku un pab\u016bt mier\u0101\",\"publisher\":{\"@id\":\"https:\/\/saulkrastubiblioteka.lv\/#organization\"},\"potentialAction\":[{\"@type\":\"SearchAction\",\"target\":{\"@type\":\"EntryPoint\",\"urlTemplate\":\"https:\/\/saulkrastubiblioteka.lv\/?s={search_term_string}\"},\"query-input\":{\"@type\":\"PropertyValueSpecification\",\"valueRequired\":true,\"valueName\":\"search_term_string\"}}],\"inLanguage\":\"lv-LV\"},{\"@type\":\"Organization\",\"@id\":\"https:\/\/saulkrastubiblioteka.lv\/#organization\",\"name\":\"Saulkrastu novada bibliot\u0113ka\",\"url\":\"https:\/\/saulkrastubiblioteka.lv\/\",\"logo\":{\"@type\":\"ImageObject\",\"inLanguage\":\"lv-LV\",\"@id\":\"https:\/\/saulkrastubiblioteka.lv\/#\/schema\/logo\/image\/\",\"url\":\"https:\/\/saulkrastubiblioteka.lv\/wp-content\/uploads\/2021\/01\/cropped-logo.png\",\"contentUrl\":\"https:\/\/saulkrastubiblioteka.lv\/wp-content\/uploads\/2021\/01\/cropped-logo.png\",\"width\":240,\"height\":240,\"caption\":\"Saulkrastu novada bibliot\u0113ka\"},\"image\":{\"@id\":\"https:\/\/saulkrastubiblioteka.lv\/#\/schema\/logo\/image\/\"}},{\"@type\":\"Person\",\"@id\":\"https:\/\/saulkrastubiblioteka.lv\/#\/schema\/person\/2233277643a53fb60b293d42c1e5f7a2\",\"name\":\"admin\",\"image\":{\"@type\":\"ImageObject\",\"inLanguage\":\"lv-LV\",\"@id\":\"https:\/\/saulkrastubiblioteka.lv\/#\/schema\/person\/image\/\",\"url\":\"https:\/\/secure.gravatar.com\/avatar\/a5ad3f68569c7df813ab9387f6d30b65?s=96&d=mm&r=g\",\"contentUrl\":\"https:\/\/secure.gravatar.com\/avatar\/a5ad3f68569c7df813ab9387f6d30b65?s=96&d=mm&r=g\",\"caption\":\"admin\"},\"url\":\"https:\/\/saulkrastubiblioteka.lv\/index.php\/author\/info_xjq16vdi\/\"}]}<\/script>\n<!-- \/ Yoast SEO plugin. -->","yoast_head_json":{"title":"Las\u012bt\u0101k\u0101s b\u0113rnu un jaunie\u0161u gr\u0101matas vasaras m\u0113ne\u0161os - Saulkrastu novada bibliot\u0113ka","robots":{"index":"index","follow":"follow","max-snippet":"max-snippet:-1","max-image-preview":"max-image-preview:large","max-video-preview":"max-video-preview:-1"},"canonical":"https:\/\/saulkrastubiblioteka.lv\/index.php\/2021\/09\/16\/lasitakas-bernu-un-jauniesu-gramatas-vasaras-menesos\/","og_locale":"lv_LV","og_type":"article","og_title":"Las\u012bt\u0101k\u0101s b\u0113rnu un jaunie\u0161u gr\u0101matas vasaras m\u0113ne\u0161os - Saulkrastu novada bibliot\u0113ka","og_description":"Predz\u0113t, ka b\u0113rnu un jaunie\u0161u gr\u0101matu izv\u0113l\u0113 iek\u013cuvu\u0161as \u201cB\u0113rnu, jaunie\u0161u un vec\u0101ku \u017e\u016brijas 2021\u201d gr\u0101matas. Nov\u0113rt\u0113jam akt\u012bvo dal\u012bbu las\u012b\u0161anas veicin\u0101\u0161anas programm\u0101. Las\u012bt\u0101k\u0101s b\u0113rnu un jaunie\u0161u gr\u0101matas: S\u0101ra Penip\u0101rkere \u201cPakss\u201d Mika Kerenens \u201cArmando\u201d Halina Vdovi\u010denko \u201c36 un 6 ka\u0137i\u201d Dzintars Tilaks \u201c\u0160ausmi\u0146a\u201d L\u016bkass Hartmanis \u201cTik gar\u0161 deguns\u201d Ieva Melgalve \u201cEm\u012b un R\u016b. Robota sirds\u201d Ulfs Starks &hellip; Turpin\u0101t las\u012bt \"Las\u012bt\u0101k\u0101s b\u0113rnu un jaunie\u0161u gr\u0101matas vasaras m\u0113ne\u0161os\"","og_url":"https:\/\/saulkrastubiblioteka.lv\/index.php\/2021\/09\/16\/lasitakas-bernu-un-jauniesu-gramatas-vasaras-menesos\/","og_site_name":"Saulkrastu novada bibliot\u0113ka","article_published_time":"2021-09-16T08:47:33+00:00","article_modified_time":"2021-09-16T08:47:56+00:00","og_image":[{"url":"https:\/\/saulkrastubiblioteka.lv\/wp-content\/uploads\/2021\/09\/242023009_1971846942981053_5599536034491870124_n-1024x603.jpg","type":"","width":"","height":""}],"author":"admin","twitter_card":"summary_large_image","twitter_misc":{"Written by":"admin","Est. reading time":"1 min\u016bte"},"schema":{"@context":"https:\/\/schema.org","@graph":[{"@type":"Article","@id":"https:\/\/saulkrastubiblioteka.lv\/index.php\/2021\/09\/16\/lasitakas-bernu-un-jauniesu-gramatas-vasaras-menesos\/#article","isPartOf":{"@id":"https:\/\/saulkrastubiblioteka.lv\/index.php\/2021\/09\/16\/lasitakas-bernu-un-jauniesu-gramatas-vasaras-menesos\/"},"author":{"name":"admin","@id":"https:\/\/saulkrastubiblioteka.lv\/#\/schema\/person\/2233277643a53fb60b293d42c1e5f7a2"},"headline":"Las\u012bt\u0101k\u0101s b\u0113rnu un jaunie\u0161u gr\u0101matas vasaras m\u0113ne\u0161os","datePublished":"2021-09-16T08:47:33+00:00","dateModified":"2021-09-16T08:47:56+00:00","mainEntityOfPage":{"@id":"https:\/\/saulkrastubiblioteka.lv\/index.php\/2021\/09\/16\/lasitakas-bernu-un-jauniesu-gramatas-vasaras-menesos\/"},"wordCount":121,"publisher":{"@id":"https:\/\/saulkrastubiblioteka.lv\/#organization"},"image":{"@id":"https:\/\/saulkrastubiblioteka.lv\/index.php\/2021\/09\/16\/lasitakas-bernu-un-jauniesu-gramatas-vasaras-menesos\/#primaryimage"},"thumbnailUrl":"https:\/\/saulkrastubiblioteka.lv\/wp-content\/uploads\/2021\/09\/242023009_1971846942981053_5599536034491870124_n-1024x603.jpg","articleSection":["Gr\u0101matas"],"inLanguage":"lv-LV"},{"@type":"WebPage","@id":"https:\/\/saulkrastubiblioteka.lv\/index.php\/2021\/09\/16\/lasitakas-bernu-un-jauniesu-gramatas-vasaras-menesos\/","url":"https:\/\/saulkrastubiblioteka.lv\/index.php\/2021\/09\/16\/lasitakas-bernu-un-jauniesu-gramatas-vasaras-menesos\/","name":"Las\u012bt\u0101k\u0101s b\u0113rnu un jaunie\u0161u gr\u0101matas vasaras m\u0113ne\u0161os - Saulkrastu novada bibliot\u0113ka","isPartOf":{"@id":"https:\/\/saulkrastubiblioteka.lv\/#website"},"primaryImageOfPage":{"@id":"https:\/\/saulkrastubiblioteka.lv\/index.php\/2021\/09\/16\/lasitakas-bernu-un-jauniesu-gramatas-vasaras-menesos\/#primaryimage"},"image":{"@id":"https:\/\/saulkrastubiblioteka.lv\/index.php\/2021\/09\/16\/lasitakas-bernu-un-jauniesu-gramatas-vasaras-menesos\/#primaryimage"},"thumbnailUrl":"https:\/\/saulkrastubiblioteka.lv\/wp-content\/uploads\/2021\/09\/242023009_1971846942981053_5599536034491870124_n-1024x603.jpg","datePublished":"2021-09-16T08:47:33+00:00","dateModified":"2021-09-16T08:47:56+00:00","breadcrumb":{"@id":"https:\/\/saulkrastubiblioteka.lv\/index.php\/2021\/09\/16\/lasitakas-bernu-un-jauniesu-gramatas-vasaras-menesos\/#breadcrumb"},"inLanguage":"lv-LV","potentialAction":[{"@type":"ReadAction","target":["https:\/\/saulkrastubiblioteka.lv\/index.php\/2021\/09\/16\/lasitakas-bernu-un-jauniesu-gramatas-vasaras-menesos\/"]}]},{"@type":"ImageObject","inLanguage":"lv-LV","@id":"https:\/\/saulkrastubiblioteka.lv\/index.php\/2021\/09\/16\/lasitakas-bernu-un-jauniesu-gramatas-vasaras-menesos\/#primaryimage","url":"https:\/\/saulkrastubiblioteka.lv\/wp-content\/uploads\/2021\/09\/242023009_1971846942981053_5599536034491870124_n.jpg","contentUrl":"https:\/\/saulkrastubiblioteka.lv\/wp-content\/uploads\/2021\/09\/242023009_1971846942981053_5599536034491870124_n.jpg","width":1397,"height":823},{"@type":"BreadcrumbList","@id":"https:\/\/saulkrastubiblioteka.lv\/index.php\/2021\/09\/16\/lasitakas-bernu-un-jauniesu-gramatas-vasaras-menesos\/#breadcrumb","itemListElement":[{"@type":"ListItem","position":1,"name":"Home","item":"https:\/\/saulkrastubiblioteka.lv\/"},{"@type":"ListItem","position":2,"name":"Las\u012bt\u0101k\u0101s b\u0113rnu un jaunie\u0161u gr\u0101matas vasaras m\u0113ne\u0161os"}]},{"@type":"WebSite","@id":"https:\/\/saulkrastubiblioteka.lv\/#website","url":"https:\/\/saulkrastubiblioteka.lv\/","name":"Saulkrastu novada bibliot\u0113ka","description":"Vieta, kur labi pavad\u012bt laiku un pab\u016bt mier\u0101","publisher":{"@id":"https:\/\/saulkrastubiblioteka.lv\/#organization"},"potentialAction":[{"@type":"SearchAction","target":{"@type":"EntryPoint","urlTemplate":"https:\/\/saulkrastubiblioteka.lv\/?s={search_term_string}"},"query-input":{"@type":"PropertyValueSpecification","valueRequired":true,"valueName":"search_term_string"}}],"inLanguage":"lv-LV"},{"@type":"Organization","@id":"https:\/\/saulkrastubiblioteka.lv\/#organization","name":"Saulkrastu novada bibliot\u0113ka","url":"https:\/\/saulkrastubiblioteka.lv\/","logo":{"@type":"ImageObject","inLanguage":"lv-LV","@id":"https:\/\/saulkrastubiblioteka.lv\/#\/schema\/logo\/image\/","url":"https:\/\/saulkrastubiblioteka.lv\/wp-content\/uploads\/2021\/01\/cropped-logo.png","contentUrl":"https:\/\/saulkrastubiblioteka.lv\/wp-content\/uploads\/2021\/01\/cropped-logo.png","width":240,"height":240,"caption":"Saulkrastu novada bibliot\u0113ka"},"image":{"@id":"https:\/\/saulkrastubiblioteka.lv\/#\/schema\/logo\/image\/"}},{"@type":"Person","@id":"https:\/\/saulkrastubiblioteka.lv\/#\/schema\/person\/2233277643a53fb60b293d42c1e5f7a2","name":"admin","image":{"@type":"ImageObject","inLanguage":"lv-LV","@id":"https:\/\/saulkrastubiblioteka.lv\/#\/schema\/person\/image\/","url":"https:\/\/secure.gravatar.com\/avatar\/a5ad3f68569c7df813ab9387f6d30b65?s=96&d=mm&r=g","contentUrl":"https:\/\/secure.gravatar.com\/avatar\/a5ad3f68569c7df813ab9387f6d30b65?s=96&d=mm&r=g","caption":"admin"},"url":"https:\/\/saulkrastubiblioteka.lv\/index.php\/author\/info_xjq16vdi\/"}]}},"_links":{"self":[{"href":"https:\/\/saulkrastubiblioteka.lv\/index.php\/wp-json\/wp\/v2\/posts\/5862","targetHints":{"allow":["GET"]}}],"collection":[{"href":"https:\/\/saulkrastubiblioteka.lv\/index.php\/wp-json\/wp\/v2\/posts"}],"about":[{"href":"https:\/\/saulkrastubiblioteka.lv\/index.php\/wp-json\/wp\/v2\/types\/post"}],"author":[{"embeddable":true,"href":"https:\/\/saulkrastubiblioteka.lv\/index.php\/wp-json\/wp\/v2\/users\/1"}],"replies":[{"embeddable":true,"href":"https:\/\/saulkrastubiblioteka.lv\/index.php\/wp-json\/wp\/v2\/comments?post=5862"}],"version-history":[{"count":1,"href":"https:\/\/saulkrastubiblioteka.lv\/index.php\/wp-json\/wp\/v2\/posts\/5862\/revisions"}],"predecessor-version":[{"id":5864,"href":"https:\/\/saulkrastubiblioteka.lv\/index.php\/wp-json\/wp\/v2\/posts\/5862\/revisions\/5864"}],"wp:attachment":[{"href":"https:\/\/saulkrastubiblioteka.lv\/index.php\/wp-json\/wp\/v2\/media?parent=5862"}],"wp:term":[{"taxonomy":"category","embeddable":true,"href":"https:\/\/saulkrastubiblioteka.lv\/index.php\/wp-json\/wp\/v2\/categories?post=5862"},{"taxonomy":"post_tag","embeddable":true,"href":"https:\/\/saulkrastubiblioteka.lv\/index.php\/wp-json\/wp\/v2\/tags?post=5862"}],"curies":[{"name":"wp","href":"https:\/\/api.w.org\/{rel}","templated":true}]}}