{"id":5856,"date":"2021-09-16T08:44:17","date_gmt":"2021-09-16T08:44:17","guid":{"rendered":"https:\/\/saulkrastubiblioteka.lv\/?p=5856"},"modified":"2021-09-16T08:45:49","modified_gmt":"2021-09-16T08:45:49","slug":"lasitakas-gramatas-vasaras-menesos","status":"publish","type":"post","link":"https:\/\/saulkrastubiblioteka.lv\/index.php\/2021\/09\/16\/lasitakas-gramatas-vasaras-menesos\/","title":{"rendered":"Las\u012bt\u0101k\u0101s gr\u0101matas vasaras m\u0113ne\u0161os"},"content":{"rendered":"\n<figure class=\"wp-block-image size-large is-resized\"><img loading=\"lazy\" decoding=\"async\" src=\"https:\/\/saulkrastubiblioteka.lv\/wp-content\/uploads\/2021\/09\/241743729_1971116276387453_5641533329140643375_n-1024x596.jpg\" alt=\"\" class=\"wp-image-5857\" width=\"600\" height=\"350\" srcset=\"https:\/\/saulkrastubiblioteka.lv\/wp-content\/uploads\/2021\/09\/241743729_1971116276387453_5641533329140643375_n-1024x596.jpg 1024w, https:\/\/saulkrastubiblioteka.lv\/wp-content\/uploads\/2021\/09\/241743729_1971116276387453_5641533329140643375_n-300x175.jpg 300w, https:\/\/saulkrastubiblioteka.lv\/wp-content\/uploads\/2021\/09\/241743729_1971116276387453_5641533329140643375_n-768x447.jpg 768w, https:\/\/saulkrastubiblioteka.lv\/wp-content\/uploads\/2021\/09\/241743729_1971116276387453_5641533329140643375_n-1200x698.jpg 1200w, https:\/\/saulkrastubiblioteka.lv\/wp-content\/uploads\/2021\/09\/241743729_1971116276387453_5641533329140643375_n.jpg 1315w\" sizes=\"auto, (max-width: 709px) 85vw, (max-width: 909px) 67vw, (max-width: 984px) 61vw, (max-width: 1362px) 45vw, 600px\" \/><\/figure>\n\n\n\n<figure class=\"wp-block-image size-large is-resized\"><img loading=\"lazy\" decoding=\"async\" src=\"https:\/\/saulkrastubiblioteka.lv\/wp-content\/uploads\/2021\/09\/241835856_1971116223054125_2275379616152098712_n-1024x578.jpg\" alt=\"\" class=\"wp-image-5858\" width=\"600\" height=\"350\"\/><\/figure>\n\n\n\n<p>Kl\u0101t las\u012bt\u0101ko gr\u0101matu vasaras m\u0113ne\u0161os TOP 10. Esam apkopoju\u0161i Saulkrastu novada bibliot\u0113kas las\u012bt\u0101ju iecien\u012bt\u0101ko literat\u016bru j\u016bnija, j\u016blija un augusta m\u0113nes\u012b. Pied\u0101v\u0101jam iepaz\u012bties ar piepras\u012bt\u0101kaj\u0101m pieaugu\u0161o gr\u0101mat\u0101m.<\/p>\n\n\n\n<!--more-->\n\n\n\n<p>Las\u012bt\u0101k\u0101 ori\u0123in\u0101lliterat\u016bra:<\/p>\n\n\n\n<ol class=\"wp-block-list\"><li>Inga Gaile \u201cRakst\u012bt\u0101ja\u201d<\/li><li>M\u0101ris B\u0113rzi\u0146\u0161 \u201cN\u0101kotnes kal\u0113js\u201d<\/li><li>Vird\u017e\u012bnija Leji\u0146a \u201cStraupes pilskungi\u201d<\/li><li>Silvija Brice \u201cBaig\u0101s piez\u012bmes\u201d<\/li><li>Dace Ruk\u0161\u0101ne \u201cKrieva \u0101da\u201d<\/li><li>Lelde Kova\u013cova \u201cSve\u0161inieki\u201d<\/li><li>Gunars Janovskis \u201cInes\u201d<\/li><li>Inese Kr\u016bmi\u0146a \u201cVilkme\u201d<\/li><li>Laima Kota \u201cIstaba\u201d<\/li><li>Rolanda Bula \u201cNoilguma lieta\u201d<\/li><\/ol>\n\n\n\n<p>Las\u012bt\u0101k\u0101 tulkot\u0101 literat\u016bra:<\/p>\n\n\n\n<ol class=\"wp-block-list\"><li>Kamilla Lekberga \u201cZelta b\u016bris\u201d<\/li><li>L\u016bsinda Railija \u201cSepti\u0146as m\u0101sas\u201d<\/li><li>D\u017e\u016blsa Veika \u201cSestdienas r\u012bta skr\u0113jiens parks\u201d<\/li><li>L\u016bsinda Railija \u201cM\u012blest\u012bbas v\u0113stule\u201d<\/li><li>Kimberlija Makkreita \u201cVeiksm\u012bga laul\u012bba\u201d<\/li><li>Maikls Ledvid\u017es \u201cNekad neapst\u0101jies\u201d<\/li><li>Santa Montefjore \u201cIt\u0101lijas smar\u017ea\u201d<\/li><li>Ketrina Eljota \u201cAiz sl\u0113gtam durv\u012bm\u201d<\/li><li>L\u016bsinda Railija \u201cSaules m\u0101sa\u201d<\/li><li>J\u016b Nesb\u0113 \u201cD\u0113ls\u201d<\/li><\/ol>\n","protected":false},"excerpt":{"rendered":"<p>Kl\u0101t las\u012bt\u0101ko gr\u0101matu vasaras m\u0113ne\u0161os TOP 10. Esam apkopoju\u0161i Saulkrastu novada bibliot\u0113kas las\u012bt\u0101ju iecien\u012bt\u0101ko literat\u016bru j\u016bnija, j\u016blija un augusta m\u0113nes\u012b. Pied\u0101v\u0101jam iepaz\u012bties ar piepras\u012bt\u0101kaj\u0101m pieaugu\u0161o gr\u0101mat\u0101m.<\/p>\n","protected":false},"author":1,"featured_media":0,"comment_status":"closed","ping_status":"open","sticky":false,"template":"","format":"standard","meta":{"footnotes":""},"categories":[31],"tags":[],"class_list":["post-5856","post","type-post","status-publish","format-standard","hentry","category-gramatas"],"yoast_head":"<!-- This site is optimized with the Yoast SEO plugin v24.2 - https:\/\/yoast.com\/wordpress\/plugins\/seo\/ -->\n<title>Las\u012bt\u0101k\u0101s gr\u0101matas vasaras m\u0113ne\u0161os - Saulkrastu novada bibliot\u0113ka<\/title>\n<meta name=\"robots\" content=\"index, follow, max-snippet:-1, max-image-preview:large, max-video-preview:-1\" \/>\n<link rel=\"canonical\" href=\"https:\/\/saulkrastubiblioteka.lv\/index.php\/2021\/09\/16\/lasitakas-gramatas-vasaras-menesos\/\" \/>\n<meta property=\"og:locale\" content=\"lv_LV\" \/>\n<meta property=\"og:type\" content=\"article\" \/>\n<meta property=\"og:title\" content=\"Las\u012bt\u0101k\u0101s gr\u0101matas vasaras m\u0113ne\u0161os - Saulkrastu novada bibliot\u0113ka\" \/>\n<meta property=\"og:description\" content=\"Kl\u0101t las\u012bt\u0101ko gr\u0101matu vasaras m\u0113ne\u0161os TOP 10. Esam apkopoju\u0161i Saulkrastu novada bibliot\u0113kas las\u012bt\u0101ju iecien\u012bt\u0101ko literat\u016bru j\u016bnija, j\u016blija un augusta m\u0113nes\u012b. Pied\u0101v\u0101jam iepaz\u012bties ar piepras\u012bt\u0101kaj\u0101m pieaugu\u0161o gr\u0101mat\u0101m.\" \/>\n<meta property=\"og:url\" content=\"https:\/\/saulkrastubiblioteka.lv\/index.php\/2021\/09\/16\/lasitakas-gramatas-vasaras-menesos\/\" \/>\n<meta property=\"og:site_name\" content=\"Saulkrastu novada bibliot\u0113ka\" \/>\n<meta property=\"article:published_time\" content=\"2021-09-16T08:44:17+00:00\" \/>\n<meta property=\"article:modified_time\" content=\"2021-09-16T08:45:49+00:00\" \/>\n<meta property=\"og:image\" content=\"https:\/\/saulkrastubiblioteka.lv\/wp-content\/uploads\/2021\/09\/241743729_1971116276387453_5641533329140643375_n-1024x596.jpg\" \/>\n<meta name=\"author\" content=\"admin\" \/>\n<meta name=\"twitter:card\" content=\"summary_large_image\" \/>\n<meta name=\"twitter:label1\" content=\"Written by\" \/>\n\t<meta name=\"twitter:data1\" content=\"admin\" \/>\n\t<meta name=\"twitter:label2\" content=\"Est. reading time\" \/>\n\t<meta name=\"twitter:data2\" content=\"1 min\u016bte\" \/>\n<script type=\"application\/ld+json\" class=\"yoast-schema-graph\">{\"@context\":\"https:\/\/schema.org\",\"@graph\":[{\"@type\":\"Article\",\"@id\":\"https:\/\/saulkrastubiblioteka.lv\/index.php\/2021\/09\/16\/lasitakas-gramatas-vasaras-menesos\/#article\",\"isPartOf\":{\"@id\":\"https:\/\/saulkrastubiblioteka.lv\/index.php\/2021\/09\/16\/lasitakas-gramatas-vasaras-menesos\/\"},\"author\":{\"name\":\"admin\",\"@id\":\"https:\/\/saulkrastubiblioteka.lv\/#\/schema\/person\/2233277643a53fb60b293d42c1e5f7a2\"},\"headline\":\"Las\u012bt\u0101k\u0101s gr\u0101matas vasaras m\u0113ne\u0161os\",\"datePublished\":\"2021-09-16T08:44:17+00:00\",\"dateModified\":\"2021-09-16T08:45:49+00:00\",\"mainEntityOfPage\":{\"@id\":\"https:\/\/saulkrastubiblioteka.lv\/index.php\/2021\/09\/16\/lasitakas-gramatas-vasaras-menesos\/\"},\"wordCount\":187,\"publisher\":{\"@id\":\"https:\/\/saulkrastubiblioteka.lv\/#organization\"},\"image\":{\"@id\":\"https:\/\/saulkrastubiblioteka.lv\/index.php\/2021\/09\/16\/lasitakas-gramatas-vasaras-menesos\/#primaryimage\"},\"thumbnailUrl\":\"https:\/\/saulkrastubiblioteka.lv\/wp-content\/uploads\/2021\/09\/241743729_1971116276387453_5641533329140643375_n-1024x596.jpg\",\"articleSection\":[\"Gr\u0101matas\"],\"inLanguage\":\"lv-LV\"},{\"@type\":\"WebPage\",\"@id\":\"https:\/\/saulkrastubiblioteka.lv\/index.php\/2021\/09\/16\/lasitakas-gramatas-vasaras-menesos\/\",\"url\":\"https:\/\/saulkrastubiblioteka.lv\/index.php\/2021\/09\/16\/lasitakas-gramatas-vasaras-menesos\/\",\"name\":\"Las\u012bt\u0101k\u0101s gr\u0101matas vasaras m\u0113ne\u0161os - Saulkrastu novada bibliot\u0113ka\",\"isPartOf\":{\"@id\":\"https:\/\/saulkrastubiblioteka.lv\/#website\"},\"primaryImageOfPage\":{\"@id\":\"https:\/\/saulkrastubiblioteka.lv\/index.php\/2021\/09\/16\/lasitakas-gramatas-vasaras-menesos\/#primaryimage\"},\"image\":{\"@id\":\"https:\/\/saulkrastubiblioteka.lv\/index.php\/2021\/09\/16\/lasitakas-gramatas-vasaras-menesos\/#primaryimage\"},\"thumbnailUrl\":\"https:\/\/saulkrastubiblioteka.lv\/wp-content\/uploads\/2021\/09\/241743729_1971116276387453_5641533329140643375_n-1024x596.jpg\",\"datePublished\":\"2021-09-16T08:44:17+00:00\",\"dateModified\":\"2021-09-16T08:45:49+00:00\",\"breadcrumb\":{\"@id\":\"https:\/\/saulkrastubiblioteka.lv\/index.php\/2021\/09\/16\/lasitakas-gramatas-vasaras-menesos\/#breadcrumb\"},\"inLanguage\":\"lv-LV\",\"potentialAction\":[{\"@type\":\"ReadAction\",\"target\":[\"https:\/\/saulkrastubiblioteka.lv\/index.php\/2021\/09\/16\/lasitakas-gramatas-vasaras-menesos\/\"]}]},{\"@type\":\"ImageObject\",\"inLanguage\":\"lv-LV\",\"@id\":\"https:\/\/saulkrastubiblioteka.lv\/index.php\/2021\/09\/16\/lasitakas-gramatas-vasaras-menesos\/#primaryimage\",\"url\":\"https:\/\/saulkrastubiblioteka.lv\/wp-content\/uploads\/2021\/09\/241743729_1971116276387453_5641533329140643375_n.jpg\",\"contentUrl\":\"https:\/\/saulkrastubiblioteka.lv\/wp-content\/uploads\/2021\/09\/241743729_1971116276387453_5641533329140643375_n.jpg\",\"width\":1315,\"height\":765},{\"@type\":\"BreadcrumbList\",\"@id\":\"https:\/\/saulkrastubiblioteka.lv\/index.php\/2021\/09\/16\/lasitakas-gramatas-vasaras-menesos\/#breadcrumb\",\"itemListElement\":[{\"@type\":\"ListItem\",\"position\":1,\"name\":\"Home\",\"item\":\"https:\/\/saulkrastubiblioteka.lv\/\"},{\"@type\":\"ListItem\",\"position\":2,\"name\":\"Las\u012bt\u0101k\u0101s gr\u0101matas vasaras m\u0113ne\u0161os\"}]},{\"@type\":\"WebSite\",\"@id\":\"https:\/\/saulkrastubiblioteka.lv\/#website\",\"url\":\"https:\/\/saulkrastubiblioteka.lv\/\",\"name\":\"Saulkrastu novada bibliot\u0113ka\",\"description\":\"Vieta, kur labi pavad\u012bt laiku un pab\u016bt mier\u0101\",\"publisher\":{\"@id\":\"https:\/\/saulkrastubiblioteka.lv\/#organization\"},\"potentialAction\":[{\"@type\":\"SearchAction\",\"target\":{\"@type\":\"EntryPoint\",\"urlTemplate\":\"https:\/\/saulkrastubiblioteka.lv\/?s={search_term_string}\"},\"query-input\":{\"@type\":\"PropertyValueSpecification\",\"valueRequired\":true,\"valueName\":\"search_term_string\"}}],\"inLanguage\":\"lv-LV\"},{\"@type\":\"Organization\",\"@id\":\"https:\/\/saulkrastubiblioteka.lv\/#organization\",\"name\":\"Saulkrastu novada bibliot\u0113ka\",\"url\":\"https:\/\/saulkrastubiblioteka.lv\/\",\"logo\":{\"@type\":\"ImageObject\",\"inLanguage\":\"lv-LV\",\"@id\":\"https:\/\/saulkrastubiblioteka.lv\/#\/schema\/logo\/image\/\",\"url\":\"https:\/\/saulkrastubiblioteka.lv\/wp-content\/uploads\/2021\/01\/cropped-logo.png\",\"contentUrl\":\"https:\/\/saulkrastubiblioteka.lv\/wp-content\/uploads\/2021\/01\/cropped-logo.png\",\"width\":240,\"height\":240,\"caption\":\"Saulkrastu novada bibliot\u0113ka\"},\"image\":{\"@id\":\"https:\/\/saulkrastubiblioteka.lv\/#\/schema\/logo\/image\/\"}},{\"@type\":\"Person\",\"@id\":\"https:\/\/saulkrastubiblioteka.lv\/#\/schema\/person\/2233277643a53fb60b293d42c1e5f7a2\",\"name\":\"admin\",\"image\":{\"@type\":\"ImageObject\",\"inLanguage\":\"lv-LV\",\"@id\":\"https:\/\/saulkrastubiblioteka.lv\/#\/schema\/person\/image\/\",\"url\":\"https:\/\/secure.gravatar.com\/avatar\/a5ad3f68569c7df813ab9387f6d30b65?s=96&d=mm&r=g\",\"contentUrl\":\"https:\/\/secure.gravatar.com\/avatar\/a5ad3f68569c7df813ab9387f6d30b65?s=96&d=mm&r=g\",\"caption\":\"admin\"},\"url\":\"https:\/\/saulkrastubiblioteka.lv\/index.php\/author\/info_xjq16vdi\/\"}]}<\/script>\n<!-- \/ Yoast SEO plugin. -->","yoast_head_json":{"title":"Las\u012bt\u0101k\u0101s gr\u0101matas vasaras m\u0113ne\u0161os - Saulkrastu novada bibliot\u0113ka","robots":{"index":"index","follow":"follow","max-snippet":"max-snippet:-1","max-image-preview":"max-image-preview:large","max-video-preview":"max-video-preview:-1"},"canonical":"https:\/\/saulkrastubiblioteka.lv\/index.php\/2021\/09\/16\/lasitakas-gramatas-vasaras-menesos\/","og_locale":"lv_LV","og_type":"article","og_title":"Las\u012bt\u0101k\u0101s gr\u0101matas vasaras m\u0113ne\u0161os - Saulkrastu novada bibliot\u0113ka","og_description":"Kl\u0101t las\u012bt\u0101ko gr\u0101matu vasaras m\u0113ne\u0161os TOP 10. Esam apkopoju\u0161i Saulkrastu novada bibliot\u0113kas las\u012bt\u0101ju iecien\u012bt\u0101ko literat\u016bru j\u016bnija, j\u016blija un augusta m\u0113nes\u012b. Pied\u0101v\u0101jam iepaz\u012bties ar piepras\u012bt\u0101kaj\u0101m pieaugu\u0161o gr\u0101mat\u0101m.","og_url":"https:\/\/saulkrastubiblioteka.lv\/index.php\/2021\/09\/16\/lasitakas-gramatas-vasaras-menesos\/","og_site_name":"Saulkrastu novada bibliot\u0113ka","article_published_time":"2021-09-16T08:44:17+00:00","article_modified_time":"2021-09-16T08:45:49+00:00","og_image":[{"url":"https:\/\/saulkrastubiblioteka.lv\/wp-content\/uploads\/2021\/09\/241743729_1971116276387453_5641533329140643375_n-1024x596.jpg","type":"","width":"","height":""}],"author":"admin","twitter_card":"summary_large_image","twitter_misc":{"Written by":"admin","Est. reading time":"1 min\u016bte"},"schema":{"@context":"https:\/\/schema.org","@graph":[{"@type":"Article","@id":"https:\/\/saulkrastubiblioteka.lv\/index.php\/2021\/09\/16\/lasitakas-gramatas-vasaras-menesos\/#article","isPartOf":{"@id":"https:\/\/saulkrastubiblioteka.lv\/index.php\/2021\/09\/16\/lasitakas-gramatas-vasaras-menesos\/"},"author":{"name":"admin","@id":"https:\/\/saulkrastubiblioteka.lv\/#\/schema\/person\/2233277643a53fb60b293d42c1e5f7a2"},"headline":"Las\u012bt\u0101k\u0101s gr\u0101matas vasaras m\u0113ne\u0161os","datePublished":"2021-09-16T08:44:17+00:00","dateModified":"2021-09-16T08:45:49+00:00","mainEntityOfPage":{"@id":"https:\/\/saulkrastubiblioteka.lv\/index.php\/2021\/09\/16\/lasitakas-gramatas-vasaras-menesos\/"},"wordCount":187,"publisher":{"@id":"https:\/\/saulkrastubiblioteka.lv\/#organization"},"image":{"@id":"https:\/\/saulkrastubiblioteka.lv\/index.php\/2021\/09\/16\/lasitakas-gramatas-vasaras-menesos\/#primaryimage"},"thumbnailUrl":"https:\/\/saulkrastubiblioteka.lv\/wp-content\/uploads\/2021\/09\/241743729_1971116276387453_5641533329140643375_n-1024x596.jpg","articleSection":["Gr\u0101matas"],"inLanguage":"lv-LV"},{"@type":"WebPage","@id":"https:\/\/saulkrastubiblioteka.lv\/index.php\/2021\/09\/16\/lasitakas-gramatas-vasaras-menesos\/","url":"https:\/\/saulkrastubiblioteka.lv\/index.php\/2021\/09\/16\/lasitakas-gramatas-vasaras-menesos\/","name":"Las\u012bt\u0101k\u0101s gr\u0101matas vasaras m\u0113ne\u0161os - Saulkrastu novada bibliot\u0113ka","isPartOf":{"@id":"https:\/\/saulkrastubiblioteka.lv\/#website"},"primaryImageOfPage":{"@id":"https:\/\/saulkrastubiblioteka.lv\/index.php\/2021\/09\/16\/lasitakas-gramatas-vasaras-menesos\/#primaryimage"},"image":{"@id":"https:\/\/saulkrastubiblioteka.lv\/index.php\/2021\/09\/16\/lasitakas-gramatas-vasaras-menesos\/#primaryimage"},"thumbnailUrl":"https:\/\/saulkrastubiblioteka.lv\/wp-content\/uploads\/2021\/09\/241743729_1971116276387453_5641533329140643375_n-1024x596.jpg","datePublished":"2021-09-16T08:44:17+00:00","dateModified":"2021-09-16T08:45:49+00:00","breadcrumb":{"@id":"https:\/\/saulkrastubiblioteka.lv\/index.php\/2021\/09\/16\/lasitakas-gramatas-vasaras-menesos\/#breadcrumb"},"inLanguage":"lv-LV","potentialAction":[{"@type":"ReadAction","target":["https:\/\/saulkrastubiblioteka.lv\/index.php\/2021\/09\/16\/lasitakas-gramatas-vasaras-menesos\/"]}]},{"@type":"ImageObject","inLanguage":"lv-LV","@id":"https:\/\/saulkrastubiblioteka.lv\/index.php\/2021\/09\/16\/lasitakas-gramatas-vasaras-menesos\/#primaryimage","url":"https:\/\/saulkrastubiblioteka.lv\/wp-content\/uploads\/2021\/09\/241743729_1971116276387453_5641533329140643375_n.jpg","contentUrl":"https:\/\/saulkrastubiblioteka.lv\/wp-content\/uploads\/2021\/09\/241743729_1971116276387453_5641533329140643375_n.jpg","width":1315,"height":765},{"@type":"BreadcrumbList","@id":"https:\/\/saulkrastubiblioteka.lv\/index.php\/2021\/09\/16\/lasitakas-gramatas-vasaras-menesos\/#breadcrumb","itemListElement":[{"@type":"ListItem","position":1,"name":"Home","item":"https:\/\/saulkrastubiblioteka.lv\/"},{"@type":"ListItem","position":2,"name":"Las\u012bt\u0101k\u0101s gr\u0101matas vasaras m\u0113ne\u0161os"}]},{"@type":"WebSite","@id":"https:\/\/saulkrastubiblioteka.lv\/#website","url":"https:\/\/saulkrastubiblioteka.lv\/","name":"Saulkrastu novada bibliot\u0113ka","description":"Vieta, kur labi pavad\u012bt laiku un pab\u016bt mier\u0101","publisher":{"@id":"https:\/\/saulkrastubiblioteka.lv\/#organization"},"potentialAction":[{"@type":"SearchAction","target":{"@type":"EntryPoint","urlTemplate":"https:\/\/saulkrastubiblioteka.lv\/?s={search_term_string}"},"query-input":{"@type":"PropertyValueSpecification","valueRequired":true,"valueName":"search_term_string"}}],"inLanguage":"lv-LV"},{"@type":"Organization","@id":"https:\/\/saulkrastubiblioteka.lv\/#organization","name":"Saulkrastu novada bibliot\u0113ka","url":"https:\/\/saulkrastubiblioteka.lv\/","logo":{"@type":"ImageObject","inLanguage":"lv-LV","@id":"https:\/\/saulkrastubiblioteka.lv\/#\/schema\/logo\/image\/","url":"https:\/\/saulkrastubiblioteka.lv\/wp-content\/uploads\/2021\/01\/cropped-logo.png","contentUrl":"https:\/\/saulkrastubiblioteka.lv\/wp-content\/uploads\/2021\/01\/cropped-logo.png","width":240,"height":240,"caption":"Saulkrastu novada bibliot\u0113ka"},"image":{"@id":"https:\/\/saulkrastubiblioteka.lv\/#\/schema\/logo\/image\/"}},{"@type":"Person","@id":"https:\/\/saulkrastubiblioteka.lv\/#\/schema\/person\/2233277643a53fb60b293d42c1e5f7a2","name":"admin","image":{"@type":"ImageObject","inLanguage":"lv-LV","@id":"https:\/\/saulkrastubiblioteka.lv\/#\/schema\/person\/image\/","url":"https:\/\/secure.gravatar.com\/avatar\/a5ad3f68569c7df813ab9387f6d30b65?s=96&d=mm&r=g","contentUrl":"https:\/\/secure.gravatar.com\/avatar\/a5ad3f68569c7df813ab9387f6d30b65?s=96&d=mm&r=g","caption":"admin"},"url":"https:\/\/saulkrastubiblioteka.lv\/index.php\/author\/info_xjq16vdi\/"}]}},"_links":{"self":[{"href":"https:\/\/saulkrastubiblioteka.lv\/index.php\/wp-json\/wp\/v2\/posts\/5856","targetHints":{"allow":["GET"]}}],"collection":[{"href":"https:\/\/saulkrastubiblioteka.lv\/index.php\/wp-json\/wp\/v2\/posts"}],"about":[{"href":"https:\/\/saulkrastubiblioteka.lv\/index.php\/wp-json\/wp\/v2\/types\/post"}],"author":[{"embeddable":true,"href":"https:\/\/saulkrastubiblioteka.lv\/index.php\/wp-json\/wp\/v2\/users\/1"}],"replies":[{"embeddable":true,"href":"https:\/\/saulkrastubiblioteka.lv\/index.php\/wp-json\/wp\/v2\/comments?post=5856"}],"version-history":[{"count":3,"href":"https:\/\/saulkrastubiblioteka.lv\/index.php\/wp-json\/wp\/v2\/posts\/5856\/revisions"}],"predecessor-version":[{"id":5861,"href":"https:\/\/saulkrastubiblioteka.lv\/index.php\/wp-json\/wp\/v2\/posts\/5856\/revisions\/5861"}],"wp:attachment":[{"href":"https:\/\/saulkrastubiblioteka.lv\/index.php\/wp-json\/wp\/v2\/media?parent=5856"}],"wp:term":[{"taxonomy":"category","embeddable":true,"href":"https:\/\/saulkrastubiblioteka.lv\/index.php\/wp-json\/wp\/v2\/categories?post=5856"},{"taxonomy":"post_tag","embeddable":true,"href":"https:\/\/saulkrastubiblioteka.lv\/index.php\/wp-json\/wp\/v2\/tags?post=5856"}],"curies":[{"name":"wp","href":"https:\/\/api.w.org\/{rel}","templated":true}]}}