{"id":5833,"date":"2021-09-03T10:11:57","date_gmt":"2021-09-03T10:11:57","guid":{"rendered":"https:\/\/saulkrastubiblioteka.lv\/?p=5833"},"modified":"2021-09-03T10:16:56","modified_gmt":"2021-09-03T10:16:56","slug":"izstade-dzejas-ritmos","status":"publish","type":"post","link":"https:\/\/saulkrastubiblioteka.lv\/index.php\/2021\/09\/03\/izstade-dzejas-ritmos\/","title":{"rendered":"Izst\u0101de &#8220;Dzejas ritmos&#8221;"},"content":{"rendered":"\n<figure class=\"wp-block-image size-large is-resized\"><img loading=\"lazy\" decoding=\"async\" src=\"https:\/\/saulkrastubiblioteka.lv\/wp-content\/uploads\/2021\/09\/240972499_1962210753944672_215405009781670226_n-1024x1024.jpg\" alt=\"\" class=\"wp-image-5834\" width=\"600\" height=\"600\" srcset=\"https:\/\/saulkrastubiblioteka.lv\/wp-content\/uploads\/2021\/09\/240972499_1962210753944672_215405009781670226_n-1024x1024.jpg 1024w, https:\/\/saulkrastubiblioteka.lv\/wp-content\/uploads\/2021\/09\/240972499_1962210753944672_215405009781670226_n-300x300.jpg 300w, https:\/\/saulkrastubiblioteka.lv\/wp-content\/uploads\/2021\/09\/240972499_1962210753944672_215405009781670226_n-150x150.jpg 150w, https:\/\/saulkrastubiblioteka.lv\/wp-content\/uploads\/2021\/09\/240972499_1962210753944672_215405009781670226_n-768x768.jpg 768w, https:\/\/saulkrastubiblioteka.lv\/wp-content\/uploads\/2021\/09\/240972499_1962210753944672_215405009781670226_n.jpg 1080w\" sizes=\"auto, (max-width: 709px) 85vw, (max-width: 909px) 67vw, (max-width: 984px) 61vw, (max-width: 1362px) 45vw, 600px\" \/><\/figure>\n\n\n\n<p>L\u012bdz ar dzejas dien\u0101m, kas ierasti tiek atz\u012bm\u0113tas septembr\u012b, esam izveidoju\u0161i literat\u016bru populariz\u0113jo\u0161u izst\u0101di pieaugu\u0161ajiem \u201cDzejas ritmos\u201d. Iepaz\u012bsti jaun\u0101kos dzejas izdevumus, k\u0101 ar\u012b atminies sen\u0101k izdotus klasiskus darbus. Bibliot\u0113k\u0101 ir pieejamas dzejas gr\u0101matas pla\u0161\u0101 kl\u0101st\u0101 ne tikai pieaugu\u0161ajiem, bet ar\u012b b\u0113rniem un pusaud\u017eiem.<\/p>\n\n\n\n<p><strong>Izst\u0101di iesp\u0113jams apl\u016bkot Saulkrastu novada bibliot\u0113kas abonement\u0101 <a href=\"https:\/\/saulkrastubiblioteka.lv\/index.php\/darba-laiks-2\/\">bibliot\u0113kas darba laik\u0101<\/a>. Atceries iepriek\u0161 pieteikt savu apmekl\u0113jumu.<\/strong><\/p>\n\n\n\n<p><a href=\"https:\/\/www.facebook.com\/hashtag\/saulkrastunovadabibliot%C4%93ka?__eep__=6&amp;__cft__[0]=AZV2hoIhvBQfbWDf5yj9Xf7KfebNDgxklvIP04qGvTiJZ8kzEfnGXiplfo-s6axeLL7-NRFLy_WC20SmsU-UT3NVKwsKWOMA59a98ENDOSEakMyd9pPFtkFhgPfziVxsQz3oPcV0luEYIVAoLKeTXuf6&amp;__tn__=*NK-R\">#saulkrastunovadabibliot\u0113ka<\/a><br><a href=\"https:\/\/www.facebook.com\/hashtag\/gr%C4%81matuizst%C4%81de?__eep__=6&amp;__cft__[0]=AZV2hoIhvBQfbWDf5yj9Xf7KfebNDgxklvIP04qGvTiJZ8kzEfnGXiplfo-s6axeLL7-NRFLy_WC20SmsU-UT3NVKwsKWOMA59a98ENDOSEakMyd9pPFtkFhgPfziVxsQz3oPcV0luEYIVAoLKeTXuf6&amp;__tn__=*NK-R\">#gr\u0101matuizst\u0101de<\/a><br><a href=\"https:\/\/www.facebook.com\/hashtag\/dzejasdienas?__eep__=6&amp;__cft__[0]=AZV2hoIhvBQfbWDf5yj9Xf7KfebNDgxklvIP04qGvTiJZ8kzEfnGXiplfo-s6axeLL7-NRFLy_WC20SmsU-UT3NVKwsKWOMA59a98ENDOSEakMyd9pPFtkFhgPfziVxsQz3oPcV0luEYIVAoLKeTXuf6&amp;__tn__=*NK-R\">#dzejasdienas<\/a><br><a href=\"https:\/\/www.facebook.com\/hashtag\/dzejasdienas2021?__eep__=6&amp;__cft__[0]=AZV2hoIhvBQfbWDf5yj9Xf7KfebNDgxklvIP04qGvTiJZ8kzEfnGXiplfo-s6axeLL7-NRFLy_WC20SmsU-UT3NVKwsKWOMA59a98ENDOSEakMyd9pPFtkFhgPfziVxsQz3oPcV0luEYIVAoLKeTXuf6&amp;__tn__=*NK-R\">#dzejasdienas2021<\/a><br><a href=\"https:\/\/www.facebook.com\/hashtag\/poetry?__eep__=6&amp;__cft__[0]=AZV2hoIhvBQfbWDf5yj9Xf7KfebNDgxklvIP04qGvTiJZ8kzEfnGXiplfo-s6axeLL7-NRFLy_WC20SmsU-UT3NVKwsKWOMA59a98ENDOSEakMyd9pPFtkFhgPfziVxsQz3oPcV0luEYIVAoLKeTXuf6&amp;__tn__=*NK-R\">#poetry<\/a><\/p>\n","protected":false},"excerpt":{"rendered":"<p>L\u012bdz ar dzejas dien\u0101m, kas ierasti tiek atz\u012bm\u0113tas septembr\u012b, esam izveidoju\u0161i literat\u016bru populariz\u0113jo\u0161u izst\u0101di pieaugu\u0161ajiem \u201cDzejas ritmos\u201d. Iepaz\u012bsti jaun\u0101kos dzejas izdevumus, k\u0101 ar\u012b atminies sen\u0101k izdotus klasiskus darbus. Bibliot\u0113k\u0101 ir pieejamas dzejas gr\u0101matas pla\u0161\u0101 kl\u0101st\u0101 ne tikai pieaugu\u0161ajiem, bet ar\u012b b\u0113rniem un pusaud\u017eiem. Izst\u0101di iesp\u0113jams apl\u016bkot Saulkrastu novada bibliot\u0113kas abonement\u0101 bibliot\u0113kas darba laik\u0101. Atceries iepriek\u0161 &hellip; <a href=\"https:\/\/saulkrastubiblioteka.lv\/index.php\/2021\/09\/03\/izstade-dzejas-ritmos\/\" class=\"more-link\">Turpin\u0101t las\u012bt<span class=\"screen-reader-text\"> &#8220;Izst\u0101de &#8220;Dzejas ritmos&#8221;&#8221;<\/span><\/a><\/p>\n","protected":false},"author":1,"featured_media":0,"comment_status":"closed","ping_status":"open","sticky":false,"template":"","format":"standard","meta":{"footnotes":""},"categories":[11],"tags":[],"class_list":["post-5833","post","type-post","status-publish","format-standard","hentry","category-izstades"],"yoast_head":"<!-- This site is optimized with the Yoast SEO plugin v24.2 - https:\/\/yoast.com\/wordpress\/plugins\/seo\/ -->\n<title>Izst\u0101de &quot;Dzejas ritmos&quot; - Saulkrastu novada bibliot\u0113ka<\/title>\n<meta name=\"robots\" content=\"index, follow, max-snippet:-1, max-image-preview:large, max-video-preview:-1\" \/>\n<link rel=\"canonical\" href=\"https:\/\/saulkrastubiblioteka.lv\/index.php\/2021\/09\/03\/izstade-dzejas-ritmos\/\" \/>\n<meta property=\"og:locale\" content=\"lv_LV\" \/>\n<meta property=\"og:type\" content=\"article\" \/>\n<meta property=\"og:title\" content=\"Izst\u0101de &quot;Dzejas ritmos&quot; - Saulkrastu novada bibliot\u0113ka\" \/>\n<meta property=\"og:description\" content=\"L\u012bdz ar dzejas dien\u0101m, kas ierasti tiek atz\u012bm\u0113tas septembr\u012b, esam izveidoju\u0161i literat\u016bru populariz\u0113jo\u0161u izst\u0101di pieaugu\u0161ajiem \u201cDzejas ritmos\u201d. Iepaz\u012bsti jaun\u0101kos dzejas izdevumus, k\u0101 ar\u012b atminies sen\u0101k izdotus klasiskus darbus. Bibliot\u0113k\u0101 ir pieejamas dzejas gr\u0101matas pla\u0161\u0101 kl\u0101st\u0101 ne tikai pieaugu\u0161ajiem, bet ar\u012b b\u0113rniem un pusaud\u017eiem. Izst\u0101di iesp\u0113jams apl\u016bkot Saulkrastu novada bibliot\u0113kas abonement\u0101 bibliot\u0113kas darba laik\u0101. Atceries iepriek\u0161 &hellip; Turpin\u0101t las\u012bt &quot;Izst\u0101de &#8220;Dzejas ritmos&#8221;&quot;\" \/>\n<meta property=\"og:url\" content=\"https:\/\/saulkrastubiblioteka.lv\/index.php\/2021\/09\/03\/izstade-dzejas-ritmos\/\" \/>\n<meta property=\"og:site_name\" content=\"Saulkrastu novada bibliot\u0113ka\" \/>\n<meta property=\"article:published_time\" content=\"2021-09-03T10:11:57+00:00\" \/>\n<meta property=\"article:modified_time\" content=\"2021-09-03T10:16:56+00:00\" \/>\n<meta property=\"og:image\" content=\"https:\/\/saulkrastubiblioteka.lv\/wp-content\/uploads\/2021\/09\/240972499_1962210753944672_215405009781670226_n-1024x1024.jpg\" \/>\n<meta name=\"author\" content=\"admin\" \/>\n<meta name=\"twitter:card\" content=\"summary_large_image\" \/>\n<meta name=\"twitter:label1\" content=\"Written by\" \/>\n\t<meta name=\"twitter:data1\" content=\"admin\" \/>\n<script type=\"application\/ld+json\" class=\"yoast-schema-graph\">{\"@context\":\"https:\/\/schema.org\",\"@graph\":[{\"@type\":\"Article\",\"@id\":\"https:\/\/saulkrastubiblioteka.lv\/index.php\/2021\/09\/03\/izstade-dzejas-ritmos\/#article\",\"isPartOf\":{\"@id\":\"https:\/\/saulkrastubiblioteka.lv\/index.php\/2021\/09\/03\/izstade-dzejas-ritmos\/\"},\"author\":{\"name\":\"admin\",\"@id\":\"https:\/\/saulkrastubiblioteka.lv\/#\/schema\/person\/2233277643a53fb60b293d42c1e5f7a2\"},\"headline\":\"Izst\u0101de &#8220;Dzejas ritmos&#8221;\",\"datePublished\":\"2021-09-03T10:11:57+00:00\",\"dateModified\":\"2021-09-03T10:16:56+00:00\",\"mainEntityOfPage\":{\"@id\":\"https:\/\/saulkrastubiblioteka.lv\/index.php\/2021\/09\/03\/izstade-dzejas-ritmos\/\"},\"wordCount\":95,\"publisher\":{\"@id\":\"https:\/\/saulkrastubiblioteka.lv\/#organization\"},\"image\":{\"@id\":\"https:\/\/saulkrastubiblioteka.lv\/index.php\/2021\/09\/03\/izstade-dzejas-ritmos\/#primaryimage\"},\"thumbnailUrl\":\"https:\/\/saulkrastubiblioteka.lv\/wp-content\/uploads\/2021\/09\/240972499_1962210753944672_215405009781670226_n-1024x1024.jpg\",\"articleSection\":[\"Izst\u0101des\"],\"inLanguage\":\"lv-LV\"},{\"@type\":\"WebPage\",\"@id\":\"https:\/\/saulkrastubiblioteka.lv\/index.php\/2021\/09\/03\/izstade-dzejas-ritmos\/\",\"url\":\"https:\/\/saulkrastubiblioteka.lv\/index.php\/2021\/09\/03\/izstade-dzejas-ritmos\/\",\"name\":\"Izst\u0101de \\\"Dzejas ritmos\\\" - Saulkrastu novada bibliot\u0113ka\",\"isPartOf\":{\"@id\":\"https:\/\/saulkrastubiblioteka.lv\/#website\"},\"primaryImageOfPage\":{\"@id\":\"https:\/\/saulkrastubiblioteka.lv\/index.php\/2021\/09\/03\/izstade-dzejas-ritmos\/#primaryimage\"},\"image\":{\"@id\":\"https:\/\/saulkrastubiblioteka.lv\/index.php\/2021\/09\/03\/izstade-dzejas-ritmos\/#primaryimage\"},\"thumbnailUrl\":\"https:\/\/saulkrastubiblioteka.lv\/wp-content\/uploads\/2021\/09\/240972499_1962210753944672_215405009781670226_n-1024x1024.jpg\",\"datePublished\":\"2021-09-03T10:11:57+00:00\",\"dateModified\":\"2021-09-03T10:16:56+00:00\",\"breadcrumb\":{\"@id\":\"https:\/\/saulkrastubiblioteka.lv\/index.php\/2021\/09\/03\/izstade-dzejas-ritmos\/#breadcrumb\"},\"inLanguage\":\"lv-LV\",\"potentialAction\":[{\"@type\":\"ReadAction\",\"target\":[\"https:\/\/saulkrastubiblioteka.lv\/index.php\/2021\/09\/03\/izstade-dzejas-ritmos\/\"]}]},{\"@type\":\"ImageObject\",\"inLanguage\":\"lv-LV\",\"@id\":\"https:\/\/saulkrastubiblioteka.lv\/index.php\/2021\/09\/03\/izstade-dzejas-ritmos\/#primaryimage\",\"url\":\"https:\/\/saulkrastubiblioteka.lv\/wp-content\/uploads\/2021\/09\/240972499_1962210753944672_215405009781670226_n.jpg\",\"contentUrl\":\"https:\/\/saulkrastubiblioteka.lv\/wp-content\/uploads\/2021\/09\/240972499_1962210753944672_215405009781670226_n.jpg\",\"width\":1080,\"height\":1080},{\"@type\":\"BreadcrumbList\",\"@id\":\"https:\/\/saulkrastubiblioteka.lv\/index.php\/2021\/09\/03\/izstade-dzejas-ritmos\/#breadcrumb\",\"itemListElement\":[{\"@type\":\"ListItem\",\"position\":1,\"name\":\"Home\",\"item\":\"https:\/\/saulkrastubiblioteka.lv\/\"},{\"@type\":\"ListItem\",\"position\":2,\"name\":\"Izst\u0101de &#8220;Dzejas ritmos&#8221;\"}]},{\"@type\":\"WebSite\",\"@id\":\"https:\/\/saulkrastubiblioteka.lv\/#website\",\"url\":\"https:\/\/saulkrastubiblioteka.lv\/\",\"name\":\"Saulkrastu novada bibliot\u0113ka\",\"description\":\"Vieta, kur labi pavad\u012bt laiku un pab\u016bt mier\u0101\",\"publisher\":{\"@id\":\"https:\/\/saulkrastubiblioteka.lv\/#organization\"},\"potentialAction\":[{\"@type\":\"SearchAction\",\"target\":{\"@type\":\"EntryPoint\",\"urlTemplate\":\"https:\/\/saulkrastubiblioteka.lv\/?s={search_term_string}\"},\"query-input\":{\"@type\":\"PropertyValueSpecification\",\"valueRequired\":true,\"valueName\":\"search_term_string\"}}],\"inLanguage\":\"lv-LV\"},{\"@type\":\"Organization\",\"@id\":\"https:\/\/saulkrastubiblioteka.lv\/#organization\",\"name\":\"Saulkrastu novada bibliot\u0113ka\",\"url\":\"https:\/\/saulkrastubiblioteka.lv\/\",\"logo\":{\"@type\":\"ImageObject\",\"inLanguage\":\"lv-LV\",\"@id\":\"https:\/\/saulkrastubiblioteka.lv\/#\/schema\/logo\/image\/\",\"url\":\"https:\/\/saulkrastubiblioteka.lv\/wp-content\/uploads\/2021\/01\/cropped-logo.png\",\"contentUrl\":\"https:\/\/saulkrastubiblioteka.lv\/wp-content\/uploads\/2021\/01\/cropped-logo.png\",\"width\":240,\"height\":240,\"caption\":\"Saulkrastu novada bibliot\u0113ka\"},\"image\":{\"@id\":\"https:\/\/saulkrastubiblioteka.lv\/#\/schema\/logo\/image\/\"}},{\"@type\":\"Person\",\"@id\":\"https:\/\/saulkrastubiblioteka.lv\/#\/schema\/person\/2233277643a53fb60b293d42c1e5f7a2\",\"name\":\"admin\",\"image\":{\"@type\":\"ImageObject\",\"inLanguage\":\"lv-LV\",\"@id\":\"https:\/\/saulkrastubiblioteka.lv\/#\/schema\/person\/image\/\",\"url\":\"https:\/\/secure.gravatar.com\/avatar\/a5ad3f68569c7df813ab9387f6d30b65?s=96&d=mm&r=g\",\"contentUrl\":\"https:\/\/secure.gravatar.com\/avatar\/a5ad3f68569c7df813ab9387f6d30b65?s=96&d=mm&r=g\",\"caption\":\"admin\"},\"url\":\"https:\/\/saulkrastubiblioteka.lv\/index.php\/author\/info_xjq16vdi\/\"}]}<\/script>\n<!-- \/ Yoast SEO plugin. -->","yoast_head_json":{"title":"Izst\u0101de \"Dzejas ritmos\" - Saulkrastu novada bibliot\u0113ka","robots":{"index":"index","follow":"follow","max-snippet":"max-snippet:-1","max-image-preview":"max-image-preview:large","max-video-preview":"max-video-preview:-1"},"canonical":"https:\/\/saulkrastubiblioteka.lv\/index.php\/2021\/09\/03\/izstade-dzejas-ritmos\/","og_locale":"lv_LV","og_type":"article","og_title":"Izst\u0101de \"Dzejas ritmos\" - Saulkrastu novada bibliot\u0113ka","og_description":"L\u012bdz ar dzejas dien\u0101m, kas ierasti tiek atz\u012bm\u0113tas septembr\u012b, esam izveidoju\u0161i literat\u016bru populariz\u0113jo\u0161u izst\u0101di pieaugu\u0161ajiem \u201cDzejas ritmos\u201d. Iepaz\u012bsti jaun\u0101kos dzejas izdevumus, k\u0101 ar\u012b atminies sen\u0101k izdotus klasiskus darbus. Bibliot\u0113k\u0101 ir pieejamas dzejas gr\u0101matas pla\u0161\u0101 kl\u0101st\u0101 ne tikai pieaugu\u0161ajiem, bet ar\u012b b\u0113rniem un pusaud\u017eiem. Izst\u0101di iesp\u0113jams apl\u016bkot Saulkrastu novada bibliot\u0113kas abonement\u0101 bibliot\u0113kas darba laik\u0101. Atceries iepriek\u0161 &hellip; Turpin\u0101t las\u012bt \"Izst\u0101de &#8220;Dzejas ritmos&#8221;\"","og_url":"https:\/\/saulkrastubiblioteka.lv\/index.php\/2021\/09\/03\/izstade-dzejas-ritmos\/","og_site_name":"Saulkrastu novada bibliot\u0113ka","article_published_time":"2021-09-03T10:11:57+00:00","article_modified_time":"2021-09-03T10:16:56+00:00","og_image":[{"url":"https:\/\/saulkrastubiblioteka.lv\/wp-content\/uploads\/2021\/09\/240972499_1962210753944672_215405009781670226_n-1024x1024.jpg","type":"","width":"","height":""}],"author":"admin","twitter_card":"summary_large_image","twitter_misc":{"Written by":"admin"},"schema":{"@context":"https:\/\/schema.org","@graph":[{"@type":"Article","@id":"https:\/\/saulkrastubiblioteka.lv\/index.php\/2021\/09\/03\/izstade-dzejas-ritmos\/#article","isPartOf":{"@id":"https:\/\/saulkrastubiblioteka.lv\/index.php\/2021\/09\/03\/izstade-dzejas-ritmos\/"},"author":{"name":"admin","@id":"https:\/\/saulkrastubiblioteka.lv\/#\/schema\/person\/2233277643a53fb60b293d42c1e5f7a2"},"headline":"Izst\u0101de &#8220;Dzejas ritmos&#8221;","datePublished":"2021-09-03T10:11:57+00:00","dateModified":"2021-09-03T10:16:56+00:00","mainEntityOfPage":{"@id":"https:\/\/saulkrastubiblioteka.lv\/index.php\/2021\/09\/03\/izstade-dzejas-ritmos\/"},"wordCount":95,"publisher":{"@id":"https:\/\/saulkrastubiblioteka.lv\/#organization"},"image":{"@id":"https:\/\/saulkrastubiblioteka.lv\/index.php\/2021\/09\/03\/izstade-dzejas-ritmos\/#primaryimage"},"thumbnailUrl":"https:\/\/saulkrastubiblioteka.lv\/wp-content\/uploads\/2021\/09\/240972499_1962210753944672_215405009781670226_n-1024x1024.jpg","articleSection":["Izst\u0101des"],"inLanguage":"lv-LV"},{"@type":"WebPage","@id":"https:\/\/saulkrastubiblioteka.lv\/index.php\/2021\/09\/03\/izstade-dzejas-ritmos\/","url":"https:\/\/saulkrastubiblioteka.lv\/index.php\/2021\/09\/03\/izstade-dzejas-ritmos\/","name":"Izst\u0101de \"Dzejas ritmos\" - Saulkrastu novada bibliot\u0113ka","isPartOf":{"@id":"https:\/\/saulkrastubiblioteka.lv\/#website"},"primaryImageOfPage":{"@id":"https:\/\/saulkrastubiblioteka.lv\/index.php\/2021\/09\/03\/izstade-dzejas-ritmos\/#primaryimage"},"image":{"@id":"https:\/\/saulkrastubiblioteka.lv\/index.php\/2021\/09\/03\/izstade-dzejas-ritmos\/#primaryimage"},"thumbnailUrl":"https:\/\/saulkrastubiblioteka.lv\/wp-content\/uploads\/2021\/09\/240972499_1962210753944672_215405009781670226_n-1024x1024.jpg","datePublished":"2021-09-03T10:11:57+00:00","dateModified":"2021-09-03T10:16:56+00:00","breadcrumb":{"@id":"https:\/\/saulkrastubiblioteka.lv\/index.php\/2021\/09\/03\/izstade-dzejas-ritmos\/#breadcrumb"},"inLanguage":"lv-LV","potentialAction":[{"@type":"ReadAction","target":["https:\/\/saulkrastubiblioteka.lv\/index.php\/2021\/09\/03\/izstade-dzejas-ritmos\/"]}]},{"@type":"ImageObject","inLanguage":"lv-LV","@id":"https:\/\/saulkrastubiblioteka.lv\/index.php\/2021\/09\/03\/izstade-dzejas-ritmos\/#primaryimage","url":"https:\/\/saulkrastubiblioteka.lv\/wp-content\/uploads\/2021\/09\/240972499_1962210753944672_215405009781670226_n.jpg","contentUrl":"https:\/\/saulkrastubiblioteka.lv\/wp-content\/uploads\/2021\/09\/240972499_1962210753944672_215405009781670226_n.jpg","width":1080,"height":1080},{"@type":"BreadcrumbList","@id":"https:\/\/saulkrastubiblioteka.lv\/index.php\/2021\/09\/03\/izstade-dzejas-ritmos\/#breadcrumb","itemListElement":[{"@type":"ListItem","position":1,"name":"Home","item":"https:\/\/saulkrastubiblioteka.lv\/"},{"@type":"ListItem","position":2,"name":"Izst\u0101de &#8220;Dzejas ritmos&#8221;"}]},{"@type":"WebSite","@id":"https:\/\/saulkrastubiblioteka.lv\/#website","url":"https:\/\/saulkrastubiblioteka.lv\/","name":"Saulkrastu novada bibliot\u0113ka","description":"Vieta, kur labi pavad\u012bt laiku un pab\u016bt mier\u0101","publisher":{"@id":"https:\/\/saulkrastubiblioteka.lv\/#organization"},"potentialAction":[{"@type":"SearchAction","target":{"@type":"EntryPoint","urlTemplate":"https:\/\/saulkrastubiblioteka.lv\/?s={search_term_string}"},"query-input":{"@type":"PropertyValueSpecification","valueRequired":true,"valueName":"search_term_string"}}],"inLanguage":"lv-LV"},{"@type":"Organization","@id":"https:\/\/saulkrastubiblioteka.lv\/#organization","name":"Saulkrastu novada bibliot\u0113ka","url":"https:\/\/saulkrastubiblioteka.lv\/","logo":{"@type":"ImageObject","inLanguage":"lv-LV","@id":"https:\/\/saulkrastubiblioteka.lv\/#\/schema\/logo\/image\/","url":"https:\/\/saulkrastubiblioteka.lv\/wp-content\/uploads\/2021\/01\/cropped-logo.png","contentUrl":"https:\/\/saulkrastubiblioteka.lv\/wp-content\/uploads\/2021\/01\/cropped-logo.png","width":240,"height":240,"caption":"Saulkrastu novada bibliot\u0113ka"},"image":{"@id":"https:\/\/saulkrastubiblioteka.lv\/#\/schema\/logo\/image\/"}},{"@type":"Person","@id":"https:\/\/saulkrastubiblioteka.lv\/#\/schema\/person\/2233277643a53fb60b293d42c1e5f7a2","name":"admin","image":{"@type":"ImageObject","inLanguage":"lv-LV","@id":"https:\/\/saulkrastubiblioteka.lv\/#\/schema\/person\/image\/","url":"https:\/\/secure.gravatar.com\/avatar\/a5ad3f68569c7df813ab9387f6d30b65?s=96&d=mm&r=g","contentUrl":"https:\/\/secure.gravatar.com\/avatar\/a5ad3f68569c7df813ab9387f6d30b65?s=96&d=mm&r=g","caption":"admin"},"url":"https:\/\/saulkrastubiblioteka.lv\/index.php\/author\/info_xjq16vdi\/"}]}},"_links":{"self":[{"href":"https:\/\/saulkrastubiblioteka.lv\/index.php\/wp-json\/wp\/v2\/posts\/5833","targetHints":{"allow":["GET"]}}],"collection":[{"href":"https:\/\/saulkrastubiblioteka.lv\/index.php\/wp-json\/wp\/v2\/posts"}],"about":[{"href":"https:\/\/saulkrastubiblioteka.lv\/index.php\/wp-json\/wp\/v2\/types\/post"}],"author":[{"embeddable":true,"href":"https:\/\/saulkrastubiblioteka.lv\/index.php\/wp-json\/wp\/v2\/users\/1"}],"replies":[{"embeddable":true,"href":"https:\/\/saulkrastubiblioteka.lv\/index.php\/wp-json\/wp\/v2\/comments?post=5833"}],"version-history":[{"count":3,"href":"https:\/\/saulkrastubiblioteka.lv\/index.php\/wp-json\/wp\/v2\/posts\/5833\/revisions"}],"predecessor-version":[{"id":5840,"href":"https:\/\/saulkrastubiblioteka.lv\/index.php\/wp-json\/wp\/v2\/posts\/5833\/revisions\/5840"}],"wp:attachment":[{"href":"https:\/\/saulkrastubiblioteka.lv\/index.php\/wp-json\/wp\/v2\/media?parent=5833"}],"wp:term":[{"taxonomy":"category","embeddable":true,"href":"https:\/\/saulkrastubiblioteka.lv\/index.php\/wp-json\/wp\/v2\/categories?post=5833"},{"taxonomy":"post_tag","embeddable":true,"href":"https:\/\/saulkrastubiblioteka.lv\/index.php\/wp-json\/wp\/v2\/tags?post=5833"}],"curies":[{"name":"wp","href":"https:\/\/api.w.org\/{rel}","templated":true}]}}