{"id":5830,"date":"2021-09-02T11:06:53","date_gmt":"2021-09-02T11:06:53","guid":{"rendered":"https:\/\/saulkrastubiblioteka.lv\/?p=5830"},"modified":"2021-09-02T11:06:54","modified_gmt":"2021-09-02T11:06:54","slug":"sirsnigi-sveicam-jauno-macibu-gadu-uzsakot","status":"publish","type":"post","link":"https:\/\/saulkrastubiblioteka.lv\/index.php\/2021\/09\/02\/sirsnigi-sveicam-jauno-macibu-gadu-uzsakot\/","title":{"rendered":"Sirsn\u012bgi sveicam, jauno m\u0101c\u012bbu gadu uzs\u0101kot!"},"content":{"rendered":"\n<p><\/p>\n\n\n\n<figure class=\"wp-block-image size-large is-resized\"><img loading=\"lazy\" decoding=\"async\" src=\"https:\/\/saulkrastubiblioteka.lv\/wp-content\/uploads\/2021\/09\/241003980_1961462184019529_1662209067423501757_n-1024x1024.jpg\" alt=\"\" class=\"wp-image-5831\" width=\"600\" height=\"600\" srcset=\"https:\/\/saulkrastubiblioteka.lv\/wp-content\/uploads\/2021\/09\/241003980_1961462184019529_1662209067423501757_n-1024x1024.jpg 1024w, https:\/\/saulkrastubiblioteka.lv\/wp-content\/uploads\/2021\/09\/241003980_1961462184019529_1662209067423501757_n-300x300.jpg 300w, https:\/\/saulkrastubiblioteka.lv\/wp-content\/uploads\/2021\/09\/241003980_1961462184019529_1662209067423501757_n-150x150.jpg 150w, https:\/\/saulkrastubiblioteka.lv\/wp-content\/uploads\/2021\/09\/241003980_1961462184019529_1662209067423501757_n-768x768.jpg 768w, https:\/\/saulkrastubiblioteka.lv\/wp-content\/uploads\/2021\/09\/241003980_1961462184019529_1662209067423501757_n.jpg 1080w\" sizes=\"auto, (max-width: 709px) 85vw, (max-width: 909px) 67vw, (max-width: 984px) 61vw, (max-width: 1362px) 45vw, 600px\" \/><\/figure>\n\n\n\n<p>Nov\u0113lam iztur\u012bbu skol\u0113niem un paciet\u012bbu skolot\u0101jiem \u2013 lai izdevies jaunais m\u0101c\u012bbu gads!<br><br><a href=\"https:\/\/www.facebook.com\/hashtag\/saulkrastunovadabibliot\u0113ka?__eep__=6&amp;source=feed_text&amp;epa=HASHTAG&amp;__xts__%5B0%5D=68.ARD-nuZboXjrnTXEhwBHdoqgmsHaebUn_C87NOjBlFxykQtbUtqlYjP7TS_i0QoAY_RwD0E-BKWCgz5p1WyMRYYWlR9T6EpypNvTf-BGMQgeMQLy4AOoxstCJ4e8N3DQABNbxNP0UcwE7adV568QAhIo61jGZEs-bQ4BcVB825Mk7kGgYAo_ioIIJB5-gokvD-JUguewyFHUK8kKU50oEYfJdd11PWd9-IKgCF-CpqIdh3Ur1vBF7ZeT2VXb1yYRGxX_RdDnSlaxwCyohkzNa1l4zHWwDt80drDDT5iQVOHLBhX1Pc-GjA&amp;__tn__=%2ANK-R\">#saulkrastunovadabibliot\u0113ka<\/a> <br><a href=\"https:\/\/www.facebook.com\/hashtag\/zin\u012bbudiena2021?__eep__=6&amp;source=feed_text&amp;epa=HASHTAG&amp;__xts__%5B0%5D=68.ARD-nuZboXjrnTXEhwBHdoqgmsHaebUn_C87NOjBlFxykQtbUtqlYjP7TS_i0QoAY_RwD0E-BKWCgz5p1WyMRYYWlR9T6EpypNvTf-BGMQgeMQLy4AOoxstCJ4e8N3DQABNbxNP0UcwE7adV568QAhIo61jGZEs-bQ4BcVB825Mk7kGgYAo_ioIIJB5-gokvD-JUguewyFHUK8kKU50oEYfJdd11PWd9-IKgCF-CpqIdh3Ur1vBF7ZeT2VXb1yYRGxX_RdDnSlaxwCyohkzNa1l4zHWwDt80drDDT5iQVOHLBhX1Pc-GjA&amp;__tn__=%2ANK-R\">#zin\u012bbudiena2021<\/a> <br><a href=\"https:\/\/www.facebook.com\/hashtag\/backtoschool?__eep__=6&amp;source=feed_text&amp;epa=HASHTAG&amp;__xts__%5B0%5D=68.ARD-nuZboXjrnTXEhwBHdoqgmsHaebUn_C87NOjBlFxykQtbUtqlYjP7TS_i0QoAY_RwD0E-BKWCgz5p1WyMRYYWlR9T6EpypNvTf-BGMQgeMQLy4AOoxstCJ4e8N3DQABNbxNP0UcwE7adV568QAhIo61jGZEs-bQ4BcVB825Mk7kGgYAo_ioIIJB5-gokvD-JUguewyFHUK8kKU50oEYfJdd11PWd9-IKgCF-CpqIdh3Ur1vBF7ZeT2VXb1yYRGxX_RdDnSlaxwCyohkzNa1l4zHWwDt80drDDT5iQVOHLBhX1Pc-GjA&amp;__tn__=%2ANK-R\">#backtoschool<\/a><\/p>\n","protected":false},"excerpt":{"rendered":"<p>Nov\u0113lam iztur\u012bbu skol\u0113niem un paciet\u012bbu skolot\u0101jiem \u2013 lai izdevies jaunais m\u0101c\u012bbu gads! #saulkrastunovadabibliot\u0113ka #zin\u012bbudiena2021 #backtoschool<\/p>\n","protected":false},"author":1,"featured_media":0,"comment_status":"closed","ping_status":"open","sticky":false,"template":"","format":"standard","meta":{"footnotes":""},"categories":[1],"tags":[],"class_list":["post-5830","post","type-post","status-publish","format-standard","hentry","category-cits"],"yoast_head":"<!-- This site is optimized with the Yoast SEO plugin v24.2 - https:\/\/yoast.com\/wordpress\/plugins\/seo\/ -->\n<title>Sirsn\u012bgi sveicam, jauno m\u0101c\u012bbu gadu uzs\u0101kot! - Saulkrastu novada bibliot\u0113ka<\/title>\n<meta name=\"robots\" content=\"index, follow, max-snippet:-1, max-image-preview:large, max-video-preview:-1\" \/>\n<link rel=\"canonical\" href=\"https:\/\/saulkrastubiblioteka.lv\/index.php\/2021\/09\/02\/sirsnigi-sveicam-jauno-macibu-gadu-uzsakot\/\" \/>\n<meta property=\"og:locale\" content=\"lv_LV\" \/>\n<meta property=\"og:type\" content=\"article\" \/>\n<meta property=\"og:title\" content=\"Sirsn\u012bgi sveicam, jauno m\u0101c\u012bbu gadu uzs\u0101kot! - Saulkrastu novada bibliot\u0113ka\" \/>\n<meta property=\"og:description\" content=\"Nov\u0113lam iztur\u012bbu skol\u0113niem un paciet\u012bbu skolot\u0101jiem \u2013 lai izdevies jaunais m\u0101c\u012bbu gads! #saulkrastunovadabibliot\u0113ka #zin\u012bbudiena2021 #backtoschool\" \/>\n<meta property=\"og:url\" content=\"https:\/\/saulkrastubiblioteka.lv\/index.php\/2021\/09\/02\/sirsnigi-sveicam-jauno-macibu-gadu-uzsakot\/\" \/>\n<meta property=\"og:site_name\" content=\"Saulkrastu novada bibliot\u0113ka\" \/>\n<meta property=\"article:published_time\" content=\"2021-09-02T11:06:53+00:00\" \/>\n<meta property=\"article:modified_time\" content=\"2021-09-02T11:06:54+00:00\" \/>\n<meta property=\"og:image\" content=\"https:\/\/saulkrastubiblioteka.lv\/wp-content\/uploads\/2021\/09\/241003980_1961462184019529_1662209067423501757_n-1024x1024.jpg\" \/>\n<meta name=\"author\" content=\"admin\" \/>\n<meta name=\"twitter:card\" content=\"summary_large_image\" \/>\n<meta name=\"twitter:label1\" content=\"Written by\" \/>\n\t<meta name=\"twitter:data1\" content=\"admin\" \/>\n<script type=\"application\/ld+json\" class=\"yoast-schema-graph\">{\"@context\":\"https:\/\/schema.org\",\"@graph\":[{\"@type\":\"Article\",\"@id\":\"https:\/\/saulkrastubiblioteka.lv\/index.php\/2021\/09\/02\/sirsnigi-sveicam-jauno-macibu-gadu-uzsakot\/#article\",\"isPartOf\":{\"@id\":\"https:\/\/saulkrastubiblioteka.lv\/index.php\/2021\/09\/02\/sirsnigi-sveicam-jauno-macibu-gadu-uzsakot\/\"},\"author\":{\"name\":\"admin\",\"@id\":\"https:\/\/saulkrastubiblioteka.lv\/#\/schema\/person\/2233277643a53fb60b293d42c1e5f7a2\"},\"headline\":\"Sirsn\u012bgi sveicam, jauno m\u0101c\u012bbu gadu uzs\u0101kot!\",\"datePublished\":\"2021-09-02T11:06:53+00:00\",\"dateModified\":\"2021-09-02T11:06:54+00:00\",\"mainEntityOfPage\":{\"@id\":\"https:\/\/saulkrastubiblioteka.lv\/index.php\/2021\/09\/02\/sirsnigi-sveicam-jauno-macibu-gadu-uzsakot\/\"},\"wordCount\":33,\"publisher\":{\"@id\":\"https:\/\/saulkrastubiblioteka.lv\/#organization\"},\"image\":{\"@id\":\"https:\/\/saulkrastubiblioteka.lv\/index.php\/2021\/09\/02\/sirsnigi-sveicam-jauno-macibu-gadu-uzsakot\/#primaryimage\"},\"thumbnailUrl\":\"https:\/\/saulkrastubiblioteka.lv\/wp-content\/uploads\/2021\/09\/241003980_1961462184019529_1662209067423501757_n-1024x1024.jpg\",\"articleSection\":[\"Cits\"],\"inLanguage\":\"lv-LV\"},{\"@type\":\"WebPage\",\"@id\":\"https:\/\/saulkrastubiblioteka.lv\/index.php\/2021\/09\/02\/sirsnigi-sveicam-jauno-macibu-gadu-uzsakot\/\",\"url\":\"https:\/\/saulkrastubiblioteka.lv\/index.php\/2021\/09\/02\/sirsnigi-sveicam-jauno-macibu-gadu-uzsakot\/\",\"name\":\"Sirsn\u012bgi sveicam, jauno m\u0101c\u012bbu gadu uzs\u0101kot! - Saulkrastu novada bibliot\u0113ka\",\"isPartOf\":{\"@id\":\"https:\/\/saulkrastubiblioteka.lv\/#website\"},\"primaryImageOfPage\":{\"@id\":\"https:\/\/saulkrastubiblioteka.lv\/index.php\/2021\/09\/02\/sirsnigi-sveicam-jauno-macibu-gadu-uzsakot\/#primaryimage\"},\"image\":{\"@id\":\"https:\/\/saulkrastubiblioteka.lv\/index.php\/2021\/09\/02\/sirsnigi-sveicam-jauno-macibu-gadu-uzsakot\/#primaryimage\"},\"thumbnailUrl\":\"https:\/\/saulkrastubiblioteka.lv\/wp-content\/uploads\/2021\/09\/241003980_1961462184019529_1662209067423501757_n-1024x1024.jpg\",\"datePublished\":\"2021-09-02T11:06:53+00:00\",\"dateModified\":\"2021-09-02T11:06:54+00:00\",\"breadcrumb\":{\"@id\":\"https:\/\/saulkrastubiblioteka.lv\/index.php\/2021\/09\/02\/sirsnigi-sveicam-jauno-macibu-gadu-uzsakot\/#breadcrumb\"},\"inLanguage\":\"lv-LV\",\"potentialAction\":[{\"@type\":\"ReadAction\",\"target\":[\"https:\/\/saulkrastubiblioteka.lv\/index.php\/2021\/09\/02\/sirsnigi-sveicam-jauno-macibu-gadu-uzsakot\/\"]}]},{\"@type\":\"ImageObject\",\"inLanguage\":\"lv-LV\",\"@id\":\"https:\/\/saulkrastubiblioteka.lv\/index.php\/2021\/09\/02\/sirsnigi-sveicam-jauno-macibu-gadu-uzsakot\/#primaryimage\",\"url\":\"https:\/\/saulkrastubiblioteka.lv\/wp-content\/uploads\/2021\/09\/241003980_1961462184019529_1662209067423501757_n.jpg\",\"contentUrl\":\"https:\/\/saulkrastubiblioteka.lv\/wp-content\/uploads\/2021\/09\/241003980_1961462184019529_1662209067423501757_n.jpg\",\"width\":1080,\"height\":1080},{\"@type\":\"BreadcrumbList\",\"@id\":\"https:\/\/saulkrastubiblioteka.lv\/index.php\/2021\/09\/02\/sirsnigi-sveicam-jauno-macibu-gadu-uzsakot\/#breadcrumb\",\"itemListElement\":[{\"@type\":\"ListItem\",\"position\":1,\"name\":\"Home\",\"item\":\"https:\/\/saulkrastubiblioteka.lv\/\"},{\"@type\":\"ListItem\",\"position\":2,\"name\":\"Sirsn\u012bgi sveicam, jauno m\u0101c\u012bbu gadu uzs\u0101kot!\"}]},{\"@type\":\"WebSite\",\"@id\":\"https:\/\/saulkrastubiblioteka.lv\/#website\",\"url\":\"https:\/\/saulkrastubiblioteka.lv\/\",\"name\":\"Saulkrastu novada bibliot\u0113ka\",\"description\":\"Vieta, kur labi pavad\u012bt laiku un pab\u016bt mier\u0101\",\"publisher\":{\"@id\":\"https:\/\/saulkrastubiblioteka.lv\/#organization\"},\"potentialAction\":[{\"@type\":\"SearchAction\",\"target\":{\"@type\":\"EntryPoint\",\"urlTemplate\":\"https:\/\/saulkrastubiblioteka.lv\/?s={search_term_string}\"},\"query-input\":{\"@type\":\"PropertyValueSpecification\",\"valueRequired\":true,\"valueName\":\"search_term_string\"}}],\"inLanguage\":\"lv-LV\"},{\"@type\":\"Organization\",\"@id\":\"https:\/\/saulkrastubiblioteka.lv\/#organization\",\"name\":\"Saulkrastu novada bibliot\u0113ka\",\"url\":\"https:\/\/saulkrastubiblioteka.lv\/\",\"logo\":{\"@type\":\"ImageObject\",\"inLanguage\":\"lv-LV\",\"@id\":\"https:\/\/saulkrastubiblioteka.lv\/#\/schema\/logo\/image\/\",\"url\":\"https:\/\/saulkrastubiblioteka.lv\/wp-content\/uploads\/2021\/01\/cropped-logo.png\",\"contentUrl\":\"https:\/\/saulkrastubiblioteka.lv\/wp-content\/uploads\/2021\/01\/cropped-logo.png\",\"width\":240,\"height\":240,\"caption\":\"Saulkrastu novada bibliot\u0113ka\"},\"image\":{\"@id\":\"https:\/\/saulkrastubiblioteka.lv\/#\/schema\/logo\/image\/\"}},{\"@type\":\"Person\",\"@id\":\"https:\/\/saulkrastubiblioteka.lv\/#\/schema\/person\/2233277643a53fb60b293d42c1e5f7a2\",\"name\":\"admin\",\"image\":{\"@type\":\"ImageObject\",\"inLanguage\":\"lv-LV\",\"@id\":\"https:\/\/saulkrastubiblioteka.lv\/#\/schema\/person\/image\/\",\"url\":\"https:\/\/secure.gravatar.com\/avatar\/a5ad3f68569c7df813ab9387f6d30b65?s=96&d=mm&r=g\",\"contentUrl\":\"https:\/\/secure.gravatar.com\/avatar\/a5ad3f68569c7df813ab9387f6d30b65?s=96&d=mm&r=g\",\"caption\":\"admin\"},\"url\":\"https:\/\/saulkrastubiblioteka.lv\/index.php\/author\/info_xjq16vdi\/\"}]}<\/script>\n<!-- \/ Yoast SEO plugin. -->","yoast_head_json":{"title":"Sirsn\u012bgi sveicam, jauno m\u0101c\u012bbu gadu uzs\u0101kot! - Saulkrastu novada bibliot\u0113ka","robots":{"index":"index","follow":"follow","max-snippet":"max-snippet:-1","max-image-preview":"max-image-preview:large","max-video-preview":"max-video-preview:-1"},"canonical":"https:\/\/saulkrastubiblioteka.lv\/index.php\/2021\/09\/02\/sirsnigi-sveicam-jauno-macibu-gadu-uzsakot\/","og_locale":"lv_LV","og_type":"article","og_title":"Sirsn\u012bgi sveicam, jauno m\u0101c\u012bbu gadu uzs\u0101kot! - Saulkrastu novada bibliot\u0113ka","og_description":"Nov\u0113lam iztur\u012bbu skol\u0113niem un paciet\u012bbu skolot\u0101jiem \u2013 lai izdevies jaunais m\u0101c\u012bbu gads! #saulkrastunovadabibliot\u0113ka #zin\u012bbudiena2021 #backtoschool","og_url":"https:\/\/saulkrastubiblioteka.lv\/index.php\/2021\/09\/02\/sirsnigi-sveicam-jauno-macibu-gadu-uzsakot\/","og_site_name":"Saulkrastu novada bibliot\u0113ka","article_published_time":"2021-09-02T11:06:53+00:00","article_modified_time":"2021-09-02T11:06:54+00:00","og_image":[{"url":"https:\/\/saulkrastubiblioteka.lv\/wp-content\/uploads\/2021\/09\/241003980_1961462184019529_1662209067423501757_n-1024x1024.jpg","type":"","width":"","height":""}],"author":"admin","twitter_card":"summary_large_image","twitter_misc":{"Written by":"admin"},"schema":{"@context":"https:\/\/schema.org","@graph":[{"@type":"Article","@id":"https:\/\/saulkrastubiblioteka.lv\/index.php\/2021\/09\/02\/sirsnigi-sveicam-jauno-macibu-gadu-uzsakot\/#article","isPartOf":{"@id":"https:\/\/saulkrastubiblioteka.lv\/index.php\/2021\/09\/02\/sirsnigi-sveicam-jauno-macibu-gadu-uzsakot\/"},"author":{"name":"admin","@id":"https:\/\/saulkrastubiblioteka.lv\/#\/schema\/person\/2233277643a53fb60b293d42c1e5f7a2"},"headline":"Sirsn\u012bgi sveicam, jauno m\u0101c\u012bbu gadu uzs\u0101kot!","datePublished":"2021-09-02T11:06:53+00:00","dateModified":"2021-09-02T11:06:54+00:00","mainEntityOfPage":{"@id":"https:\/\/saulkrastubiblioteka.lv\/index.php\/2021\/09\/02\/sirsnigi-sveicam-jauno-macibu-gadu-uzsakot\/"},"wordCount":33,"publisher":{"@id":"https:\/\/saulkrastubiblioteka.lv\/#organization"},"image":{"@id":"https:\/\/saulkrastubiblioteka.lv\/index.php\/2021\/09\/02\/sirsnigi-sveicam-jauno-macibu-gadu-uzsakot\/#primaryimage"},"thumbnailUrl":"https:\/\/saulkrastubiblioteka.lv\/wp-content\/uploads\/2021\/09\/241003980_1961462184019529_1662209067423501757_n-1024x1024.jpg","articleSection":["Cits"],"inLanguage":"lv-LV"},{"@type":"WebPage","@id":"https:\/\/saulkrastubiblioteka.lv\/index.php\/2021\/09\/02\/sirsnigi-sveicam-jauno-macibu-gadu-uzsakot\/","url":"https:\/\/saulkrastubiblioteka.lv\/index.php\/2021\/09\/02\/sirsnigi-sveicam-jauno-macibu-gadu-uzsakot\/","name":"Sirsn\u012bgi sveicam, jauno m\u0101c\u012bbu gadu uzs\u0101kot! - Saulkrastu novada bibliot\u0113ka","isPartOf":{"@id":"https:\/\/saulkrastubiblioteka.lv\/#website"},"primaryImageOfPage":{"@id":"https:\/\/saulkrastubiblioteka.lv\/index.php\/2021\/09\/02\/sirsnigi-sveicam-jauno-macibu-gadu-uzsakot\/#primaryimage"},"image":{"@id":"https:\/\/saulkrastubiblioteka.lv\/index.php\/2021\/09\/02\/sirsnigi-sveicam-jauno-macibu-gadu-uzsakot\/#primaryimage"},"thumbnailUrl":"https:\/\/saulkrastubiblioteka.lv\/wp-content\/uploads\/2021\/09\/241003980_1961462184019529_1662209067423501757_n-1024x1024.jpg","datePublished":"2021-09-02T11:06:53+00:00","dateModified":"2021-09-02T11:06:54+00:00","breadcrumb":{"@id":"https:\/\/saulkrastubiblioteka.lv\/index.php\/2021\/09\/02\/sirsnigi-sveicam-jauno-macibu-gadu-uzsakot\/#breadcrumb"},"inLanguage":"lv-LV","potentialAction":[{"@type":"ReadAction","target":["https:\/\/saulkrastubiblioteka.lv\/index.php\/2021\/09\/02\/sirsnigi-sveicam-jauno-macibu-gadu-uzsakot\/"]}]},{"@type":"ImageObject","inLanguage":"lv-LV","@id":"https:\/\/saulkrastubiblioteka.lv\/index.php\/2021\/09\/02\/sirsnigi-sveicam-jauno-macibu-gadu-uzsakot\/#primaryimage","url":"https:\/\/saulkrastubiblioteka.lv\/wp-content\/uploads\/2021\/09\/241003980_1961462184019529_1662209067423501757_n.jpg","contentUrl":"https:\/\/saulkrastubiblioteka.lv\/wp-content\/uploads\/2021\/09\/241003980_1961462184019529_1662209067423501757_n.jpg","width":1080,"height":1080},{"@type":"BreadcrumbList","@id":"https:\/\/saulkrastubiblioteka.lv\/index.php\/2021\/09\/02\/sirsnigi-sveicam-jauno-macibu-gadu-uzsakot\/#breadcrumb","itemListElement":[{"@type":"ListItem","position":1,"name":"Home","item":"https:\/\/saulkrastubiblioteka.lv\/"},{"@type":"ListItem","position":2,"name":"Sirsn\u012bgi sveicam, jauno m\u0101c\u012bbu gadu uzs\u0101kot!"}]},{"@type":"WebSite","@id":"https:\/\/saulkrastubiblioteka.lv\/#website","url":"https:\/\/saulkrastubiblioteka.lv\/","name":"Saulkrastu novada bibliot\u0113ka","description":"Vieta, kur labi pavad\u012bt laiku un pab\u016bt mier\u0101","publisher":{"@id":"https:\/\/saulkrastubiblioteka.lv\/#organization"},"potentialAction":[{"@type":"SearchAction","target":{"@type":"EntryPoint","urlTemplate":"https:\/\/saulkrastubiblioteka.lv\/?s={search_term_string}"},"query-input":{"@type":"PropertyValueSpecification","valueRequired":true,"valueName":"search_term_string"}}],"inLanguage":"lv-LV"},{"@type":"Organization","@id":"https:\/\/saulkrastubiblioteka.lv\/#organization","name":"Saulkrastu novada bibliot\u0113ka","url":"https:\/\/saulkrastubiblioteka.lv\/","logo":{"@type":"ImageObject","inLanguage":"lv-LV","@id":"https:\/\/saulkrastubiblioteka.lv\/#\/schema\/logo\/image\/","url":"https:\/\/saulkrastubiblioteka.lv\/wp-content\/uploads\/2021\/01\/cropped-logo.png","contentUrl":"https:\/\/saulkrastubiblioteka.lv\/wp-content\/uploads\/2021\/01\/cropped-logo.png","width":240,"height":240,"caption":"Saulkrastu novada bibliot\u0113ka"},"image":{"@id":"https:\/\/saulkrastubiblioteka.lv\/#\/schema\/logo\/image\/"}},{"@type":"Person","@id":"https:\/\/saulkrastubiblioteka.lv\/#\/schema\/person\/2233277643a53fb60b293d42c1e5f7a2","name":"admin","image":{"@type":"ImageObject","inLanguage":"lv-LV","@id":"https:\/\/saulkrastubiblioteka.lv\/#\/schema\/person\/image\/","url":"https:\/\/secure.gravatar.com\/avatar\/a5ad3f68569c7df813ab9387f6d30b65?s=96&d=mm&r=g","contentUrl":"https:\/\/secure.gravatar.com\/avatar\/a5ad3f68569c7df813ab9387f6d30b65?s=96&d=mm&r=g","caption":"admin"},"url":"https:\/\/saulkrastubiblioteka.lv\/index.php\/author\/info_xjq16vdi\/"}]}},"_links":{"self":[{"href":"https:\/\/saulkrastubiblioteka.lv\/index.php\/wp-json\/wp\/v2\/posts\/5830","targetHints":{"allow":["GET"]}}],"collection":[{"href":"https:\/\/saulkrastubiblioteka.lv\/index.php\/wp-json\/wp\/v2\/posts"}],"about":[{"href":"https:\/\/saulkrastubiblioteka.lv\/index.php\/wp-json\/wp\/v2\/types\/post"}],"author":[{"embeddable":true,"href":"https:\/\/saulkrastubiblioteka.lv\/index.php\/wp-json\/wp\/v2\/users\/1"}],"replies":[{"embeddable":true,"href":"https:\/\/saulkrastubiblioteka.lv\/index.php\/wp-json\/wp\/v2\/comments?post=5830"}],"version-history":[{"count":1,"href":"https:\/\/saulkrastubiblioteka.lv\/index.php\/wp-json\/wp\/v2\/posts\/5830\/revisions"}],"predecessor-version":[{"id":5832,"href":"https:\/\/saulkrastubiblioteka.lv\/index.php\/wp-json\/wp\/v2\/posts\/5830\/revisions\/5832"}],"wp:attachment":[{"href":"https:\/\/saulkrastubiblioteka.lv\/index.php\/wp-json\/wp\/v2\/media?parent=5830"}],"wp:term":[{"taxonomy":"category","embeddable":true,"href":"https:\/\/saulkrastubiblioteka.lv\/index.php\/wp-json\/wp\/v2\/categories?post=5830"},{"taxonomy":"post_tag","embeddable":true,"href":"https:\/\/saulkrastubiblioteka.lv\/index.php\/wp-json\/wp\/v2\/tags?post=5830"}],"curies":[{"name":"wp","href":"https:\/\/api.w.org\/{rel}","templated":true}]}}