{"id":5808,"date":"2021-08-17T12:25:45","date_gmt":"2021-08-17T12:25:45","guid":{"rendered":"https:\/\/saulkrastubiblioteka.lv\/?p=5808"},"modified":"2021-08-17T12:49:52","modified_gmt":"2021-08-17T12:49:52","slug":"gramatas-ko-aicinam-davinat-bibliotekai","status":"publish","type":"post","link":"https:\/\/saulkrastubiblioteka.lv\/index.php\/2021\/08\/17\/gramatas-ko-aicinam-davinat-bibliotekai\/","title":{"rendered":"Gr\u0101matas, ko aicin\u0101m d\u0101vin\u0101t bibliot\u0113kai"},"content":{"rendered":"\n<p>Nereti no m\u016bsu apmekl\u0113t\u0101jiem sa\u0146emam jaut\u0101jumu par gr\u0101matu d\u0101vin\u0101\u0161anu bibliot\u0113kai. Apsekojot kr\u0101jumu, esam atradu\u0161i vair\u0101kas gr\u0101matas, kuras da\u017e\u0101du iemeslu d\u0113\u013c kr\u0101jum\u0101 vairs neatrodas un kur\u0101m no jauna eksempl\u0101ri vairs netiek izdoti, lai var\u0113tu tos ieg\u0101d\u0101ties. Lai \u0161\u012bs aizraujo\u0161\u0101s gr\u0101matas turpin\u0101tu priec\u0113t ar\u012b citus las\u012bt\u0101jus, tad aicin\u0101m d\u0101vin\u0101t, ja m\u0101j\u0101s ir k\u0101ds no sarakst\u0101 atrodamajiem gr\u0101matu eksempl\u0101riem.<\/p>\n\n\n\n<!--more-->\n\n\n\n<p><strong>Pieaugu\u0161ajiem<\/strong><\/p>\n\n\n\n<ol class=\"wp-block-list\" type=\"1\"><li>Adriana Trigiani \u201cKurpnieka sieva\u201d<\/li><li>Agata Kristi \u201cN\u0101ve m\u0101ko\u0146os\u201d<\/li><li>Aleksandrs \u010caks \u201cApa\u0161s frak\u0101\u201d<\/li><li>Aleksandrs \u010caks \u201cSp\u0113le ar dz\u012bv\u012bbu\u201d<\/li><li>An\u0161lavs Egl\u012btis \u201cAd\u017eurd\u017eonga\u201d<\/li><li>An\u0161lavs Egl\u012btis \u201cEs nebiju varonis\u201d<\/li><li>An\u0161lavs Egl\u012btis \u201cTeoduls Supersakso\u201d<\/li><li>Dace Judina \u201cZiemas bl\u016bzs\u201d<\/li><li>Dace Priede \u201cKur sarkanas ogas auga\u201d<\/li><li>Debija Makombera \u201cS\u0101kt \u0161aj\u0101 br\u012bd\u012b\u201d<\/li><li>Di\u0101na Gabaldone \u201cSp\u0101re dzintar\u0101\u201d (1. da\u013ca)<\/li><li>D\u017eenija Glenf\u012blda \u201cVec\u0101 albuma portreti\u201d<\/li><li>D\u017e\u012bna M. Ouela \u201cAlu l\u0101\u010da klans\u201d<\/li><li>D\u017e\u012bna M. Ouela \u201cMamutu mednieki\u201d<\/li><li>D\u017e\u012bna M. Ouela \u201cZirgu ieleja\u201d<\/li><li>D\u017eons Vaizmens \u201cSAS izdz\u012bvo\u0161anas m\u0101ksla\u201d<\/li><li>D\u017e\u016blija Kvinna \u201cIt\u0101lietes dienasgr\u0101mata\u201d<\/li><li>Elizabete Adlere \u201cCe\u013cojums uz Kapri\u201d<\/li><li>Elizabete Adlere \u201cD\u0101rgakme\u0146i\u201d<\/li><li>Eriks \u0100damsons \u201cD\u0101vana\u201d<\/li><li>Fjodors Dostojevskis \u201cPazemotie un apvainotie\u201d<\/li><li>Herdera v\u0101rdn\u012bca<\/li><li>Hom\u0113rs \u201cIli\u0101da\u201d<\/li><li>Kurts Fridrihsons \u201cPas\u0101\u017eas\u201d&nbsp;<\/li><li>M\u0101ris Gailis \u201c\u201cMilda\u201d apk\u0101rt pasaulei\u201d<\/li><li>M\u0101rti\u0146\u0161 Z\u012bverts&nbsp;&nbsp; \u201cK\u0101ds, kura nav un citas trimdas lugas\u201d<\/li><li>Nikolajs K\u016bns \u201cSengrie\u0137u m\u012bti un varo\u0146teikas\u201d<\/li><li>Nikol\u0101 Barro \u201cSievietes smaids\u201d<\/li><li>Reg\u012bna Ezera \u201cP\u016b\u0137a ola\u201d<\/li><li>\u201cRozes tavam priekam\u201d<\/li><li>St\u012bvens Hokings \u201c\u012asas atbildes uz svar\u012bgiem jaut\u0101jumiem\u201d<br><\/li><\/ol>\n\n\n\n<p><strong>B\u0113rniem un jaunie\u0161iem<\/strong><\/p>\n\n\n\n<ol class=\"wp-block-list\" type=\"1\"><li>Astr\u012bda Lindgr\u0113ne \u201cProtams, Lota m\u0101k gandr\u012bz visu\u201d<\/li><li>Astr\u012bda Lindgr\u0113ne \u201cV\u0113l par mums \u2013 b\u0113rniem no Trok\u0161\u0146u ielas\u201d<\/li><li>D\u017eeimija Makgvaira \u201cBr\u012bni\u0161\u0137ais nepr\u0101ts\u201d<\/li><li>Enida Blaitona \u201c3. klase Sentkl\u0113r\u0101\u201d<\/li><li>Enida Blaitone \u201cRetatetas nosl\u0113pums\u201d<\/li><li>M\u0101ra Ciel\u0113na \u201cZ\u0113ns un laiks\u201d<\/li><li>Melvins B\u0113rd\u017eess \u201cKaifs\u201d<\/li><li>Mi\u0161ela Peivere \u201cZv\u0113resta lauz\u0113js\u201d<\/li><li>O\u012bns Kolfers \u201cArt\u0113mijs Fauls. Op\u0101la un viltus\u201d<\/li><li>Rei\u010dela Ren\u0113 Rasela \u201cNikijas dienasgr\u0101mata. Ne p\u0101r\u0101k apburo\u0161as TV zvaigznes st\u0101sti\u201d (7. gr\u0101mata)<\/li><li>Ri\u0161ela M\u012bda \u201cVamp\u012bru akad\u0113mija\u201d (1. gr\u0101mata)<\/li><li>Ri\u0161ela M\u012bda \u201cSalnas skartie\u201d(2. gr\u0101mata)<\/li><li>Ri\u0161ela M\u012bda \u201c\u0112nu piesk\u0101riens\u201d (3. gr\u0101mata)<\/li><li>Ri\u0161ela M\u012bda \u201cAsins zv\u0113rests\u201d(4. gr\u0101mata)<\/li><li>Zenta \u0112rgle \u201cNosl\u0113pumainais atradums\u201d<\/li><\/ol>\n","protected":false},"excerpt":{"rendered":"<p>Nereti no m\u016bsu apmekl\u0113t\u0101jiem sa\u0146emam jaut\u0101jumu par gr\u0101matu d\u0101vin\u0101\u0161anu bibliot\u0113kai. Apsekojot kr\u0101jumu, esam atradu\u0161i vair\u0101kas gr\u0101matas, kuras da\u017e\u0101du iemeslu d\u0113\u013c kr\u0101jum\u0101 vairs neatrodas un kur\u0101m no jauna eksempl\u0101ri vairs netiek izdoti, lai var\u0113tu tos ieg\u0101d\u0101ties. Lai \u0161\u012bs aizraujo\u0161\u0101s gr\u0101matas turpin\u0101tu priec\u0113t ar\u012b citus las\u012bt\u0101jus, tad aicin\u0101m d\u0101vin\u0101t, ja m\u0101j\u0101s ir k\u0101ds no sarakst\u0101 atrodamajiem gr\u0101matu &hellip; <a href=\"https:\/\/saulkrastubiblioteka.lv\/index.php\/2021\/08\/17\/gramatas-ko-aicinam-davinat-bibliotekai\/\" class=\"more-link\">Turpin\u0101t las\u012bt<span class=\"screen-reader-text\"> &#8220;Gr\u0101matas, ko aicin\u0101m d\u0101vin\u0101t bibliot\u0113kai&#8221;<\/span><\/a><\/p>\n","protected":false},"author":1,"featured_media":0,"comment_status":"closed","ping_status":"open","sticky":false,"template":"","format":"standard","meta":{"footnotes":""},"categories":[31],"tags":[],"class_list":["post-5808","post","type-post","status-publish","format-standard","hentry","category-gramatas"],"yoast_head":"<!-- This site is optimized with the Yoast SEO plugin v24.2 - https:\/\/yoast.com\/wordpress\/plugins\/seo\/ -->\n<title>Gr\u0101matas, ko aicin\u0101m d\u0101vin\u0101t bibliot\u0113kai - Saulkrastu novada bibliot\u0113ka<\/title>\n<meta name=\"robots\" content=\"index, follow, max-snippet:-1, max-image-preview:large, max-video-preview:-1\" \/>\n<link rel=\"canonical\" href=\"https:\/\/saulkrastubiblioteka.lv\/index.php\/2021\/08\/17\/gramatas-ko-aicinam-davinat-bibliotekai\/\" \/>\n<meta property=\"og:locale\" content=\"lv_LV\" \/>\n<meta property=\"og:type\" content=\"article\" \/>\n<meta property=\"og:title\" content=\"Gr\u0101matas, ko aicin\u0101m d\u0101vin\u0101t bibliot\u0113kai - Saulkrastu novada bibliot\u0113ka\" \/>\n<meta property=\"og:description\" content=\"Nereti no m\u016bsu apmekl\u0113t\u0101jiem sa\u0146emam jaut\u0101jumu par gr\u0101matu d\u0101vin\u0101\u0161anu bibliot\u0113kai. Apsekojot kr\u0101jumu, esam atradu\u0161i vair\u0101kas gr\u0101matas, kuras da\u017e\u0101du iemeslu d\u0113\u013c kr\u0101jum\u0101 vairs neatrodas un kur\u0101m no jauna eksempl\u0101ri vairs netiek izdoti, lai var\u0113tu tos ieg\u0101d\u0101ties. Lai \u0161\u012bs aizraujo\u0161\u0101s gr\u0101matas turpin\u0101tu priec\u0113t ar\u012b citus las\u012bt\u0101jus, tad aicin\u0101m d\u0101vin\u0101t, ja m\u0101j\u0101s ir k\u0101ds no sarakst\u0101 atrodamajiem gr\u0101matu &hellip; Turpin\u0101t las\u012bt &quot;Gr\u0101matas, ko aicin\u0101m d\u0101vin\u0101t bibliot\u0113kai&quot;\" \/>\n<meta property=\"og:url\" content=\"https:\/\/saulkrastubiblioteka.lv\/index.php\/2021\/08\/17\/gramatas-ko-aicinam-davinat-bibliotekai\/\" \/>\n<meta property=\"og:site_name\" content=\"Saulkrastu novada bibliot\u0113ka\" \/>\n<meta property=\"article:published_time\" content=\"2021-08-17T12:25:45+00:00\" \/>\n<meta property=\"article:modified_time\" content=\"2021-08-17T12:49:52+00:00\" \/>\n<meta name=\"author\" content=\"admin\" \/>\n<meta name=\"twitter:card\" content=\"summary_large_image\" \/>\n<meta name=\"twitter:label1\" content=\"Written by\" \/>\n\t<meta name=\"twitter:data1\" content=\"admin\" \/>\n\t<meta name=\"twitter:label2\" content=\"Est. reading time\" \/>\n\t<meta name=\"twitter:data2\" content=\"2 min\u016btes\" \/>\n<script type=\"application\/ld+json\" class=\"yoast-schema-graph\">{\"@context\":\"https:\/\/schema.org\",\"@graph\":[{\"@type\":\"Article\",\"@id\":\"https:\/\/saulkrastubiblioteka.lv\/index.php\/2021\/08\/17\/gramatas-ko-aicinam-davinat-bibliotekai\/#article\",\"isPartOf\":{\"@id\":\"https:\/\/saulkrastubiblioteka.lv\/index.php\/2021\/08\/17\/gramatas-ko-aicinam-davinat-bibliotekai\/\"},\"author\":{\"name\":\"admin\",\"@id\":\"https:\/\/saulkrastubiblioteka.lv\/#\/schema\/person\/2233277643a53fb60b293d42c1e5f7a2\"},\"headline\":\"Gr\u0101matas, ko aicin\u0101m d\u0101vin\u0101t bibliot\u0113kai\",\"datePublished\":\"2021-08-17T12:25:45+00:00\",\"dateModified\":\"2021-08-17T12:49:52+00:00\",\"mainEntityOfPage\":{\"@id\":\"https:\/\/saulkrastubiblioteka.lv\/index.php\/2021\/08\/17\/gramatas-ko-aicinam-davinat-bibliotekai\/\"},\"wordCount\":440,\"publisher\":{\"@id\":\"https:\/\/saulkrastubiblioteka.lv\/#organization\"},\"articleSection\":[\"Gr\u0101matas\"],\"inLanguage\":\"lv-LV\"},{\"@type\":\"WebPage\",\"@id\":\"https:\/\/saulkrastubiblioteka.lv\/index.php\/2021\/08\/17\/gramatas-ko-aicinam-davinat-bibliotekai\/\",\"url\":\"https:\/\/saulkrastubiblioteka.lv\/index.php\/2021\/08\/17\/gramatas-ko-aicinam-davinat-bibliotekai\/\",\"name\":\"Gr\u0101matas, ko aicin\u0101m d\u0101vin\u0101t bibliot\u0113kai - Saulkrastu novada bibliot\u0113ka\",\"isPartOf\":{\"@id\":\"https:\/\/saulkrastubiblioteka.lv\/#website\"},\"datePublished\":\"2021-08-17T12:25:45+00:00\",\"dateModified\":\"2021-08-17T12:49:52+00:00\",\"breadcrumb\":{\"@id\":\"https:\/\/saulkrastubiblioteka.lv\/index.php\/2021\/08\/17\/gramatas-ko-aicinam-davinat-bibliotekai\/#breadcrumb\"},\"inLanguage\":\"lv-LV\",\"potentialAction\":[{\"@type\":\"ReadAction\",\"target\":[\"https:\/\/saulkrastubiblioteka.lv\/index.php\/2021\/08\/17\/gramatas-ko-aicinam-davinat-bibliotekai\/\"]}]},{\"@type\":\"BreadcrumbList\",\"@id\":\"https:\/\/saulkrastubiblioteka.lv\/index.php\/2021\/08\/17\/gramatas-ko-aicinam-davinat-bibliotekai\/#breadcrumb\",\"itemListElement\":[{\"@type\":\"ListItem\",\"position\":1,\"name\":\"Home\",\"item\":\"https:\/\/saulkrastubiblioteka.lv\/\"},{\"@type\":\"ListItem\",\"position\":2,\"name\":\"Gr\u0101matas, ko aicin\u0101m d\u0101vin\u0101t bibliot\u0113kai\"}]},{\"@type\":\"WebSite\",\"@id\":\"https:\/\/saulkrastubiblioteka.lv\/#website\",\"url\":\"https:\/\/saulkrastubiblioteka.lv\/\",\"name\":\"Saulkrastu novada bibliot\u0113ka\",\"description\":\"Vieta, kur labi pavad\u012bt laiku un pab\u016bt mier\u0101\",\"publisher\":{\"@id\":\"https:\/\/saulkrastubiblioteka.lv\/#organization\"},\"potentialAction\":[{\"@type\":\"SearchAction\",\"target\":{\"@type\":\"EntryPoint\",\"urlTemplate\":\"https:\/\/saulkrastubiblioteka.lv\/?s={search_term_string}\"},\"query-input\":{\"@type\":\"PropertyValueSpecification\",\"valueRequired\":true,\"valueName\":\"search_term_string\"}}],\"inLanguage\":\"lv-LV\"},{\"@type\":\"Organization\",\"@id\":\"https:\/\/saulkrastubiblioteka.lv\/#organization\",\"name\":\"Saulkrastu novada bibliot\u0113ka\",\"url\":\"https:\/\/saulkrastubiblioteka.lv\/\",\"logo\":{\"@type\":\"ImageObject\",\"inLanguage\":\"lv-LV\",\"@id\":\"https:\/\/saulkrastubiblioteka.lv\/#\/schema\/logo\/image\/\",\"url\":\"https:\/\/saulkrastubiblioteka.lv\/wp-content\/uploads\/2021\/01\/cropped-logo.png\",\"contentUrl\":\"https:\/\/saulkrastubiblioteka.lv\/wp-content\/uploads\/2021\/01\/cropped-logo.png\",\"width\":240,\"height\":240,\"caption\":\"Saulkrastu novada bibliot\u0113ka\"},\"image\":{\"@id\":\"https:\/\/saulkrastubiblioteka.lv\/#\/schema\/logo\/image\/\"}},{\"@type\":\"Person\",\"@id\":\"https:\/\/saulkrastubiblioteka.lv\/#\/schema\/person\/2233277643a53fb60b293d42c1e5f7a2\",\"name\":\"admin\",\"image\":{\"@type\":\"ImageObject\",\"inLanguage\":\"lv-LV\",\"@id\":\"https:\/\/saulkrastubiblioteka.lv\/#\/schema\/person\/image\/\",\"url\":\"https:\/\/secure.gravatar.com\/avatar\/a5ad3f68569c7df813ab9387f6d30b65?s=96&d=mm&r=g\",\"contentUrl\":\"https:\/\/secure.gravatar.com\/avatar\/a5ad3f68569c7df813ab9387f6d30b65?s=96&d=mm&r=g\",\"caption\":\"admin\"},\"url\":\"https:\/\/saulkrastubiblioteka.lv\/index.php\/author\/info_xjq16vdi\/\"}]}<\/script>\n<!-- \/ Yoast SEO plugin. -->","yoast_head_json":{"title":"Gr\u0101matas, ko aicin\u0101m d\u0101vin\u0101t bibliot\u0113kai - Saulkrastu novada bibliot\u0113ka","robots":{"index":"index","follow":"follow","max-snippet":"max-snippet:-1","max-image-preview":"max-image-preview:large","max-video-preview":"max-video-preview:-1"},"canonical":"https:\/\/saulkrastubiblioteka.lv\/index.php\/2021\/08\/17\/gramatas-ko-aicinam-davinat-bibliotekai\/","og_locale":"lv_LV","og_type":"article","og_title":"Gr\u0101matas, ko aicin\u0101m d\u0101vin\u0101t bibliot\u0113kai - Saulkrastu novada bibliot\u0113ka","og_description":"Nereti no m\u016bsu apmekl\u0113t\u0101jiem sa\u0146emam jaut\u0101jumu par gr\u0101matu d\u0101vin\u0101\u0161anu bibliot\u0113kai. Apsekojot kr\u0101jumu, esam atradu\u0161i vair\u0101kas gr\u0101matas, kuras da\u017e\u0101du iemeslu d\u0113\u013c kr\u0101jum\u0101 vairs neatrodas un kur\u0101m no jauna eksempl\u0101ri vairs netiek izdoti, lai var\u0113tu tos ieg\u0101d\u0101ties. Lai \u0161\u012bs aizraujo\u0161\u0101s gr\u0101matas turpin\u0101tu priec\u0113t ar\u012b citus las\u012bt\u0101jus, tad aicin\u0101m d\u0101vin\u0101t, ja m\u0101j\u0101s ir k\u0101ds no sarakst\u0101 atrodamajiem gr\u0101matu &hellip; Turpin\u0101t las\u012bt \"Gr\u0101matas, ko aicin\u0101m d\u0101vin\u0101t bibliot\u0113kai\"","og_url":"https:\/\/saulkrastubiblioteka.lv\/index.php\/2021\/08\/17\/gramatas-ko-aicinam-davinat-bibliotekai\/","og_site_name":"Saulkrastu novada bibliot\u0113ka","article_published_time":"2021-08-17T12:25:45+00:00","article_modified_time":"2021-08-17T12:49:52+00:00","author":"admin","twitter_card":"summary_large_image","twitter_misc":{"Written by":"admin","Est. reading time":"2 min\u016btes"},"schema":{"@context":"https:\/\/schema.org","@graph":[{"@type":"Article","@id":"https:\/\/saulkrastubiblioteka.lv\/index.php\/2021\/08\/17\/gramatas-ko-aicinam-davinat-bibliotekai\/#article","isPartOf":{"@id":"https:\/\/saulkrastubiblioteka.lv\/index.php\/2021\/08\/17\/gramatas-ko-aicinam-davinat-bibliotekai\/"},"author":{"name":"admin","@id":"https:\/\/saulkrastubiblioteka.lv\/#\/schema\/person\/2233277643a53fb60b293d42c1e5f7a2"},"headline":"Gr\u0101matas, ko aicin\u0101m d\u0101vin\u0101t bibliot\u0113kai","datePublished":"2021-08-17T12:25:45+00:00","dateModified":"2021-08-17T12:49:52+00:00","mainEntityOfPage":{"@id":"https:\/\/saulkrastubiblioteka.lv\/index.php\/2021\/08\/17\/gramatas-ko-aicinam-davinat-bibliotekai\/"},"wordCount":440,"publisher":{"@id":"https:\/\/saulkrastubiblioteka.lv\/#organization"},"articleSection":["Gr\u0101matas"],"inLanguage":"lv-LV"},{"@type":"WebPage","@id":"https:\/\/saulkrastubiblioteka.lv\/index.php\/2021\/08\/17\/gramatas-ko-aicinam-davinat-bibliotekai\/","url":"https:\/\/saulkrastubiblioteka.lv\/index.php\/2021\/08\/17\/gramatas-ko-aicinam-davinat-bibliotekai\/","name":"Gr\u0101matas, ko aicin\u0101m d\u0101vin\u0101t bibliot\u0113kai - Saulkrastu novada bibliot\u0113ka","isPartOf":{"@id":"https:\/\/saulkrastubiblioteka.lv\/#website"},"datePublished":"2021-08-17T12:25:45+00:00","dateModified":"2021-08-17T12:49:52+00:00","breadcrumb":{"@id":"https:\/\/saulkrastubiblioteka.lv\/index.php\/2021\/08\/17\/gramatas-ko-aicinam-davinat-bibliotekai\/#breadcrumb"},"inLanguage":"lv-LV","potentialAction":[{"@type":"ReadAction","target":["https:\/\/saulkrastubiblioteka.lv\/index.php\/2021\/08\/17\/gramatas-ko-aicinam-davinat-bibliotekai\/"]}]},{"@type":"BreadcrumbList","@id":"https:\/\/saulkrastubiblioteka.lv\/index.php\/2021\/08\/17\/gramatas-ko-aicinam-davinat-bibliotekai\/#breadcrumb","itemListElement":[{"@type":"ListItem","position":1,"name":"Home","item":"https:\/\/saulkrastubiblioteka.lv\/"},{"@type":"ListItem","position":2,"name":"Gr\u0101matas, ko aicin\u0101m d\u0101vin\u0101t bibliot\u0113kai"}]},{"@type":"WebSite","@id":"https:\/\/saulkrastubiblioteka.lv\/#website","url":"https:\/\/saulkrastubiblioteka.lv\/","name":"Saulkrastu novada bibliot\u0113ka","description":"Vieta, kur labi pavad\u012bt laiku un pab\u016bt mier\u0101","publisher":{"@id":"https:\/\/saulkrastubiblioteka.lv\/#organization"},"potentialAction":[{"@type":"SearchAction","target":{"@type":"EntryPoint","urlTemplate":"https:\/\/saulkrastubiblioteka.lv\/?s={search_term_string}"},"query-input":{"@type":"PropertyValueSpecification","valueRequired":true,"valueName":"search_term_string"}}],"inLanguage":"lv-LV"},{"@type":"Organization","@id":"https:\/\/saulkrastubiblioteka.lv\/#organization","name":"Saulkrastu novada bibliot\u0113ka","url":"https:\/\/saulkrastubiblioteka.lv\/","logo":{"@type":"ImageObject","inLanguage":"lv-LV","@id":"https:\/\/saulkrastubiblioteka.lv\/#\/schema\/logo\/image\/","url":"https:\/\/saulkrastubiblioteka.lv\/wp-content\/uploads\/2021\/01\/cropped-logo.png","contentUrl":"https:\/\/saulkrastubiblioteka.lv\/wp-content\/uploads\/2021\/01\/cropped-logo.png","width":240,"height":240,"caption":"Saulkrastu novada bibliot\u0113ka"},"image":{"@id":"https:\/\/saulkrastubiblioteka.lv\/#\/schema\/logo\/image\/"}},{"@type":"Person","@id":"https:\/\/saulkrastubiblioteka.lv\/#\/schema\/person\/2233277643a53fb60b293d42c1e5f7a2","name":"admin","image":{"@type":"ImageObject","inLanguage":"lv-LV","@id":"https:\/\/saulkrastubiblioteka.lv\/#\/schema\/person\/image\/","url":"https:\/\/secure.gravatar.com\/avatar\/a5ad3f68569c7df813ab9387f6d30b65?s=96&d=mm&r=g","contentUrl":"https:\/\/secure.gravatar.com\/avatar\/a5ad3f68569c7df813ab9387f6d30b65?s=96&d=mm&r=g","caption":"admin"},"url":"https:\/\/saulkrastubiblioteka.lv\/index.php\/author\/info_xjq16vdi\/"}]}},"_links":{"self":[{"href":"https:\/\/saulkrastubiblioteka.lv\/index.php\/wp-json\/wp\/v2\/posts\/5808","targetHints":{"allow":["GET"]}}],"collection":[{"href":"https:\/\/saulkrastubiblioteka.lv\/index.php\/wp-json\/wp\/v2\/posts"}],"about":[{"href":"https:\/\/saulkrastubiblioteka.lv\/index.php\/wp-json\/wp\/v2\/types\/post"}],"author":[{"embeddable":true,"href":"https:\/\/saulkrastubiblioteka.lv\/index.php\/wp-json\/wp\/v2\/users\/1"}],"replies":[{"embeddable":true,"href":"https:\/\/saulkrastubiblioteka.lv\/index.php\/wp-json\/wp\/v2\/comments?post=5808"}],"version-history":[{"count":4,"href":"https:\/\/saulkrastubiblioteka.lv\/index.php\/wp-json\/wp\/v2\/posts\/5808\/revisions"}],"predecessor-version":[{"id":5812,"href":"https:\/\/saulkrastubiblioteka.lv\/index.php\/wp-json\/wp\/v2\/posts\/5808\/revisions\/5812"}],"wp:attachment":[{"href":"https:\/\/saulkrastubiblioteka.lv\/index.php\/wp-json\/wp\/v2\/media?parent=5808"}],"wp:term":[{"taxonomy":"category","embeddable":true,"href":"https:\/\/saulkrastubiblioteka.lv\/index.php\/wp-json\/wp\/v2\/categories?post=5808"},{"taxonomy":"post_tag","embeddable":true,"href":"https:\/\/saulkrastubiblioteka.lv\/index.php\/wp-json\/wp\/v2\/tags?post=5808"}],"curies":[{"name":"wp","href":"https:\/\/api.w.org\/{rel}","templated":true}]}}