{"id":5794,"date":"2021-08-10T07:37:30","date_gmt":"2021-08-10T07:37:30","guid":{"rendered":"https:\/\/saulkrastubiblioteka.lv\/?p=5794"},"modified":"2021-08-10T07:37:46","modified_gmt":"2021-08-10T07:37:46","slug":"menesa-gramata-augusta","status":"publish","type":"post","link":"https:\/\/saulkrastubiblioteka.lv\/index.php\/2021\/08\/10\/menesa-gramata-augusta\/","title":{"rendered":"M\u0113ne\u0161a gr\u0101mata august\u0101"},"content":{"rendered":"\n<figure class=\"wp-block-image size-large is-resized\"><img loading=\"lazy\" decoding=\"async\" src=\"https:\/\/saulkrastubiblioteka.lv\/wp-content\/uploads\/2021\/08\/222234521_1944435932388821_3949811059569413777_n-1024x1024.jpg\" alt=\"\" class=\"wp-image-5795\" width=\"600\" height=\"600\" srcset=\"https:\/\/saulkrastubiblioteka.lv\/wp-content\/uploads\/2021\/08\/222234521_1944435932388821_3949811059569413777_n-1024x1024.jpg 1024w, https:\/\/saulkrastubiblioteka.lv\/wp-content\/uploads\/2021\/08\/222234521_1944435932388821_3949811059569413777_n-300x300.jpg 300w, https:\/\/saulkrastubiblioteka.lv\/wp-content\/uploads\/2021\/08\/222234521_1944435932388821_3949811059569413777_n-150x150.jpg 150w, https:\/\/saulkrastubiblioteka.lv\/wp-content\/uploads\/2021\/08\/222234521_1944435932388821_3949811059569413777_n-768x768.jpg 768w, https:\/\/saulkrastubiblioteka.lv\/wp-content\/uploads\/2021\/08\/222234521_1944435932388821_3949811059569413777_n.jpg 1080w\" sizes=\"auto, (max-width: 709px) 85vw, (max-width: 909px) 67vw, (max-width: 984px) 61vw, (max-width: 1362px) 45vw, 600px\" \/><\/figure>\n\n\n\n<p>T\u0101 k\u0101 vasaras m\u0113ne\u0161os esam vair\u0101k piev\u0113rsu\u0161ies b\u0113rnu un jaunie\u0161u literat\u016brai, katru m\u0113nesi izv\u0113loties vienu vecuma grupu, tad august\u0101 v\u0113r\u0161am uzman\u012bbu 15+ las\u012bt\u0101jiem. L\u012bdz ar to, \u0161aj\u0101 m\u0113nes\u012b esam nol\u0113mu\u0161i izcelt Sil\u0113nas Edg\u0101ras un Pola Beorna kopdarbu \u201c14-14\u201d. Gr\u0101mata ir atzin\u012bgi nov\u0113rt\u0113ta t\u0101s las\u012bt\u0101ju vid\u016b, un 2017. gad\u0101 \u0161\u012b gr\u0101mata tika iek\u013cauta \u201cB\u0113rnu, jaunie\u0161u un vec\u0101ku \u017e\u016brij\u0101\u201d. Ja v\u0113l neesi las\u012bjis Sil\u0113nas Edg\u0101ras un Pola Beorna sarakst\u012bto \u201c14-14\u201d, tad \u0161\u012b ir \u012bst\u0101 iesp\u0113ja to izdar\u012bt. Mazliet mistiska, bet par patiesu dz\u012bvi, t\u0101 sp\u0113j uzrun\u0101t las\u012bt\u0101ju ne tikai pusaud\u017eu vecum\u0101.<\/p>\n","protected":false},"excerpt":{"rendered":"<p>T\u0101 k\u0101 vasaras m\u0113ne\u0161os esam vair\u0101k piev\u0113rsu\u0161ies b\u0113rnu un jaunie\u0161u literat\u016brai, katru m\u0113nesi izv\u0113loties vienu vecuma grupu, tad august\u0101 v\u0113r\u0161am uzman\u012bbu 15+ las\u012bt\u0101jiem. L\u012bdz ar to, \u0161aj\u0101 m\u0113nes\u012b esam nol\u0113mu\u0161i izcelt Sil\u0113nas Edg\u0101ras un Pola Beorna kopdarbu \u201c14-14\u201d. Gr\u0101mata ir atzin\u012bgi nov\u0113rt\u0113ta t\u0101s las\u012bt\u0101ju vid\u016b, un 2017. gad\u0101 \u0161\u012b gr\u0101mata tika iek\u013cauta \u201cB\u0113rnu, jaunie\u0161u un &hellip; <a href=\"https:\/\/saulkrastubiblioteka.lv\/index.php\/2021\/08\/10\/menesa-gramata-augusta\/\" class=\"more-link\">Turpin\u0101t las\u012bt<span class=\"screen-reader-text\"> &#8220;M\u0113ne\u0161a gr\u0101mata august\u0101&#8221;<\/span><\/a><\/p>\n","protected":false},"author":1,"featured_media":0,"comment_status":"closed","ping_status":"open","sticky":false,"template":"","format":"standard","meta":{"footnotes":""},"categories":[31],"tags":[],"class_list":["post-5794","post","type-post","status-publish","format-standard","hentry","category-gramatas"],"yoast_head":"<!-- This site is optimized with the Yoast SEO plugin v24.2 - https:\/\/yoast.com\/wordpress\/plugins\/seo\/ -->\n<title>M\u0113ne\u0161a gr\u0101mata august\u0101 - Saulkrastu novada bibliot\u0113ka<\/title>\n<meta name=\"robots\" content=\"index, follow, max-snippet:-1, max-image-preview:large, max-video-preview:-1\" \/>\n<link rel=\"canonical\" href=\"https:\/\/saulkrastubiblioteka.lv\/index.php\/2021\/08\/10\/menesa-gramata-augusta\/\" \/>\n<meta property=\"og:locale\" content=\"lv_LV\" \/>\n<meta property=\"og:type\" content=\"article\" \/>\n<meta property=\"og:title\" content=\"M\u0113ne\u0161a gr\u0101mata august\u0101 - Saulkrastu novada bibliot\u0113ka\" \/>\n<meta property=\"og:description\" content=\"T\u0101 k\u0101 vasaras m\u0113ne\u0161os esam vair\u0101k piev\u0113rsu\u0161ies b\u0113rnu un jaunie\u0161u literat\u016brai, katru m\u0113nesi izv\u0113loties vienu vecuma grupu, tad august\u0101 v\u0113r\u0161am uzman\u012bbu 15+ las\u012bt\u0101jiem. L\u012bdz ar to, \u0161aj\u0101 m\u0113nes\u012b esam nol\u0113mu\u0161i izcelt Sil\u0113nas Edg\u0101ras un Pola Beorna kopdarbu \u201c14-14\u201d. Gr\u0101mata ir atzin\u012bgi nov\u0113rt\u0113ta t\u0101s las\u012bt\u0101ju vid\u016b, un 2017. gad\u0101 \u0161\u012b gr\u0101mata tika iek\u013cauta \u201cB\u0113rnu, jaunie\u0161u un &hellip; Turpin\u0101t las\u012bt &quot;M\u0113ne\u0161a gr\u0101mata august\u0101&quot;\" \/>\n<meta property=\"og:url\" content=\"https:\/\/saulkrastubiblioteka.lv\/index.php\/2021\/08\/10\/menesa-gramata-augusta\/\" \/>\n<meta property=\"og:site_name\" content=\"Saulkrastu novada bibliot\u0113ka\" \/>\n<meta property=\"article:published_time\" content=\"2021-08-10T07:37:30+00:00\" \/>\n<meta property=\"article:modified_time\" content=\"2021-08-10T07:37:46+00:00\" \/>\n<meta property=\"og:image\" content=\"https:\/\/saulkrastubiblioteka.lv\/wp-content\/uploads\/2021\/08\/222234521_1944435932388821_3949811059569413777_n-1024x1024.jpg\" \/>\n<meta name=\"author\" content=\"admin\" \/>\n<meta name=\"twitter:card\" content=\"summary_large_image\" \/>\n<meta name=\"twitter:label1\" content=\"Written by\" \/>\n\t<meta name=\"twitter:data1\" content=\"admin\" \/>\n\t<meta name=\"twitter:label2\" content=\"Est. reading time\" \/>\n\t<meta name=\"twitter:data2\" content=\"1 min\u016bte\" \/>\n<script type=\"application\/ld+json\" class=\"yoast-schema-graph\">{\"@context\":\"https:\/\/schema.org\",\"@graph\":[{\"@type\":\"Article\",\"@id\":\"https:\/\/saulkrastubiblioteka.lv\/index.php\/2021\/08\/10\/menesa-gramata-augusta\/#article\",\"isPartOf\":{\"@id\":\"https:\/\/saulkrastubiblioteka.lv\/index.php\/2021\/08\/10\/menesa-gramata-augusta\/\"},\"author\":{\"name\":\"admin\",\"@id\":\"https:\/\/saulkrastubiblioteka.lv\/#\/schema\/person\/2233277643a53fb60b293d42c1e5f7a2\"},\"headline\":\"M\u0113ne\u0161a gr\u0101mata august\u0101\",\"datePublished\":\"2021-08-10T07:37:30+00:00\",\"dateModified\":\"2021-08-10T07:37:46+00:00\",\"mainEntityOfPage\":{\"@id\":\"https:\/\/saulkrastubiblioteka.lv\/index.php\/2021\/08\/10\/menesa-gramata-augusta\/\"},\"wordCount\":137,\"publisher\":{\"@id\":\"https:\/\/saulkrastubiblioteka.lv\/#organization\"},\"image\":{\"@id\":\"https:\/\/saulkrastubiblioteka.lv\/index.php\/2021\/08\/10\/menesa-gramata-augusta\/#primaryimage\"},\"thumbnailUrl\":\"https:\/\/saulkrastubiblioteka.lv\/wp-content\/uploads\/2021\/08\/222234521_1944435932388821_3949811059569413777_n-1024x1024.jpg\",\"articleSection\":[\"Gr\u0101matas\"],\"inLanguage\":\"lv-LV\"},{\"@type\":\"WebPage\",\"@id\":\"https:\/\/saulkrastubiblioteka.lv\/index.php\/2021\/08\/10\/menesa-gramata-augusta\/\",\"url\":\"https:\/\/saulkrastubiblioteka.lv\/index.php\/2021\/08\/10\/menesa-gramata-augusta\/\",\"name\":\"M\u0113ne\u0161a gr\u0101mata august\u0101 - Saulkrastu novada bibliot\u0113ka\",\"isPartOf\":{\"@id\":\"https:\/\/saulkrastubiblioteka.lv\/#website\"},\"primaryImageOfPage\":{\"@id\":\"https:\/\/saulkrastubiblioteka.lv\/index.php\/2021\/08\/10\/menesa-gramata-augusta\/#primaryimage\"},\"image\":{\"@id\":\"https:\/\/saulkrastubiblioteka.lv\/index.php\/2021\/08\/10\/menesa-gramata-augusta\/#primaryimage\"},\"thumbnailUrl\":\"https:\/\/saulkrastubiblioteka.lv\/wp-content\/uploads\/2021\/08\/222234521_1944435932388821_3949811059569413777_n-1024x1024.jpg\",\"datePublished\":\"2021-08-10T07:37:30+00:00\",\"dateModified\":\"2021-08-10T07:37:46+00:00\",\"breadcrumb\":{\"@id\":\"https:\/\/saulkrastubiblioteka.lv\/index.php\/2021\/08\/10\/menesa-gramata-augusta\/#breadcrumb\"},\"inLanguage\":\"lv-LV\",\"potentialAction\":[{\"@type\":\"ReadAction\",\"target\":[\"https:\/\/saulkrastubiblioteka.lv\/index.php\/2021\/08\/10\/menesa-gramata-augusta\/\"]}]},{\"@type\":\"ImageObject\",\"inLanguage\":\"lv-LV\",\"@id\":\"https:\/\/saulkrastubiblioteka.lv\/index.php\/2021\/08\/10\/menesa-gramata-augusta\/#primaryimage\",\"url\":\"https:\/\/saulkrastubiblioteka.lv\/wp-content\/uploads\/2021\/08\/222234521_1944435932388821_3949811059569413777_n.jpg\",\"contentUrl\":\"https:\/\/saulkrastubiblioteka.lv\/wp-content\/uploads\/2021\/08\/222234521_1944435932388821_3949811059569413777_n.jpg\",\"width\":1080,\"height\":1080},{\"@type\":\"BreadcrumbList\",\"@id\":\"https:\/\/saulkrastubiblioteka.lv\/index.php\/2021\/08\/10\/menesa-gramata-augusta\/#breadcrumb\",\"itemListElement\":[{\"@type\":\"ListItem\",\"position\":1,\"name\":\"Home\",\"item\":\"https:\/\/saulkrastubiblioteka.lv\/\"},{\"@type\":\"ListItem\",\"position\":2,\"name\":\"M\u0113ne\u0161a gr\u0101mata august\u0101\"}]},{\"@type\":\"WebSite\",\"@id\":\"https:\/\/saulkrastubiblioteka.lv\/#website\",\"url\":\"https:\/\/saulkrastubiblioteka.lv\/\",\"name\":\"Saulkrastu novada bibliot\u0113ka\",\"description\":\"Vieta, kur labi pavad\u012bt laiku un pab\u016bt mier\u0101\",\"publisher\":{\"@id\":\"https:\/\/saulkrastubiblioteka.lv\/#organization\"},\"potentialAction\":[{\"@type\":\"SearchAction\",\"target\":{\"@type\":\"EntryPoint\",\"urlTemplate\":\"https:\/\/saulkrastubiblioteka.lv\/?s={search_term_string}\"},\"query-input\":{\"@type\":\"PropertyValueSpecification\",\"valueRequired\":true,\"valueName\":\"search_term_string\"}}],\"inLanguage\":\"lv-LV\"},{\"@type\":\"Organization\",\"@id\":\"https:\/\/saulkrastubiblioteka.lv\/#organization\",\"name\":\"Saulkrastu novada bibliot\u0113ka\",\"url\":\"https:\/\/saulkrastubiblioteka.lv\/\",\"logo\":{\"@type\":\"ImageObject\",\"inLanguage\":\"lv-LV\",\"@id\":\"https:\/\/saulkrastubiblioteka.lv\/#\/schema\/logo\/image\/\",\"url\":\"https:\/\/saulkrastubiblioteka.lv\/wp-content\/uploads\/2021\/01\/cropped-logo.png\",\"contentUrl\":\"https:\/\/saulkrastubiblioteka.lv\/wp-content\/uploads\/2021\/01\/cropped-logo.png\",\"width\":240,\"height\":240,\"caption\":\"Saulkrastu novada bibliot\u0113ka\"},\"image\":{\"@id\":\"https:\/\/saulkrastubiblioteka.lv\/#\/schema\/logo\/image\/\"}},{\"@type\":\"Person\",\"@id\":\"https:\/\/saulkrastubiblioteka.lv\/#\/schema\/person\/2233277643a53fb60b293d42c1e5f7a2\",\"name\":\"admin\",\"image\":{\"@type\":\"ImageObject\",\"inLanguage\":\"lv-LV\",\"@id\":\"https:\/\/saulkrastubiblioteka.lv\/#\/schema\/person\/image\/\",\"url\":\"https:\/\/secure.gravatar.com\/avatar\/a5ad3f68569c7df813ab9387f6d30b65?s=96&d=mm&r=g\",\"contentUrl\":\"https:\/\/secure.gravatar.com\/avatar\/a5ad3f68569c7df813ab9387f6d30b65?s=96&d=mm&r=g\",\"caption\":\"admin\"},\"url\":\"https:\/\/saulkrastubiblioteka.lv\/index.php\/author\/info_xjq16vdi\/\"}]}<\/script>\n<!-- \/ Yoast SEO plugin. -->","yoast_head_json":{"title":"M\u0113ne\u0161a gr\u0101mata august\u0101 - Saulkrastu novada bibliot\u0113ka","robots":{"index":"index","follow":"follow","max-snippet":"max-snippet:-1","max-image-preview":"max-image-preview:large","max-video-preview":"max-video-preview:-1"},"canonical":"https:\/\/saulkrastubiblioteka.lv\/index.php\/2021\/08\/10\/menesa-gramata-augusta\/","og_locale":"lv_LV","og_type":"article","og_title":"M\u0113ne\u0161a gr\u0101mata august\u0101 - Saulkrastu novada bibliot\u0113ka","og_description":"T\u0101 k\u0101 vasaras m\u0113ne\u0161os esam vair\u0101k piev\u0113rsu\u0161ies b\u0113rnu un jaunie\u0161u literat\u016brai, katru m\u0113nesi izv\u0113loties vienu vecuma grupu, tad august\u0101 v\u0113r\u0161am uzman\u012bbu 15+ las\u012bt\u0101jiem. L\u012bdz ar to, \u0161aj\u0101 m\u0113nes\u012b esam nol\u0113mu\u0161i izcelt Sil\u0113nas Edg\u0101ras un Pola Beorna kopdarbu \u201c14-14\u201d. Gr\u0101mata ir atzin\u012bgi nov\u0113rt\u0113ta t\u0101s las\u012bt\u0101ju vid\u016b, un 2017. gad\u0101 \u0161\u012b gr\u0101mata tika iek\u013cauta \u201cB\u0113rnu, jaunie\u0161u un &hellip; Turpin\u0101t las\u012bt \"M\u0113ne\u0161a gr\u0101mata august\u0101\"","og_url":"https:\/\/saulkrastubiblioteka.lv\/index.php\/2021\/08\/10\/menesa-gramata-augusta\/","og_site_name":"Saulkrastu novada bibliot\u0113ka","article_published_time":"2021-08-10T07:37:30+00:00","article_modified_time":"2021-08-10T07:37:46+00:00","og_image":[{"url":"https:\/\/saulkrastubiblioteka.lv\/wp-content\/uploads\/2021\/08\/222234521_1944435932388821_3949811059569413777_n-1024x1024.jpg","type":"","width":"","height":""}],"author":"admin","twitter_card":"summary_large_image","twitter_misc":{"Written by":"admin","Est. reading time":"1 min\u016bte"},"schema":{"@context":"https:\/\/schema.org","@graph":[{"@type":"Article","@id":"https:\/\/saulkrastubiblioteka.lv\/index.php\/2021\/08\/10\/menesa-gramata-augusta\/#article","isPartOf":{"@id":"https:\/\/saulkrastubiblioteka.lv\/index.php\/2021\/08\/10\/menesa-gramata-augusta\/"},"author":{"name":"admin","@id":"https:\/\/saulkrastubiblioteka.lv\/#\/schema\/person\/2233277643a53fb60b293d42c1e5f7a2"},"headline":"M\u0113ne\u0161a gr\u0101mata august\u0101","datePublished":"2021-08-10T07:37:30+00:00","dateModified":"2021-08-10T07:37:46+00:00","mainEntityOfPage":{"@id":"https:\/\/saulkrastubiblioteka.lv\/index.php\/2021\/08\/10\/menesa-gramata-augusta\/"},"wordCount":137,"publisher":{"@id":"https:\/\/saulkrastubiblioteka.lv\/#organization"},"image":{"@id":"https:\/\/saulkrastubiblioteka.lv\/index.php\/2021\/08\/10\/menesa-gramata-augusta\/#primaryimage"},"thumbnailUrl":"https:\/\/saulkrastubiblioteka.lv\/wp-content\/uploads\/2021\/08\/222234521_1944435932388821_3949811059569413777_n-1024x1024.jpg","articleSection":["Gr\u0101matas"],"inLanguage":"lv-LV"},{"@type":"WebPage","@id":"https:\/\/saulkrastubiblioteka.lv\/index.php\/2021\/08\/10\/menesa-gramata-augusta\/","url":"https:\/\/saulkrastubiblioteka.lv\/index.php\/2021\/08\/10\/menesa-gramata-augusta\/","name":"M\u0113ne\u0161a gr\u0101mata august\u0101 - Saulkrastu novada bibliot\u0113ka","isPartOf":{"@id":"https:\/\/saulkrastubiblioteka.lv\/#website"},"primaryImageOfPage":{"@id":"https:\/\/saulkrastubiblioteka.lv\/index.php\/2021\/08\/10\/menesa-gramata-augusta\/#primaryimage"},"image":{"@id":"https:\/\/saulkrastubiblioteka.lv\/index.php\/2021\/08\/10\/menesa-gramata-augusta\/#primaryimage"},"thumbnailUrl":"https:\/\/saulkrastubiblioteka.lv\/wp-content\/uploads\/2021\/08\/222234521_1944435932388821_3949811059569413777_n-1024x1024.jpg","datePublished":"2021-08-10T07:37:30+00:00","dateModified":"2021-08-10T07:37:46+00:00","breadcrumb":{"@id":"https:\/\/saulkrastubiblioteka.lv\/index.php\/2021\/08\/10\/menesa-gramata-augusta\/#breadcrumb"},"inLanguage":"lv-LV","potentialAction":[{"@type":"ReadAction","target":["https:\/\/saulkrastubiblioteka.lv\/index.php\/2021\/08\/10\/menesa-gramata-augusta\/"]}]},{"@type":"ImageObject","inLanguage":"lv-LV","@id":"https:\/\/saulkrastubiblioteka.lv\/index.php\/2021\/08\/10\/menesa-gramata-augusta\/#primaryimage","url":"https:\/\/saulkrastubiblioteka.lv\/wp-content\/uploads\/2021\/08\/222234521_1944435932388821_3949811059569413777_n.jpg","contentUrl":"https:\/\/saulkrastubiblioteka.lv\/wp-content\/uploads\/2021\/08\/222234521_1944435932388821_3949811059569413777_n.jpg","width":1080,"height":1080},{"@type":"BreadcrumbList","@id":"https:\/\/saulkrastubiblioteka.lv\/index.php\/2021\/08\/10\/menesa-gramata-augusta\/#breadcrumb","itemListElement":[{"@type":"ListItem","position":1,"name":"Home","item":"https:\/\/saulkrastubiblioteka.lv\/"},{"@type":"ListItem","position":2,"name":"M\u0113ne\u0161a gr\u0101mata august\u0101"}]},{"@type":"WebSite","@id":"https:\/\/saulkrastubiblioteka.lv\/#website","url":"https:\/\/saulkrastubiblioteka.lv\/","name":"Saulkrastu novada bibliot\u0113ka","description":"Vieta, kur labi pavad\u012bt laiku un pab\u016bt mier\u0101","publisher":{"@id":"https:\/\/saulkrastubiblioteka.lv\/#organization"},"potentialAction":[{"@type":"SearchAction","target":{"@type":"EntryPoint","urlTemplate":"https:\/\/saulkrastubiblioteka.lv\/?s={search_term_string}"},"query-input":{"@type":"PropertyValueSpecification","valueRequired":true,"valueName":"search_term_string"}}],"inLanguage":"lv-LV"},{"@type":"Organization","@id":"https:\/\/saulkrastubiblioteka.lv\/#organization","name":"Saulkrastu novada bibliot\u0113ka","url":"https:\/\/saulkrastubiblioteka.lv\/","logo":{"@type":"ImageObject","inLanguage":"lv-LV","@id":"https:\/\/saulkrastubiblioteka.lv\/#\/schema\/logo\/image\/","url":"https:\/\/saulkrastubiblioteka.lv\/wp-content\/uploads\/2021\/01\/cropped-logo.png","contentUrl":"https:\/\/saulkrastubiblioteka.lv\/wp-content\/uploads\/2021\/01\/cropped-logo.png","width":240,"height":240,"caption":"Saulkrastu novada bibliot\u0113ka"},"image":{"@id":"https:\/\/saulkrastubiblioteka.lv\/#\/schema\/logo\/image\/"}},{"@type":"Person","@id":"https:\/\/saulkrastubiblioteka.lv\/#\/schema\/person\/2233277643a53fb60b293d42c1e5f7a2","name":"admin","image":{"@type":"ImageObject","inLanguage":"lv-LV","@id":"https:\/\/saulkrastubiblioteka.lv\/#\/schema\/person\/image\/","url":"https:\/\/secure.gravatar.com\/avatar\/a5ad3f68569c7df813ab9387f6d30b65?s=96&d=mm&r=g","contentUrl":"https:\/\/secure.gravatar.com\/avatar\/a5ad3f68569c7df813ab9387f6d30b65?s=96&d=mm&r=g","caption":"admin"},"url":"https:\/\/saulkrastubiblioteka.lv\/index.php\/author\/info_xjq16vdi\/"}]}},"_links":{"self":[{"href":"https:\/\/saulkrastubiblioteka.lv\/index.php\/wp-json\/wp\/v2\/posts\/5794","targetHints":{"allow":["GET"]}}],"collection":[{"href":"https:\/\/saulkrastubiblioteka.lv\/index.php\/wp-json\/wp\/v2\/posts"}],"about":[{"href":"https:\/\/saulkrastubiblioteka.lv\/index.php\/wp-json\/wp\/v2\/types\/post"}],"author":[{"embeddable":true,"href":"https:\/\/saulkrastubiblioteka.lv\/index.php\/wp-json\/wp\/v2\/users\/1"}],"replies":[{"embeddable":true,"href":"https:\/\/saulkrastubiblioteka.lv\/index.php\/wp-json\/wp\/v2\/comments?post=5794"}],"version-history":[{"count":1,"href":"https:\/\/saulkrastubiblioteka.lv\/index.php\/wp-json\/wp\/v2\/posts\/5794\/revisions"}],"predecessor-version":[{"id":5796,"href":"https:\/\/saulkrastubiblioteka.lv\/index.php\/wp-json\/wp\/v2\/posts\/5794\/revisions\/5796"}],"wp:attachment":[{"href":"https:\/\/saulkrastubiblioteka.lv\/index.php\/wp-json\/wp\/v2\/media?parent=5794"}],"wp:term":[{"taxonomy":"category","embeddable":true,"href":"https:\/\/saulkrastubiblioteka.lv\/index.php\/wp-json\/wp\/v2\/categories?post=5794"},{"taxonomy":"post_tag","embeddable":true,"href":"https:\/\/saulkrastubiblioteka.lv\/index.php\/wp-json\/wp\/v2\/tags?post=5794"}],"curies":[{"name":"wp","href":"https:\/\/api.w.org\/{rel}","templated":true}]}}