{"id":572,"date":"2018-05-08T11:27:05","date_gmt":"2018-05-08T11:27:05","guid":{"rendered":"https:\/\/saulkrastubiblioteka.lv\/?p=572"},"modified":"2019-10-29T11:33:35","modified_gmt":"2019-10-29T11:33:35","slug":"jauks-un-izdevies-pucisu-pasakums-mazajiem-saulkrastos","status":"publish","type":"post","link":"https:\/\/saulkrastubiblioteka.lv\/index.php\/2018\/05\/08\/jauks-un-izdevies-pucisu-pasakums-mazajiem-saulkrastos\/","title":{"rendered":"Jauks un izdevies p\u016bc\u012b\u0161u pas\u0101kums mazajiem Saulkrastos!"},"content":{"rendered":"<p><img loading=\"lazy\" decoding=\"async\" class=\"alignleft size-large wp-image-573\" src=\"https:\/\/saulkrastubiblioteka.lv\/wp-content\/uploads\/2018\/05\/mzpskola3-1024x705.jpg\" alt=\"\" width=\"840\" height=\"578\" srcset=\"https:\/\/saulkrastubiblioteka.lv\/wp-content\/uploads\/2018\/05\/mzpskola3-1024x705.jpg 1024w, https:\/\/saulkrastubiblioteka.lv\/wp-content\/uploads\/2018\/05\/mzpskola3-300x207.jpg 300w, https:\/\/saulkrastubiblioteka.lv\/wp-content\/uploads\/2018\/05\/mzpskola3-768x529.jpg 768w, https:\/\/saulkrastubiblioteka.lv\/wp-content\/uploads\/2018\/05\/mzpskola3.jpg 1120w\" sizes=\"auto, (max-width: 709px) 85vw, (max-width: 909px) 67vw, (max-width: 1362px) 62vw, 840px\" \/><\/p>\n<p><img loading=\"lazy\" decoding=\"async\" class=\"alignleft size-full wp-image-917\" src=\"https:\/\/saulkrastubiblioteka.lv\/wp-content\/uploads\/2018\/10\/gramatustartslogo1-2.jpg\" alt=\"\" width=\"158\" height=\"173\" \/>Saulkrastu novada tr\u012bsgadniekiem un vi\u0146u \u0123imen\u0113m \u0161ogad bija iesp\u0113ja piedal\u012bties las\u012b\u0161anas veicin\u0101\u0161anas programm\u0101 \u201cGr\u0101matu starts\u201d. No 13. marta l\u012bdz 8. maijam organiz\u0113tas 5 nodarb\u012bbas \u201cMazo p\u016b\u010dul\u0113nu skol\u0101\u201d. Ierodoties bibliot\u0113k\u0101, visi kop\u0101 ar bibliotek\u0101ru piedal\u012bj\u0101s ekskursij\u0101, apl\u016bkojot telpas. Apskat\u012bja gr\u0101matu un izgl\u012btojo\u0161o sp\u0113\u013cu kl\u0101stu, visas izzi\u0146as un izklaides iesp\u0113jas, ko \u0123imen\u0113m ar maziem b\u0113rniem pied\u0101v\u0101 biblio<span class=\"text_exposed_show\">t\u0113ka. Nodarb\u012bb\u0101s b\u0113rni izmantoja kr\u0101sojam\u0101s lapas, skat\u012bj\u0101s anim\u0101cijas filmas, st\u0101st\u012bja par savu m\u012b\u013c\u0101ko gr\u0101mati\u0146u, piedal\u012bj\u0101s izgl\u012btojo\u0161\u0101s sp\u0113l\u0113s. Aktivit\u0101t\u0113s piedal\u012bj\u0101s ar\u012b <a class=\"profileLink\" href=\"https:\/\/www.facebook.com\/Saulkrastu-PII-R\u016b\u0137\u012btis-369119106583641\/?fref=mentions\" data-hovercard=\"\/ajax\/hovercard\/page.php?id=369119106583641&amp;extragetparams=%7B%22fref%22%3A%22mentions%22%7D\" data-hovercard-prefer-more-content-show=\"1\">Saulkrastu PII R\u016b\u0137\u012btis<\/a> grupas \u201cZ\u012bl\u012btes\u201d audz\u0113k\u0146i. Vi\u0146i bibliot\u0113kai uzd\u0101vin\u0101ja pa\u0161u gatavotu gr\u0101matu \u201cZ\u012bl\u012btes piedz\u012bvojumi bibliot\u0113k\u0101\u201d. <\/span><!--more--><\/p>\n<div class=\"text_exposed_show\">\n<p>Tik\u0161an\u0101s nosl\u0113gum\u0101 katrs b\u0113rns sa\u0146\u0113ma \u201cP\u016bc\u012btes diplomu\u201d, projekta \u201cGr\u0101matu starts\u201d mugursomu un rota\u013clietu \u2013 mazu p\u016bc\u0113nu, kas ir izraudz\u012bts par zin\u0101tk\u0101ro projekta simbolu. P\u016bc\u0113na t\u0113lu ir rad\u012bjusi un \u201cGr\u0101matu startam\u201d uzd\u0101vin\u0101jusi m\u0101ksliniece Indra Spro\u0123e.<\/p>\n<p>Ideju \u012bsteno Latvijas Nacion\u0101l\u0101s bibliot\u0113kas (LNB) B\u0113rnu literat\u016bras centrs un LNB Atbalsta biedr\u012bba, lai mudin\u0101tu pa\u0161us maz\u0101kos iepaz\u012bties ar aizraujo\u0161o gr\u0101matu pasauli un iedibin\u0101tu las\u012b\u0161anu k\u0101 trad\u012bciju \u0123imen\u0113.<\/p>\n<p>Lasot priek\u0161\u0101 gr\u0101matu, b\u0113rnam att\u012bst\u0101s uzman\u012bba, klaus\u012b\u0161an\u0101s prasme, fant\u0101zija, runas prasme, dom\u0101\u0161ana. Katru dzird\u0113to st\u0101sti\u0146u vai pasaku vi\u0146\u0161 k\u0101dam v\u0113l\u0101k atst\u0101sta, tas bag\u0101tina tr\u012bsgadnieka v\u0101rdu kr\u0101jumu, izt\u0113li, tren\u0113 atmi\u0146u. M\u016bsdien\u0101s bibliot\u0113ka nav tikai gr\u0101matu izsnieg\u0161anas punkts, bet gan s\u0101kums lielo iesp\u0113ju pasaulei.<\/p>\n<p>N\u0101kam\u0101 \u201cMazo p\u016b\u010dul\u0113nu skola\u201d notiks \u0161\u012b gada ruden\u012b. Aicin\u0101m ikvienu mazo las\u012bt\u0101ju un vi\u0146a vec\u0101kus!<\/p>\n<p>Paldies <a class=\"profileLink\" href=\"https:\/\/www.facebook.com\/SaulkrastuNovads\/?fref=mentions\" data-hovercard=\"\/ajax\/hovercard\/page.php?id=460844460940748&amp;extragetparams=%7B%22fref%22%3A%22mentions%22%7D\" data-hovercard-prefer-more-content-show=\"1\">Saulkrastu novada pa\u0161vald\u012bbai<\/a> par finansi\u0101lu atbalstu un <a class=\"profileLink\" href=\"https:\/\/www.facebook.com\/bemberimaiznica\/?fref=mentions\" data-hovercard=\"\/ajax\/hovercard\/page.php?id=1427195004160809&amp;extragetparams=%7B%22fref%22%3A%22mentions%22%7D\" data-hovercard-prefer-more-content-show=\"1\">Bemberi maizn\u012bcai<\/a> par gardo torti!<\/p>\n<\/div>\n","protected":false},"excerpt":{"rendered":"<p>Saulkrastu novada tr\u012bsgadniekiem un vi\u0146u \u0123imen\u0113m \u0161ogad bija iesp\u0113ja piedal\u012bties las\u012b\u0161anas veicin\u0101\u0161anas programm\u0101 \u201cGr\u0101matu starts\u201d. No 13. marta l\u012bdz 8. maijam organiz\u0113tas 5 nodarb\u012bbas \u201cMazo p\u016b\u010dul\u0113nu skol\u0101\u201d. Ierodoties bibliot\u0113k\u0101, visi kop\u0101 ar bibliotek\u0101ru piedal\u012bj\u0101s ekskursij\u0101, apl\u016bkojot telpas. Apskat\u012bja gr\u0101matu un izgl\u012btojo\u0161o sp\u0113\u013cu kl\u0101stu, visas izzi\u0146as un izklaides iesp\u0113jas, ko \u0123imen\u0113m ar maziem b\u0113rniem pied\u0101v\u0101 bibliot\u0113ka. &hellip; <a href=\"https:\/\/saulkrastubiblioteka.lv\/index.php\/2018\/05\/08\/jauks-un-izdevies-pucisu-pasakums-mazajiem-saulkrastos\/\" class=\"more-link\">Turpin\u0101t las\u012bt<span class=\"screen-reader-text\"> &#8220;Jauks un izdevies p\u016bc\u012b\u0161u pas\u0101kums mazajiem Saulkrastos!&#8221;<\/span><\/a><\/p>\n","protected":false},"author":1,"featured_media":0,"comment_status":"closed","ping_status":"open","sticky":false,"template":"","format":"standard","meta":{"footnotes":""},"categories":[28],"tags":[],"class_list":["post-572","post","type-post","status-publish","format-standard","hentry","category-mazo-puculenu-skola"],"yoast_head":"<!-- This site is optimized with the Yoast SEO plugin v24.2 - https:\/\/yoast.com\/wordpress\/plugins\/seo\/ -->\n<title>Jauks un izdevies p\u016bc\u012b\u0161u pas\u0101kums mazajiem Saulkrastos! - Saulkrastu novada bibliot\u0113ka<\/title>\n<meta name=\"robots\" content=\"index, follow, max-snippet:-1, max-image-preview:large, max-video-preview:-1\" \/>\n<link rel=\"canonical\" href=\"https:\/\/saulkrastubiblioteka.lv\/index.php\/2018\/05\/08\/jauks-un-izdevies-pucisu-pasakums-mazajiem-saulkrastos\/\" \/>\n<meta property=\"og:locale\" content=\"lv_LV\" \/>\n<meta property=\"og:type\" content=\"article\" \/>\n<meta property=\"og:title\" content=\"Jauks un izdevies p\u016bc\u012b\u0161u pas\u0101kums mazajiem Saulkrastos! - Saulkrastu novada bibliot\u0113ka\" \/>\n<meta property=\"og:description\" content=\"Saulkrastu novada tr\u012bsgadniekiem un vi\u0146u \u0123imen\u0113m \u0161ogad bija iesp\u0113ja piedal\u012bties las\u012b\u0161anas veicin\u0101\u0161anas programm\u0101 \u201cGr\u0101matu starts\u201d. No 13. marta l\u012bdz 8. maijam organiz\u0113tas 5 nodarb\u012bbas \u201cMazo p\u016b\u010dul\u0113nu skol\u0101\u201d. Ierodoties bibliot\u0113k\u0101, visi kop\u0101 ar bibliotek\u0101ru piedal\u012bj\u0101s ekskursij\u0101, apl\u016bkojot telpas. Apskat\u012bja gr\u0101matu un izgl\u012btojo\u0161o sp\u0113\u013cu kl\u0101stu, visas izzi\u0146as un izklaides iesp\u0113jas, ko \u0123imen\u0113m ar maziem b\u0113rniem pied\u0101v\u0101 bibliot\u0113ka. &hellip; Turpin\u0101t las\u012bt &quot;Jauks un izdevies p\u016bc\u012b\u0161u pas\u0101kums mazajiem Saulkrastos!&quot;\" \/>\n<meta property=\"og:url\" content=\"https:\/\/saulkrastubiblioteka.lv\/index.php\/2018\/05\/08\/jauks-un-izdevies-pucisu-pasakums-mazajiem-saulkrastos\/\" \/>\n<meta property=\"og:site_name\" content=\"Saulkrastu novada bibliot\u0113ka\" \/>\n<meta property=\"article:published_time\" content=\"2018-05-08T11:27:05+00:00\" \/>\n<meta property=\"article:modified_time\" content=\"2019-10-29T11:33:35+00:00\" \/>\n<meta property=\"og:image\" content=\"https:\/\/saulkrastubiblioteka.lv\/wp-content\/uploads\/2018\/05\/mzpskola3-1024x705.jpg\" \/>\n<meta name=\"author\" content=\"admin\" \/>\n<meta name=\"twitter:card\" content=\"summary_large_image\" \/>\n<meta name=\"twitter:label1\" content=\"Written by\" \/>\n\t<meta name=\"twitter:data1\" content=\"admin\" \/>\n\t<meta name=\"twitter:label2\" content=\"Est. reading time\" \/>\n\t<meta name=\"twitter:data2\" content=\"2 min\u016btes\" \/>\n<script type=\"application\/ld+json\" class=\"yoast-schema-graph\">{\"@context\":\"https:\/\/schema.org\",\"@graph\":[{\"@type\":\"Article\",\"@id\":\"https:\/\/saulkrastubiblioteka.lv\/index.php\/2018\/05\/08\/jauks-un-izdevies-pucisu-pasakums-mazajiem-saulkrastos\/#article\",\"isPartOf\":{\"@id\":\"https:\/\/saulkrastubiblioteka.lv\/index.php\/2018\/05\/08\/jauks-un-izdevies-pucisu-pasakums-mazajiem-saulkrastos\/\"},\"author\":{\"name\":\"admin\",\"@id\":\"https:\/\/saulkrastubiblioteka.lv\/#\/schema\/person\/2233277643a53fb60b293d42c1e5f7a2\"},\"headline\":\"Jauks un izdevies p\u016bc\u012b\u0161u pas\u0101kums mazajiem Saulkrastos!\",\"datePublished\":\"2018-05-08T11:27:05+00:00\",\"dateModified\":\"2019-10-29T11:33:35+00:00\",\"mainEntityOfPage\":{\"@id\":\"https:\/\/saulkrastubiblioteka.lv\/index.php\/2018\/05\/08\/jauks-un-izdevies-pucisu-pasakums-mazajiem-saulkrastos\/\"},\"wordCount\":373,\"publisher\":{\"@id\":\"https:\/\/saulkrastubiblioteka.lv\/#organization\"},\"image\":{\"@id\":\"https:\/\/saulkrastubiblioteka.lv\/index.php\/2018\/05\/08\/jauks-un-izdevies-pucisu-pasakums-mazajiem-saulkrastos\/#primaryimage\"},\"thumbnailUrl\":\"https:\/\/saulkrastubiblioteka.lv\/wp-content\/uploads\/2018\/05\/mzpskola3-1024x705.jpg\",\"articleSection\":[\"Mazo p\u016b\u010dul\u0113nu skola\"],\"inLanguage\":\"lv-LV\"},{\"@type\":\"WebPage\",\"@id\":\"https:\/\/saulkrastubiblioteka.lv\/index.php\/2018\/05\/08\/jauks-un-izdevies-pucisu-pasakums-mazajiem-saulkrastos\/\",\"url\":\"https:\/\/saulkrastubiblioteka.lv\/index.php\/2018\/05\/08\/jauks-un-izdevies-pucisu-pasakums-mazajiem-saulkrastos\/\",\"name\":\"Jauks un izdevies p\u016bc\u012b\u0161u pas\u0101kums mazajiem Saulkrastos! - Saulkrastu novada bibliot\u0113ka\",\"isPartOf\":{\"@id\":\"https:\/\/saulkrastubiblioteka.lv\/#website\"},\"primaryImageOfPage\":{\"@id\":\"https:\/\/saulkrastubiblioteka.lv\/index.php\/2018\/05\/08\/jauks-un-izdevies-pucisu-pasakums-mazajiem-saulkrastos\/#primaryimage\"},\"image\":{\"@id\":\"https:\/\/saulkrastubiblioteka.lv\/index.php\/2018\/05\/08\/jauks-un-izdevies-pucisu-pasakums-mazajiem-saulkrastos\/#primaryimage\"},\"thumbnailUrl\":\"https:\/\/saulkrastubiblioteka.lv\/wp-content\/uploads\/2018\/05\/mzpskola3-1024x705.jpg\",\"datePublished\":\"2018-05-08T11:27:05+00:00\",\"dateModified\":\"2019-10-29T11:33:35+00:00\",\"breadcrumb\":{\"@id\":\"https:\/\/saulkrastubiblioteka.lv\/index.php\/2018\/05\/08\/jauks-un-izdevies-pucisu-pasakums-mazajiem-saulkrastos\/#breadcrumb\"},\"inLanguage\":\"lv-LV\",\"potentialAction\":[{\"@type\":\"ReadAction\",\"target\":[\"https:\/\/saulkrastubiblioteka.lv\/index.php\/2018\/05\/08\/jauks-un-izdevies-pucisu-pasakums-mazajiem-saulkrastos\/\"]}]},{\"@type\":\"ImageObject\",\"inLanguage\":\"lv-LV\",\"@id\":\"https:\/\/saulkrastubiblioteka.lv\/index.php\/2018\/05\/08\/jauks-un-izdevies-pucisu-pasakums-mazajiem-saulkrastos\/#primaryimage\",\"url\":\"https:\/\/saulkrastubiblioteka.lv\/wp-content\/uploads\/2018\/05\/mzpskola3.jpg\",\"contentUrl\":\"https:\/\/saulkrastubiblioteka.lv\/wp-content\/uploads\/2018\/05\/mzpskola3.jpg\",\"width\":1120,\"height\":771},{\"@type\":\"BreadcrumbList\",\"@id\":\"https:\/\/saulkrastubiblioteka.lv\/index.php\/2018\/05\/08\/jauks-un-izdevies-pucisu-pasakums-mazajiem-saulkrastos\/#breadcrumb\",\"itemListElement\":[{\"@type\":\"ListItem\",\"position\":1,\"name\":\"Home\",\"item\":\"https:\/\/saulkrastubiblioteka.lv\/\"},{\"@type\":\"ListItem\",\"position\":2,\"name\":\"Jauks un izdevies p\u016bc\u012b\u0161u pas\u0101kums mazajiem Saulkrastos!\"}]},{\"@type\":\"WebSite\",\"@id\":\"https:\/\/saulkrastubiblioteka.lv\/#website\",\"url\":\"https:\/\/saulkrastubiblioteka.lv\/\",\"name\":\"Saulkrastu novada bibliot\u0113ka\",\"description\":\"Vieta, kur labi pavad\u012bt laiku un pab\u016bt mier\u0101\",\"publisher\":{\"@id\":\"https:\/\/saulkrastubiblioteka.lv\/#organization\"},\"potentialAction\":[{\"@type\":\"SearchAction\",\"target\":{\"@type\":\"EntryPoint\",\"urlTemplate\":\"https:\/\/saulkrastubiblioteka.lv\/?s={search_term_string}\"},\"query-input\":{\"@type\":\"PropertyValueSpecification\",\"valueRequired\":true,\"valueName\":\"search_term_string\"}}],\"inLanguage\":\"lv-LV\"},{\"@type\":\"Organization\",\"@id\":\"https:\/\/saulkrastubiblioteka.lv\/#organization\",\"name\":\"Saulkrastu novada bibliot\u0113ka\",\"url\":\"https:\/\/saulkrastubiblioteka.lv\/\",\"logo\":{\"@type\":\"ImageObject\",\"inLanguage\":\"lv-LV\",\"@id\":\"https:\/\/saulkrastubiblioteka.lv\/#\/schema\/logo\/image\/\",\"url\":\"https:\/\/saulkrastubiblioteka.lv\/wp-content\/uploads\/2021\/01\/cropped-logo.png\",\"contentUrl\":\"https:\/\/saulkrastubiblioteka.lv\/wp-content\/uploads\/2021\/01\/cropped-logo.png\",\"width\":240,\"height\":240,\"caption\":\"Saulkrastu novada bibliot\u0113ka\"},\"image\":{\"@id\":\"https:\/\/saulkrastubiblioteka.lv\/#\/schema\/logo\/image\/\"}},{\"@type\":\"Person\",\"@id\":\"https:\/\/saulkrastubiblioteka.lv\/#\/schema\/person\/2233277643a53fb60b293d42c1e5f7a2\",\"name\":\"admin\",\"image\":{\"@type\":\"ImageObject\",\"inLanguage\":\"lv-LV\",\"@id\":\"https:\/\/saulkrastubiblioteka.lv\/#\/schema\/person\/image\/\",\"url\":\"https:\/\/secure.gravatar.com\/avatar\/a5ad3f68569c7df813ab9387f6d30b65?s=96&d=mm&r=g\",\"contentUrl\":\"https:\/\/secure.gravatar.com\/avatar\/a5ad3f68569c7df813ab9387f6d30b65?s=96&d=mm&r=g\",\"caption\":\"admin\"},\"url\":\"https:\/\/saulkrastubiblioteka.lv\/index.php\/author\/info_xjq16vdi\/\"}]}<\/script>\n<!-- \/ Yoast SEO plugin. -->","yoast_head_json":{"title":"Jauks un izdevies p\u016bc\u012b\u0161u pas\u0101kums mazajiem Saulkrastos! - Saulkrastu novada bibliot\u0113ka","robots":{"index":"index","follow":"follow","max-snippet":"max-snippet:-1","max-image-preview":"max-image-preview:large","max-video-preview":"max-video-preview:-1"},"canonical":"https:\/\/saulkrastubiblioteka.lv\/index.php\/2018\/05\/08\/jauks-un-izdevies-pucisu-pasakums-mazajiem-saulkrastos\/","og_locale":"lv_LV","og_type":"article","og_title":"Jauks un izdevies p\u016bc\u012b\u0161u pas\u0101kums mazajiem Saulkrastos! - Saulkrastu novada bibliot\u0113ka","og_description":"Saulkrastu novada tr\u012bsgadniekiem un vi\u0146u \u0123imen\u0113m \u0161ogad bija iesp\u0113ja piedal\u012bties las\u012b\u0161anas veicin\u0101\u0161anas programm\u0101 \u201cGr\u0101matu starts\u201d. No 13. marta l\u012bdz 8. maijam organiz\u0113tas 5 nodarb\u012bbas \u201cMazo p\u016b\u010dul\u0113nu skol\u0101\u201d. Ierodoties bibliot\u0113k\u0101, visi kop\u0101 ar bibliotek\u0101ru piedal\u012bj\u0101s ekskursij\u0101, apl\u016bkojot telpas. Apskat\u012bja gr\u0101matu un izgl\u012btojo\u0161o sp\u0113\u013cu kl\u0101stu, visas izzi\u0146as un izklaides iesp\u0113jas, ko \u0123imen\u0113m ar maziem b\u0113rniem pied\u0101v\u0101 bibliot\u0113ka. &hellip; Turpin\u0101t las\u012bt \"Jauks un izdevies p\u016bc\u012b\u0161u pas\u0101kums mazajiem Saulkrastos!\"","og_url":"https:\/\/saulkrastubiblioteka.lv\/index.php\/2018\/05\/08\/jauks-un-izdevies-pucisu-pasakums-mazajiem-saulkrastos\/","og_site_name":"Saulkrastu novada bibliot\u0113ka","article_published_time":"2018-05-08T11:27:05+00:00","article_modified_time":"2019-10-29T11:33:35+00:00","og_image":[{"url":"https:\/\/saulkrastubiblioteka.lv\/wp-content\/uploads\/2018\/05\/mzpskola3-1024x705.jpg","type":"","width":"","height":""}],"author":"admin","twitter_card":"summary_large_image","twitter_misc":{"Written by":"admin","Est. reading time":"2 min\u016btes"},"schema":{"@context":"https:\/\/schema.org","@graph":[{"@type":"Article","@id":"https:\/\/saulkrastubiblioteka.lv\/index.php\/2018\/05\/08\/jauks-un-izdevies-pucisu-pasakums-mazajiem-saulkrastos\/#article","isPartOf":{"@id":"https:\/\/saulkrastubiblioteka.lv\/index.php\/2018\/05\/08\/jauks-un-izdevies-pucisu-pasakums-mazajiem-saulkrastos\/"},"author":{"name":"admin","@id":"https:\/\/saulkrastubiblioteka.lv\/#\/schema\/person\/2233277643a53fb60b293d42c1e5f7a2"},"headline":"Jauks un izdevies p\u016bc\u012b\u0161u pas\u0101kums mazajiem Saulkrastos!","datePublished":"2018-05-08T11:27:05+00:00","dateModified":"2019-10-29T11:33:35+00:00","mainEntityOfPage":{"@id":"https:\/\/saulkrastubiblioteka.lv\/index.php\/2018\/05\/08\/jauks-un-izdevies-pucisu-pasakums-mazajiem-saulkrastos\/"},"wordCount":373,"publisher":{"@id":"https:\/\/saulkrastubiblioteka.lv\/#organization"},"image":{"@id":"https:\/\/saulkrastubiblioteka.lv\/index.php\/2018\/05\/08\/jauks-un-izdevies-pucisu-pasakums-mazajiem-saulkrastos\/#primaryimage"},"thumbnailUrl":"https:\/\/saulkrastubiblioteka.lv\/wp-content\/uploads\/2018\/05\/mzpskola3-1024x705.jpg","articleSection":["Mazo p\u016b\u010dul\u0113nu skola"],"inLanguage":"lv-LV"},{"@type":"WebPage","@id":"https:\/\/saulkrastubiblioteka.lv\/index.php\/2018\/05\/08\/jauks-un-izdevies-pucisu-pasakums-mazajiem-saulkrastos\/","url":"https:\/\/saulkrastubiblioteka.lv\/index.php\/2018\/05\/08\/jauks-un-izdevies-pucisu-pasakums-mazajiem-saulkrastos\/","name":"Jauks un izdevies p\u016bc\u012b\u0161u pas\u0101kums mazajiem Saulkrastos! - Saulkrastu novada bibliot\u0113ka","isPartOf":{"@id":"https:\/\/saulkrastubiblioteka.lv\/#website"},"primaryImageOfPage":{"@id":"https:\/\/saulkrastubiblioteka.lv\/index.php\/2018\/05\/08\/jauks-un-izdevies-pucisu-pasakums-mazajiem-saulkrastos\/#primaryimage"},"image":{"@id":"https:\/\/saulkrastubiblioteka.lv\/index.php\/2018\/05\/08\/jauks-un-izdevies-pucisu-pasakums-mazajiem-saulkrastos\/#primaryimage"},"thumbnailUrl":"https:\/\/saulkrastubiblioteka.lv\/wp-content\/uploads\/2018\/05\/mzpskola3-1024x705.jpg","datePublished":"2018-05-08T11:27:05+00:00","dateModified":"2019-10-29T11:33:35+00:00","breadcrumb":{"@id":"https:\/\/saulkrastubiblioteka.lv\/index.php\/2018\/05\/08\/jauks-un-izdevies-pucisu-pasakums-mazajiem-saulkrastos\/#breadcrumb"},"inLanguage":"lv-LV","potentialAction":[{"@type":"ReadAction","target":["https:\/\/saulkrastubiblioteka.lv\/index.php\/2018\/05\/08\/jauks-un-izdevies-pucisu-pasakums-mazajiem-saulkrastos\/"]}]},{"@type":"ImageObject","inLanguage":"lv-LV","@id":"https:\/\/saulkrastubiblioteka.lv\/index.php\/2018\/05\/08\/jauks-un-izdevies-pucisu-pasakums-mazajiem-saulkrastos\/#primaryimage","url":"https:\/\/saulkrastubiblioteka.lv\/wp-content\/uploads\/2018\/05\/mzpskola3.jpg","contentUrl":"https:\/\/saulkrastubiblioteka.lv\/wp-content\/uploads\/2018\/05\/mzpskola3.jpg","width":1120,"height":771},{"@type":"BreadcrumbList","@id":"https:\/\/saulkrastubiblioteka.lv\/index.php\/2018\/05\/08\/jauks-un-izdevies-pucisu-pasakums-mazajiem-saulkrastos\/#breadcrumb","itemListElement":[{"@type":"ListItem","position":1,"name":"Home","item":"https:\/\/saulkrastubiblioteka.lv\/"},{"@type":"ListItem","position":2,"name":"Jauks un izdevies p\u016bc\u012b\u0161u pas\u0101kums mazajiem Saulkrastos!"}]},{"@type":"WebSite","@id":"https:\/\/saulkrastubiblioteka.lv\/#website","url":"https:\/\/saulkrastubiblioteka.lv\/","name":"Saulkrastu novada bibliot\u0113ka","description":"Vieta, kur labi pavad\u012bt laiku un pab\u016bt mier\u0101","publisher":{"@id":"https:\/\/saulkrastubiblioteka.lv\/#organization"},"potentialAction":[{"@type":"SearchAction","target":{"@type":"EntryPoint","urlTemplate":"https:\/\/saulkrastubiblioteka.lv\/?s={search_term_string}"},"query-input":{"@type":"PropertyValueSpecification","valueRequired":true,"valueName":"search_term_string"}}],"inLanguage":"lv-LV"},{"@type":"Organization","@id":"https:\/\/saulkrastubiblioteka.lv\/#organization","name":"Saulkrastu novada bibliot\u0113ka","url":"https:\/\/saulkrastubiblioteka.lv\/","logo":{"@type":"ImageObject","inLanguage":"lv-LV","@id":"https:\/\/saulkrastubiblioteka.lv\/#\/schema\/logo\/image\/","url":"https:\/\/saulkrastubiblioteka.lv\/wp-content\/uploads\/2021\/01\/cropped-logo.png","contentUrl":"https:\/\/saulkrastubiblioteka.lv\/wp-content\/uploads\/2021\/01\/cropped-logo.png","width":240,"height":240,"caption":"Saulkrastu novada bibliot\u0113ka"},"image":{"@id":"https:\/\/saulkrastubiblioteka.lv\/#\/schema\/logo\/image\/"}},{"@type":"Person","@id":"https:\/\/saulkrastubiblioteka.lv\/#\/schema\/person\/2233277643a53fb60b293d42c1e5f7a2","name":"admin","image":{"@type":"ImageObject","inLanguage":"lv-LV","@id":"https:\/\/saulkrastubiblioteka.lv\/#\/schema\/person\/image\/","url":"https:\/\/secure.gravatar.com\/avatar\/a5ad3f68569c7df813ab9387f6d30b65?s=96&d=mm&r=g","contentUrl":"https:\/\/secure.gravatar.com\/avatar\/a5ad3f68569c7df813ab9387f6d30b65?s=96&d=mm&r=g","caption":"admin"},"url":"https:\/\/saulkrastubiblioteka.lv\/index.php\/author\/info_xjq16vdi\/"}]}},"_links":{"self":[{"href":"https:\/\/saulkrastubiblioteka.lv\/index.php\/wp-json\/wp\/v2\/posts\/572","targetHints":{"allow":["GET"]}}],"collection":[{"href":"https:\/\/saulkrastubiblioteka.lv\/index.php\/wp-json\/wp\/v2\/posts"}],"about":[{"href":"https:\/\/saulkrastubiblioteka.lv\/index.php\/wp-json\/wp\/v2\/types\/post"}],"author":[{"embeddable":true,"href":"https:\/\/saulkrastubiblioteka.lv\/index.php\/wp-json\/wp\/v2\/users\/1"}],"replies":[{"embeddable":true,"href":"https:\/\/saulkrastubiblioteka.lv\/index.php\/wp-json\/wp\/v2\/comments?post=572"}],"version-history":[{"count":2,"href":"https:\/\/saulkrastubiblioteka.lv\/index.php\/wp-json\/wp\/v2\/posts\/572\/revisions"}],"predecessor-version":[{"id":2259,"href":"https:\/\/saulkrastubiblioteka.lv\/index.php\/wp-json\/wp\/v2\/posts\/572\/revisions\/2259"}],"wp:attachment":[{"href":"https:\/\/saulkrastubiblioteka.lv\/index.php\/wp-json\/wp\/v2\/media?parent=572"}],"wp:term":[{"taxonomy":"category","embeddable":true,"href":"https:\/\/saulkrastubiblioteka.lv\/index.php\/wp-json\/wp\/v2\/categories?post=572"},{"taxonomy":"post_tag","embeddable":true,"href":"https:\/\/saulkrastubiblioteka.lv\/index.php\/wp-json\/wp\/v2\/tags?post=572"}],"curies":[{"name":"wp","href":"https:\/\/api.w.org\/{rel}","templated":true}]}}