{"id":485,"date":"2018-03-27T11:40:44","date_gmt":"2018-03-27T11:40:44","guid":{"rendered":"https:\/\/saulkrastubiblioteka.lv\/?p=485"},"modified":"2018-03-28T05:56:22","modified_gmt":"2018-03-28T05:56:22","slug":"mazie-puculeni-izkraso-lieldienas-biblioteka","status":"publish","type":"post","link":"https:\/\/saulkrastubiblioteka.lv\/index.php\/2018\/03\/27\/mazie-puculeni-izkraso-lieldienas-biblioteka\/","title":{"rendered":"Mazie p\u016b\u010dul\u0113ni izkr\u0101so Lieldienas bibliot\u0113k\u0101"},"content":{"rendered":"<p><img loading=\"lazy\" decoding=\"async\" class=\"alignleft wp-image-486\" src=\"https:\/\/saulkrastubiblioteka.lv\/wp-content\/uploads\/2018\/03\/olas-768x1024.jpg\" alt=\"\" width=\"250\" height=\"333\" srcset=\"https:\/\/saulkrastubiblioteka.lv\/wp-content\/uploads\/2018\/03\/olas-768x1024.jpg 768w, https:\/\/saulkrastubiblioteka.lv\/wp-content\/uploads\/2018\/03\/olas-225x300.jpg 225w, https:\/\/saulkrastubiblioteka.lv\/wp-content\/uploads\/2018\/03\/olas.jpg 929w\" sizes=\"auto, (max-width: 250px) 85vw, 250px\" \/>Mazi balti p\u016bpoli\u0146i<br \/>\nKoka zaros sag\u016blu\u0161i.<br \/>\nM\u016bsu ac\u012bs, m\u016bsu sird\u012bs<span class=\"text_exposed_show\"><br \/>\nGaismas staru iedegu\u0161i.<br \/>\nCauri c\u012bru\u013cpute\u0146iem baltiem<br \/>\nLieldienas, Lieldienas n\u0101k.<br \/>\n<em>(\u0100rija \u0100re)<\/em><\/span><\/p>\n<div class=\"text_exposed_show\">\n<p>&#8220;Mazo p\u016b\u010dul\u0113nu skolas&#8221; otr\u0101 nodarb\u012bba bija velt\u012bta Lieldien\u0101m. B\u0113rni no pirmsskolas izgl\u012bt\u012bbas iest\u0101de \u201cR\u016b\u0137\u012btis\u201d kop\u0101 ar bibliotek\u0101ri izzin\u0101ja Lieldienu trad\u012bcijas, tic\u0113jumus, kr\u0101soja Lieldienu za\u0137us un olas. Protams, neizpalika ar\u012b jauno sp\u0113\u013cu sp\u0113l\u0113\u0161ana, \u017eurn\u0101lu un gr\u0101matu las\u012b\u0161ana.<\/p>\n<p>N\u0101ko\u0161\u0101 &#8220;Mazo p\u016b\u010dul\u0113nu skolas&#8221; nodarb\u012bba pl\u0101nota 10. apr\u012bl\u012b plkst. 10:00. B\u0113rniem l\u012bdzi j\u0101\u0146em sava m\u012b\u013c\u0101k\u0101 gr\u0101mati\u0146a. Gaid\u012bsim ciemos!<\/p>\n<p><strong>Priec\u012bgas Lieldienas!<\/strong><\/p>\n<\/div>\n","protected":false},"excerpt":{"rendered":"<p>Mazi balti p\u016bpoli\u0146i Koka zaros sag\u016blu\u0161i. M\u016bsu ac\u012bs, m\u016bsu sird\u012bs Gaismas staru iedegu\u0161i. Cauri c\u012bru\u013cpute\u0146iem baltiem Lieldienas, Lieldienas n\u0101k. (\u0100rija \u0100re) &#8220;Mazo p\u016b\u010dul\u0113nu skolas&#8221; otr\u0101 nodarb\u012bba bija velt\u012bta Lieldien\u0101m. B\u0113rni no pirmsskolas izgl\u012bt\u012bbas iest\u0101de \u201cR\u016b\u0137\u012btis\u201d kop\u0101 ar bibliotek\u0101ri izzin\u0101ja Lieldienu trad\u012bcijas, tic\u0113jumus, kr\u0101soja Lieldienu za\u0137us un olas. Protams, neizpalika ar\u012b jauno sp\u0113\u013cu sp\u0113l\u0113\u0161ana, \u017eurn\u0101lu un &hellip; <a href=\"https:\/\/saulkrastubiblioteka.lv\/index.php\/2018\/03\/27\/mazie-puculeni-izkraso-lieldienas-biblioteka\/\" class=\"more-link\">Turpin\u0101t las\u012bt<span class=\"screen-reader-text\"> &#8220;Mazie p\u016b\u010dul\u0113ni izkr\u0101so Lieldienas bibliot\u0113k\u0101&#8221;<\/span><\/a><\/p>\n","protected":false},"author":1,"featured_media":0,"comment_status":"closed","ping_status":"open","sticky":false,"template":"","format":"standard","meta":{"footnotes":""},"categories":[28,4],"tags":[],"class_list":["post-485","post","type-post","status-publish","format-standard","hentry","category-mazo-puculenu-skola","category-pasakumi"],"yoast_head":"<!-- This site is optimized with the Yoast SEO plugin v24.2 - https:\/\/yoast.com\/wordpress\/plugins\/seo\/ -->\n<title>Mazie p\u016b\u010dul\u0113ni izkr\u0101so Lieldienas bibliot\u0113k\u0101 - Saulkrastu novada bibliot\u0113ka<\/title>\n<meta name=\"robots\" content=\"index, follow, max-snippet:-1, max-image-preview:large, max-video-preview:-1\" \/>\n<link rel=\"canonical\" href=\"https:\/\/saulkrastubiblioteka.lv\/index.php\/2018\/03\/27\/mazie-puculeni-izkraso-lieldienas-biblioteka\/\" \/>\n<meta property=\"og:locale\" content=\"lv_LV\" \/>\n<meta property=\"og:type\" content=\"article\" \/>\n<meta property=\"og:title\" content=\"Mazie p\u016b\u010dul\u0113ni izkr\u0101so Lieldienas bibliot\u0113k\u0101 - Saulkrastu novada bibliot\u0113ka\" \/>\n<meta property=\"og:description\" content=\"Mazi balti p\u016bpoli\u0146i Koka zaros sag\u016blu\u0161i. M\u016bsu ac\u012bs, m\u016bsu sird\u012bs Gaismas staru iedegu\u0161i. Cauri c\u012bru\u013cpute\u0146iem baltiem Lieldienas, Lieldienas n\u0101k. (\u0100rija \u0100re) &#8220;Mazo p\u016b\u010dul\u0113nu skolas&#8221; otr\u0101 nodarb\u012bba bija velt\u012bta Lieldien\u0101m. B\u0113rni no pirmsskolas izgl\u012bt\u012bbas iest\u0101de \u201cR\u016b\u0137\u012btis\u201d kop\u0101 ar bibliotek\u0101ri izzin\u0101ja Lieldienu trad\u012bcijas, tic\u0113jumus, kr\u0101soja Lieldienu za\u0137us un olas. Protams, neizpalika ar\u012b jauno sp\u0113\u013cu sp\u0113l\u0113\u0161ana, \u017eurn\u0101lu un &hellip; Turpin\u0101t las\u012bt &quot;Mazie p\u016b\u010dul\u0113ni izkr\u0101so Lieldienas bibliot\u0113k\u0101&quot;\" \/>\n<meta property=\"og:url\" content=\"https:\/\/saulkrastubiblioteka.lv\/index.php\/2018\/03\/27\/mazie-puculeni-izkraso-lieldienas-biblioteka\/\" \/>\n<meta property=\"og:site_name\" content=\"Saulkrastu novada bibliot\u0113ka\" \/>\n<meta property=\"article:published_time\" content=\"2018-03-27T11:40:44+00:00\" \/>\n<meta property=\"article:modified_time\" content=\"2018-03-28T05:56:22+00:00\" \/>\n<meta property=\"og:image\" content=\"https:\/\/saulkrastubiblioteka.lv\/wp-content\/uploads\/2018\/03\/olas-768x1024.jpg\" \/>\n<meta name=\"author\" content=\"admin\" \/>\n<meta name=\"twitter:card\" content=\"summary_large_image\" \/>\n<meta name=\"twitter:label1\" content=\"Written by\" \/>\n\t<meta name=\"twitter:data1\" content=\"admin\" \/>\n\t<meta name=\"twitter:label2\" content=\"Est. reading time\" \/>\n\t<meta name=\"twitter:data2\" content=\"1 min\u016bte\" \/>\n<script type=\"application\/ld+json\" class=\"yoast-schema-graph\">{\"@context\":\"https:\/\/schema.org\",\"@graph\":[{\"@type\":\"Article\",\"@id\":\"https:\/\/saulkrastubiblioteka.lv\/index.php\/2018\/03\/27\/mazie-puculeni-izkraso-lieldienas-biblioteka\/#article\",\"isPartOf\":{\"@id\":\"https:\/\/saulkrastubiblioteka.lv\/index.php\/2018\/03\/27\/mazie-puculeni-izkraso-lieldienas-biblioteka\/\"},\"author\":{\"name\":\"admin\",\"@id\":\"https:\/\/saulkrastubiblioteka.lv\/#\/schema\/person\/2233277643a53fb60b293d42c1e5f7a2\"},\"headline\":\"Mazie p\u016b\u010dul\u0113ni izkr\u0101so Lieldienas bibliot\u0113k\u0101\",\"datePublished\":\"2018-03-27T11:40:44+00:00\",\"dateModified\":\"2018-03-28T05:56:22+00:00\",\"mainEntityOfPage\":{\"@id\":\"https:\/\/saulkrastubiblioteka.lv\/index.php\/2018\/03\/27\/mazie-puculeni-izkraso-lieldienas-biblioteka\/\"},\"wordCount\":133,\"publisher\":{\"@id\":\"https:\/\/saulkrastubiblioteka.lv\/#organization\"},\"image\":{\"@id\":\"https:\/\/saulkrastubiblioteka.lv\/index.php\/2018\/03\/27\/mazie-puculeni-izkraso-lieldienas-biblioteka\/#primaryimage\"},\"thumbnailUrl\":\"https:\/\/saulkrastubiblioteka.lv\/wp-content\/uploads\/2018\/03\/olas-768x1024.jpg\",\"articleSection\":[\"Mazo p\u016b\u010dul\u0113nu skola\",\"Pas\u0101kumi\"],\"inLanguage\":\"lv-LV\"},{\"@type\":\"WebPage\",\"@id\":\"https:\/\/saulkrastubiblioteka.lv\/index.php\/2018\/03\/27\/mazie-puculeni-izkraso-lieldienas-biblioteka\/\",\"url\":\"https:\/\/saulkrastubiblioteka.lv\/index.php\/2018\/03\/27\/mazie-puculeni-izkraso-lieldienas-biblioteka\/\",\"name\":\"Mazie p\u016b\u010dul\u0113ni izkr\u0101so Lieldienas bibliot\u0113k\u0101 - Saulkrastu novada bibliot\u0113ka\",\"isPartOf\":{\"@id\":\"https:\/\/saulkrastubiblioteka.lv\/#website\"},\"primaryImageOfPage\":{\"@id\":\"https:\/\/saulkrastubiblioteka.lv\/index.php\/2018\/03\/27\/mazie-puculeni-izkraso-lieldienas-biblioteka\/#primaryimage\"},\"image\":{\"@id\":\"https:\/\/saulkrastubiblioteka.lv\/index.php\/2018\/03\/27\/mazie-puculeni-izkraso-lieldienas-biblioteka\/#primaryimage\"},\"thumbnailUrl\":\"https:\/\/saulkrastubiblioteka.lv\/wp-content\/uploads\/2018\/03\/olas-768x1024.jpg\",\"datePublished\":\"2018-03-27T11:40:44+00:00\",\"dateModified\":\"2018-03-28T05:56:22+00:00\",\"breadcrumb\":{\"@id\":\"https:\/\/saulkrastubiblioteka.lv\/index.php\/2018\/03\/27\/mazie-puculeni-izkraso-lieldienas-biblioteka\/#breadcrumb\"},\"inLanguage\":\"lv-LV\",\"potentialAction\":[{\"@type\":\"ReadAction\",\"target\":[\"https:\/\/saulkrastubiblioteka.lv\/index.php\/2018\/03\/27\/mazie-puculeni-izkraso-lieldienas-biblioteka\/\"]}]},{\"@type\":\"ImageObject\",\"inLanguage\":\"lv-LV\",\"@id\":\"https:\/\/saulkrastubiblioteka.lv\/index.php\/2018\/03\/27\/mazie-puculeni-izkraso-lieldienas-biblioteka\/#primaryimage\",\"url\":\"https:\/\/saulkrastubiblioteka.lv\/wp-content\/uploads\/2018\/03\/olas.jpg\",\"contentUrl\":\"https:\/\/saulkrastubiblioteka.lv\/wp-content\/uploads\/2018\/03\/olas.jpg\",\"width\":929,\"height\":1239},{\"@type\":\"BreadcrumbList\",\"@id\":\"https:\/\/saulkrastubiblioteka.lv\/index.php\/2018\/03\/27\/mazie-puculeni-izkraso-lieldienas-biblioteka\/#breadcrumb\",\"itemListElement\":[{\"@type\":\"ListItem\",\"position\":1,\"name\":\"Home\",\"item\":\"https:\/\/saulkrastubiblioteka.lv\/\"},{\"@type\":\"ListItem\",\"position\":2,\"name\":\"Mazie p\u016b\u010dul\u0113ni izkr\u0101so Lieldienas bibliot\u0113k\u0101\"}]},{\"@type\":\"WebSite\",\"@id\":\"https:\/\/saulkrastubiblioteka.lv\/#website\",\"url\":\"https:\/\/saulkrastubiblioteka.lv\/\",\"name\":\"Saulkrastu novada bibliot\u0113ka\",\"description\":\"Vieta, kur labi pavad\u012bt laiku un pab\u016bt mier\u0101\",\"publisher\":{\"@id\":\"https:\/\/saulkrastubiblioteka.lv\/#organization\"},\"potentialAction\":[{\"@type\":\"SearchAction\",\"target\":{\"@type\":\"EntryPoint\",\"urlTemplate\":\"https:\/\/saulkrastubiblioteka.lv\/?s={search_term_string}\"},\"query-input\":{\"@type\":\"PropertyValueSpecification\",\"valueRequired\":true,\"valueName\":\"search_term_string\"}}],\"inLanguage\":\"lv-LV\"},{\"@type\":\"Organization\",\"@id\":\"https:\/\/saulkrastubiblioteka.lv\/#organization\",\"name\":\"Saulkrastu novada bibliot\u0113ka\",\"url\":\"https:\/\/saulkrastubiblioteka.lv\/\",\"logo\":{\"@type\":\"ImageObject\",\"inLanguage\":\"lv-LV\",\"@id\":\"https:\/\/saulkrastubiblioteka.lv\/#\/schema\/logo\/image\/\",\"url\":\"https:\/\/saulkrastubiblioteka.lv\/wp-content\/uploads\/2021\/01\/cropped-logo.png\",\"contentUrl\":\"https:\/\/saulkrastubiblioteka.lv\/wp-content\/uploads\/2021\/01\/cropped-logo.png\",\"width\":240,\"height\":240,\"caption\":\"Saulkrastu novada bibliot\u0113ka\"},\"image\":{\"@id\":\"https:\/\/saulkrastubiblioteka.lv\/#\/schema\/logo\/image\/\"}},{\"@type\":\"Person\",\"@id\":\"https:\/\/saulkrastubiblioteka.lv\/#\/schema\/person\/2233277643a53fb60b293d42c1e5f7a2\",\"name\":\"admin\",\"image\":{\"@type\":\"ImageObject\",\"inLanguage\":\"lv-LV\",\"@id\":\"https:\/\/saulkrastubiblioteka.lv\/#\/schema\/person\/image\/\",\"url\":\"https:\/\/secure.gravatar.com\/avatar\/a5ad3f68569c7df813ab9387f6d30b65?s=96&d=mm&r=g\",\"contentUrl\":\"https:\/\/secure.gravatar.com\/avatar\/a5ad3f68569c7df813ab9387f6d30b65?s=96&d=mm&r=g\",\"caption\":\"admin\"},\"url\":\"https:\/\/saulkrastubiblioteka.lv\/index.php\/author\/info_xjq16vdi\/\"}]}<\/script>\n<!-- \/ Yoast SEO plugin. -->","yoast_head_json":{"title":"Mazie p\u016b\u010dul\u0113ni izkr\u0101so Lieldienas bibliot\u0113k\u0101 - Saulkrastu novada bibliot\u0113ka","robots":{"index":"index","follow":"follow","max-snippet":"max-snippet:-1","max-image-preview":"max-image-preview:large","max-video-preview":"max-video-preview:-1"},"canonical":"https:\/\/saulkrastubiblioteka.lv\/index.php\/2018\/03\/27\/mazie-puculeni-izkraso-lieldienas-biblioteka\/","og_locale":"lv_LV","og_type":"article","og_title":"Mazie p\u016b\u010dul\u0113ni izkr\u0101so Lieldienas bibliot\u0113k\u0101 - Saulkrastu novada bibliot\u0113ka","og_description":"Mazi balti p\u016bpoli\u0146i Koka zaros sag\u016blu\u0161i. M\u016bsu ac\u012bs, m\u016bsu sird\u012bs Gaismas staru iedegu\u0161i. Cauri c\u012bru\u013cpute\u0146iem baltiem Lieldienas, Lieldienas n\u0101k. (\u0100rija \u0100re) &#8220;Mazo p\u016b\u010dul\u0113nu skolas&#8221; otr\u0101 nodarb\u012bba bija velt\u012bta Lieldien\u0101m. B\u0113rni no pirmsskolas izgl\u012bt\u012bbas iest\u0101de \u201cR\u016b\u0137\u012btis\u201d kop\u0101 ar bibliotek\u0101ri izzin\u0101ja Lieldienu trad\u012bcijas, tic\u0113jumus, kr\u0101soja Lieldienu za\u0137us un olas. Protams, neizpalika ar\u012b jauno sp\u0113\u013cu sp\u0113l\u0113\u0161ana, \u017eurn\u0101lu un &hellip; Turpin\u0101t las\u012bt \"Mazie p\u016b\u010dul\u0113ni izkr\u0101so Lieldienas bibliot\u0113k\u0101\"","og_url":"https:\/\/saulkrastubiblioteka.lv\/index.php\/2018\/03\/27\/mazie-puculeni-izkraso-lieldienas-biblioteka\/","og_site_name":"Saulkrastu novada bibliot\u0113ka","article_published_time":"2018-03-27T11:40:44+00:00","article_modified_time":"2018-03-28T05:56:22+00:00","og_image":[{"url":"https:\/\/saulkrastubiblioteka.lv\/wp-content\/uploads\/2018\/03\/olas-768x1024.jpg","type":"","width":"","height":""}],"author":"admin","twitter_card":"summary_large_image","twitter_misc":{"Written by":"admin","Est. reading time":"1 min\u016bte"},"schema":{"@context":"https:\/\/schema.org","@graph":[{"@type":"Article","@id":"https:\/\/saulkrastubiblioteka.lv\/index.php\/2018\/03\/27\/mazie-puculeni-izkraso-lieldienas-biblioteka\/#article","isPartOf":{"@id":"https:\/\/saulkrastubiblioteka.lv\/index.php\/2018\/03\/27\/mazie-puculeni-izkraso-lieldienas-biblioteka\/"},"author":{"name":"admin","@id":"https:\/\/saulkrastubiblioteka.lv\/#\/schema\/person\/2233277643a53fb60b293d42c1e5f7a2"},"headline":"Mazie p\u016b\u010dul\u0113ni izkr\u0101so Lieldienas bibliot\u0113k\u0101","datePublished":"2018-03-27T11:40:44+00:00","dateModified":"2018-03-28T05:56:22+00:00","mainEntityOfPage":{"@id":"https:\/\/saulkrastubiblioteka.lv\/index.php\/2018\/03\/27\/mazie-puculeni-izkraso-lieldienas-biblioteka\/"},"wordCount":133,"publisher":{"@id":"https:\/\/saulkrastubiblioteka.lv\/#organization"},"image":{"@id":"https:\/\/saulkrastubiblioteka.lv\/index.php\/2018\/03\/27\/mazie-puculeni-izkraso-lieldienas-biblioteka\/#primaryimage"},"thumbnailUrl":"https:\/\/saulkrastubiblioteka.lv\/wp-content\/uploads\/2018\/03\/olas-768x1024.jpg","articleSection":["Mazo p\u016b\u010dul\u0113nu skola","Pas\u0101kumi"],"inLanguage":"lv-LV"},{"@type":"WebPage","@id":"https:\/\/saulkrastubiblioteka.lv\/index.php\/2018\/03\/27\/mazie-puculeni-izkraso-lieldienas-biblioteka\/","url":"https:\/\/saulkrastubiblioteka.lv\/index.php\/2018\/03\/27\/mazie-puculeni-izkraso-lieldienas-biblioteka\/","name":"Mazie p\u016b\u010dul\u0113ni izkr\u0101so Lieldienas bibliot\u0113k\u0101 - Saulkrastu novada bibliot\u0113ka","isPartOf":{"@id":"https:\/\/saulkrastubiblioteka.lv\/#website"},"primaryImageOfPage":{"@id":"https:\/\/saulkrastubiblioteka.lv\/index.php\/2018\/03\/27\/mazie-puculeni-izkraso-lieldienas-biblioteka\/#primaryimage"},"image":{"@id":"https:\/\/saulkrastubiblioteka.lv\/index.php\/2018\/03\/27\/mazie-puculeni-izkraso-lieldienas-biblioteka\/#primaryimage"},"thumbnailUrl":"https:\/\/saulkrastubiblioteka.lv\/wp-content\/uploads\/2018\/03\/olas-768x1024.jpg","datePublished":"2018-03-27T11:40:44+00:00","dateModified":"2018-03-28T05:56:22+00:00","breadcrumb":{"@id":"https:\/\/saulkrastubiblioteka.lv\/index.php\/2018\/03\/27\/mazie-puculeni-izkraso-lieldienas-biblioteka\/#breadcrumb"},"inLanguage":"lv-LV","potentialAction":[{"@type":"ReadAction","target":["https:\/\/saulkrastubiblioteka.lv\/index.php\/2018\/03\/27\/mazie-puculeni-izkraso-lieldienas-biblioteka\/"]}]},{"@type":"ImageObject","inLanguage":"lv-LV","@id":"https:\/\/saulkrastubiblioteka.lv\/index.php\/2018\/03\/27\/mazie-puculeni-izkraso-lieldienas-biblioteka\/#primaryimage","url":"https:\/\/saulkrastubiblioteka.lv\/wp-content\/uploads\/2018\/03\/olas.jpg","contentUrl":"https:\/\/saulkrastubiblioteka.lv\/wp-content\/uploads\/2018\/03\/olas.jpg","width":929,"height":1239},{"@type":"BreadcrumbList","@id":"https:\/\/saulkrastubiblioteka.lv\/index.php\/2018\/03\/27\/mazie-puculeni-izkraso-lieldienas-biblioteka\/#breadcrumb","itemListElement":[{"@type":"ListItem","position":1,"name":"Home","item":"https:\/\/saulkrastubiblioteka.lv\/"},{"@type":"ListItem","position":2,"name":"Mazie p\u016b\u010dul\u0113ni izkr\u0101so Lieldienas bibliot\u0113k\u0101"}]},{"@type":"WebSite","@id":"https:\/\/saulkrastubiblioteka.lv\/#website","url":"https:\/\/saulkrastubiblioteka.lv\/","name":"Saulkrastu novada bibliot\u0113ka","description":"Vieta, kur labi pavad\u012bt laiku un pab\u016bt mier\u0101","publisher":{"@id":"https:\/\/saulkrastubiblioteka.lv\/#organization"},"potentialAction":[{"@type":"SearchAction","target":{"@type":"EntryPoint","urlTemplate":"https:\/\/saulkrastubiblioteka.lv\/?s={search_term_string}"},"query-input":{"@type":"PropertyValueSpecification","valueRequired":true,"valueName":"search_term_string"}}],"inLanguage":"lv-LV"},{"@type":"Organization","@id":"https:\/\/saulkrastubiblioteka.lv\/#organization","name":"Saulkrastu novada bibliot\u0113ka","url":"https:\/\/saulkrastubiblioteka.lv\/","logo":{"@type":"ImageObject","inLanguage":"lv-LV","@id":"https:\/\/saulkrastubiblioteka.lv\/#\/schema\/logo\/image\/","url":"https:\/\/saulkrastubiblioteka.lv\/wp-content\/uploads\/2021\/01\/cropped-logo.png","contentUrl":"https:\/\/saulkrastubiblioteka.lv\/wp-content\/uploads\/2021\/01\/cropped-logo.png","width":240,"height":240,"caption":"Saulkrastu novada bibliot\u0113ka"},"image":{"@id":"https:\/\/saulkrastubiblioteka.lv\/#\/schema\/logo\/image\/"}},{"@type":"Person","@id":"https:\/\/saulkrastubiblioteka.lv\/#\/schema\/person\/2233277643a53fb60b293d42c1e5f7a2","name":"admin","image":{"@type":"ImageObject","inLanguage":"lv-LV","@id":"https:\/\/saulkrastubiblioteka.lv\/#\/schema\/person\/image\/","url":"https:\/\/secure.gravatar.com\/avatar\/a5ad3f68569c7df813ab9387f6d30b65?s=96&d=mm&r=g","contentUrl":"https:\/\/secure.gravatar.com\/avatar\/a5ad3f68569c7df813ab9387f6d30b65?s=96&d=mm&r=g","caption":"admin"},"url":"https:\/\/saulkrastubiblioteka.lv\/index.php\/author\/info_xjq16vdi\/"}]}},"_links":{"self":[{"href":"https:\/\/saulkrastubiblioteka.lv\/index.php\/wp-json\/wp\/v2\/posts\/485","targetHints":{"allow":["GET"]}}],"collection":[{"href":"https:\/\/saulkrastubiblioteka.lv\/index.php\/wp-json\/wp\/v2\/posts"}],"about":[{"href":"https:\/\/saulkrastubiblioteka.lv\/index.php\/wp-json\/wp\/v2\/types\/post"}],"author":[{"embeddable":true,"href":"https:\/\/saulkrastubiblioteka.lv\/index.php\/wp-json\/wp\/v2\/users\/1"}],"replies":[{"embeddable":true,"href":"https:\/\/saulkrastubiblioteka.lv\/index.php\/wp-json\/wp\/v2\/comments?post=485"}],"version-history":[{"count":7,"href":"https:\/\/saulkrastubiblioteka.lv\/index.php\/wp-json\/wp\/v2\/posts\/485\/revisions"}],"predecessor-version":[{"id":495,"href":"https:\/\/saulkrastubiblioteka.lv\/index.php\/wp-json\/wp\/v2\/posts\/485\/revisions\/495"}],"wp:attachment":[{"href":"https:\/\/saulkrastubiblioteka.lv\/index.php\/wp-json\/wp\/v2\/media?parent=485"}],"wp:term":[{"taxonomy":"category","embeddable":true,"href":"https:\/\/saulkrastubiblioteka.lv\/index.php\/wp-json\/wp\/v2\/categories?post=485"},{"taxonomy":"post_tag","embeddable":true,"href":"https:\/\/saulkrastubiblioteka.lv\/index.php\/wp-json\/wp\/v2\/tags?post=485"}],"curies":[{"name":"wp","href":"https:\/\/api.w.org\/{rel}","templated":true}]}}