{"id":410,"date":"2018-02-23T08:11:15","date_gmt":"2018-02-23T08:11:15","guid":{"rendered":"https:\/\/saulkrastubiblioteka.lv\/?p=410"},"modified":"2019-08-21T08:57:59","modified_gmt":"2019-08-21T08:57:59","slug":"rakstniece-evija-gulbe-iepriecina-bernus","status":"publish","type":"post","link":"https:\/\/saulkrastubiblioteka.lv\/index.php\/2018\/02\/23\/rakstniece-evija-gulbe-iepriecina-bernus\/","title":{"rendered":"Rakstniece Evija Gulbe iepriecina b\u0113rnus"},"content":{"rendered":"<p><img loading=\"lazy\" decoding=\"async\" class=\"alignnone size-large wp-image-411\" src=\"https:\/\/saulkrastubiblioteka.lv\/wp-content\/uploads\/2018\/02\/lapai1-2-1024x525.jpg\" alt=\"\" width=\"840\" height=\"431\" srcset=\"https:\/\/saulkrastubiblioteka.lv\/wp-content\/uploads\/2018\/02\/lapai1-2-1024x525.jpg 1024w, https:\/\/saulkrastubiblioteka.lv\/wp-content\/uploads\/2018\/02\/lapai1-2-300x154.jpg 300w, https:\/\/saulkrastubiblioteka.lv\/wp-content\/uploads\/2018\/02\/lapai1-2-768x394.jpg 768w, https:\/\/saulkrastubiblioteka.lv\/wp-content\/uploads\/2018\/02\/lapai1-2-1200x616.jpg 1200w\" sizes=\"auto, (max-width: 709px) 85vw, (max-width: 909px) 67vw, (max-width: 1362px) 62vw, 840px\" \/><\/p>\n<p>Att\u0113l\u0101: <em>2018. gada 22. febru\u0101r\u012b Saulkrastu novada bibliot\u0113kas organiz\u0113taj\u0101 tik\u0161an\u0101s reiz\u0113 ar pirmsskolas izgl\u012bt\u012bbas iest\u0101des \u201cR\u016b\u0137\u012btis\u201d un Zvejniekciema vidusskolas 1. &#8211; 2. kla\u0161u audz\u0113k\u0146iem ierad\u0101s gr\u0101matas \u201cKoko un Riko\u201d autore Evija Gulbe.<\/em><\/p>\n<p>Vi\u0146a p\u0101rsteidza ne tikai ar ko\u0161aj\u0101m kr\u0101s\u0101m ap\u0123\u0113rb\u0101, bet ar\u012b ar iesp\u0113ju b\u0113rniem pa\u0161iem veidot kr\u0101sainas \u016bsas, sa\u0146emt skaistas karti\u0146as ar \u017eurkul\u0113na p\u0113di\u0146as nospiedumu. Vie\u0161\u0146a par Koko un Riko piedz\u012bvojumiem rakst\u012bjusi st\u0101sti\u0146us. Vi\u0146as draudzene Linda Lo\u0161ina tos papildin\u0101jusi ar jauk\u0101m ilustr\u0101cij\u0101m.<!--more--><\/p>\n<p>Pirm\u0101 gr\u0101mata par Koko un Riko 2011. gad\u0101 ieguva galveno balvu konkurs\u0101 \u201cZvaigznes gr\u0101mata. Latvie\u0161u ori\u0123in\u0101lliterat\u016bra b\u0113rniem un jaunie\u0161iem\u201d un 2012. gad\u0101 tikusi godalgota las\u012b\u0161anas veicin\u0101\u0161anas programm\u0101 \u201cB\u0113rnu \u017e\u016brija\u201d.<\/p>\n<p>Ideja par Koko un Riko radusies, kad k\u0101das pastaigas laik\u0101 Evijas \u0123imenei pazudis \u017eurkul\u0113ns Koko un vi\u0146a savu b\u0113rnu mierin\u0101jusi, ka dz\u012bvnieci\u0146\u0161 saticis draugu un abiem kop\u0101 garlaic\u012bgi nav. V\u0113l\u0101k tapis st\u0101sts par \u017eurku puiku Riko. Rakstniece nolas\u012bja dzejoli par simtk\u0101ji no pirm\u0101s las\u0101mgr\u0101matas b\u0113rniem \u201cDzejol\u0113ni\u201d. T\u0101pat b\u0113rniem bija interesanti p\u0113c taustes m\u0113\u0123in\u0101t noteikt, kas atrodas maisi\u0146\u0101. Lai mazliet izkust\u0113tos, visi kop\u012bgi izsp\u0113l\u0113ja da\u017e\u0101das sp\u0113les. Nosl\u0113gum\u0101 rakstniece aicin\u0101ja b\u0113rnus uzrakst\u012bt ieteikumus n\u0101kamajiem st\u0101stiem par mazo \u017eurkul\u0113nu piedz\u012bvojumiem. Sar\u012bkojums izv\u0113rt\u0101s \u013coti atrakt\u012bvs un sirsn\u012bgs.<\/p>\n<p>Tik\u0161an\u0101s ar rakstnieci notika Saulkrastu novada bibliot\u0113kas projekt\u0101 \u201cLas\u012btava krustojum\u0101\u201d ar Valsts Kult\u016brkapit\u0101la fonda un Saulkrastu novada domes atbalstu. Pateicoties \u0161im finans\u0113jumam, ar\u012b turpm\u0101k pie mums, bibliot\u0113k\u0101, ciemosies rado\u0161i un interesanti cilv\u0113ki. Mart\u0101 un apr\u012bl\u012b aicin\u0101sim uz tik\u0161anos ar popul\u0101r\u0101s b\u0113rnu gr\u0101matu s\u0113rijas \u201cM\u0101kslas detekt\u012bvi\u201d autori Lu\u012bzi Pastori, latvie\u0161u rakstnieci un tulkot\u0101ju, zin\u0101tnisk\u0101s fantastikas un fant\u0101zijas gr\u0101matu autori Lauru Drei\u017ei, k\u0101 ar\u012b rakstnieci, kas vispla\u0161\u0101k raksta Latvijas urb\u0101n\u0101s fant\u0101zijas \u017eanr\u0101 Lindu Nemieru.<\/p>\n<p>&nbsp;<\/p>\n","protected":false},"excerpt":{"rendered":"<p>Att\u0113l\u0101: 2018. gada 22. febru\u0101r\u012b Saulkrastu novada bibliot\u0113kas organiz\u0113taj\u0101 tik\u0161an\u0101s reiz\u0113 ar pirmsskolas izgl\u012bt\u012bbas iest\u0101des \u201cR\u016b\u0137\u012btis\u201d un Zvejniekciema vidusskolas 1. &#8211; 2. kla\u0161u audz\u0113k\u0146iem ierad\u0101s gr\u0101matas \u201cKoko un Riko\u201d autore Evija Gulbe. Vi\u0146a p\u0101rsteidza ne tikai ar ko\u0161aj\u0101m kr\u0101s\u0101m ap\u0123\u0113rb\u0101, bet ar\u012b ar iesp\u0113ju b\u0113rniem pa\u0161iem veidot kr\u0101sainas \u016bsas, sa\u0146emt skaistas karti\u0146as ar \u017eurkul\u0113na p\u0113di\u0146as &hellip; <a href=\"https:\/\/saulkrastubiblioteka.lv\/index.php\/2018\/02\/23\/rakstniece-evija-gulbe-iepriecina-bernus\/\" class=\"more-link\">Turpin\u0101t las\u012bt<span class=\"screen-reader-text\"> &#8220;Rakstniece Evija Gulbe iepriecina b\u0113rnus&#8221;<\/span><\/a><\/p>\n","protected":false},"author":1,"featured_media":0,"comment_status":"closed","ping_status":"open","sticky":false,"template":"","format":"standard","meta":{"footnotes":""},"categories":[52,4,68],"tags":[],"class_list":["post-410","post","type-post","status-publish","format-standard","hentry","category-lasitava-krustojuma-1-karta","category-pasakumi","category-rakstnieki-biblioteka"],"yoast_head":"<!-- This site is optimized with the Yoast SEO plugin v24.2 - https:\/\/yoast.com\/wordpress\/plugins\/seo\/ -->\n<title>Rakstniece Evija Gulbe iepriecina b\u0113rnus - Saulkrastu novada bibliot\u0113ka<\/title>\n<meta name=\"robots\" content=\"index, follow, max-snippet:-1, max-image-preview:large, max-video-preview:-1\" \/>\n<link rel=\"canonical\" href=\"https:\/\/saulkrastubiblioteka.lv\/index.php\/2018\/02\/23\/rakstniece-evija-gulbe-iepriecina-bernus\/\" \/>\n<meta property=\"og:locale\" content=\"lv_LV\" \/>\n<meta property=\"og:type\" content=\"article\" \/>\n<meta property=\"og:title\" content=\"Rakstniece Evija Gulbe iepriecina b\u0113rnus - Saulkrastu novada bibliot\u0113ka\" \/>\n<meta property=\"og:description\" content=\"Att\u0113l\u0101: 2018. gada 22. febru\u0101r\u012b Saulkrastu novada bibliot\u0113kas organiz\u0113taj\u0101 tik\u0161an\u0101s reiz\u0113 ar pirmsskolas izgl\u012bt\u012bbas iest\u0101des \u201cR\u016b\u0137\u012btis\u201d un Zvejniekciema vidusskolas 1. &#8211; 2. kla\u0161u audz\u0113k\u0146iem ierad\u0101s gr\u0101matas \u201cKoko un Riko\u201d autore Evija Gulbe. Vi\u0146a p\u0101rsteidza ne tikai ar ko\u0161aj\u0101m kr\u0101s\u0101m ap\u0123\u0113rb\u0101, bet ar\u012b ar iesp\u0113ju b\u0113rniem pa\u0161iem veidot kr\u0101sainas \u016bsas, sa\u0146emt skaistas karti\u0146as ar \u017eurkul\u0113na p\u0113di\u0146as &hellip; Turpin\u0101t las\u012bt &quot;Rakstniece Evija Gulbe iepriecina b\u0113rnus&quot;\" \/>\n<meta property=\"og:url\" content=\"https:\/\/saulkrastubiblioteka.lv\/index.php\/2018\/02\/23\/rakstniece-evija-gulbe-iepriecina-bernus\/\" \/>\n<meta property=\"og:site_name\" content=\"Saulkrastu novada bibliot\u0113ka\" \/>\n<meta property=\"article:published_time\" content=\"2018-02-23T08:11:15+00:00\" \/>\n<meta property=\"article:modified_time\" content=\"2019-08-21T08:57:59+00:00\" \/>\n<meta property=\"og:image\" content=\"https:\/\/saulkrastubiblioteka.lv\/wp-content\/uploads\/2018\/02\/lapai1-2-1024x525.jpg\" \/>\n<meta name=\"author\" content=\"admin\" \/>\n<meta name=\"twitter:card\" content=\"summary_large_image\" \/>\n<meta name=\"twitter:label1\" content=\"Written by\" \/>\n\t<meta name=\"twitter:data1\" content=\"admin\" \/>\n\t<meta name=\"twitter:label2\" content=\"Est. reading time\" \/>\n\t<meta name=\"twitter:data2\" content=\"2 min\u016btes\" \/>\n<script type=\"application\/ld+json\" class=\"yoast-schema-graph\">{\"@context\":\"https:\/\/schema.org\",\"@graph\":[{\"@type\":\"Article\",\"@id\":\"https:\/\/saulkrastubiblioteka.lv\/index.php\/2018\/02\/23\/rakstniece-evija-gulbe-iepriecina-bernus\/#article\",\"isPartOf\":{\"@id\":\"https:\/\/saulkrastubiblioteka.lv\/index.php\/2018\/02\/23\/rakstniece-evija-gulbe-iepriecina-bernus\/\"},\"author\":{\"name\":\"admin\",\"@id\":\"https:\/\/saulkrastubiblioteka.lv\/#\/schema\/person\/2233277643a53fb60b293d42c1e5f7a2\"},\"headline\":\"Rakstniece Evija Gulbe iepriecina b\u0113rnus\",\"datePublished\":\"2018-02-23T08:11:15+00:00\",\"dateModified\":\"2019-08-21T08:57:59+00:00\",\"mainEntityOfPage\":{\"@id\":\"https:\/\/saulkrastubiblioteka.lv\/index.php\/2018\/02\/23\/rakstniece-evija-gulbe-iepriecina-bernus\/\"},\"wordCount\":385,\"publisher\":{\"@id\":\"https:\/\/saulkrastubiblioteka.lv\/#organization\"},\"image\":{\"@id\":\"https:\/\/saulkrastubiblioteka.lv\/index.php\/2018\/02\/23\/rakstniece-evija-gulbe-iepriecina-bernus\/#primaryimage\"},\"thumbnailUrl\":\"https:\/\/saulkrastubiblioteka.lv\/wp-content\/uploads\/2018\/02\/lapai1-2-1024x525.jpg\",\"articleSection\":[\"Las\u012btava krustojum\u0101. 1.k\u0101rta\",\"Pas\u0101kumi\",\"Rakstnieki bibliot\u0113k\u0101\"],\"inLanguage\":\"lv-LV\"},{\"@type\":\"WebPage\",\"@id\":\"https:\/\/saulkrastubiblioteka.lv\/index.php\/2018\/02\/23\/rakstniece-evija-gulbe-iepriecina-bernus\/\",\"url\":\"https:\/\/saulkrastubiblioteka.lv\/index.php\/2018\/02\/23\/rakstniece-evija-gulbe-iepriecina-bernus\/\",\"name\":\"Rakstniece Evija Gulbe iepriecina b\u0113rnus - Saulkrastu novada bibliot\u0113ka\",\"isPartOf\":{\"@id\":\"https:\/\/saulkrastubiblioteka.lv\/#website\"},\"primaryImageOfPage\":{\"@id\":\"https:\/\/saulkrastubiblioteka.lv\/index.php\/2018\/02\/23\/rakstniece-evija-gulbe-iepriecina-bernus\/#primaryimage\"},\"image\":{\"@id\":\"https:\/\/saulkrastubiblioteka.lv\/index.php\/2018\/02\/23\/rakstniece-evija-gulbe-iepriecina-bernus\/#primaryimage\"},\"thumbnailUrl\":\"https:\/\/saulkrastubiblioteka.lv\/wp-content\/uploads\/2018\/02\/lapai1-2-1024x525.jpg\",\"datePublished\":\"2018-02-23T08:11:15+00:00\",\"dateModified\":\"2019-08-21T08:57:59+00:00\",\"breadcrumb\":{\"@id\":\"https:\/\/saulkrastubiblioteka.lv\/index.php\/2018\/02\/23\/rakstniece-evija-gulbe-iepriecina-bernus\/#breadcrumb\"},\"inLanguage\":\"lv-LV\",\"potentialAction\":[{\"@type\":\"ReadAction\",\"target\":[\"https:\/\/saulkrastubiblioteka.lv\/index.php\/2018\/02\/23\/rakstniece-evija-gulbe-iepriecina-bernus\/\"]}]},{\"@type\":\"ImageObject\",\"inLanguage\":\"lv-LV\",\"@id\":\"https:\/\/saulkrastubiblioteka.lv\/index.php\/2018\/02\/23\/rakstniece-evija-gulbe-iepriecina-bernus\/#primaryimage\",\"url\":\"https:\/\/saulkrastubiblioteka.lv\/wp-content\/uploads\/2018\/02\/lapai1-2.jpg\",\"contentUrl\":\"https:\/\/saulkrastubiblioteka.lv\/wp-content\/uploads\/2018\/02\/lapai1-2.jpg\",\"width\":2544,\"height\":1305},{\"@type\":\"BreadcrumbList\",\"@id\":\"https:\/\/saulkrastubiblioteka.lv\/index.php\/2018\/02\/23\/rakstniece-evija-gulbe-iepriecina-bernus\/#breadcrumb\",\"itemListElement\":[{\"@type\":\"ListItem\",\"position\":1,\"name\":\"Home\",\"item\":\"https:\/\/saulkrastubiblioteka.lv\/\"},{\"@type\":\"ListItem\",\"position\":2,\"name\":\"Rakstniece Evija Gulbe iepriecina b\u0113rnus\"}]},{\"@type\":\"WebSite\",\"@id\":\"https:\/\/saulkrastubiblioteka.lv\/#website\",\"url\":\"https:\/\/saulkrastubiblioteka.lv\/\",\"name\":\"Saulkrastu novada bibliot\u0113ka\",\"description\":\"Vieta, kur labi pavad\u012bt laiku un pab\u016bt mier\u0101\",\"publisher\":{\"@id\":\"https:\/\/saulkrastubiblioteka.lv\/#organization\"},\"potentialAction\":[{\"@type\":\"SearchAction\",\"target\":{\"@type\":\"EntryPoint\",\"urlTemplate\":\"https:\/\/saulkrastubiblioteka.lv\/?s={search_term_string}\"},\"query-input\":{\"@type\":\"PropertyValueSpecification\",\"valueRequired\":true,\"valueName\":\"search_term_string\"}}],\"inLanguage\":\"lv-LV\"},{\"@type\":\"Organization\",\"@id\":\"https:\/\/saulkrastubiblioteka.lv\/#organization\",\"name\":\"Saulkrastu novada bibliot\u0113ka\",\"url\":\"https:\/\/saulkrastubiblioteka.lv\/\",\"logo\":{\"@type\":\"ImageObject\",\"inLanguage\":\"lv-LV\",\"@id\":\"https:\/\/saulkrastubiblioteka.lv\/#\/schema\/logo\/image\/\",\"url\":\"https:\/\/saulkrastubiblioteka.lv\/wp-content\/uploads\/2021\/01\/cropped-logo.png\",\"contentUrl\":\"https:\/\/saulkrastubiblioteka.lv\/wp-content\/uploads\/2021\/01\/cropped-logo.png\",\"width\":240,\"height\":240,\"caption\":\"Saulkrastu novada bibliot\u0113ka\"},\"image\":{\"@id\":\"https:\/\/saulkrastubiblioteka.lv\/#\/schema\/logo\/image\/\"}},{\"@type\":\"Person\",\"@id\":\"https:\/\/saulkrastubiblioteka.lv\/#\/schema\/person\/2233277643a53fb60b293d42c1e5f7a2\",\"name\":\"admin\",\"image\":{\"@type\":\"ImageObject\",\"inLanguage\":\"lv-LV\",\"@id\":\"https:\/\/saulkrastubiblioteka.lv\/#\/schema\/person\/image\/\",\"url\":\"https:\/\/secure.gravatar.com\/avatar\/a5ad3f68569c7df813ab9387f6d30b65?s=96&d=mm&r=g\",\"contentUrl\":\"https:\/\/secure.gravatar.com\/avatar\/a5ad3f68569c7df813ab9387f6d30b65?s=96&d=mm&r=g\",\"caption\":\"admin\"},\"url\":\"https:\/\/saulkrastubiblioteka.lv\/index.php\/author\/info_xjq16vdi\/\"}]}<\/script>\n<!-- \/ Yoast SEO plugin. -->","yoast_head_json":{"title":"Rakstniece Evija Gulbe iepriecina b\u0113rnus - Saulkrastu novada bibliot\u0113ka","robots":{"index":"index","follow":"follow","max-snippet":"max-snippet:-1","max-image-preview":"max-image-preview:large","max-video-preview":"max-video-preview:-1"},"canonical":"https:\/\/saulkrastubiblioteka.lv\/index.php\/2018\/02\/23\/rakstniece-evija-gulbe-iepriecina-bernus\/","og_locale":"lv_LV","og_type":"article","og_title":"Rakstniece Evija Gulbe iepriecina b\u0113rnus - Saulkrastu novada bibliot\u0113ka","og_description":"Att\u0113l\u0101: 2018. gada 22. febru\u0101r\u012b Saulkrastu novada bibliot\u0113kas organiz\u0113taj\u0101 tik\u0161an\u0101s reiz\u0113 ar pirmsskolas izgl\u012bt\u012bbas iest\u0101des \u201cR\u016b\u0137\u012btis\u201d un Zvejniekciema vidusskolas 1. &#8211; 2. kla\u0161u audz\u0113k\u0146iem ierad\u0101s gr\u0101matas \u201cKoko un Riko\u201d autore Evija Gulbe. Vi\u0146a p\u0101rsteidza ne tikai ar ko\u0161aj\u0101m kr\u0101s\u0101m ap\u0123\u0113rb\u0101, bet ar\u012b ar iesp\u0113ju b\u0113rniem pa\u0161iem veidot kr\u0101sainas \u016bsas, sa\u0146emt skaistas karti\u0146as ar \u017eurkul\u0113na p\u0113di\u0146as &hellip; Turpin\u0101t las\u012bt \"Rakstniece Evija Gulbe iepriecina b\u0113rnus\"","og_url":"https:\/\/saulkrastubiblioteka.lv\/index.php\/2018\/02\/23\/rakstniece-evija-gulbe-iepriecina-bernus\/","og_site_name":"Saulkrastu novada bibliot\u0113ka","article_published_time":"2018-02-23T08:11:15+00:00","article_modified_time":"2019-08-21T08:57:59+00:00","og_image":[{"url":"https:\/\/saulkrastubiblioteka.lv\/wp-content\/uploads\/2018\/02\/lapai1-2-1024x525.jpg","type":"","width":"","height":""}],"author":"admin","twitter_card":"summary_large_image","twitter_misc":{"Written by":"admin","Est. reading time":"2 min\u016btes"},"schema":{"@context":"https:\/\/schema.org","@graph":[{"@type":"Article","@id":"https:\/\/saulkrastubiblioteka.lv\/index.php\/2018\/02\/23\/rakstniece-evija-gulbe-iepriecina-bernus\/#article","isPartOf":{"@id":"https:\/\/saulkrastubiblioteka.lv\/index.php\/2018\/02\/23\/rakstniece-evija-gulbe-iepriecina-bernus\/"},"author":{"name":"admin","@id":"https:\/\/saulkrastubiblioteka.lv\/#\/schema\/person\/2233277643a53fb60b293d42c1e5f7a2"},"headline":"Rakstniece Evija Gulbe iepriecina b\u0113rnus","datePublished":"2018-02-23T08:11:15+00:00","dateModified":"2019-08-21T08:57:59+00:00","mainEntityOfPage":{"@id":"https:\/\/saulkrastubiblioteka.lv\/index.php\/2018\/02\/23\/rakstniece-evija-gulbe-iepriecina-bernus\/"},"wordCount":385,"publisher":{"@id":"https:\/\/saulkrastubiblioteka.lv\/#organization"},"image":{"@id":"https:\/\/saulkrastubiblioteka.lv\/index.php\/2018\/02\/23\/rakstniece-evija-gulbe-iepriecina-bernus\/#primaryimage"},"thumbnailUrl":"https:\/\/saulkrastubiblioteka.lv\/wp-content\/uploads\/2018\/02\/lapai1-2-1024x525.jpg","articleSection":["Las\u012btava krustojum\u0101. 1.k\u0101rta","Pas\u0101kumi","Rakstnieki bibliot\u0113k\u0101"],"inLanguage":"lv-LV"},{"@type":"WebPage","@id":"https:\/\/saulkrastubiblioteka.lv\/index.php\/2018\/02\/23\/rakstniece-evija-gulbe-iepriecina-bernus\/","url":"https:\/\/saulkrastubiblioteka.lv\/index.php\/2018\/02\/23\/rakstniece-evija-gulbe-iepriecina-bernus\/","name":"Rakstniece Evija Gulbe iepriecina b\u0113rnus - Saulkrastu novada bibliot\u0113ka","isPartOf":{"@id":"https:\/\/saulkrastubiblioteka.lv\/#website"},"primaryImageOfPage":{"@id":"https:\/\/saulkrastubiblioteka.lv\/index.php\/2018\/02\/23\/rakstniece-evija-gulbe-iepriecina-bernus\/#primaryimage"},"image":{"@id":"https:\/\/saulkrastubiblioteka.lv\/index.php\/2018\/02\/23\/rakstniece-evija-gulbe-iepriecina-bernus\/#primaryimage"},"thumbnailUrl":"https:\/\/saulkrastubiblioteka.lv\/wp-content\/uploads\/2018\/02\/lapai1-2-1024x525.jpg","datePublished":"2018-02-23T08:11:15+00:00","dateModified":"2019-08-21T08:57:59+00:00","breadcrumb":{"@id":"https:\/\/saulkrastubiblioteka.lv\/index.php\/2018\/02\/23\/rakstniece-evija-gulbe-iepriecina-bernus\/#breadcrumb"},"inLanguage":"lv-LV","potentialAction":[{"@type":"ReadAction","target":["https:\/\/saulkrastubiblioteka.lv\/index.php\/2018\/02\/23\/rakstniece-evija-gulbe-iepriecina-bernus\/"]}]},{"@type":"ImageObject","inLanguage":"lv-LV","@id":"https:\/\/saulkrastubiblioteka.lv\/index.php\/2018\/02\/23\/rakstniece-evija-gulbe-iepriecina-bernus\/#primaryimage","url":"https:\/\/saulkrastubiblioteka.lv\/wp-content\/uploads\/2018\/02\/lapai1-2.jpg","contentUrl":"https:\/\/saulkrastubiblioteka.lv\/wp-content\/uploads\/2018\/02\/lapai1-2.jpg","width":2544,"height":1305},{"@type":"BreadcrumbList","@id":"https:\/\/saulkrastubiblioteka.lv\/index.php\/2018\/02\/23\/rakstniece-evija-gulbe-iepriecina-bernus\/#breadcrumb","itemListElement":[{"@type":"ListItem","position":1,"name":"Home","item":"https:\/\/saulkrastubiblioteka.lv\/"},{"@type":"ListItem","position":2,"name":"Rakstniece Evija Gulbe iepriecina b\u0113rnus"}]},{"@type":"WebSite","@id":"https:\/\/saulkrastubiblioteka.lv\/#website","url":"https:\/\/saulkrastubiblioteka.lv\/","name":"Saulkrastu novada bibliot\u0113ka","description":"Vieta, kur labi pavad\u012bt laiku un pab\u016bt mier\u0101","publisher":{"@id":"https:\/\/saulkrastubiblioteka.lv\/#organization"},"potentialAction":[{"@type":"SearchAction","target":{"@type":"EntryPoint","urlTemplate":"https:\/\/saulkrastubiblioteka.lv\/?s={search_term_string}"},"query-input":{"@type":"PropertyValueSpecification","valueRequired":true,"valueName":"search_term_string"}}],"inLanguage":"lv-LV"},{"@type":"Organization","@id":"https:\/\/saulkrastubiblioteka.lv\/#organization","name":"Saulkrastu novada bibliot\u0113ka","url":"https:\/\/saulkrastubiblioteka.lv\/","logo":{"@type":"ImageObject","inLanguage":"lv-LV","@id":"https:\/\/saulkrastubiblioteka.lv\/#\/schema\/logo\/image\/","url":"https:\/\/saulkrastubiblioteka.lv\/wp-content\/uploads\/2021\/01\/cropped-logo.png","contentUrl":"https:\/\/saulkrastubiblioteka.lv\/wp-content\/uploads\/2021\/01\/cropped-logo.png","width":240,"height":240,"caption":"Saulkrastu novada bibliot\u0113ka"},"image":{"@id":"https:\/\/saulkrastubiblioteka.lv\/#\/schema\/logo\/image\/"}},{"@type":"Person","@id":"https:\/\/saulkrastubiblioteka.lv\/#\/schema\/person\/2233277643a53fb60b293d42c1e5f7a2","name":"admin","image":{"@type":"ImageObject","inLanguage":"lv-LV","@id":"https:\/\/saulkrastubiblioteka.lv\/#\/schema\/person\/image\/","url":"https:\/\/secure.gravatar.com\/avatar\/a5ad3f68569c7df813ab9387f6d30b65?s=96&d=mm&r=g","contentUrl":"https:\/\/secure.gravatar.com\/avatar\/a5ad3f68569c7df813ab9387f6d30b65?s=96&d=mm&r=g","caption":"admin"},"url":"https:\/\/saulkrastubiblioteka.lv\/index.php\/author\/info_xjq16vdi\/"}]}},"_links":{"self":[{"href":"https:\/\/saulkrastubiblioteka.lv\/index.php\/wp-json\/wp\/v2\/posts\/410","targetHints":{"allow":["GET"]}}],"collection":[{"href":"https:\/\/saulkrastubiblioteka.lv\/index.php\/wp-json\/wp\/v2\/posts"}],"about":[{"href":"https:\/\/saulkrastubiblioteka.lv\/index.php\/wp-json\/wp\/v2\/types\/post"}],"author":[{"embeddable":true,"href":"https:\/\/saulkrastubiblioteka.lv\/index.php\/wp-json\/wp\/v2\/users\/1"}],"replies":[{"embeddable":true,"href":"https:\/\/saulkrastubiblioteka.lv\/index.php\/wp-json\/wp\/v2\/comments?post=410"}],"version-history":[{"count":4,"href":"https:\/\/saulkrastubiblioteka.lv\/index.php\/wp-json\/wp\/v2\/posts\/410\/revisions"}],"predecessor-version":[{"id":2000,"href":"https:\/\/saulkrastubiblioteka.lv\/index.php\/wp-json\/wp\/v2\/posts\/410\/revisions\/2000"}],"wp:attachment":[{"href":"https:\/\/saulkrastubiblioteka.lv\/index.php\/wp-json\/wp\/v2\/media?parent=410"}],"wp:term":[{"taxonomy":"category","embeddable":true,"href":"https:\/\/saulkrastubiblioteka.lv\/index.php\/wp-json\/wp\/v2\/categories?post=410"},{"taxonomy":"post_tag","embeddable":true,"href":"https:\/\/saulkrastubiblioteka.lv\/index.php\/wp-json\/wp\/v2\/tags?post=410"}],"curies":[{"name":"wp","href":"https:\/\/api.w.org\/{rel}","templated":true}]}}