{"id":3716,"date":"2020-10-15T13:00:07","date_gmt":"2020-10-15T13:00:07","guid":{"rendered":"https:\/\/saulkrastubiblioteka.lv\/?p=3716"},"modified":"2020-10-15T13:04:49","modified_gmt":"2020-10-15T13:04:49","slug":"esi-dala-no-biblio-projekta","status":"publish","type":"post","link":"https:\/\/saulkrastubiblioteka.lv\/index.php\/2020\/10\/15\/esi-dala-no-biblio-projekta\/","title":{"rendered":"Esi da\u013ca no BIBLIO projekta"},"content":{"rendered":"\n<figure class=\"wp-block-image size-large is-resized\"><img decoding=\"async\" src=\"https:\/\/saulkrastubiblioteka.lv\/wp-content\/uploads\/2020\/10\/121611637_1701820069983743_3790610769343785201_o-724x1024.png\" alt=\"\" class=\"wp-image-3717\" width=\"600\" srcset=\"https:\/\/saulkrastubiblioteka.lv\/wp-content\/uploads\/2020\/10\/121611637_1701820069983743_3790610769343785201_o-724x1024.png 724w, https:\/\/saulkrastubiblioteka.lv\/wp-content\/uploads\/2020\/10\/121611637_1701820069983743_3790610769343785201_o-212x300.png 212w, https:\/\/saulkrastubiblioteka.lv\/wp-content\/uploads\/2020\/10\/121611637_1701820069983743_3790610769343785201_o-768x1087.png 768w, https:\/\/saulkrastubiblioteka.lv\/wp-content\/uploads\/2020\/10\/121611637_1701820069983743_3790610769343785201_o.png 843w\" sizes=\"(max-width: 709px) 85vw, (max-width: 909px) 67vw, (max-width: 984px) 61vw, (max-width: 1362px) 45vw, 600px\" \/><\/figure>\n\n\n\n<p>Aicin\u0101m piedal\u012bties <a href=\"https:\/\/www.facebook.com\/hashtag\/erasmusdien%C4%81s?__eep__=6&amp;__cft__[0]=AZX_56OyuslZjOUdhqVcvHjSNyj5JADrzWVoL0HSPYy46_hkpa9D0N17Yi_8mGD1Acx5A1cJ2venHwdXIT1wTY3bwdH8X6v--t7CKyF-8mN2r7pXXhI3XGI2K7C_IwlS1wTkEEAnjM-NvCuRzz-Pi9UQlQqTDPkwFvH25mUO_4jyAqCscbDn4u6x6gL0jncbhnQ&amp;__tn__=*NK-R\">#ErasmusDien\u0101s<\/a>. Jau ceturto gadu norisin\u0101sies Eiropas m\u0113roga iniciat\u012bva #ErasmusDienas 2020, kas \u0161ogad notiek <strong>no 15. l\u012bdz 17.oktobrim.<\/strong> <\/p>\n\n\n\n<p>BIBLIO projekta \u012bstenot\u0101ju konsorcijs, kur\u0101 darbojas ar\u012b Kult\u016bras inform\u0101cijas sist\u0113mu centrs, piedal\u0101s \u0161aj\u0101 iniciat\u012bv\u0101 un tr\u012bs dienu garum\u0101 r\u012bko konkursu bibliot\u0113ku lietot\u0101jiem un iedz\u012bvot\u0101jiem.Ikviens ir aicin\u0101ts pievienoties BIBLIO projektam, lai kop\u0101 nosvin\u0113tu Erasmus+ programmas <a href=\"https:\/\/www.facebook.com\/hashtag\/erasmusdienas?__eep__=6&amp;__cft__[0]=AZX_56OyuslZjOUdhqVcvHjSNyj5JADrzWVoL0HSPYy46_hkpa9D0N17Yi_8mGD1Acx5A1cJ2venHwdXIT1wTY3bwdH8X6v--t7CKyF-8mN2r7pXXhI3XGI2K7C_IwlS1wTkEEAnjM-NvCuRzz-Pi9UQlQqTDPkwFvH25mUO_4jyAqCscbDn4u6x6gL0jncbhnQ&amp;__tn__=*NK-R\">#ErasmusDienas<\/a>. \u0160aj\u0101s tr\u012bs dien\u0101s Erasmus+ projektu \u012bstenot\u0101ji un profesion\u0101\u013ci no visiem izgl\u012bt\u012bbas sektoriem organiz\u0113 da\u017e\u0101dus pas\u0101kumus, komunic\u0113jot par v\u0113rt\u012bb\u0101m, ieguvumiem no mobilit\u0101tes un populariz\u0113 Erasmus+ projektu rezult\u0101tus.<\/p>\n\n\n\n<p><strong>Lai piedal\u012btos konkurs\u0101:<\/strong><br>1. J\u0101apmekl\u0113 sev tuv\u0101k\u0101 bibliot\u0113ka (publisk\u0101, skolas, universit\u0101tes, speci\u0101l\u0101 utt.) un j\u0101uz\u0146em pa\u0161portrets vai grupas foto;<br>2. J\u0101public\u0113 fotogr\u0101fija soci\u0101lajos t\u012bklos (Facebook, Twitter vai Instagram) un kl\u0101t j\u0101pievieno priek\u0161likums \u2013 k\u0101du digit\u0101lu inovat\u012bvu aktivit\u0101ti\/pakalpojumu bibliot\u0113ka var\u0113tu pied\u0101v\u0101t saviem lietot\u0101jiem;<br>3. J\u0101nor\u0101da bibliot\u0113ka, atra\u0161an\u0101s vieta un \u0161\u0101di t\u0113mturi \u2013 <a href=\"https:\/\/www.facebook.com\/hashtag\/erasmusdays?__eep__=6&amp;__cft__[0]=AZX_56OyuslZjOUdhqVcvHjSNyj5JADrzWVoL0HSPYy46_hkpa9D0N17Yi_8mGD1Acx5A1cJ2venHwdXIT1wTY3bwdH8X6v--t7CKyF-8mN2r7pXXhI3XGI2K7C_IwlS1wTkEEAnjM-NvCuRzz-Pi9UQlQqTDPkwFvH25mUO_4jyAqCscbDn4u6x6gL0jncbhnQ&amp;__tn__=*NK-R\">#ErasmusDays<\/a><a href=\"https:\/\/www.facebook.com\/hashtag\/digitalbiblio?__eep__=6&amp;__cft__[0]=AZX_56OyuslZjOUdhqVcvHjSNyj5JADrzWVoL0HSPYy46_hkpa9D0N17Yi_8mGD1Acx5A1cJ2venHwdXIT1wTY3bwdH8X6v--t7CKyF-8mN2r7pXXhI3XGI2K7C_IwlS1wTkEEAnjM-NvCuRzz-Pi9UQlQqTDPkwFvH25mUO_4jyAqCscbDn4u6x6gL0jncbhnQ&amp;__tn__=*NK-R\">#DigitalBiblio<\/a>. Lai public\u0113t\u0101 zi\u0146a noteikti non\u0101ktu l\u012bdz BIBLIO projekta \u012bstenot\u0101jiem, aicin\u0101m zi\u0146\u0101 nor\u0101d\u012bt ar\u012b BIBLIO projekta Facebook un Twitter kontu:<a href=\"https:\/\/www.facebook.com\/DigitalBiblio\/?__cft__[0]=AZX_56OyuslZjOUdhqVcvHjSNyj5JADrzWVoL0HSPYy46_hkpa9D0N17Yi_8mGD1Acx5A1cJ2venHwdXIT1wTY3bwdH8X6v--t7CKyF-8mN2r7pXXhI3XGI2K7C_IwlS1wTkEEAnjM-NvCuRzz-Pi9UQlQqTDPkwFvH25mUO_4jyAqCscbDn4u6x6gL0jncbhnQ&amp;__tn__=kK-R\">https:\/\/www.facebook.com\/DigitalBiblio<\/a><a rel=\"noreferrer noopener\" href=\"https:\/\/l.facebook.com\/l.php?u=https%3A%2F%2Ftwitter.com%2Fdigital_biblio%3Ffbclid%3DIwAR1DONy4uZmpcLL6IYb6uPysrSQZAwVnXZIL9onrIoTHWn4JqHmDsRa91B8&amp;h=AT08tr8xKW7r4scleDGmKKINtudEUGOGGokm7Z8or0sIdvyO7m3Pa-DSoM8tG1sDCeAx2m9GL67ngwrSt4Poz9Clux5eDptYa8TUEaKs4GFWxrR8aBS_0DfKtqriGeO1ttvK&amp;__tn__=-UK-R&amp;c[0]=AT3jleV3edSX0_Z44lDpo3cjyu8FqR-abW5e4QXHHR-QCwrjKIVe7rRzhr0ktOpvlOvE0cN12F3lZwvcYsdtENh-FDOF3nnUDrzCKCSEfQT7NNykHJwzaCOcniQRMMSrmoXZxJE3XMcL4Wn8x-VH_CvsFWmzHTIkjadYMP_a-R1mmtannn5elRV16Rv2aw7_doKdlhyABp6CY4GApjJExmk\" target=\"_blank\">https:\/\/twitter.com\/digital_biblio<\/a><\/p>\n\n\n\n<p>Visrado\u0161\u0101k\u0101s idejas tiks public\u0113tas BIBLIO projekta lap\u0101 un tiks rekomend\u0113tas ievie\u0161anai bibliot\u0113k\u0101s. BIBLIO projekta konsorcija \u017e\u016brija, izv\u0113rt\u0113jot visas iesniegt\u0101s idejas, atlas\u012bs se\u0161as lab\u0101k\u0101s no vis\u0101m projekta dal\u012bbvalst\u012bm, kuru autori sa\u0146ems hoverbordu. Iesniegt\u0101s idejas ar\u012b tiks izmantotas iedvesmai BIBLIO projekta ietvaros \u012bstenotaj\u0101s pieredz\u0113 balst\u012btaj\u0101s bibliotek\u0101ru apm\u0101c\u012bb\u0101s. <\/p>\n","protected":false},"excerpt":{"rendered":"<p>Aicin\u0101m piedal\u012bties #ErasmusDien\u0101s. Jau ceturto gadu norisin\u0101sies Eiropas m\u0113roga iniciat\u012bva #ErasmusDienas 2020, kas \u0161ogad notiek no 15. l\u012bdz 17.oktobrim. BIBLIO projekta \u012bstenot\u0101ju konsorcijs, kur\u0101 darbojas ar\u012b Kult\u016bras inform\u0101cijas sist\u0113mu centrs, piedal\u0101s \u0161aj\u0101 iniciat\u012bv\u0101 un tr\u012bs dienu garum\u0101 r\u012bko konkursu bibliot\u0113ku lietot\u0101jiem un iedz\u012bvot\u0101jiem.Ikviens ir aicin\u0101ts pievienoties BIBLIO projektam, lai kop\u0101 nosvin\u0113tu Erasmus+ programmas #ErasmusDienas. \u0160aj\u0101s &hellip; <a href=\"https:\/\/saulkrastubiblioteka.lv\/index.php\/2020\/10\/15\/esi-dala-no-biblio-projekta\/\" class=\"more-link\">Turpin\u0101t las\u012bt<span class=\"screen-reader-text\"> &#8220;Esi da\u013ca no BIBLIO projekta&#8221;<\/span><\/a><\/p>\n","protected":false},"author":1,"featured_media":0,"comment_status":"closed","ping_status":"open","sticky":false,"template":"","format":"standard","meta":{"footnotes":""},"categories":[13],"tags":[],"class_list":["post-3716","post","type-post","status-publish","format-standard","hentry","category-konkursi"],"yoast_head":"<!-- This site is optimized with the Yoast SEO plugin v24.2 - https:\/\/yoast.com\/wordpress\/plugins\/seo\/ -->\n<title>Esi da\u013ca no BIBLIO projekta - Saulkrastu novada bibliot\u0113ka<\/title>\n<meta name=\"robots\" content=\"index, follow, max-snippet:-1, max-image-preview:large, max-video-preview:-1\" \/>\n<link rel=\"canonical\" href=\"https:\/\/saulkrastubiblioteka.lv\/index.php\/2020\/10\/15\/esi-dala-no-biblio-projekta\/\" \/>\n<meta property=\"og:locale\" content=\"lv_LV\" \/>\n<meta property=\"og:type\" content=\"article\" \/>\n<meta property=\"og:title\" content=\"Esi da\u013ca no BIBLIO projekta - Saulkrastu novada bibliot\u0113ka\" \/>\n<meta property=\"og:description\" content=\"Aicin\u0101m piedal\u012bties #ErasmusDien\u0101s. Jau ceturto gadu norisin\u0101sies Eiropas m\u0113roga iniciat\u012bva #ErasmusDienas 2020, kas \u0161ogad notiek no 15. l\u012bdz 17.oktobrim. BIBLIO projekta \u012bstenot\u0101ju konsorcijs, kur\u0101 darbojas ar\u012b Kult\u016bras inform\u0101cijas sist\u0113mu centrs, piedal\u0101s \u0161aj\u0101 iniciat\u012bv\u0101 un tr\u012bs dienu garum\u0101 r\u012bko konkursu bibliot\u0113ku lietot\u0101jiem un iedz\u012bvot\u0101jiem.Ikviens ir aicin\u0101ts pievienoties BIBLIO projektam, lai kop\u0101 nosvin\u0113tu Erasmus+ programmas #ErasmusDienas. \u0160aj\u0101s &hellip; Turpin\u0101t las\u012bt &quot;Esi da\u013ca no BIBLIO projekta&quot;\" \/>\n<meta property=\"og:url\" content=\"https:\/\/saulkrastubiblioteka.lv\/index.php\/2020\/10\/15\/esi-dala-no-biblio-projekta\/\" \/>\n<meta property=\"og:site_name\" content=\"Saulkrastu novada bibliot\u0113ka\" \/>\n<meta property=\"article:published_time\" content=\"2020-10-15T13:00:07+00:00\" \/>\n<meta property=\"article:modified_time\" content=\"2020-10-15T13:04:49+00:00\" \/>\n<meta property=\"og:image\" content=\"https:\/\/saulkrastubiblioteka.lv\/wp-content\/uploads\/2020\/10\/121611637_1701820069983743_3790610769343785201_o-724x1024.png\" \/>\n<meta name=\"author\" content=\"admin\" \/>\n<meta name=\"twitter:card\" content=\"summary_large_image\" \/>\n<meta name=\"twitter:label1\" content=\"Written by\" \/>\n\t<meta name=\"twitter:data1\" content=\"admin\" \/>\n\t<meta name=\"twitter:label2\" content=\"Est. reading time\" \/>\n\t<meta name=\"twitter:data2\" content=\"2 min\u016btes\" \/>\n<script type=\"application\/ld+json\" class=\"yoast-schema-graph\">{\"@context\":\"https:\/\/schema.org\",\"@graph\":[{\"@type\":\"Article\",\"@id\":\"https:\/\/saulkrastubiblioteka.lv\/index.php\/2020\/10\/15\/esi-dala-no-biblio-projekta\/#article\",\"isPartOf\":{\"@id\":\"https:\/\/saulkrastubiblioteka.lv\/index.php\/2020\/10\/15\/esi-dala-no-biblio-projekta\/\"},\"author\":{\"name\":\"admin\",\"@id\":\"https:\/\/saulkrastubiblioteka.lv\/#\/schema\/person\/2233277643a53fb60b293d42c1e5f7a2\"},\"headline\":\"Esi da\u013ca no BIBLIO projekta\",\"datePublished\":\"2020-10-15T13:00:07+00:00\",\"dateModified\":\"2020-10-15T13:04:49+00:00\",\"mainEntityOfPage\":{\"@id\":\"https:\/\/saulkrastubiblioteka.lv\/index.php\/2020\/10\/15\/esi-dala-no-biblio-projekta\/\"},\"wordCount\":309,\"publisher\":{\"@id\":\"https:\/\/saulkrastubiblioteka.lv\/#organization\"},\"image\":{\"@id\":\"https:\/\/saulkrastubiblioteka.lv\/index.php\/2020\/10\/15\/esi-dala-no-biblio-projekta\/#primaryimage\"},\"thumbnailUrl\":\"https:\/\/saulkrastubiblioteka.lv\/wp-content\/uploads\/2020\/10\/121611637_1701820069983743_3790610769343785201_o-724x1024.png\",\"articleSection\":[\"Konkursi\"],\"inLanguage\":\"lv-LV\"},{\"@type\":\"WebPage\",\"@id\":\"https:\/\/saulkrastubiblioteka.lv\/index.php\/2020\/10\/15\/esi-dala-no-biblio-projekta\/\",\"url\":\"https:\/\/saulkrastubiblioteka.lv\/index.php\/2020\/10\/15\/esi-dala-no-biblio-projekta\/\",\"name\":\"Esi da\u013ca no BIBLIO projekta - Saulkrastu novada bibliot\u0113ka\",\"isPartOf\":{\"@id\":\"https:\/\/saulkrastubiblioteka.lv\/#website\"},\"primaryImageOfPage\":{\"@id\":\"https:\/\/saulkrastubiblioteka.lv\/index.php\/2020\/10\/15\/esi-dala-no-biblio-projekta\/#primaryimage\"},\"image\":{\"@id\":\"https:\/\/saulkrastubiblioteka.lv\/index.php\/2020\/10\/15\/esi-dala-no-biblio-projekta\/#primaryimage\"},\"thumbnailUrl\":\"https:\/\/saulkrastubiblioteka.lv\/wp-content\/uploads\/2020\/10\/121611637_1701820069983743_3790610769343785201_o-724x1024.png\",\"datePublished\":\"2020-10-15T13:00:07+00:00\",\"dateModified\":\"2020-10-15T13:04:49+00:00\",\"breadcrumb\":{\"@id\":\"https:\/\/saulkrastubiblioteka.lv\/index.php\/2020\/10\/15\/esi-dala-no-biblio-projekta\/#breadcrumb\"},\"inLanguage\":\"lv-LV\",\"potentialAction\":[{\"@type\":\"ReadAction\",\"target\":[\"https:\/\/saulkrastubiblioteka.lv\/index.php\/2020\/10\/15\/esi-dala-no-biblio-projekta\/\"]}]},{\"@type\":\"ImageObject\",\"inLanguage\":\"lv-LV\",\"@id\":\"https:\/\/saulkrastubiblioteka.lv\/index.php\/2020\/10\/15\/esi-dala-no-biblio-projekta\/#primaryimage\",\"url\":\"https:\/\/saulkrastubiblioteka.lv\/wp-content\/uploads\/2020\/10\/121611637_1701820069983743_3790610769343785201_o.png\",\"contentUrl\":\"https:\/\/saulkrastubiblioteka.lv\/wp-content\/uploads\/2020\/10\/121611637_1701820069983743_3790610769343785201_o.png\",\"width\":843,\"height\":1193},{\"@type\":\"BreadcrumbList\",\"@id\":\"https:\/\/saulkrastubiblioteka.lv\/index.php\/2020\/10\/15\/esi-dala-no-biblio-projekta\/#breadcrumb\",\"itemListElement\":[{\"@type\":\"ListItem\",\"position\":1,\"name\":\"Home\",\"item\":\"https:\/\/saulkrastubiblioteka.lv\/\"},{\"@type\":\"ListItem\",\"position\":2,\"name\":\"Esi da\u013ca no BIBLIO projekta\"}]},{\"@type\":\"WebSite\",\"@id\":\"https:\/\/saulkrastubiblioteka.lv\/#website\",\"url\":\"https:\/\/saulkrastubiblioteka.lv\/\",\"name\":\"Saulkrastu novada bibliot\u0113ka\",\"description\":\"Vieta, kur labi pavad\u012bt laiku un pab\u016bt mier\u0101\",\"publisher\":{\"@id\":\"https:\/\/saulkrastubiblioteka.lv\/#organization\"},\"potentialAction\":[{\"@type\":\"SearchAction\",\"target\":{\"@type\":\"EntryPoint\",\"urlTemplate\":\"https:\/\/saulkrastubiblioteka.lv\/?s={search_term_string}\"},\"query-input\":{\"@type\":\"PropertyValueSpecification\",\"valueRequired\":true,\"valueName\":\"search_term_string\"}}],\"inLanguage\":\"lv-LV\"},{\"@type\":\"Organization\",\"@id\":\"https:\/\/saulkrastubiblioteka.lv\/#organization\",\"name\":\"Saulkrastu novada bibliot\u0113ka\",\"url\":\"https:\/\/saulkrastubiblioteka.lv\/\",\"logo\":{\"@type\":\"ImageObject\",\"inLanguage\":\"lv-LV\",\"@id\":\"https:\/\/saulkrastubiblioteka.lv\/#\/schema\/logo\/image\/\",\"url\":\"https:\/\/saulkrastubiblioteka.lv\/wp-content\/uploads\/2021\/01\/cropped-logo.png\",\"contentUrl\":\"https:\/\/saulkrastubiblioteka.lv\/wp-content\/uploads\/2021\/01\/cropped-logo.png\",\"width\":240,\"height\":240,\"caption\":\"Saulkrastu novada bibliot\u0113ka\"},\"image\":{\"@id\":\"https:\/\/saulkrastubiblioteka.lv\/#\/schema\/logo\/image\/\"}},{\"@type\":\"Person\",\"@id\":\"https:\/\/saulkrastubiblioteka.lv\/#\/schema\/person\/2233277643a53fb60b293d42c1e5f7a2\",\"name\":\"admin\",\"image\":{\"@type\":\"ImageObject\",\"inLanguage\":\"lv-LV\",\"@id\":\"https:\/\/saulkrastubiblioteka.lv\/#\/schema\/person\/image\/\",\"url\":\"https:\/\/secure.gravatar.com\/avatar\/a5ad3f68569c7df813ab9387f6d30b65?s=96&d=mm&r=g\",\"contentUrl\":\"https:\/\/secure.gravatar.com\/avatar\/a5ad3f68569c7df813ab9387f6d30b65?s=96&d=mm&r=g\",\"caption\":\"admin\"},\"url\":\"https:\/\/saulkrastubiblioteka.lv\/index.php\/author\/info_xjq16vdi\/\"}]}<\/script>\n<!-- \/ Yoast SEO plugin. -->","yoast_head_json":{"title":"Esi da\u013ca no BIBLIO projekta - Saulkrastu novada bibliot\u0113ka","robots":{"index":"index","follow":"follow","max-snippet":"max-snippet:-1","max-image-preview":"max-image-preview:large","max-video-preview":"max-video-preview:-1"},"canonical":"https:\/\/saulkrastubiblioteka.lv\/index.php\/2020\/10\/15\/esi-dala-no-biblio-projekta\/","og_locale":"lv_LV","og_type":"article","og_title":"Esi da\u013ca no BIBLIO projekta - Saulkrastu novada bibliot\u0113ka","og_description":"Aicin\u0101m piedal\u012bties #ErasmusDien\u0101s. Jau ceturto gadu norisin\u0101sies Eiropas m\u0113roga iniciat\u012bva #ErasmusDienas 2020, kas \u0161ogad notiek no 15. l\u012bdz 17.oktobrim. BIBLIO projekta \u012bstenot\u0101ju konsorcijs, kur\u0101 darbojas ar\u012b Kult\u016bras inform\u0101cijas sist\u0113mu centrs, piedal\u0101s \u0161aj\u0101 iniciat\u012bv\u0101 un tr\u012bs dienu garum\u0101 r\u012bko konkursu bibliot\u0113ku lietot\u0101jiem un iedz\u012bvot\u0101jiem.Ikviens ir aicin\u0101ts pievienoties BIBLIO projektam, lai kop\u0101 nosvin\u0113tu Erasmus+ programmas #ErasmusDienas. \u0160aj\u0101s &hellip; Turpin\u0101t las\u012bt \"Esi da\u013ca no BIBLIO projekta\"","og_url":"https:\/\/saulkrastubiblioteka.lv\/index.php\/2020\/10\/15\/esi-dala-no-biblio-projekta\/","og_site_name":"Saulkrastu novada bibliot\u0113ka","article_published_time":"2020-10-15T13:00:07+00:00","article_modified_time":"2020-10-15T13:04:49+00:00","og_image":[{"url":"https:\/\/saulkrastubiblioteka.lv\/wp-content\/uploads\/2020\/10\/121611637_1701820069983743_3790610769343785201_o-724x1024.png","type":"","width":"","height":""}],"author":"admin","twitter_card":"summary_large_image","twitter_misc":{"Written by":"admin","Est. reading time":"2 min\u016btes"},"schema":{"@context":"https:\/\/schema.org","@graph":[{"@type":"Article","@id":"https:\/\/saulkrastubiblioteka.lv\/index.php\/2020\/10\/15\/esi-dala-no-biblio-projekta\/#article","isPartOf":{"@id":"https:\/\/saulkrastubiblioteka.lv\/index.php\/2020\/10\/15\/esi-dala-no-biblio-projekta\/"},"author":{"name":"admin","@id":"https:\/\/saulkrastubiblioteka.lv\/#\/schema\/person\/2233277643a53fb60b293d42c1e5f7a2"},"headline":"Esi da\u013ca no BIBLIO projekta","datePublished":"2020-10-15T13:00:07+00:00","dateModified":"2020-10-15T13:04:49+00:00","mainEntityOfPage":{"@id":"https:\/\/saulkrastubiblioteka.lv\/index.php\/2020\/10\/15\/esi-dala-no-biblio-projekta\/"},"wordCount":309,"publisher":{"@id":"https:\/\/saulkrastubiblioteka.lv\/#organization"},"image":{"@id":"https:\/\/saulkrastubiblioteka.lv\/index.php\/2020\/10\/15\/esi-dala-no-biblio-projekta\/#primaryimage"},"thumbnailUrl":"https:\/\/saulkrastubiblioteka.lv\/wp-content\/uploads\/2020\/10\/121611637_1701820069983743_3790610769343785201_o-724x1024.png","articleSection":["Konkursi"],"inLanguage":"lv-LV"},{"@type":"WebPage","@id":"https:\/\/saulkrastubiblioteka.lv\/index.php\/2020\/10\/15\/esi-dala-no-biblio-projekta\/","url":"https:\/\/saulkrastubiblioteka.lv\/index.php\/2020\/10\/15\/esi-dala-no-biblio-projekta\/","name":"Esi da\u013ca no BIBLIO projekta - Saulkrastu novada bibliot\u0113ka","isPartOf":{"@id":"https:\/\/saulkrastubiblioteka.lv\/#website"},"primaryImageOfPage":{"@id":"https:\/\/saulkrastubiblioteka.lv\/index.php\/2020\/10\/15\/esi-dala-no-biblio-projekta\/#primaryimage"},"image":{"@id":"https:\/\/saulkrastubiblioteka.lv\/index.php\/2020\/10\/15\/esi-dala-no-biblio-projekta\/#primaryimage"},"thumbnailUrl":"https:\/\/saulkrastubiblioteka.lv\/wp-content\/uploads\/2020\/10\/121611637_1701820069983743_3790610769343785201_o-724x1024.png","datePublished":"2020-10-15T13:00:07+00:00","dateModified":"2020-10-15T13:04:49+00:00","breadcrumb":{"@id":"https:\/\/saulkrastubiblioteka.lv\/index.php\/2020\/10\/15\/esi-dala-no-biblio-projekta\/#breadcrumb"},"inLanguage":"lv-LV","potentialAction":[{"@type":"ReadAction","target":["https:\/\/saulkrastubiblioteka.lv\/index.php\/2020\/10\/15\/esi-dala-no-biblio-projekta\/"]}]},{"@type":"ImageObject","inLanguage":"lv-LV","@id":"https:\/\/saulkrastubiblioteka.lv\/index.php\/2020\/10\/15\/esi-dala-no-biblio-projekta\/#primaryimage","url":"https:\/\/saulkrastubiblioteka.lv\/wp-content\/uploads\/2020\/10\/121611637_1701820069983743_3790610769343785201_o.png","contentUrl":"https:\/\/saulkrastubiblioteka.lv\/wp-content\/uploads\/2020\/10\/121611637_1701820069983743_3790610769343785201_o.png","width":843,"height":1193},{"@type":"BreadcrumbList","@id":"https:\/\/saulkrastubiblioteka.lv\/index.php\/2020\/10\/15\/esi-dala-no-biblio-projekta\/#breadcrumb","itemListElement":[{"@type":"ListItem","position":1,"name":"Home","item":"https:\/\/saulkrastubiblioteka.lv\/"},{"@type":"ListItem","position":2,"name":"Esi da\u013ca no BIBLIO projekta"}]},{"@type":"WebSite","@id":"https:\/\/saulkrastubiblioteka.lv\/#website","url":"https:\/\/saulkrastubiblioteka.lv\/","name":"Saulkrastu novada bibliot\u0113ka","description":"Vieta, kur labi pavad\u012bt laiku un pab\u016bt mier\u0101","publisher":{"@id":"https:\/\/saulkrastubiblioteka.lv\/#organization"},"potentialAction":[{"@type":"SearchAction","target":{"@type":"EntryPoint","urlTemplate":"https:\/\/saulkrastubiblioteka.lv\/?s={search_term_string}"},"query-input":{"@type":"PropertyValueSpecification","valueRequired":true,"valueName":"search_term_string"}}],"inLanguage":"lv-LV"},{"@type":"Organization","@id":"https:\/\/saulkrastubiblioteka.lv\/#organization","name":"Saulkrastu novada bibliot\u0113ka","url":"https:\/\/saulkrastubiblioteka.lv\/","logo":{"@type":"ImageObject","inLanguage":"lv-LV","@id":"https:\/\/saulkrastubiblioteka.lv\/#\/schema\/logo\/image\/","url":"https:\/\/saulkrastubiblioteka.lv\/wp-content\/uploads\/2021\/01\/cropped-logo.png","contentUrl":"https:\/\/saulkrastubiblioteka.lv\/wp-content\/uploads\/2021\/01\/cropped-logo.png","width":240,"height":240,"caption":"Saulkrastu novada bibliot\u0113ka"},"image":{"@id":"https:\/\/saulkrastubiblioteka.lv\/#\/schema\/logo\/image\/"}},{"@type":"Person","@id":"https:\/\/saulkrastubiblioteka.lv\/#\/schema\/person\/2233277643a53fb60b293d42c1e5f7a2","name":"admin","image":{"@type":"ImageObject","inLanguage":"lv-LV","@id":"https:\/\/saulkrastubiblioteka.lv\/#\/schema\/person\/image\/","url":"https:\/\/secure.gravatar.com\/avatar\/a5ad3f68569c7df813ab9387f6d30b65?s=96&d=mm&r=g","contentUrl":"https:\/\/secure.gravatar.com\/avatar\/a5ad3f68569c7df813ab9387f6d30b65?s=96&d=mm&r=g","caption":"admin"},"url":"https:\/\/saulkrastubiblioteka.lv\/index.php\/author\/info_xjq16vdi\/"}]}},"_links":{"self":[{"href":"https:\/\/saulkrastubiblioteka.lv\/index.php\/wp-json\/wp\/v2\/posts\/3716","targetHints":{"allow":["GET"]}}],"collection":[{"href":"https:\/\/saulkrastubiblioteka.lv\/index.php\/wp-json\/wp\/v2\/posts"}],"about":[{"href":"https:\/\/saulkrastubiblioteka.lv\/index.php\/wp-json\/wp\/v2\/types\/post"}],"author":[{"embeddable":true,"href":"https:\/\/saulkrastubiblioteka.lv\/index.php\/wp-json\/wp\/v2\/users\/1"}],"replies":[{"embeddable":true,"href":"https:\/\/saulkrastubiblioteka.lv\/index.php\/wp-json\/wp\/v2\/comments?post=3716"}],"version-history":[{"count":2,"href":"https:\/\/saulkrastubiblioteka.lv\/index.php\/wp-json\/wp\/v2\/posts\/3716\/revisions"}],"predecessor-version":[{"id":3720,"href":"https:\/\/saulkrastubiblioteka.lv\/index.php\/wp-json\/wp\/v2\/posts\/3716\/revisions\/3720"}],"wp:attachment":[{"href":"https:\/\/saulkrastubiblioteka.lv\/index.php\/wp-json\/wp\/v2\/media?parent=3716"}],"wp:term":[{"taxonomy":"category","embeddable":true,"href":"https:\/\/saulkrastubiblioteka.lv\/index.php\/wp-json\/wp\/v2\/categories?post=3716"},{"taxonomy":"post_tag","embeddable":true,"href":"https:\/\/saulkrastubiblioteka.lv\/index.php\/wp-json\/wp\/v2\/tags?post=3716"}],"curies":[{"name":"wp","href":"https:\/\/api.w.org\/{rel}","templated":true}]}}