{"id":370,"date":"2018-02-12T12:52:29","date_gmt":"2018-02-12T12:52:29","guid":{"rendered":"https:\/\/saulkrastubiblioteka.lv\/?p=370"},"modified":"2019-08-21T09:01:44","modified_gmt":"2019-08-21T09:01:44","slug":"kopa-ar-rakstnieci-ielecam-pasaka","status":"publish","type":"post","link":"https:\/\/saulkrastubiblioteka.lv\/index.php\/2018\/02\/12\/kopa-ar-rakstnieci-ielecam-pasaka\/","title":{"rendered":"Kop\u0101 ar rakstnieci ielec\u0101m pasak\u0101"},"content":{"rendered":"<p><img loading=\"lazy\" decoding=\"async\" class=\"alignnone size-full wp-image-371\" src=\"https:\/\/saulkrastubiblioteka.lv\/wp-content\/uploads\/2018\/02\/lapai1.jpg\" alt=\"\" width=\"978\" height=\"621\" srcset=\"https:\/\/saulkrastubiblioteka.lv\/wp-content\/uploads\/2018\/02\/lapai1.jpg 978w, https:\/\/saulkrastubiblioteka.lv\/wp-content\/uploads\/2018\/02\/lapai1-300x190.jpg 300w, https:\/\/saulkrastubiblioteka.lv\/wp-content\/uploads\/2018\/02\/lapai1-768x488.jpg 768w\" sizes=\"auto, (max-width: 709px) 85vw, (max-width: 909px) 67vw, (max-width: 1362px) 62vw, 840px\" \/><\/p>\n<p>Att\u0113l\u0101: <em>2018. gada 12. febru\u0101r\u012b Saulkrastu novada bibliot\u0113k\u0101 un Zvejniekciema vidusskol\u0101 viesoj\u0101s rakstniece Lilija Berzinska.<\/em><\/p>\n<p>Rakstnieces p\u016br\u0101 ir vair\u0101kas b\u0113rnu gr\u0101matas. Vi\u0146a ne tikai raksta gr\u0101matas, bet ar\u012b t\u0101s ilustr\u0113. T\u0101pat autore nodarbojas ar tulko\u0161anu.<\/p>\n<p><!--more--><\/p>\n<p>Pas\u0101kumos piedal\u012bj\u0101s Saulkrastu vidusskolas 2. a un 2. b klases skol\u0113ni, k\u0101 ar\u012b Zvejniekciema vidusskolas 3. klases audz\u0113k\u0146i, kuri gan uzc\u012bt\u012bgi klaus\u012bj\u0101s rakstnieces st\u0101stos un las\u012btaj\u0101 pasak\u0101, gan st\u0101st<span class=\"text_exposed_show\">\u012bja par sav\u0101m m\u012b\u013c\u0101kaj\u0101m gr\u0101mat\u0101m, to varo\u0146iem un saviem las\u012b\u0161anas ieradumiem. B\u0113rni uzdeva rakstniecei daudzus un da\u017e\u0101dus jaut\u0101jumus. Saruna rais\u012bj\u0101s dz\u012bva un spraiga.<\/span><\/p>\n<div class=\"text_exposed_show\">\n<p>Projekts &#8220;Las\u012btava krustojum\u0101&#8221;, kur\u0101 r\u012bkoja \u0161o tik\u0161anos, tiek \u012bstenots ar Valsts kult\u016brkapit\u0101la fonda atbalstu.<\/p>\n<p>Pla\u0161\u0101k par notiku\u0161o pas\u0101kumu lasiet Saulkrastu Domes zi\u0146\u0101s MARTA numur\u0101.<\/p>\n<\/div>\n","protected":false},"excerpt":{"rendered":"<p>Att\u0113l\u0101: 2018. gada 12. febru\u0101r\u012b Saulkrastu novada bibliot\u0113k\u0101 un Zvejniekciema vidusskol\u0101 viesoj\u0101s rakstniece Lilija Berzinska. Rakstnieces p\u016br\u0101 ir vair\u0101kas b\u0113rnu gr\u0101matas. Vi\u0146a ne tikai raksta gr\u0101matas, bet ar\u012b t\u0101s ilustr\u0113. T\u0101pat autore nodarbojas ar tulko\u0161anu.<\/p>\n","protected":false},"author":1,"featured_media":0,"comment_status":"open","ping_status":"open","sticky":false,"template":"","format":"standard","meta":{"footnotes":""},"categories":[52,4,68],"tags":[],"class_list":["post-370","post","type-post","status-publish","format-standard","hentry","category-lasitava-krustojuma-1-karta","category-pasakumi","category-rakstnieki-biblioteka"],"yoast_head":"<!-- This site is optimized with the Yoast SEO plugin v24.2 - https:\/\/yoast.com\/wordpress\/plugins\/seo\/ -->\n<title>Kop\u0101 ar rakstnieci ielec\u0101m pasak\u0101 - Saulkrastu novada bibliot\u0113ka<\/title>\n<meta name=\"robots\" content=\"index, follow, max-snippet:-1, max-image-preview:large, max-video-preview:-1\" \/>\n<link rel=\"canonical\" href=\"https:\/\/saulkrastubiblioteka.lv\/index.php\/2018\/02\/12\/kopa-ar-rakstnieci-ielecam-pasaka\/\" \/>\n<meta property=\"og:locale\" content=\"lv_LV\" \/>\n<meta property=\"og:type\" content=\"article\" \/>\n<meta property=\"og:title\" content=\"Kop\u0101 ar rakstnieci ielec\u0101m pasak\u0101 - Saulkrastu novada bibliot\u0113ka\" \/>\n<meta property=\"og:description\" content=\"Att\u0113l\u0101: 2018. gada 12. febru\u0101r\u012b Saulkrastu novada bibliot\u0113k\u0101 un Zvejniekciema vidusskol\u0101 viesoj\u0101s rakstniece Lilija Berzinska. Rakstnieces p\u016br\u0101 ir vair\u0101kas b\u0113rnu gr\u0101matas. Vi\u0146a ne tikai raksta gr\u0101matas, bet ar\u012b t\u0101s ilustr\u0113. T\u0101pat autore nodarbojas ar tulko\u0161anu.\" \/>\n<meta property=\"og:url\" content=\"https:\/\/saulkrastubiblioteka.lv\/index.php\/2018\/02\/12\/kopa-ar-rakstnieci-ielecam-pasaka\/\" \/>\n<meta property=\"og:site_name\" content=\"Saulkrastu novada bibliot\u0113ka\" \/>\n<meta property=\"article:published_time\" content=\"2018-02-12T12:52:29+00:00\" \/>\n<meta property=\"article:modified_time\" content=\"2019-08-21T09:01:44+00:00\" \/>\n<meta property=\"og:image\" content=\"https:\/\/saulkrastubiblioteka.lv\/wp-content\/uploads\/2018\/02\/lapai1.jpg\" \/>\n<meta name=\"author\" content=\"admin\" \/>\n<meta name=\"twitter:card\" content=\"summary_large_image\" \/>\n<meta name=\"twitter:label1\" content=\"Written by\" \/>\n\t<meta name=\"twitter:data1\" content=\"admin\" \/>\n\t<meta name=\"twitter:label2\" content=\"Est. reading time\" \/>\n\t<meta name=\"twitter:data2\" content=\"1 min\u016bte\" \/>\n<script type=\"application\/ld+json\" class=\"yoast-schema-graph\">{\"@context\":\"https:\/\/schema.org\",\"@graph\":[{\"@type\":\"Article\",\"@id\":\"https:\/\/saulkrastubiblioteka.lv\/index.php\/2018\/02\/12\/kopa-ar-rakstnieci-ielecam-pasaka\/#article\",\"isPartOf\":{\"@id\":\"https:\/\/saulkrastubiblioteka.lv\/index.php\/2018\/02\/12\/kopa-ar-rakstnieci-ielecam-pasaka\/\"},\"author\":{\"name\":\"admin\",\"@id\":\"https:\/\/saulkrastubiblioteka.lv\/#\/schema\/person\/2233277643a53fb60b293d42c1e5f7a2\"},\"headline\":\"Kop\u0101 ar rakstnieci ielec\u0101m pasak\u0101\",\"datePublished\":\"2018-02-12T12:52:29+00:00\",\"dateModified\":\"2019-08-21T09:01:44+00:00\",\"mainEntityOfPage\":{\"@id\":\"https:\/\/saulkrastubiblioteka.lv\/index.php\/2018\/02\/12\/kopa-ar-rakstnieci-ielecam-pasaka\/\"},\"wordCount\":160,\"commentCount\":0,\"publisher\":{\"@id\":\"https:\/\/saulkrastubiblioteka.lv\/#organization\"},\"image\":{\"@id\":\"https:\/\/saulkrastubiblioteka.lv\/index.php\/2018\/02\/12\/kopa-ar-rakstnieci-ielecam-pasaka\/#primaryimage\"},\"thumbnailUrl\":\"https:\/\/saulkrastubiblioteka.lv\/wp-content\/uploads\/2018\/02\/lapai1.jpg\",\"articleSection\":[\"Las\u012btava krustojum\u0101. 1.k\u0101rta\",\"Pas\u0101kumi\",\"Rakstnieki bibliot\u0113k\u0101\"],\"inLanguage\":\"lv-LV\",\"potentialAction\":[{\"@type\":\"CommentAction\",\"name\":\"Comment\",\"target\":[\"https:\/\/saulkrastubiblioteka.lv\/index.php\/2018\/02\/12\/kopa-ar-rakstnieci-ielecam-pasaka\/#respond\"]}]},{\"@type\":\"WebPage\",\"@id\":\"https:\/\/saulkrastubiblioteka.lv\/index.php\/2018\/02\/12\/kopa-ar-rakstnieci-ielecam-pasaka\/\",\"url\":\"https:\/\/saulkrastubiblioteka.lv\/index.php\/2018\/02\/12\/kopa-ar-rakstnieci-ielecam-pasaka\/\",\"name\":\"Kop\u0101 ar rakstnieci ielec\u0101m pasak\u0101 - Saulkrastu novada bibliot\u0113ka\",\"isPartOf\":{\"@id\":\"https:\/\/saulkrastubiblioteka.lv\/#website\"},\"primaryImageOfPage\":{\"@id\":\"https:\/\/saulkrastubiblioteka.lv\/index.php\/2018\/02\/12\/kopa-ar-rakstnieci-ielecam-pasaka\/#primaryimage\"},\"image\":{\"@id\":\"https:\/\/saulkrastubiblioteka.lv\/index.php\/2018\/02\/12\/kopa-ar-rakstnieci-ielecam-pasaka\/#primaryimage\"},\"thumbnailUrl\":\"https:\/\/saulkrastubiblioteka.lv\/wp-content\/uploads\/2018\/02\/lapai1.jpg\",\"datePublished\":\"2018-02-12T12:52:29+00:00\",\"dateModified\":\"2019-08-21T09:01:44+00:00\",\"breadcrumb\":{\"@id\":\"https:\/\/saulkrastubiblioteka.lv\/index.php\/2018\/02\/12\/kopa-ar-rakstnieci-ielecam-pasaka\/#breadcrumb\"},\"inLanguage\":\"lv-LV\",\"potentialAction\":[{\"@type\":\"ReadAction\",\"target\":[\"https:\/\/saulkrastubiblioteka.lv\/index.php\/2018\/02\/12\/kopa-ar-rakstnieci-ielecam-pasaka\/\"]}]},{\"@type\":\"ImageObject\",\"inLanguage\":\"lv-LV\",\"@id\":\"https:\/\/saulkrastubiblioteka.lv\/index.php\/2018\/02\/12\/kopa-ar-rakstnieci-ielecam-pasaka\/#primaryimage\",\"url\":\"https:\/\/saulkrastubiblioteka.lv\/wp-content\/uploads\/2018\/02\/lapai1.jpg\",\"contentUrl\":\"https:\/\/saulkrastubiblioteka.lv\/wp-content\/uploads\/2018\/02\/lapai1.jpg\",\"width\":978,\"height\":621},{\"@type\":\"BreadcrumbList\",\"@id\":\"https:\/\/saulkrastubiblioteka.lv\/index.php\/2018\/02\/12\/kopa-ar-rakstnieci-ielecam-pasaka\/#breadcrumb\",\"itemListElement\":[{\"@type\":\"ListItem\",\"position\":1,\"name\":\"Home\",\"item\":\"https:\/\/saulkrastubiblioteka.lv\/\"},{\"@type\":\"ListItem\",\"position\":2,\"name\":\"Kop\u0101 ar rakstnieci ielec\u0101m pasak\u0101\"}]},{\"@type\":\"WebSite\",\"@id\":\"https:\/\/saulkrastubiblioteka.lv\/#website\",\"url\":\"https:\/\/saulkrastubiblioteka.lv\/\",\"name\":\"Saulkrastu novada bibliot\u0113ka\",\"description\":\"Vieta, kur labi pavad\u012bt laiku un pab\u016bt mier\u0101\",\"publisher\":{\"@id\":\"https:\/\/saulkrastubiblioteka.lv\/#organization\"},\"potentialAction\":[{\"@type\":\"SearchAction\",\"target\":{\"@type\":\"EntryPoint\",\"urlTemplate\":\"https:\/\/saulkrastubiblioteka.lv\/?s={search_term_string}\"},\"query-input\":{\"@type\":\"PropertyValueSpecification\",\"valueRequired\":true,\"valueName\":\"search_term_string\"}}],\"inLanguage\":\"lv-LV\"},{\"@type\":\"Organization\",\"@id\":\"https:\/\/saulkrastubiblioteka.lv\/#organization\",\"name\":\"Saulkrastu novada bibliot\u0113ka\",\"url\":\"https:\/\/saulkrastubiblioteka.lv\/\",\"logo\":{\"@type\":\"ImageObject\",\"inLanguage\":\"lv-LV\",\"@id\":\"https:\/\/saulkrastubiblioteka.lv\/#\/schema\/logo\/image\/\",\"url\":\"https:\/\/saulkrastubiblioteka.lv\/wp-content\/uploads\/2021\/01\/cropped-logo.png\",\"contentUrl\":\"https:\/\/saulkrastubiblioteka.lv\/wp-content\/uploads\/2021\/01\/cropped-logo.png\",\"width\":240,\"height\":240,\"caption\":\"Saulkrastu novada bibliot\u0113ka\"},\"image\":{\"@id\":\"https:\/\/saulkrastubiblioteka.lv\/#\/schema\/logo\/image\/\"}},{\"@type\":\"Person\",\"@id\":\"https:\/\/saulkrastubiblioteka.lv\/#\/schema\/person\/2233277643a53fb60b293d42c1e5f7a2\",\"name\":\"admin\",\"image\":{\"@type\":\"ImageObject\",\"inLanguage\":\"lv-LV\",\"@id\":\"https:\/\/saulkrastubiblioteka.lv\/#\/schema\/person\/image\/\",\"url\":\"https:\/\/secure.gravatar.com\/avatar\/a5ad3f68569c7df813ab9387f6d30b65?s=96&d=mm&r=g\",\"contentUrl\":\"https:\/\/secure.gravatar.com\/avatar\/a5ad3f68569c7df813ab9387f6d30b65?s=96&d=mm&r=g\",\"caption\":\"admin\"},\"url\":\"https:\/\/saulkrastubiblioteka.lv\/index.php\/author\/info_xjq16vdi\/\"}]}<\/script>\n<!-- \/ Yoast SEO plugin. -->","yoast_head_json":{"title":"Kop\u0101 ar rakstnieci ielec\u0101m pasak\u0101 - Saulkrastu novada bibliot\u0113ka","robots":{"index":"index","follow":"follow","max-snippet":"max-snippet:-1","max-image-preview":"max-image-preview:large","max-video-preview":"max-video-preview:-1"},"canonical":"https:\/\/saulkrastubiblioteka.lv\/index.php\/2018\/02\/12\/kopa-ar-rakstnieci-ielecam-pasaka\/","og_locale":"lv_LV","og_type":"article","og_title":"Kop\u0101 ar rakstnieci ielec\u0101m pasak\u0101 - Saulkrastu novada bibliot\u0113ka","og_description":"Att\u0113l\u0101: 2018. gada 12. febru\u0101r\u012b Saulkrastu novada bibliot\u0113k\u0101 un Zvejniekciema vidusskol\u0101 viesoj\u0101s rakstniece Lilija Berzinska. Rakstnieces p\u016br\u0101 ir vair\u0101kas b\u0113rnu gr\u0101matas. Vi\u0146a ne tikai raksta gr\u0101matas, bet ar\u012b t\u0101s ilustr\u0113. T\u0101pat autore nodarbojas ar tulko\u0161anu.","og_url":"https:\/\/saulkrastubiblioteka.lv\/index.php\/2018\/02\/12\/kopa-ar-rakstnieci-ielecam-pasaka\/","og_site_name":"Saulkrastu novada bibliot\u0113ka","article_published_time":"2018-02-12T12:52:29+00:00","article_modified_time":"2019-08-21T09:01:44+00:00","og_image":[{"url":"https:\/\/saulkrastubiblioteka.lv\/wp-content\/uploads\/2018\/02\/lapai1.jpg","type":"","width":"","height":""}],"author":"admin","twitter_card":"summary_large_image","twitter_misc":{"Written by":"admin","Est. reading time":"1 min\u016bte"},"schema":{"@context":"https:\/\/schema.org","@graph":[{"@type":"Article","@id":"https:\/\/saulkrastubiblioteka.lv\/index.php\/2018\/02\/12\/kopa-ar-rakstnieci-ielecam-pasaka\/#article","isPartOf":{"@id":"https:\/\/saulkrastubiblioteka.lv\/index.php\/2018\/02\/12\/kopa-ar-rakstnieci-ielecam-pasaka\/"},"author":{"name":"admin","@id":"https:\/\/saulkrastubiblioteka.lv\/#\/schema\/person\/2233277643a53fb60b293d42c1e5f7a2"},"headline":"Kop\u0101 ar rakstnieci ielec\u0101m pasak\u0101","datePublished":"2018-02-12T12:52:29+00:00","dateModified":"2019-08-21T09:01:44+00:00","mainEntityOfPage":{"@id":"https:\/\/saulkrastubiblioteka.lv\/index.php\/2018\/02\/12\/kopa-ar-rakstnieci-ielecam-pasaka\/"},"wordCount":160,"commentCount":0,"publisher":{"@id":"https:\/\/saulkrastubiblioteka.lv\/#organization"},"image":{"@id":"https:\/\/saulkrastubiblioteka.lv\/index.php\/2018\/02\/12\/kopa-ar-rakstnieci-ielecam-pasaka\/#primaryimage"},"thumbnailUrl":"https:\/\/saulkrastubiblioteka.lv\/wp-content\/uploads\/2018\/02\/lapai1.jpg","articleSection":["Las\u012btava krustojum\u0101. 1.k\u0101rta","Pas\u0101kumi","Rakstnieki bibliot\u0113k\u0101"],"inLanguage":"lv-LV","potentialAction":[{"@type":"CommentAction","name":"Comment","target":["https:\/\/saulkrastubiblioteka.lv\/index.php\/2018\/02\/12\/kopa-ar-rakstnieci-ielecam-pasaka\/#respond"]}]},{"@type":"WebPage","@id":"https:\/\/saulkrastubiblioteka.lv\/index.php\/2018\/02\/12\/kopa-ar-rakstnieci-ielecam-pasaka\/","url":"https:\/\/saulkrastubiblioteka.lv\/index.php\/2018\/02\/12\/kopa-ar-rakstnieci-ielecam-pasaka\/","name":"Kop\u0101 ar rakstnieci ielec\u0101m pasak\u0101 - Saulkrastu novada bibliot\u0113ka","isPartOf":{"@id":"https:\/\/saulkrastubiblioteka.lv\/#website"},"primaryImageOfPage":{"@id":"https:\/\/saulkrastubiblioteka.lv\/index.php\/2018\/02\/12\/kopa-ar-rakstnieci-ielecam-pasaka\/#primaryimage"},"image":{"@id":"https:\/\/saulkrastubiblioteka.lv\/index.php\/2018\/02\/12\/kopa-ar-rakstnieci-ielecam-pasaka\/#primaryimage"},"thumbnailUrl":"https:\/\/saulkrastubiblioteka.lv\/wp-content\/uploads\/2018\/02\/lapai1.jpg","datePublished":"2018-02-12T12:52:29+00:00","dateModified":"2019-08-21T09:01:44+00:00","breadcrumb":{"@id":"https:\/\/saulkrastubiblioteka.lv\/index.php\/2018\/02\/12\/kopa-ar-rakstnieci-ielecam-pasaka\/#breadcrumb"},"inLanguage":"lv-LV","potentialAction":[{"@type":"ReadAction","target":["https:\/\/saulkrastubiblioteka.lv\/index.php\/2018\/02\/12\/kopa-ar-rakstnieci-ielecam-pasaka\/"]}]},{"@type":"ImageObject","inLanguage":"lv-LV","@id":"https:\/\/saulkrastubiblioteka.lv\/index.php\/2018\/02\/12\/kopa-ar-rakstnieci-ielecam-pasaka\/#primaryimage","url":"https:\/\/saulkrastubiblioteka.lv\/wp-content\/uploads\/2018\/02\/lapai1.jpg","contentUrl":"https:\/\/saulkrastubiblioteka.lv\/wp-content\/uploads\/2018\/02\/lapai1.jpg","width":978,"height":621},{"@type":"BreadcrumbList","@id":"https:\/\/saulkrastubiblioteka.lv\/index.php\/2018\/02\/12\/kopa-ar-rakstnieci-ielecam-pasaka\/#breadcrumb","itemListElement":[{"@type":"ListItem","position":1,"name":"Home","item":"https:\/\/saulkrastubiblioteka.lv\/"},{"@type":"ListItem","position":2,"name":"Kop\u0101 ar rakstnieci ielec\u0101m pasak\u0101"}]},{"@type":"WebSite","@id":"https:\/\/saulkrastubiblioteka.lv\/#website","url":"https:\/\/saulkrastubiblioteka.lv\/","name":"Saulkrastu novada bibliot\u0113ka","description":"Vieta, kur labi pavad\u012bt laiku un pab\u016bt mier\u0101","publisher":{"@id":"https:\/\/saulkrastubiblioteka.lv\/#organization"},"potentialAction":[{"@type":"SearchAction","target":{"@type":"EntryPoint","urlTemplate":"https:\/\/saulkrastubiblioteka.lv\/?s={search_term_string}"},"query-input":{"@type":"PropertyValueSpecification","valueRequired":true,"valueName":"search_term_string"}}],"inLanguage":"lv-LV"},{"@type":"Organization","@id":"https:\/\/saulkrastubiblioteka.lv\/#organization","name":"Saulkrastu novada bibliot\u0113ka","url":"https:\/\/saulkrastubiblioteka.lv\/","logo":{"@type":"ImageObject","inLanguage":"lv-LV","@id":"https:\/\/saulkrastubiblioteka.lv\/#\/schema\/logo\/image\/","url":"https:\/\/saulkrastubiblioteka.lv\/wp-content\/uploads\/2021\/01\/cropped-logo.png","contentUrl":"https:\/\/saulkrastubiblioteka.lv\/wp-content\/uploads\/2021\/01\/cropped-logo.png","width":240,"height":240,"caption":"Saulkrastu novada bibliot\u0113ka"},"image":{"@id":"https:\/\/saulkrastubiblioteka.lv\/#\/schema\/logo\/image\/"}},{"@type":"Person","@id":"https:\/\/saulkrastubiblioteka.lv\/#\/schema\/person\/2233277643a53fb60b293d42c1e5f7a2","name":"admin","image":{"@type":"ImageObject","inLanguage":"lv-LV","@id":"https:\/\/saulkrastubiblioteka.lv\/#\/schema\/person\/image\/","url":"https:\/\/secure.gravatar.com\/avatar\/a5ad3f68569c7df813ab9387f6d30b65?s=96&d=mm&r=g","contentUrl":"https:\/\/secure.gravatar.com\/avatar\/a5ad3f68569c7df813ab9387f6d30b65?s=96&d=mm&r=g","caption":"admin"},"url":"https:\/\/saulkrastubiblioteka.lv\/index.php\/author\/info_xjq16vdi\/"}]}},"_links":{"self":[{"href":"https:\/\/saulkrastubiblioteka.lv\/index.php\/wp-json\/wp\/v2\/posts\/370","targetHints":{"allow":["GET"]}}],"collection":[{"href":"https:\/\/saulkrastubiblioteka.lv\/index.php\/wp-json\/wp\/v2\/posts"}],"about":[{"href":"https:\/\/saulkrastubiblioteka.lv\/index.php\/wp-json\/wp\/v2\/types\/post"}],"author":[{"embeddable":true,"href":"https:\/\/saulkrastubiblioteka.lv\/index.php\/wp-json\/wp\/v2\/users\/1"}],"replies":[{"embeddable":true,"href":"https:\/\/saulkrastubiblioteka.lv\/index.php\/wp-json\/wp\/v2\/comments?post=370"}],"version-history":[{"count":5,"href":"https:\/\/saulkrastubiblioteka.lv\/index.php\/wp-json\/wp\/v2\/posts\/370\/revisions"}],"predecessor-version":[{"id":2001,"href":"https:\/\/saulkrastubiblioteka.lv\/index.php\/wp-json\/wp\/v2\/posts\/370\/revisions\/2001"}],"wp:attachment":[{"href":"https:\/\/saulkrastubiblioteka.lv\/index.php\/wp-json\/wp\/v2\/media?parent=370"}],"wp:term":[{"taxonomy":"category","embeddable":true,"href":"https:\/\/saulkrastubiblioteka.lv\/index.php\/wp-json\/wp\/v2\/categories?post=370"},{"taxonomy":"post_tag","embeddable":true,"href":"https:\/\/saulkrastubiblioteka.lv\/index.php\/wp-json\/wp\/v2\/tags?post=370"}],"curies":[{"name":"wp","href":"https:\/\/api.w.org\/{rel}","templated":true}]}}