{"id":3587,"date":"2020-09-21T09:35:16","date_gmt":"2020-09-21T09:35:16","guid":{"rendered":"https:\/\/saulkrastubiblioteka.lv\/?p=3587"},"modified":"2020-09-21T09:35:39","modified_gmt":"2020-09-21T09:35:39","slug":"kas-gaidams-biblioteka-saja-nedela","status":"publish","type":"post","link":"https:\/\/saulkrastubiblioteka.lv\/index.php\/2020\/09\/21\/kas-gaidams-biblioteka-saja-nedela\/","title":{"rendered":"Kas gaid\u0101ms bibliot\u0113k\u0101 \u0161aj\u0101 ned\u0113\u013c\u0101?"},"content":{"rendered":"\n<figure class=\"wp-block-image size-large is-resized\"><img decoding=\"async\" src=\"https:\/\/saulkrastubiblioteka.lv\/wp-content\/uploads\/2020\/09\/plans.jpg\" alt=\"\" class=\"wp-image-3588\" width=\"550\" srcset=\"https:\/\/saulkrastubiblioteka.lv\/wp-content\/uploads\/2020\/09\/plans.jpg 960w, https:\/\/saulkrastubiblioteka.lv\/wp-content\/uploads\/2020\/09\/plans-300x300.jpg 300w, https:\/\/saulkrastubiblioteka.lv\/wp-content\/uploads\/2020\/09\/plans-150x150.jpg 150w, https:\/\/saulkrastubiblioteka.lv\/wp-content\/uploads\/2020\/09\/plans-768x768.jpg 768w\" sizes=\"(max-width: 709px) 85vw, (max-width: 909px) 67vw, (max-width: 1362px) 62vw, 840px\" \/><\/figure>\n\n\n\n<p>Pret\u0113ji mier\u012bgai vasarai, septembris iez\u012bm\u0113jas k\u0101 \u013coti darb\u012bgs m\u0113nesis.  Lai kaut ko nepalaistu gar\u0101m, ieskatam pied\u0101v\u0101jam iepaz\u012bties ar \u0161\u012bs  ned\u0113\u013cas gaid\u0101majiem notikumiem Saulkrastu novada bibliot\u0113k\u0101. Gaid\u0101m ciemos gan lielos las\u012bt\u0101jus uz gr\u0101matu klubi\u0146u, gan mazos uz tik\u0161anos ar  autori Lauru Vinogradovu un Mazo p\u016b\u010dul\u0113nu skolu. Ar\u012bdzan prieks par  pirmklasniekiem, kuri iepaz\u012bsies ar bibliot\u0113ku. K\u0101dam t\u0101 b\u016bs pirm\u0101  reize, k\u0101dam ar\u012b ne, tom\u0113r kop\u0101 ar skolasbiedriem apmekl\u0113jums var  izr\u0101d\u012bties daudz aizraujo\u0161\u0101ks. <\/p>\n","protected":false},"excerpt":{"rendered":"<p>Pret\u0113ji mier\u012bgai vasarai, septembris iez\u012bm\u0113jas k\u0101 \u013coti darb\u012bgs m\u0113nesis. Lai kaut ko nepalaistu gar\u0101m, ieskatam pied\u0101v\u0101jam iepaz\u012bties ar \u0161\u012bs ned\u0113\u013cas gaid\u0101majiem notikumiem Saulkrastu novada bibliot\u0113k\u0101. Gaid\u0101m ciemos gan lielos las\u012bt\u0101jus uz gr\u0101matu klubi\u0146u, gan mazos uz tik\u0161anos ar autori Lauru Vinogradovu un Mazo p\u016b\u010dul\u0113nu skolu. Ar\u012bdzan prieks par pirmklasniekiem, kuri iepaz\u012bsies ar bibliot\u0113ku. K\u0101dam t\u0101 &hellip; <a href=\"https:\/\/saulkrastubiblioteka.lv\/index.php\/2020\/09\/21\/kas-gaidams-biblioteka-saja-nedela\/\" class=\"more-link\">Turpin\u0101t las\u012bt<span class=\"screen-reader-text\"> &#8220;Kas gaid\u0101ms bibliot\u0113k\u0101 \u0161aj\u0101 ned\u0113\u013c\u0101?&#8221;<\/span><\/a><\/p>\n","protected":false},"author":1,"featured_media":0,"comment_status":"closed","ping_status":"open","sticky":false,"template":"","format":"standard","meta":{"footnotes":""},"categories":[4],"tags":[],"class_list":["post-3587","post","type-post","status-publish","format-standard","hentry","category-pasakumi"],"yoast_head":"<!-- This site is optimized with the Yoast SEO plugin v24.2 - https:\/\/yoast.com\/wordpress\/plugins\/seo\/ -->\n<title>Kas gaid\u0101ms bibliot\u0113k\u0101 \u0161aj\u0101 ned\u0113\u013c\u0101? - Saulkrastu novada bibliot\u0113ka<\/title>\n<meta name=\"robots\" content=\"index, follow, max-snippet:-1, max-image-preview:large, max-video-preview:-1\" \/>\n<link rel=\"canonical\" href=\"https:\/\/saulkrastubiblioteka.lv\/index.php\/2020\/09\/21\/kas-gaidams-biblioteka-saja-nedela\/\" \/>\n<meta property=\"og:locale\" content=\"lv_LV\" \/>\n<meta property=\"og:type\" content=\"article\" \/>\n<meta property=\"og:title\" content=\"Kas gaid\u0101ms bibliot\u0113k\u0101 \u0161aj\u0101 ned\u0113\u013c\u0101? - Saulkrastu novada bibliot\u0113ka\" \/>\n<meta property=\"og:description\" content=\"Pret\u0113ji mier\u012bgai vasarai, septembris iez\u012bm\u0113jas k\u0101 \u013coti darb\u012bgs m\u0113nesis. Lai kaut ko nepalaistu gar\u0101m, ieskatam pied\u0101v\u0101jam iepaz\u012bties ar \u0161\u012bs ned\u0113\u013cas gaid\u0101majiem notikumiem Saulkrastu novada bibliot\u0113k\u0101. Gaid\u0101m ciemos gan lielos las\u012bt\u0101jus uz gr\u0101matu klubi\u0146u, gan mazos uz tik\u0161anos ar autori Lauru Vinogradovu un Mazo p\u016b\u010dul\u0113nu skolu. Ar\u012bdzan prieks par pirmklasniekiem, kuri iepaz\u012bsies ar bibliot\u0113ku. K\u0101dam t\u0101 &hellip; Turpin\u0101t las\u012bt &quot;Kas gaid\u0101ms bibliot\u0113k\u0101 \u0161aj\u0101 ned\u0113\u013c\u0101?&quot;\" \/>\n<meta property=\"og:url\" content=\"https:\/\/saulkrastubiblioteka.lv\/index.php\/2020\/09\/21\/kas-gaidams-biblioteka-saja-nedela\/\" \/>\n<meta property=\"og:site_name\" content=\"Saulkrastu novada bibliot\u0113ka\" \/>\n<meta property=\"article:published_time\" content=\"2020-09-21T09:35:16+00:00\" \/>\n<meta property=\"article:modified_time\" content=\"2020-09-21T09:35:39+00:00\" \/>\n<meta property=\"og:image\" content=\"https:\/\/saulkrastubiblioteka.lv\/wp-content\/uploads\/2020\/09\/plans.jpg\" \/>\n<meta name=\"author\" content=\"admin\" \/>\n<meta name=\"twitter:card\" content=\"summary_large_image\" \/>\n<meta name=\"twitter:label1\" content=\"Written by\" \/>\n\t<meta name=\"twitter:data1\" content=\"admin\" \/>\n\t<meta name=\"twitter:label2\" content=\"Est. reading time\" \/>\n\t<meta name=\"twitter:data2\" content=\"1 min\u016bte\" \/>\n<script type=\"application\/ld+json\" class=\"yoast-schema-graph\">{\"@context\":\"https:\/\/schema.org\",\"@graph\":[{\"@type\":\"Article\",\"@id\":\"https:\/\/saulkrastubiblioteka.lv\/index.php\/2020\/09\/21\/kas-gaidams-biblioteka-saja-nedela\/#article\",\"isPartOf\":{\"@id\":\"https:\/\/saulkrastubiblioteka.lv\/index.php\/2020\/09\/21\/kas-gaidams-biblioteka-saja-nedela\/\"},\"author\":{\"name\":\"admin\",\"@id\":\"https:\/\/saulkrastubiblioteka.lv\/#\/schema\/person\/2233277643a53fb60b293d42c1e5f7a2\"},\"headline\":\"Kas gaid\u0101ms bibliot\u0113k\u0101 \u0161aj\u0101 ned\u0113\u013c\u0101?\",\"datePublished\":\"2020-09-21T09:35:16+00:00\",\"dateModified\":\"2020-09-21T09:35:39+00:00\",\"mainEntityOfPage\":{\"@id\":\"https:\/\/saulkrastubiblioteka.lv\/index.php\/2020\/09\/21\/kas-gaidams-biblioteka-saja-nedela\/\"},\"wordCount\":109,\"publisher\":{\"@id\":\"https:\/\/saulkrastubiblioteka.lv\/#organization\"},\"image\":{\"@id\":\"https:\/\/saulkrastubiblioteka.lv\/index.php\/2020\/09\/21\/kas-gaidams-biblioteka-saja-nedela\/#primaryimage\"},\"thumbnailUrl\":\"https:\/\/saulkrastubiblioteka.lv\/wp-content\/uploads\/2020\/09\/plans.jpg\",\"articleSection\":[\"Pas\u0101kumi\"],\"inLanguage\":\"lv-LV\"},{\"@type\":\"WebPage\",\"@id\":\"https:\/\/saulkrastubiblioteka.lv\/index.php\/2020\/09\/21\/kas-gaidams-biblioteka-saja-nedela\/\",\"url\":\"https:\/\/saulkrastubiblioteka.lv\/index.php\/2020\/09\/21\/kas-gaidams-biblioteka-saja-nedela\/\",\"name\":\"Kas gaid\u0101ms bibliot\u0113k\u0101 \u0161aj\u0101 ned\u0113\u013c\u0101? - Saulkrastu novada bibliot\u0113ka\",\"isPartOf\":{\"@id\":\"https:\/\/saulkrastubiblioteka.lv\/#website\"},\"primaryImageOfPage\":{\"@id\":\"https:\/\/saulkrastubiblioteka.lv\/index.php\/2020\/09\/21\/kas-gaidams-biblioteka-saja-nedela\/#primaryimage\"},\"image\":{\"@id\":\"https:\/\/saulkrastubiblioteka.lv\/index.php\/2020\/09\/21\/kas-gaidams-biblioteka-saja-nedela\/#primaryimage\"},\"thumbnailUrl\":\"https:\/\/saulkrastubiblioteka.lv\/wp-content\/uploads\/2020\/09\/plans.jpg\",\"datePublished\":\"2020-09-21T09:35:16+00:00\",\"dateModified\":\"2020-09-21T09:35:39+00:00\",\"breadcrumb\":{\"@id\":\"https:\/\/saulkrastubiblioteka.lv\/index.php\/2020\/09\/21\/kas-gaidams-biblioteka-saja-nedela\/#breadcrumb\"},\"inLanguage\":\"lv-LV\",\"potentialAction\":[{\"@type\":\"ReadAction\",\"target\":[\"https:\/\/saulkrastubiblioteka.lv\/index.php\/2020\/09\/21\/kas-gaidams-biblioteka-saja-nedela\/\"]}]},{\"@type\":\"ImageObject\",\"inLanguage\":\"lv-LV\",\"@id\":\"https:\/\/saulkrastubiblioteka.lv\/index.php\/2020\/09\/21\/kas-gaidams-biblioteka-saja-nedela\/#primaryimage\",\"url\":\"https:\/\/saulkrastubiblioteka.lv\/wp-content\/uploads\/2020\/09\/plans.jpg\",\"contentUrl\":\"https:\/\/saulkrastubiblioteka.lv\/wp-content\/uploads\/2020\/09\/plans.jpg\",\"width\":960,\"height\":960},{\"@type\":\"BreadcrumbList\",\"@id\":\"https:\/\/saulkrastubiblioteka.lv\/index.php\/2020\/09\/21\/kas-gaidams-biblioteka-saja-nedela\/#breadcrumb\",\"itemListElement\":[{\"@type\":\"ListItem\",\"position\":1,\"name\":\"Home\",\"item\":\"https:\/\/saulkrastubiblioteka.lv\/\"},{\"@type\":\"ListItem\",\"position\":2,\"name\":\"Kas gaid\u0101ms bibliot\u0113k\u0101 \u0161aj\u0101 ned\u0113\u013c\u0101?\"}]},{\"@type\":\"WebSite\",\"@id\":\"https:\/\/saulkrastubiblioteka.lv\/#website\",\"url\":\"https:\/\/saulkrastubiblioteka.lv\/\",\"name\":\"Saulkrastu novada bibliot\u0113ka\",\"description\":\"Vieta, kur labi pavad\u012bt laiku un pab\u016bt mier\u0101\",\"publisher\":{\"@id\":\"https:\/\/saulkrastubiblioteka.lv\/#organization\"},\"potentialAction\":[{\"@type\":\"SearchAction\",\"target\":{\"@type\":\"EntryPoint\",\"urlTemplate\":\"https:\/\/saulkrastubiblioteka.lv\/?s={search_term_string}\"},\"query-input\":{\"@type\":\"PropertyValueSpecification\",\"valueRequired\":true,\"valueName\":\"search_term_string\"}}],\"inLanguage\":\"lv-LV\"},{\"@type\":\"Organization\",\"@id\":\"https:\/\/saulkrastubiblioteka.lv\/#organization\",\"name\":\"Saulkrastu novada bibliot\u0113ka\",\"url\":\"https:\/\/saulkrastubiblioteka.lv\/\",\"logo\":{\"@type\":\"ImageObject\",\"inLanguage\":\"lv-LV\",\"@id\":\"https:\/\/saulkrastubiblioteka.lv\/#\/schema\/logo\/image\/\",\"url\":\"https:\/\/saulkrastubiblioteka.lv\/wp-content\/uploads\/2021\/01\/cropped-logo.png\",\"contentUrl\":\"https:\/\/saulkrastubiblioteka.lv\/wp-content\/uploads\/2021\/01\/cropped-logo.png\",\"width\":240,\"height\":240,\"caption\":\"Saulkrastu novada bibliot\u0113ka\"},\"image\":{\"@id\":\"https:\/\/saulkrastubiblioteka.lv\/#\/schema\/logo\/image\/\"}},{\"@type\":\"Person\",\"@id\":\"https:\/\/saulkrastubiblioteka.lv\/#\/schema\/person\/2233277643a53fb60b293d42c1e5f7a2\",\"name\":\"admin\",\"image\":{\"@type\":\"ImageObject\",\"inLanguage\":\"lv-LV\",\"@id\":\"https:\/\/saulkrastubiblioteka.lv\/#\/schema\/person\/image\/\",\"url\":\"https:\/\/secure.gravatar.com\/avatar\/a5ad3f68569c7df813ab9387f6d30b65?s=96&d=mm&r=g\",\"contentUrl\":\"https:\/\/secure.gravatar.com\/avatar\/a5ad3f68569c7df813ab9387f6d30b65?s=96&d=mm&r=g\",\"caption\":\"admin\"},\"url\":\"https:\/\/saulkrastubiblioteka.lv\/index.php\/author\/info_xjq16vdi\/\"}]}<\/script>\n<!-- \/ Yoast SEO plugin. -->","yoast_head_json":{"title":"Kas gaid\u0101ms bibliot\u0113k\u0101 \u0161aj\u0101 ned\u0113\u013c\u0101? - Saulkrastu novada bibliot\u0113ka","robots":{"index":"index","follow":"follow","max-snippet":"max-snippet:-1","max-image-preview":"max-image-preview:large","max-video-preview":"max-video-preview:-1"},"canonical":"https:\/\/saulkrastubiblioteka.lv\/index.php\/2020\/09\/21\/kas-gaidams-biblioteka-saja-nedela\/","og_locale":"lv_LV","og_type":"article","og_title":"Kas gaid\u0101ms bibliot\u0113k\u0101 \u0161aj\u0101 ned\u0113\u013c\u0101? - Saulkrastu novada bibliot\u0113ka","og_description":"Pret\u0113ji mier\u012bgai vasarai, septembris iez\u012bm\u0113jas k\u0101 \u013coti darb\u012bgs m\u0113nesis. Lai kaut ko nepalaistu gar\u0101m, ieskatam pied\u0101v\u0101jam iepaz\u012bties ar \u0161\u012bs ned\u0113\u013cas gaid\u0101majiem notikumiem Saulkrastu novada bibliot\u0113k\u0101. Gaid\u0101m ciemos gan lielos las\u012bt\u0101jus uz gr\u0101matu klubi\u0146u, gan mazos uz tik\u0161anos ar autori Lauru Vinogradovu un Mazo p\u016b\u010dul\u0113nu skolu. Ar\u012bdzan prieks par pirmklasniekiem, kuri iepaz\u012bsies ar bibliot\u0113ku. K\u0101dam t\u0101 &hellip; Turpin\u0101t las\u012bt \"Kas gaid\u0101ms bibliot\u0113k\u0101 \u0161aj\u0101 ned\u0113\u013c\u0101?\"","og_url":"https:\/\/saulkrastubiblioteka.lv\/index.php\/2020\/09\/21\/kas-gaidams-biblioteka-saja-nedela\/","og_site_name":"Saulkrastu novada bibliot\u0113ka","article_published_time":"2020-09-21T09:35:16+00:00","article_modified_time":"2020-09-21T09:35:39+00:00","og_image":[{"url":"https:\/\/saulkrastubiblioteka.lv\/wp-content\/uploads\/2020\/09\/plans.jpg","type":"","width":"","height":""}],"author":"admin","twitter_card":"summary_large_image","twitter_misc":{"Written by":"admin","Est. reading time":"1 min\u016bte"},"schema":{"@context":"https:\/\/schema.org","@graph":[{"@type":"Article","@id":"https:\/\/saulkrastubiblioteka.lv\/index.php\/2020\/09\/21\/kas-gaidams-biblioteka-saja-nedela\/#article","isPartOf":{"@id":"https:\/\/saulkrastubiblioteka.lv\/index.php\/2020\/09\/21\/kas-gaidams-biblioteka-saja-nedela\/"},"author":{"name":"admin","@id":"https:\/\/saulkrastubiblioteka.lv\/#\/schema\/person\/2233277643a53fb60b293d42c1e5f7a2"},"headline":"Kas gaid\u0101ms bibliot\u0113k\u0101 \u0161aj\u0101 ned\u0113\u013c\u0101?","datePublished":"2020-09-21T09:35:16+00:00","dateModified":"2020-09-21T09:35:39+00:00","mainEntityOfPage":{"@id":"https:\/\/saulkrastubiblioteka.lv\/index.php\/2020\/09\/21\/kas-gaidams-biblioteka-saja-nedela\/"},"wordCount":109,"publisher":{"@id":"https:\/\/saulkrastubiblioteka.lv\/#organization"},"image":{"@id":"https:\/\/saulkrastubiblioteka.lv\/index.php\/2020\/09\/21\/kas-gaidams-biblioteka-saja-nedela\/#primaryimage"},"thumbnailUrl":"https:\/\/saulkrastubiblioteka.lv\/wp-content\/uploads\/2020\/09\/plans.jpg","articleSection":["Pas\u0101kumi"],"inLanguage":"lv-LV"},{"@type":"WebPage","@id":"https:\/\/saulkrastubiblioteka.lv\/index.php\/2020\/09\/21\/kas-gaidams-biblioteka-saja-nedela\/","url":"https:\/\/saulkrastubiblioteka.lv\/index.php\/2020\/09\/21\/kas-gaidams-biblioteka-saja-nedela\/","name":"Kas gaid\u0101ms bibliot\u0113k\u0101 \u0161aj\u0101 ned\u0113\u013c\u0101? - Saulkrastu novada bibliot\u0113ka","isPartOf":{"@id":"https:\/\/saulkrastubiblioteka.lv\/#website"},"primaryImageOfPage":{"@id":"https:\/\/saulkrastubiblioteka.lv\/index.php\/2020\/09\/21\/kas-gaidams-biblioteka-saja-nedela\/#primaryimage"},"image":{"@id":"https:\/\/saulkrastubiblioteka.lv\/index.php\/2020\/09\/21\/kas-gaidams-biblioteka-saja-nedela\/#primaryimage"},"thumbnailUrl":"https:\/\/saulkrastubiblioteka.lv\/wp-content\/uploads\/2020\/09\/plans.jpg","datePublished":"2020-09-21T09:35:16+00:00","dateModified":"2020-09-21T09:35:39+00:00","breadcrumb":{"@id":"https:\/\/saulkrastubiblioteka.lv\/index.php\/2020\/09\/21\/kas-gaidams-biblioteka-saja-nedela\/#breadcrumb"},"inLanguage":"lv-LV","potentialAction":[{"@type":"ReadAction","target":["https:\/\/saulkrastubiblioteka.lv\/index.php\/2020\/09\/21\/kas-gaidams-biblioteka-saja-nedela\/"]}]},{"@type":"ImageObject","inLanguage":"lv-LV","@id":"https:\/\/saulkrastubiblioteka.lv\/index.php\/2020\/09\/21\/kas-gaidams-biblioteka-saja-nedela\/#primaryimage","url":"https:\/\/saulkrastubiblioteka.lv\/wp-content\/uploads\/2020\/09\/plans.jpg","contentUrl":"https:\/\/saulkrastubiblioteka.lv\/wp-content\/uploads\/2020\/09\/plans.jpg","width":960,"height":960},{"@type":"BreadcrumbList","@id":"https:\/\/saulkrastubiblioteka.lv\/index.php\/2020\/09\/21\/kas-gaidams-biblioteka-saja-nedela\/#breadcrumb","itemListElement":[{"@type":"ListItem","position":1,"name":"Home","item":"https:\/\/saulkrastubiblioteka.lv\/"},{"@type":"ListItem","position":2,"name":"Kas gaid\u0101ms bibliot\u0113k\u0101 \u0161aj\u0101 ned\u0113\u013c\u0101?"}]},{"@type":"WebSite","@id":"https:\/\/saulkrastubiblioteka.lv\/#website","url":"https:\/\/saulkrastubiblioteka.lv\/","name":"Saulkrastu novada bibliot\u0113ka","description":"Vieta, kur labi pavad\u012bt laiku un pab\u016bt mier\u0101","publisher":{"@id":"https:\/\/saulkrastubiblioteka.lv\/#organization"},"potentialAction":[{"@type":"SearchAction","target":{"@type":"EntryPoint","urlTemplate":"https:\/\/saulkrastubiblioteka.lv\/?s={search_term_string}"},"query-input":{"@type":"PropertyValueSpecification","valueRequired":true,"valueName":"search_term_string"}}],"inLanguage":"lv-LV"},{"@type":"Organization","@id":"https:\/\/saulkrastubiblioteka.lv\/#organization","name":"Saulkrastu novada bibliot\u0113ka","url":"https:\/\/saulkrastubiblioteka.lv\/","logo":{"@type":"ImageObject","inLanguage":"lv-LV","@id":"https:\/\/saulkrastubiblioteka.lv\/#\/schema\/logo\/image\/","url":"https:\/\/saulkrastubiblioteka.lv\/wp-content\/uploads\/2021\/01\/cropped-logo.png","contentUrl":"https:\/\/saulkrastubiblioteka.lv\/wp-content\/uploads\/2021\/01\/cropped-logo.png","width":240,"height":240,"caption":"Saulkrastu novada bibliot\u0113ka"},"image":{"@id":"https:\/\/saulkrastubiblioteka.lv\/#\/schema\/logo\/image\/"}},{"@type":"Person","@id":"https:\/\/saulkrastubiblioteka.lv\/#\/schema\/person\/2233277643a53fb60b293d42c1e5f7a2","name":"admin","image":{"@type":"ImageObject","inLanguage":"lv-LV","@id":"https:\/\/saulkrastubiblioteka.lv\/#\/schema\/person\/image\/","url":"https:\/\/secure.gravatar.com\/avatar\/a5ad3f68569c7df813ab9387f6d30b65?s=96&d=mm&r=g","contentUrl":"https:\/\/secure.gravatar.com\/avatar\/a5ad3f68569c7df813ab9387f6d30b65?s=96&d=mm&r=g","caption":"admin"},"url":"https:\/\/saulkrastubiblioteka.lv\/index.php\/author\/info_xjq16vdi\/"}]}},"_links":{"self":[{"href":"https:\/\/saulkrastubiblioteka.lv\/index.php\/wp-json\/wp\/v2\/posts\/3587","targetHints":{"allow":["GET"]}}],"collection":[{"href":"https:\/\/saulkrastubiblioteka.lv\/index.php\/wp-json\/wp\/v2\/posts"}],"about":[{"href":"https:\/\/saulkrastubiblioteka.lv\/index.php\/wp-json\/wp\/v2\/types\/post"}],"author":[{"embeddable":true,"href":"https:\/\/saulkrastubiblioteka.lv\/index.php\/wp-json\/wp\/v2\/users\/1"}],"replies":[{"embeddable":true,"href":"https:\/\/saulkrastubiblioteka.lv\/index.php\/wp-json\/wp\/v2\/comments?post=3587"}],"version-history":[{"count":1,"href":"https:\/\/saulkrastubiblioteka.lv\/index.php\/wp-json\/wp\/v2\/posts\/3587\/revisions"}],"predecessor-version":[{"id":3589,"href":"https:\/\/saulkrastubiblioteka.lv\/index.php\/wp-json\/wp\/v2\/posts\/3587\/revisions\/3589"}],"wp:attachment":[{"href":"https:\/\/saulkrastubiblioteka.lv\/index.php\/wp-json\/wp\/v2\/media?parent=3587"}],"wp:term":[{"taxonomy":"category","embeddable":true,"href":"https:\/\/saulkrastubiblioteka.lv\/index.php\/wp-json\/wp\/v2\/categories?post=3587"},{"taxonomy":"post_tag","embeddable":true,"href":"https:\/\/saulkrastubiblioteka.lv\/index.php\/wp-json\/wp\/v2\/tags?post=3587"}],"curies":[{"name":"wp","href":"https:\/\/api.w.org\/{rel}","templated":true}]}}