{"id":3564,"date":"2020-09-16T12:10:46","date_gmt":"2020-09-16T12:10:46","guid":{"rendered":"https:\/\/saulkrastubiblioteka.lv\/?p=3564"},"modified":"2020-09-16T12:11:03","modified_gmt":"2020-09-16T12:11:03","slug":"mazo-puculenu-pirma-nodarbiba","status":"publish","type":"post","link":"https:\/\/saulkrastubiblioteka.lv\/index.php\/2020\/09\/16\/mazo-puculenu-pirma-nodarbiba\/","title":{"rendered":"Mazo p\u016b\u010dul\u0113nu pirm\u0101 nodarb\u012bba"},"content":{"rendered":"\n<figure class=\"wp-block-image size-large is-resized\"><img decoding=\"async\" src=\"https:\/\/saulkrastubiblioteka.lv\/wp-content\/uploads\/2020\/09\/119681292_1674327592732991_5589071656082692784_o-1024x683.jpg\" alt=\"\" class=\"wp-image-3565\" width=\"550\" srcset=\"https:\/\/saulkrastubiblioteka.lv\/wp-content\/uploads\/2020\/09\/119681292_1674327592732991_5589071656082692784_o-1024x683.jpg 1024w, https:\/\/saulkrastubiblioteka.lv\/wp-content\/uploads\/2020\/09\/119681292_1674327592732991_5589071656082692784_o-300x200.jpg 300w, https:\/\/saulkrastubiblioteka.lv\/wp-content\/uploads\/2020\/09\/119681292_1674327592732991_5589071656082692784_o-768x512.jpg 768w, https:\/\/saulkrastubiblioteka.lv\/wp-content\/uploads\/2020\/09\/119681292_1674327592732991_5589071656082692784_o-1536x1024.jpg 1536w, https:\/\/saulkrastubiblioteka.lv\/wp-content\/uploads\/2020\/09\/119681292_1674327592732991_5589071656082692784_o-1200x800.jpg 1200w, https:\/\/saulkrastubiblioteka.lv\/wp-content\/uploads\/2020\/09\/119681292_1674327592732991_5589071656082692784_o.jpg 2048w\" sizes=\"(max-width: 709px) 85vw, (max-width: 909px) 67vw, (max-width: 1362px) 62vw, 840px\" \/><\/figure>\n\n\n\n<p> 15. un 16. septembr\u012b Saulkrastu  novada bibliot\u0113k\u0101 notika pirm\u0101s &#8220;Mazo p\u016b\u010dul\u0113nu  skolas&#8221; nodarb\u012bbas, uz kur\u0101m ierad\u0101s pirmsskolas izgl\u012bt\u012bbas iest\u0101des  \u201cR\u016b\u0137\u012btis\u201d grupi\u0146as \u201cSp\u0101r\u012bte\u201d un \u201cP\u016bc\u012bte\u201d audz\u0113k\u0146i. Pirmaj\u0101 vieso\u0161an\u0101s reiz\u0113 b\u0113rni  iepazin\u0101s ar bibliot\u0113ku, dodoties ekskursij\u0101 pa vis\u0101m telp\u0101m. Uzzin\u0101ja,  ko dr\u012bkst un ko nedr\u012bkst dar\u012bt atrodoties bibliot\u0113k\u0101. Bibliot\u0113kas b\u0113rnu  noda\u013c\u0101 mazie \u0137ipari var\u0113ja rado\u0161i darboties un rota\u013c\u0101ties. Sa\u0146\u0113mu\u0161i  pirmo m\u0101jasdarbu, k\u0101 jau \u012bsteniem skolniekiem piekl\u0101jas, gaid\u012bsim  topo\u0161os p\u016b\u010dul\u0113nus uz n\u0101kamo nodarb\u012bbu. <\/p>\n","protected":false},"excerpt":{"rendered":"<p>15. un 16. septembr\u012b Saulkrastu novada bibliot\u0113k\u0101 notika pirm\u0101s &#8220;Mazo p\u016b\u010dul\u0113nu skolas&#8221; nodarb\u012bbas, uz kur\u0101m ierad\u0101s pirmsskolas izgl\u012bt\u012bbas iest\u0101des \u201cR\u016b\u0137\u012btis\u201d grupi\u0146as \u201cSp\u0101r\u012bte\u201d un \u201cP\u016bc\u012bte\u201d audz\u0113k\u0146i. Pirmaj\u0101 vieso\u0161an\u0101s reiz\u0113 b\u0113rni iepazin\u0101s ar bibliot\u0113ku, dodoties ekskursij\u0101 pa vis\u0101m telp\u0101m. Uzzin\u0101ja, ko dr\u012bkst un ko nedr\u012bkst dar\u012bt atrodoties bibliot\u0113k\u0101. Bibliot\u0113kas b\u0113rnu noda\u013c\u0101 mazie \u0137ipari var\u0113ja rado\u0161i darboties un &hellip; <a href=\"https:\/\/saulkrastubiblioteka.lv\/index.php\/2020\/09\/16\/mazo-puculenu-pirma-nodarbiba\/\" class=\"more-link\">Turpin\u0101t las\u012bt<span class=\"screen-reader-text\"> &#8220;Mazo p\u016b\u010dul\u0113nu pirm\u0101 nodarb\u012bba&#8221;<\/span><\/a><\/p>\n","protected":false},"author":1,"featured_media":0,"comment_status":"closed","ping_status":"open","sticky":false,"template":"","format":"standard","meta":{"footnotes":""},"categories":[28],"tags":[],"class_list":["post-3564","post","type-post","status-publish","format-standard","hentry","category-mazo-puculenu-skola"],"yoast_head":"<!-- This site is optimized with the Yoast SEO plugin v24.2 - https:\/\/yoast.com\/wordpress\/plugins\/seo\/ -->\n<title>Mazo p\u016b\u010dul\u0113nu pirm\u0101 nodarb\u012bba - Saulkrastu novada bibliot\u0113ka<\/title>\n<meta name=\"robots\" content=\"index, follow, max-snippet:-1, max-image-preview:large, max-video-preview:-1\" \/>\n<link rel=\"canonical\" href=\"https:\/\/saulkrastubiblioteka.lv\/index.php\/2020\/09\/16\/mazo-puculenu-pirma-nodarbiba\/\" \/>\n<meta property=\"og:locale\" content=\"lv_LV\" \/>\n<meta property=\"og:type\" content=\"article\" \/>\n<meta property=\"og:title\" content=\"Mazo p\u016b\u010dul\u0113nu pirm\u0101 nodarb\u012bba - Saulkrastu novada bibliot\u0113ka\" \/>\n<meta property=\"og:description\" content=\"15. un 16. septembr\u012b Saulkrastu novada bibliot\u0113k\u0101 notika pirm\u0101s &#8220;Mazo p\u016b\u010dul\u0113nu skolas&#8221; nodarb\u012bbas, uz kur\u0101m ierad\u0101s pirmsskolas izgl\u012bt\u012bbas iest\u0101des \u201cR\u016b\u0137\u012btis\u201d grupi\u0146as \u201cSp\u0101r\u012bte\u201d un \u201cP\u016bc\u012bte\u201d audz\u0113k\u0146i. Pirmaj\u0101 vieso\u0161an\u0101s reiz\u0113 b\u0113rni iepazin\u0101s ar bibliot\u0113ku, dodoties ekskursij\u0101 pa vis\u0101m telp\u0101m. Uzzin\u0101ja, ko dr\u012bkst un ko nedr\u012bkst dar\u012bt atrodoties bibliot\u0113k\u0101. Bibliot\u0113kas b\u0113rnu noda\u013c\u0101 mazie \u0137ipari var\u0113ja rado\u0161i darboties un &hellip; Turpin\u0101t las\u012bt &quot;Mazo p\u016b\u010dul\u0113nu pirm\u0101 nodarb\u012bba&quot;\" \/>\n<meta property=\"og:url\" content=\"https:\/\/saulkrastubiblioteka.lv\/index.php\/2020\/09\/16\/mazo-puculenu-pirma-nodarbiba\/\" \/>\n<meta property=\"og:site_name\" content=\"Saulkrastu novada bibliot\u0113ka\" \/>\n<meta property=\"article:published_time\" content=\"2020-09-16T12:10:46+00:00\" \/>\n<meta property=\"article:modified_time\" content=\"2020-09-16T12:11:03+00:00\" \/>\n<meta property=\"og:image\" content=\"https:\/\/saulkrastubiblioteka.lv\/wp-content\/uploads\/2020\/09\/119681292_1674327592732991_5589071656082692784_o-1024x683.jpg\" \/>\n<meta name=\"author\" content=\"admin\" \/>\n<meta name=\"twitter:card\" content=\"summary_large_image\" \/>\n<meta name=\"twitter:label1\" content=\"Written by\" \/>\n\t<meta name=\"twitter:data1\" content=\"admin\" \/>\n\t<meta name=\"twitter:label2\" content=\"Est. reading time\" \/>\n\t<meta name=\"twitter:data2\" content=\"1 min\u016bte\" \/>\n<script type=\"application\/ld+json\" class=\"yoast-schema-graph\">{\"@context\":\"https:\/\/schema.org\",\"@graph\":[{\"@type\":\"Article\",\"@id\":\"https:\/\/saulkrastubiblioteka.lv\/index.php\/2020\/09\/16\/mazo-puculenu-pirma-nodarbiba\/#article\",\"isPartOf\":{\"@id\":\"https:\/\/saulkrastubiblioteka.lv\/index.php\/2020\/09\/16\/mazo-puculenu-pirma-nodarbiba\/\"},\"author\":{\"name\":\"admin\",\"@id\":\"https:\/\/saulkrastubiblioteka.lv\/#\/schema\/person\/2233277643a53fb60b293d42c1e5f7a2\"},\"headline\":\"Mazo p\u016b\u010dul\u0113nu pirm\u0101 nodarb\u012bba\",\"datePublished\":\"2020-09-16T12:10:46+00:00\",\"dateModified\":\"2020-09-16T12:11:03+00:00\",\"mainEntityOfPage\":{\"@id\":\"https:\/\/saulkrastubiblioteka.lv\/index.php\/2020\/09\/16\/mazo-puculenu-pirma-nodarbiba\/\"},\"wordCount\":120,\"publisher\":{\"@id\":\"https:\/\/saulkrastubiblioteka.lv\/#organization\"},\"image\":{\"@id\":\"https:\/\/saulkrastubiblioteka.lv\/index.php\/2020\/09\/16\/mazo-puculenu-pirma-nodarbiba\/#primaryimage\"},\"thumbnailUrl\":\"https:\/\/saulkrastubiblioteka.lv\/wp-content\/uploads\/2020\/09\/119681292_1674327592732991_5589071656082692784_o-1024x683.jpg\",\"articleSection\":[\"Mazo p\u016b\u010dul\u0113nu skola\"],\"inLanguage\":\"lv-LV\"},{\"@type\":\"WebPage\",\"@id\":\"https:\/\/saulkrastubiblioteka.lv\/index.php\/2020\/09\/16\/mazo-puculenu-pirma-nodarbiba\/\",\"url\":\"https:\/\/saulkrastubiblioteka.lv\/index.php\/2020\/09\/16\/mazo-puculenu-pirma-nodarbiba\/\",\"name\":\"Mazo p\u016b\u010dul\u0113nu pirm\u0101 nodarb\u012bba - Saulkrastu novada bibliot\u0113ka\",\"isPartOf\":{\"@id\":\"https:\/\/saulkrastubiblioteka.lv\/#website\"},\"primaryImageOfPage\":{\"@id\":\"https:\/\/saulkrastubiblioteka.lv\/index.php\/2020\/09\/16\/mazo-puculenu-pirma-nodarbiba\/#primaryimage\"},\"image\":{\"@id\":\"https:\/\/saulkrastubiblioteka.lv\/index.php\/2020\/09\/16\/mazo-puculenu-pirma-nodarbiba\/#primaryimage\"},\"thumbnailUrl\":\"https:\/\/saulkrastubiblioteka.lv\/wp-content\/uploads\/2020\/09\/119681292_1674327592732991_5589071656082692784_o-1024x683.jpg\",\"datePublished\":\"2020-09-16T12:10:46+00:00\",\"dateModified\":\"2020-09-16T12:11:03+00:00\",\"breadcrumb\":{\"@id\":\"https:\/\/saulkrastubiblioteka.lv\/index.php\/2020\/09\/16\/mazo-puculenu-pirma-nodarbiba\/#breadcrumb\"},\"inLanguage\":\"lv-LV\",\"potentialAction\":[{\"@type\":\"ReadAction\",\"target\":[\"https:\/\/saulkrastubiblioteka.lv\/index.php\/2020\/09\/16\/mazo-puculenu-pirma-nodarbiba\/\"]}]},{\"@type\":\"ImageObject\",\"inLanguage\":\"lv-LV\",\"@id\":\"https:\/\/saulkrastubiblioteka.lv\/index.php\/2020\/09\/16\/mazo-puculenu-pirma-nodarbiba\/#primaryimage\",\"url\":\"https:\/\/saulkrastubiblioteka.lv\/wp-content\/uploads\/2020\/09\/119681292_1674327592732991_5589071656082692784_o.jpg\",\"contentUrl\":\"https:\/\/saulkrastubiblioteka.lv\/wp-content\/uploads\/2020\/09\/119681292_1674327592732991_5589071656082692784_o.jpg\",\"width\":2048,\"height\":1365},{\"@type\":\"BreadcrumbList\",\"@id\":\"https:\/\/saulkrastubiblioteka.lv\/index.php\/2020\/09\/16\/mazo-puculenu-pirma-nodarbiba\/#breadcrumb\",\"itemListElement\":[{\"@type\":\"ListItem\",\"position\":1,\"name\":\"Home\",\"item\":\"https:\/\/saulkrastubiblioteka.lv\/\"},{\"@type\":\"ListItem\",\"position\":2,\"name\":\"Mazo p\u016b\u010dul\u0113nu pirm\u0101 nodarb\u012bba\"}]},{\"@type\":\"WebSite\",\"@id\":\"https:\/\/saulkrastubiblioteka.lv\/#website\",\"url\":\"https:\/\/saulkrastubiblioteka.lv\/\",\"name\":\"Saulkrastu novada bibliot\u0113ka\",\"description\":\"Vieta, kur labi pavad\u012bt laiku un pab\u016bt mier\u0101\",\"publisher\":{\"@id\":\"https:\/\/saulkrastubiblioteka.lv\/#organization\"},\"potentialAction\":[{\"@type\":\"SearchAction\",\"target\":{\"@type\":\"EntryPoint\",\"urlTemplate\":\"https:\/\/saulkrastubiblioteka.lv\/?s={search_term_string}\"},\"query-input\":{\"@type\":\"PropertyValueSpecification\",\"valueRequired\":true,\"valueName\":\"search_term_string\"}}],\"inLanguage\":\"lv-LV\"},{\"@type\":\"Organization\",\"@id\":\"https:\/\/saulkrastubiblioteka.lv\/#organization\",\"name\":\"Saulkrastu novada bibliot\u0113ka\",\"url\":\"https:\/\/saulkrastubiblioteka.lv\/\",\"logo\":{\"@type\":\"ImageObject\",\"inLanguage\":\"lv-LV\",\"@id\":\"https:\/\/saulkrastubiblioteka.lv\/#\/schema\/logo\/image\/\",\"url\":\"https:\/\/saulkrastubiblioteka.lv\/wp-content\/uploads\/2021\/01\/cropped-logo.png\",\"contentUrl\":\"https:\/\/saulkrastubiblioteka.lv\/wp-content\/uploads\/2021\/01\/cropped-logo.png\",\"width\":240,\"height\":240,\"caption\":\"Saulkrastu novada bibliot\u0113ka\"},\"image\":{\"@id\":\"https:\/\/saulkrastubiblioteka.lv\/#\/schema\/logo\/image\/\"}},{\"@type\":\"Person\",\"@id\":\"https:\/\/saulkrastubiblioteka.lv\/#\/schema\/person\/2233277643a53fb60b293d42c1e5f7a2\",\"name\":\"admin\",\"image\":{\"@type\":\"ImageObject\",\"inLanguage\":\"lv-LV\",\"@id\":\"https:\/\/saulkrastubiblioteka.lv\/#\/schema\/person\/image\/\",\"url\":\"https:\/\/secure.gravatar.com\/avatar\/a5ad3f68569c7df813ab9387f6d30b65?s=96&d=mm&r=g\",\"contentUrl\":\"https:\/\/secure.gravatar.com\/avatar\/a5ad3f68569c7df813ab9387f6d30b65?s=96&d=mm&r=g\",\"caption\":\"admin\"},\"url\":\"https:\/\/saulkrastubiblioteka.lv\/index.php\/author\/info_xjq16vdi\/\"}]}<\/script>\n<!-- \/ Yoast SEO plugin. -->","yoast_head_json":{"title":"Mazo p\u016b\u010dul\u0113nu pirm\u0101 nodarb\u012bba - Saulkrastu novada bibliot\u0113ka","robots":{"index":"index","follow":"follow","max-snippet":"max-snippet:-1","max-image-preview":"max-image-preview:large","max-video-preview":"max-video-preview:-1"},"canonical":"https:\/\/saulkrastubiblioteka.lv\/index.php\/2020\/09\/16\/mazo-puculenu-pirma-nodarbiba\/","og_locale":"lv_LV","og_type":"article","og_title":"Mazo p\u016b\u010dul\u0113nu pirm\u0101 nodarb\u012bba - Saulkrastu novada bibliot\u0113ka","og_description":"15. un 16. septembr\u012b Saulkrastu novada bibliot\u0113k\u0101 notika pirm\u0101s &#8220;Mazo p\u016b\u010dul\u0113nu skolas&#8221; nodarb\u012bbas, uz kur\u0101m ierad\u0101s pirmsskolas izgl\u012bt\u012bbas iest\u0101des \u201cR\u016b\u0137\u012btis\u201d grupi\u0146as \u201cSp\u0101r\u012bte\u201d un \u201cP\u016bc\u012bte\u201d audz\u0113k\u0146i. Pirmaj\u0101 vieso\u0161an\u0101s reiz\u0113 b\u0113rni iepazin\u0101s ar bibliot\u0113ku, dodoties ekskursij\u0101 pa vis\u0101m telp\u0101m. Uzzin\u0101ja, ko dr\u012bkst un ko nedr\u012bkst dar\u012bt atrodoties bibliot\u0113k\u0101. Bibliot\u0113kas b\u0113rnu noda\u013c\u0101 mazie \u0137ipari var\u0113ja rado\u0161i darboties un &hellip; Turpin\u0101t las\u012bt \"Mazo p\u016b\u010dul\u0113nu pirm\u0101 nodarb\u012bba\"","og_url":"https:\/\/saulkrastubiblioteka.lv\/index.php\/2020\/09\/16\/mazo-puculenu-pirma-nodarbiba\/","og_site_name":"Saulkrastu novada bibliot\u0113ka","article_published_time":"2020-09-16T12:10:46+00:00","article_modified_time":"2020-09-16T12:11:03+00:00","og_image":[{"url":"https:\/\/saulkrastubiblioteka.lv\/wp-content\/uploads\/2020\/09\/119681292_1674327592732991_5589071656082692784_o-1024x683.jpg","type":"","width":"","height":""}],"author":"admin","twitter_card":"summary_large_image","twitter_misc":{"Written by":"admin","Est. reading time":"1 min\u016bte"},"schema":{"@context":"https:\/\/schema.org","@graph":[{"@type":"Article","@id":"https:\/\/saulkrastubiblioteka.lv\/index.php\/2020\/09\/16\/mazo-puculenu-pirma-nodarbiba\/#article","isPartOf":{"@id":"https:\/\/saulkrastubiblioteka.lv\/index.php\/2020\/09\/16\/mazo-puculenu-pirma-nodarbiba\/"},"author":{"name":"admin","@id":"https:\/\/saulkrastubiblioteka.lv\/#\/schema\/person\/2233277643a53fb60b293d42c1e5f7a2"},"headline":"Mazo p\u016b\u010dul\u0113nu pirm\u0101 nodarb\u012bba","datePublished":"2020-09-16T12:10:46+00:00","dateModified":"2020-09-16T12:11:03+00:00","mainEntityOfPage":{"@id":"https:\/\/saulkrastubiblioteka.lv\/index.php\/2020\/09\/16\/mazo-puculenu-pirma-nodarbiba\/"},"wordCount":120,"publisher":{"@id":"https:\/\/saulkrastubiblioteka.lv\/#organization"},"image":{"@id":"https:\/\/saulkrastubiblioteka.lv\/index.php\/2020\/09\/16\/mazo-puculenu-pirma-nodarbiba\/#primaryimage"},"thumbnailUrl":"https:\/\/saulkrastubiblioteka.lv\/wp-content\/uploads\/2020\/09\/119681292_1674327592732991_5589071656082692784_o-1024x683.jpg","articleSection":["Mazo p\u016b\u010dul\u0113nu skola"],"inLanguage":"lv-LV"},{"@type":"WebPage","@id":"https:\/\/saulkrastubiblioteka.lv\/index.php\/2020\/09\/16\/mazo-puculenu-pirma-nodarbiba\/","url":"https:\/\/saulkrastubiblioteka.lv\/index.php\/2020\/09\/16\/mazo-puculenu-pirma-nodarbiba\/","name":"Mazo p\u016b\u010dul\u0113nu pirm\u0101 nodarb\u012bba - Saulkrastu novada bibliot\u0113ka","isPartOf":{"@id":"https:\/\/saulkrastubiblioteka.lv\/#website"},"primaryImageOfPage":{"@id":"https:\/\/saulkrastubiblioteka.lv\/index.php\/2020\/09\/16\/mazo-puculenu-pirma-nodarbiba\/#primaryimage"},"image":{"@id":"https:\/\/saulkrastubiblioteka.lv\/index.php\/2020\/09\/16\/mazo-puculenu-pirma-nodarbiba\/#primaryimage"},"thumbnailUrl":"https:\/\/saulkrastubiblioteka.lv\/wp-content\/uploads\/2020\/09\/119681292_1674327592732991_5589071656082692784_o-1024x683.jpg","datePublished":"2020-09-16T12:10:46+00:00","dateModified":"2020-09-16T12:11:03+00:00","breadcrumb":{"@id":"https:\/\/saulkrastubiblioteka.lv\/index.php\/2020\/09\/16\/mazo-puculenu-pirma-nodarbiba\/#breadcrumb"},"inLanguage":"lv-LV","potentialAction":[{"@type":"ReadAction","target":["https:\/\/saulkrastubiblioteka.lv\/index.php\/2020\/09\/16\/mazo-puculenu-pirma-nodarbiba\/"]}]},{"@type":"ImageObject","inLanguage":"lv-LV","@id":"https:\/\/saulkrastubiblioteka.lv\/index.php\/2020\/09\/16\/mazo-puculenu-pirma-nodarbiba\/#primaryimage","url":"https:\/\/saulkrastubiblioteka.lv\/wp-content\/uploads\/2020\/09\/119681292_1674327592732991_5589071656082692784_o.jpg","contentUrl":"https:\/\/saulkrastubiblioteka.lv\/wp-content\/uploads\/2020\/09\/119681292_1674327592732991_5589071656082692784_o.jpg","width":2048,"height":1365},{"@type":"BreadcrumbList","@id":"https:\/\/saulkrastubiblioteka.lv\/index.php\/2020\/09\/16\/mazo-puculenu-pirma-nodarbiba\/#breadcrumb","itemListElement":[{"@type":"ListItem","position":1,"name":"Home","item":"https:\/\/saulkrastubiblioteka.lv\/"},{"@type":"ListItem","position":2,"name":"Mazo p\u016b\u010dul\u0113nu pirm\u0101 nodarb\u012bba"}]},{"@type":"WebSite","@id":"https:\/\/saulkrastubiblioteka.lv\/#website","url":"https:\/\/saulkrastubiblioteka.lv\/","name":"Saulkrastu novada bibliot\u0113ka","description":"Vieta, kur labi pavad\u012bt laiku un pab\u016bt mier\u0101","publisher":{"@id":"https:\/\/saulkrastubiblioteka.lv\/#organization"},"potentialAction":[{"@type":"SearchAction","target":{"@type":"EntryPoint","urlTemplate":"https:\/\/saulkrastubiblioteka.lv\/?s={search_term_string}"},"query-input":{"@type":"PropertyValueSpecification","valueRequired":true,"valueName":"search_term_string"}}],"inLanguage":"lv-LV"},{"@type":"Organization","@id":"https:\/\/saulkrastubiblioteka.lv\/#organization","name":"Saulkrastu novada bibliot\u0113ka","url":"https:\/\/saulkrastubiblioteka.lv\/","logo":{"@type":"ImageObject","inLanguage":"lv-LV","@id":"https:\/\/saulkrastubiblioteka.lv\/#\/schema\/logo\/image\/","url":"https:\/\/saulkrastubiblioteka.lv\/wp-content\/uploads\/2021\/01\/cropped-logo.png","contentUrl":"https:\/\/saulkrastubiblioteka.lv\/wp-content\/uploads\/2021\/01\/cropped-logo.png","width":240,"height":240,"caption":"Saulkrastu novada bibliot\u0113ka"},"image":{"@id":"https:\/\/saulkrastubiblioteka.lv\/#\/schema\/logo\/image\/"}},{"@type":"Person","@id":"https:\/\/saulkrastubiblioteka.lv\/#\/schema\/person\/2233277643a53fb60b293d42c1e5f7a2","name":"admin","image":{"@type":"ImageObject","inLanguage":"lv-LV","@id":"https:\/\/saulkrastubiblioteka.lv\/#\/schema\/person\/image\/","url":"https:\/\/secure.gravatar.com\/avatar\/a5ad3f68569c7df813ab9387f6d30b65?s=96&d=mm&r=g","contentUrl":"https:\/\/secure.gravatar.com\/avatar\/a5ad3f68569c7df813ab9387f6d30b65?s=96&d=mm&r=g","caption":"admin"},"url":"https:\/\/saulkrastubiblioteka.lv\/index.php\/author\/info_xjq16vdi\/"}]}},"_links":{"self":[{"href":"https:\/\/saulkrastubiblioteka.lv\/index.php\/wp-json\/wp\/v2\/posts\/3564","targetHints":{"allow":["GET"]}}],"collection":[{"href":"https:\/\/saulkrastubiblioteka.lv\/index.php\/wp-json\/wp\/v2\/posts"}],"about":[{"href":"https:\/\/saulkrastubiblioteka.lv\/index.php\/wp-json\/wp\/v2\/types\/post"}],"author":[{"embeddable":true,"href":"https:\/\/saulkrastubiblioteka.lv\/index.php\/wp-json\/wp\/v2\/users\/1"}],"replies":[{"embeddable":true,"href":"https:\/\/saulkrastubiblioteka.lv\/index.php\/wp-json\/wp\/v2\/comments?post=3564"}],"version-history":[{"count":1,"href":"https:\/\/saulkrastubiblioteka.lv\/index.php\/wp-json\/wp\/v2\/posts\/3564\/revisions"}],"predecessor-version":[{"id":3566,"href":"https:\/\/saulkrastubiblioteka.lv\/index.php\/wp-json\/wp\/v2\/posts\/3564\/revisions\/3566"}],"wp:attachment":[{"href":"https:\/\/saulkrastubiblioteka.lv\/index.php\/wp-json\/wp\/v2\/media?parent=3564"}],"wp:term":[{"taxonomy":"category","embeddable":true,"href":"https:\/\/saulkrastubiblioteka.lv\/index.php\/wp-json\/wp\/v2\/categories?post=3564"},{"taxonomy":"post_tag","embeddable":true,"href":"https:\/\/saulkrastubiblioteka.lv\/index.php\/wp-json\/wp\/v2\/tags?post=3564"}],"curies":[{"name":"wp","href":"https:\/\/api.w.org\/{rel}","templated":true}]}}