{"id":338,"date":"2018-01-23T12:47:13","date_gmt":"2018-01-23T12:47:13","guid":{"rendered":"https:\/\/saulkrastubiblioteka.lv\/?p=338"},"modified":"2019-08-21T09:03:27","modified_gmt":"2019-08-21T09:03:27","slug":"viena-macibu-stunda-par-stastniecibas-un-rakstniecibas-prasmem","status":"publish","type":"post","link":"https:\/\/saulkrastubiblioteka.lv\/index.php\/2018\/01\/23\/viena-macibu-stunda-par-stastniecibas-un-rakstniecibas-prasmem\/","title":{"rendered":"Viena m\u0101c\u012bbu stunda par st\u0101stniec\u012bbas un rakstniec\u012bbas prasm\u0113m"},"content":{"rendered":"<p><img loading=\"lazy\" decoding=\"async\" class=\"alignnone wp-image-339 size-full\" src=\"https:\/\/saulkrastubiblioteka.lv\/wp-content\/uploads\/2018\/01\/IevaMelgalve.jpg\" alt=\"\" width=\"960\" height=\"636\" srcset=\"https:\/\/saulkrastubiblioteka.lv\/wp-content\/uploads\/2018\/01\/IevaMelgalve.jpg 960w, https:\/\/saulkrastubiblioteka.lv\/wp-content\/uploads\/2018\/01\/IevaMelgalve-300x199.jpg 300w, https:\/\/saulkrastubiblioteka.lv\/wp-content\/uploads\/2018\/01\/IevaMelgalve-768x509.jpg 768w\" sizes=\"auto, (max-width: 709px) 85vw, (max-width: 909px) 67vw, (max-width: 1362px) 62vw, 840px\" \/><\/p>\n<p>Att\u0113l\u0101: <em>2018. gada 19. janv\u0101r\u012b, turpinot Saulkrastu novada domes un Valsts Kult\u016brkapit\u0101la fonda finansi\u0101li atbalst\u012bt\u0101 projekta \u201cLas\u012btava krustojum\u0101\u201d \u012bsteno\u0161anu, Saulkrastos viesoj\u0101s latvie\u0161u rakstniece un dzejniece Ieva Melgalve.<\/em><\/p>\n<p>Jaunie\u0161iem bija v\u0113rt\u012bgi ieklaus\u012bties rakstnieces st\u0101st\u012bjum\u0101 par liter\u0101r\u0101 darba rad\u012b\u0161anas procesu, jo ikdien\u0101 vi\u0146a str\u0101d\u0101 ar topo\u0161ajiem liter\u0101tiem, vadot praktisk\u0101s nodarb\u012bbas. Saruna ar skol\u0113niem rais\u012bj\u0101s par jaunie\u0161u fant\u0101zijas \u017eanra literat\u016bru.<!--more--><\/p>\n<p>Rakstniece str\u0101d\u0101jusi ilgu laiku rekl\u0101mas jom\u0101 k\u0101 ideju un teksta autore. \u0160obr\u012bd stud\u0113 Latvijas Universit\u0101tes Humanit\u0101ro zin\u0101t\u0146u fakult\u0101tes Kult\u016bras un soci\u0101l\u0101s antropolo\u0123ijas studiju programm\u0101.<\/p>\n<p>Pla\u0161u iev\u0113r\u012bbu sabiedr\u012bb\u0101 izpeln\u012bj\u0101s vi\u0146as pirmais st\u0101stu kr\u0101jums \u201cBezzaud\u0113juma punkts\u201d (1999) \u2013 tas izn\u0101ca, kad autorei bija asto\u0146padsmit gadu. V\u0113l\u0101k piev\u0113rsusies fantastikas \u017eanram. 2013. gad\u0101 izdota luga \u201cNecilv\u0113ki\u201d un fant\u0101zijas rom\u0101ns \u201cMiru\u0161ie nepiedod\u201d, 2014. gad\u0101 \u2013 gr\u0101mata b\u0113rniem \u201cBulta, Zvaigzne un La\u012b\u201d.<\/p>\n<p><em>\u201ePrasme izst\u0101st\u012bt labu st\u0101stu ir kaut kas t\u0101ds, kas, visticam\u0101k, jums var\u0113tu noder\u0113t vienm\u0113r,\u201d<\/em> \u0161\u0101di rakstniece Ieva Melgalve dal\u012bj\u0101s sav\u0101 pieredz\u0113, sarun\u0101joties ar Saulkrastu vidusskolas vec\u0101ko kla\u0161u skol\u0113niem.<\/p>\n<p><em>\u201eDaudzas gr\u0101matas, kas tagad pieejamas jaunajai paaudzei, run\u0101 par \u013coti, \u013coti nopietn\u0101m t\u0113m\u0101m,\u201d<\/em> t\u0101 rakstniece Zvejniekciema vidusskolas 6. klases skol\u0113niem pamatoja las\u012b\u0161anas svar\u012bgumu un gr\u0101matas noz\u012bmi visp\u0101r.<\/p>\n<p>Pavisam nesen izn\u0101kusi vi\u0146as gr\u0101mata \u201eMamma, kas ap\u0113da b\u0113rnus\u201d. T\u0101 ir jauka bil\u017eu gr\u0101mati\u0146a, kuru las\u012bt un p\u0113t\u012bt kop\u0101 ar mazuli. Gr\u0101matas nosaukums ir visai provokat\u012bvs, ta\u010du taj\u0101 atkl\u0101jas m\u0101tes un b\u0113rna attiec\u012bbas.<\/p>\n<p>Kl\u0101teso\u0161ajiem rakstniece past\u0101st\u012bja ar\u012b par savu v\u0113l nepublic\u0113to gr\u0101matu \u201eMamma, kas p\u0101rv\u0113rt\u0101s\u201d.<\/p>\n<p>Foto: Dace Dulpi\u0146a<\/p>\n<p>&nbsp;<\/p>\n","protected":false},"excerpt":{"rendered":"<p>Att\u0113l\u0101: 2018. gada 19. janv\u0101r\u012b, turpinot Saulkrastu novada domes un Valsts Kult\u016brkapit\u0101la fonda finansi\u0101li atbalst\u012bt\u0101 projekta \u201cLas\u012btava krustojum\u0101\u201d \u012bsteno\u0161anu, Saulkrastos viesoj\u0101s latvie\u0161u rakstniece un dzejniece Ieva Melgalve. Jaunie\u0161iem bija v\u0113rt\u012bgi ieklaus\u012bties rakstnieces st\u0101st\u012bjum\u0101 par liter\u0101r\u0101 darba rad\u012b\u0161anas procesu, jo ikdien\u0101 vi\u0146a str\u0101d\u0101 ar topo\u0161ajiem liter\u0101tiem, vadot praktisk\u0101s nodarb\u012bbas. Saruna ar skol\u0113niem rais\u012bj\u0101s par jaunie\u0161u fant\u0101zijas &hellip; <a href=\"https:\/\/saulkrastubiblioteka.lv\/index.php\/2018\/01\/23\/viena-macibu-stunda-par-stastniecibas-un-rakstniecibas-prasmem\/\" class=\"more-link\">Turpin\u0101t las\u012bt<span class=\"screen-reader-text\"> &#8220;Viena m\u0101c\u012bbu stunda par st\u0101stniec\u012bbas un rakstniec\u012bbas prasm\u0113m&#8221;<\/span><\/a><\/p>\n","protected":false},"author":1,"featured_media":0,"comment_status":"open","ping_status":"open","sticky":false,"template":"","format":"standard","meta":{"footnotes":""},"categories":[52,4,68],"tags":[],"class_list":["post-338","post","type-post","status-publish","format-standard","hentry","category-lasitava-krustojuma-1-karta","category-pasakumi","category-rakstnieki-biblioteka"],"yoast_head":"<!-- This site is optimized with the Yoast SEO plugin v24.2 - https:\/\/yoast.com\/wordpress\/plugins\/seo\/ -->\n<title>Viena m\u0101c\u012bbu stunda par st\u0101stniec\u012bbas un rakstniec\u012bbas prasm\u0113m - Saulkrastu novada bibliot\u0113ka<\/title>\n<meta name=\"robots\" content=\"index, follow, max-snippet:-1, max-image-preview:large, max-video-preview:-1\" \/>\n<link rel=\"canonical\" href=\"https:\/\/saulkrastubiblioteka.lv\/index.php\/2018\/01\/23\/viena-macibu-stunda-par-stastniecibas-un-rakstniecibas-prasmem\/\" \/>\n<meta property=\"og:locale\" content=\"lv_LV\" \/>\n<meta property=\"og:type\" content=\"article\" \/>\n<meta property=\"og:title\" content=\"Viena m\u0101c\u012bbu stunda par st\u0101stniec\u012bbas un rakstniec\u012bbas prasm\u0113m - Saulkrastu novada bibliot\u0113ka\" \/>\n<meta property=\"og:description\" content=\"Att\u0113l\u0101: 2018. gada 19. janv\u0101r\u012b, turpinot Saulkrastu novada domes un Valsts Kult\u016brkapit\u0101la fonda finansi\u0101li atbalst\u012bt\u0101 projekta \u201cLas\u012btava krustojum\u0101\u201d \u012bsteno\u0161anu, Saulkrastos viesoj\u0101s latvie\u0161u rakstniece un dzejniece Ieva Melgalve. Jaunie\u0161iem bija v\u0113rt\u012bgi ieklaus\u012bties rakstnieces st\u0101st\u012bjum\u0101 par liter\u0101r\u0101 darba rad\u012b\u0161anas procesu, jo ikdien\u0101 vi\u0146a str\u0101d\u0101 ar topo\u0161ajiem liter\u0101tiem, vadot praktisk\u0101s nodarb\u012bbas. Saruna ar skol\u0113niem rais\u012bj\u0101s par jaunie\u0161u fant\u0101zijas &hellip; Turpin\u0101t las\u012bt &quot;Viena m\u0101c\u012bbu stunda par st\u0101stniec\u012bbas un rakstniec\u012bbas prasm\u0113m&quot;\" \/>\n<meta property=\"og:url\" content=\"https:\/\/saulkrastubiblioteka.lv\/index.php\/2018\/01\/23\/viena-macibu-stunda-par-stastniecibas-un-rakstniecibas-prasmem\/\" \/>\n<meta property=\"og:site_name\" content=\"Saulkrastu novada bibliot\u0113ka\" \/>\n<meta property=\"article:published_time\" content=\"2018-01-23T12:47:13+00:00\" \/>\n<meta property=\"article:modified_time\" content=\"2019-08-21T09:03:27+00:00\" \/>\n<meta property=\"og:image\" content=\"https:\/\/saulkrastubiblioteka.lv\/wp-content\/uploads\/2018\/01\/IevaMelgalve.jpg\" \/>\n<meta name=\"author\" content=\"admin\" \/>\n<meta name=\"twitter:card\" content=\"summary_large_image\" \/>\n<meta name=\"twitter:label1\" content=\"Written by\" \/>\n\t<meta name=\"twitter:data1\" content=\"admin\" \/>\n\t<meta name=\"twitter:label2\" content=\"Est. reading time\" \/>\n\t<meta name=\"twitter:data2\" content=\"2 min\u016btes\" \/>\n<script type=\"application\/ld+json\" class=\"yoast-schema-graph\">{\"@context\":\"https:\/\/schema.org\",\"@graph\":[{\"@type\":\"Article\",\"@id\":\"https:\/\/saulkrastubiblioteka.lv\/index.php\/2018\/01\/23\/viena-macibu-stunda-par-stastniecibas-un-rakstniecibas-prasmem\/#article\",\"isPartOf\":{\"@id\":\"https:\/\/saulkrastubiblioteka.lv\/index.php\/2018\/01\/23\/viena-macibu-stunda-par-stastniecibas-un-rakstniecibas-prasmem\/\"},\"author\":{\"name\":\"admin\",\"@id\":\"https:\/\/saulkrastubiblioteka.lv\/#\/schema\/person\/2233277643a53fb60b293d42c1e5f7a2\"},\"headline\":\"Viena m\u0101c\u012bbu stunda par st\u0101stniec\u012bbas un rakstniec\u012bbas prasm\u0113m\",\"datePublished\":\"2018-01-23T12:47:13+00:00\",\"dateModified\":\"2019-08-21T09:03:27+00:00\",\"mainEntityOfPage\":{\"@id\":\"https:\/\/saulkrastubiblioteka.lv\/index.php\/2018\/01\/23\/viena-macibu-stunda-par-stastniecibas-un-rakstniecibas-prasmem\/\"},\"wordCount\":350,\"commentCount\":0,\"publisher\":{\"@id\":\"https:\/\/saulkrastubiblioteka.lv\/#organization\"},\"image\":{\"@id\":\"https:\/\/saulkrastubiblioteka.lv\/index.php\/2018\/01\/23\/viena-macibu-stunda-par-stastniecibas-un-rakstniecibas-prasmem\/#primaryimage\"},\"thumbnailUrl\":\"https:\/\/saulkrastubiblioteka.lv\/wp-content\/uploads\/2018\/01\/IevaMelgalve.jpg\",\"articleSection\":[\"Las\u012btava krustojum\u0101. 1.k\u0101rta\",\"Pas\u0101kumi\",\"Rakstnieki bibliot\u0113k\u0101\"],\"inLanguage\":\"lv-LV\",\"potentialAction\":[{\"@type\":\"CommentAction\",\"name\":\"Comment\",\"target\":[\"https:\/\/saulkrastubiblioteka.lv\/index.php\/2018\/01\/23\/viena-macibu-stunda-par-stastniecibas-un-rakstniecibas-prasmem\/#respond\"]}]},{\"@type\":\"WebPage\",\"@id\":\"https:\/\/saulkrastubiblioteka.lv\/index.php\/2018\/01\/23\/viena-macibu-stunda-par-stastniecibas-un-rakstniecibas-prasmem\/\",\"url\":\"https:\/\/saulkrastubiblioteka.lv\/index.php\/2018\/01\/23\/viena-macibu-stunda-par-stastniecibas-un-rakstniecibas-prasmem\/\",\"name\":\"Viena m\u0101c\u012bbu stunda par st\u0101stniec\u012bbas un rakstniec\u012bbas prasm\u0113m - Saulkrastu novada bibliot\u0113ka\",\"isPartOf\":{\"@id\":\"https:\/\/saulkrastubiblioteka.lv\/#website\"},\"primaryImageOfPage\":{\"@id\":\"https:\/\/saulkrastubiblioteka.lv\/index.php\/2018\/01\/23\/viena-macibu-stunda-par-stastniecibas-un-rakstniecibas-prasmem\/#primaryimage\"},\"image\":{\"@id\":\"https:\/\/saulkrastubiblioteka.lv\/index.php\/2018\/01\/23\/viena-macibu-stunda-par-stastniecibas-un-rakstniecibas-prasmem\/#primaryimage\"},\"thumbnailUrl\":\"https:\/\/saulkrastubiblioteka.lv\/wp-content\/uploads\/2018\/01\/IevaMelgalve.jpg\",\"datePublished\":\"2018-01-23T12:47:13+00:00\",\"dateModified\":\"2019-08-21T09:03:27+00:00\",\"breadcrumb\":{\"@id\":\"https:\/\/saulkrastubiblioteka.lv\/index.php\/2018\/01\/23\/viena-macibu-stunda-par-stastniecibas-un-rakstniecibas-prasmem\/#breadcrumb\"},\"inLanguage\":\"lv-LV\",\"potentialAction\":[{\"@type\":\"ReadAction\",\"target\":[\"https:\/\/saulkrastubiblioteka.lv\/index.php\/2018\/01\/23\/viena-macibu-stunda-par-stastniecibas-un-rakstniecibas-prasmem\/\"]}]},{\"@type\":\"ImageObject\",\"inLanguage\":\"lv-LV\",\"@id\":\"https:\/\/saulkrastubiblioteka.lv\/index.php\/2018\/01\/23\/viena-macibu-stunda-par-stastniecibas-un-rakstniecibas-prasmem\/#primaryimage\",\"url\":\"https:\/\/saulkrastubiblioteka.lv\/wp-content\/uploads\/2018\/01\/IevaMelgalve.jpg\",\"contentUrl\":\"https:\/\/saulkrastubiblioteka.lv\/wp-content\/uploads\/2018\/01\/IevaMelgalve.jpg\",\"width\":960,\"height\":636},{\"@type\":\"BreadcrumbList\",\"@id\":\"https:\/\/saulkrastubiblioteka.lv\/index.php\/2018\/01\/23\/viena-macibu-stunda-par-stastniecibas-un-rakstniecibas-prasmem\/#breadcrumb\",\"itemListElement\":[{\"@type\":\"ListItem\",\"position\":1,\"name\":\"Home\",\"item\":\"https:\/\/saulkrastubiblioteka.lv\/\"},{\"@type\":\"ListItem\",\"position\":2,\"name\":\"Viena m\u0101c\u012bbu stunda par st\u0101stniec\u012bbas un rakstniec\u012bbas prasm\u0113m\"}]},{\"@type\":\"WebSite\",\"@id\":\"https:\/\/saulkrastubiblioteka.lv\/#website\",\"url\":\"https:\/\/saulkrastubiblioteka.lv\/\",\"name\":\"Saulkrastu novada bibliot\u0113ka\",\"description\":\"Vieta, kur labi pavad\u012bt laiku un pab\u016bt mier\u0101\",\"publisher\":{\"@id\":\"https:\/\/saulkrastubiblioteka.lv\/#organization\"},\"potentialAction\":[{\"@type\":\"SearchAction\",\"target\":{\"@type\":\"EntryPoint\",\"urlTemplate\":\"https:\/\/saulkrastubiblioteka.lv\/?s={search_term_string}\"},\"query-input\":{\"@type\":\"PropertyValueSpecification\",\"valueRequired\":true,\"valueName\":\"search_term_string\"}}],\"inLanguage\":\"lv-LV\"},{\"@type\":\"Organization\",\"@id\":\"https:\/\/saulkrastubiblioteka.lv\/#organization\",\"name\":\"Saulkrastu novada bibliot\u0113ka\",\"url\":\"https:\/\/saulkrastubiblioteka.lv\/\",\"logo\":{\"@type\":\"ImageObject\",\"inLanguage\":\"lv-LV\",\"@id\":\"https:\/\/saulkrastubiblioteka.lv\/#\/schema\/logo\/image\/\",\"url\":\"https:\/\/saulkrastubiblioteka.lv\/wp-content\/uploads\/2021\/01\/cropped-logo.png\",\"contentUrl\":\"https:\/\/saulkrastubiblioteka.lv\/wp-content\/uploads\/2021\/01\/cropped-logo.png\",\"width\":240,\"height\":240,\"caption\":\"Saulkrastu novada bibliot\u0113ka\"},\"image\":{\"@id\":\"https:\/\/saulkrastubiblioteka.lv\/#\/schema\/logo\/image\/\"}},{\"@type\":\"Person\",\"@id\":\"https:\/\/saulkrastubiblioteka.lv\/#\/schema\/person\/2233277643a53fb60b293d42c1e5f7a2\",\"name\":\"admin\",\"image\":{\"@type\":\"ImageObject\",\"inLanguage\":\"lv-LV\",\"@id\":\"https:\/\/saulkrastubiblioteka.lv\/#\/schema\/person\/image\/\",\"url\":\"https:\/\/secure.gravatar.com\/avatar\/a5ad3f68569c7df813ab9387f6d30b65?s=96&d=mm&r=g\",\"contentUrl\":\"https:\/\/secure.gravatar.com\/avatar\/a5ad3f68569c7df813ab9387f6d30b65?s=96&d=mm&r=g\",\"caption\":\"admin\"},\"url\":\"https:\/\/saulkrastubiblioteka.lv\/index.php\/author\/info_xjq16vdi\/\"}]}<\/script>\n<!-- \/ Yoast SEO plugin. -->","yoast_head_json":{"title":"Viena m\u0101c\u012bbu stunda par st\u0101stniec\u012bbas un rakstniec\u012bbas prasm\u0113m - Saulkrastu novada bibliot\u0113ka","robots":{"index":"index","follow":"follow","max-snippet":"max-snippet:-1","max-image-preview":"max-image-preview:large","max-video-preview":"max-video-preview:-1"},"canonical":"https:\/\/saulkrastubiblioteka.lv\/index.php\/2018\/01\/23\/viena-macibu-stunda-par-stastniecibas-un-rakstniecibas-prasmem\/","og_locale":"lv_LV","og_type":"article","og_title":"Viena m\u0101c\u012bbu stunda par st\u0101stniec\u012bbas un rakstniec\u012bbas prasm\u0113m - Saulkrastu novada bibliot\u0113ka","og_description":"Att\u0113l\u0101: 2018. gada 19. janv\u0101r\u012b, turpinot Saulkrastu novada domes un Valsts Kult\u016brkapit\u0101la fonda finansi\u0101li atbalst\u012bt\u0101 projekta \u201cLas\u012btava krustojum\u0101\u201d \u012bsteno\u0161anu, Saulkrastos viesoj\u0101s latvie\u0161u rakstniece un dzejniece Ieva Melgalve. Jaunie\u0161iem bija v\u0113rt\u012bgi ieklaus\u012bties rakstnieces st\u0101st\u012bjum\u0101 par liter\u0101r\u0101 darba rad\u012b\u0161anas procesu, jo ikdien\u0101 vi\u0146a str\u0101d\u0101 ar topo\u0161ajiem liter\u0101tiem, vadot praktisk\u0101s nodarb\u012bbas. Saruna ar skol\u0113niem rais\u012bj\u0101s par jaunie\u0161u fant\u0101zijas &hellip; Turpin\u0101t las\u012bt \"Viena m\u0101c\u012bbu stunda par st\u0101stniec\u012bbas un rakstniec\u012bbas prasm\u0113m\"","og_url":"https:\/\/saulkrastubiblioteka.lv\/index.php\/2018\/01\/23\/viena-macibu-stunda-par-stastniecibas-un-rakstniecibas-prasmem\/","og_site_name":"Saulkrastu novada bibliot\u0113ka","article_published_time":"2018-01-23T12:47:13+00:00","article_modified_time":"2019-08-21T09:03:27+00:00","og_image":[{"url":"https:\/\/saulkrastubiblioteka.lv\/wp-content\/uploads\/2018\/01\/IevaMelgalve.jpg","type":"","width":"","height":""}],"author":"admin","twitter_card":"summary_large_image","twitter_misc":{"Written by":"admin","Est. reading time":"2 min\u016btes"},"schema":{"@context":"https:\/\/schema.org","@graph":[{"@type":"Article","@id":"https:\/\/saulkrastubiblioteka.lv\/index.php\/2018\/01\/23\/viena-macibu-stunda-par-stastniecibas-un-rakstniecibas-prasmem\/#article","isPartOf":{"@id":"https:\/\/saulkrastubiblioteka.lv\/index.php\/2018\/01\/23\/viena-macibu-stunda-par-stastniecibas-un-rakstniecibas-prasmem\/"},"author":{"name":"admin","@id":"https:\/\/saulkrastubiblioteka.lv\/#\/schema\/person\/2233277643a53fb60b293d42c1e5f7a2"},"headline":"Viena m\u0101c\u012bbu stunda par st\u0101stniec\u012bbas un rakstniec\u012bbas prasm\u0113m","datePublished":"2018-01-23T12:47:13+00:00","dateModified":"2019-08-21T09:03:27+00:00","mainEntityOfPage":{"@id":"https:\/\/saulkrastubiblioteka.lv\/index.php\/2018\/01\/23\/viena-macibu-stunda-par-stastniecibas-un-rakstniecibas-prasmem\/"},"wordCount":350,"commentCount":0,"publisher":{"@id":"https:\/\/saulkrastubiblioteka.lv\/#organization"},"image":{"@id":"https:\/\/saulkrastubiblioteka.lv\/index.php\/2018\/01\/23\/viena-macibu-stunda-par-stastniecibas-un-rakstniecibas-prasmem\/#primaryimage"},"thumbnailUrl":"https:\/\/saulkrastubiblioteka.lv\/wp-content\/uploads\/2018\/01\/IevaMelgalve.jpg","articleSection":["Las\u012btava krustojum\u0101. 1.k\u0101rta","Pas\u0101kumi","Rakstnieki bibliot\u0113k\u0101"],"inLanguage":"lv-LV","potentialAction":[{"@type":"CommentAction","name":"Comment","target":["https:\/\/saulkrastubiblioteka.lv\/index.php\/2018\/01\/23\/viena-macibu-stunda-par-stastniecibas-un-rakstniecibas-prasmem\/#respond"]}]},{"@type":"WebPage","@id":"https:\/\/saulkrastubiblioteka.lv\/index.php\/2018\/01\/23\/viena-macibu-stunda-par-stastniecibas-un-rakstniecibas-prasmem\/","url":"https:\/\/saulkrastubiblioteka.lv\/index.php\/2018\/01\/23\/viena-macibu-stunda-par-stastniecibas-un-rakstniecibas-prasmem\/","name":"Viena m\u0101c\u012bbu stunda par st\u0101stniec\u012bbas un rakstniec\u012bbas prasm\u0113m - Saulkrastu novada bibliot\u0113ka","isPartOf":{"@id":"https:\/\/saulkrastubiblioteka.lv\/#website"},"primaryImageOfPage":{"@id":"https:\/\/saulkrastubiblioteka.lv\/index.php\/2018\/01\/23\/viena-macibu-stunda-par-stastniecibas-un-rakstniecibas-prasmem\/#primaryimage"},"image":{"@id":"https:\/\/saulkrastubiblioteka.lv\/index.php\/2018\/01\/23\/viena-macibu-stunda-par-stastniecibas-un-rakstniecibas-prasmem\/#primaryimage"},"thumbnailUrl":"https:\/\/saulkrastubiblioteka.lv\/wp-content\/uploads\/2018\/01\/IevaMelgalve.jpg","datePublished":"2018-01-23T12:47:13+00:00","dateModified":"2019-08-21T09:03:27+00:00","breadcrumb":{"@id":"https:\/\/saulkrastubiblioteka.lv\/index.php\/2018\/01\/23\/viena-macibu-stunda-par-stastniecibas-un-rakstniecibas-prasmem\/#breadcrumb"},"inLanguage":"lv-LV","potentialAction":[{"@type":"ReadAction","target":["https:\/\/saulkrastubiblioteka.lv\/index.php\/2018\/01\/23\/viena-macibu-stunda-par-stastniecibas-un-rakstniecibas-prasmem\/"]}]},{"@type":"ImageObject","inLanguage":"lv-LV","@id":"https:\/\/saulkrastubiblioteka.lv\/index.php\/2018\/01\/23\/viena-macibu-stunda-par-stastniecibas-un-rakstniecibas-prasmem\/#primaryimage","url":"https:\/\/saulkrastubiblioteka.lv\/wp-content\/uploads\/2018\/01\/IevaMelgalve.jpg","contentUrl":"https:\/\/saulkrastubiblioteka.lv\/wp-content\/uploads\/2018\/01\/IevaMelgalve.jpg","width":960,"height":636},{"@type":"BreadcrumbList","@id":"https:\/\/saulkrastubiblioteka.lv\/index.php\/2018\/01\/23\/viena-macibu-stunda-par-stastniecibas-un-rakstniecibas-prasmem\/#breadcrumb","itemListElement":[{"@type":"ListItem","position":1,"name":"Home","item":"https:\/\/saulkrastubiblioteka.lv\/"},{"@type":"ListItem","position":2,"name":"Viena m\u0101c\u012bbu stunda par st\u0101stniec\u012bbas un rakstniec\u012bbas prasm\u0113m"}]},{"@type":"WebSite","@id":"https:\/\/saulkrastubiblioteka.lv\/#website","url":"https:\/\/saulkrastubiblioteka.lv\/","name":"Saulkrastu novada bibliot\u0113ka","description":"Vieta, kur labi pavad\u012bt laiku un pab\u016bt mier\u0101","publisher":{"@id":"https:\/\/saulkrastubiblioteka.lv\/#organization"},"potentialAction":[{"@type":"SearchAction","target":{"@type":"EntryPoint","urlTemplate":"https:\/\/saulkrastubiblioteka.lv\/?s={search_term_string}"},"query-input":{"@type":"PropertyValueSpecification","valueRequired":true,"valueName":"search_term_string"}}],"inLanguage":"lv-LV"},{"@type":"Organization","@id":"https:\/\/saulkrastubiblioteka.lv\/#organization","name":"Saulkrastu novada bibliot\u0113ka","url":"https:\/\/saulkrastubiblioteka.lv\/","logo":{"@type":"ImageObject","inLanguage":"lv-LV","@id":"https:\/\/saulkrastubiblioteka.lv\/#\/schema\/logo\/image\/","url":"https:\/\/saulkrastubiblioteka.lv\/wp-content\/uploads\/2021\/01\/cropped-logo.png","contentUrl":"https:\/\/saulkrastubiblioteka.lv\/wp-content\/uploads\/2021\/01\/cropped-logo.png","width":240,"height":240,"caption":"Saulkrastu novada bibliot\u0113ka"},"image":{"@id":"https:\/\/saulkrastubiblioteka.lv\/#\/schema\/logo\/image\/"}},{"@type":"Person","@id":"https:\/\/saulkrastubiblioteka.lv\/#\/schema\/person\/2233277643a53fb60b293d42c1e5f7a2","name":"admin","image":{"@type":"ImageObject","inLanguage":"lv-LV","@id":"https:\/\/saulkrastubiblioteka.lv\/#\/schema\/person\/image\/","url":"https:\/\/secure.gravatar.com\/avatar\/a5ad3f68569c7df813ab9387f6d30b65?s=96&d=mm&r=g","contentUrl":"https:\/\/secure.gravatar.com\/avatar\/a5ad3f68569c7df813ab9387f6d30b65?s=96&d=mm&r=g","caption":"admin"},"url":"https:\/\/saulkrastubiblioteka.lv\/index.php\/author\/info_xjq16vdi\/"}]}},"_links":{"self":[{"href":"https:\/\/saulkrastubiblioteka.lv\/index.php\/wp-json\/wp\/v2\/posts\/338","targetHints":{"allow":["GET"]}}],"collection":[{"href":"https:\/\/saulkrastubiblioteka.lv\/index.php\/wp-json\/wp\/v2\/posts"}],"about":[{"href":"https:\/\/saulkrastubiblioteka.lv\/index.php\/wp-json\/wp\/v2\/types\/post"}],"author":[{"embeddable":true,"href":"https:\/\/saulkrastubiblioteka.lv\/index.php\/wp-json\/wp\/v2\/users\/1"}],"replies":[{"embeddable":true,"href":"https:\/\/saulkrastubiblioteka.lv\/index.php\/wp-json\/wp\/v2\/comments?post=338"}],"version-history":[{"count":5,"href":"https:\/\/saulkrastubiblioteka.lv\/index.php\/wp-json\/wp\/v2\/posts\/338\/revisions"}],"predecessor-version":[{"id":2002,"href":"https:\/\/saulkrastubiblioteka.lv\/index.php\/wp-json\/wp\/v2\/posts\/338\/revisions\/2002"}],"wp:attachment":[{"href":"https:\/\/saulkrastubiblioteka.lv\/index.php\/wp-json\/wp\/v2\/media?parent=338"}],"wp:term":[{"taxonomy":"category","embeddable":true,"href":"https:\/\/saulkrastubiblioteka.lv\/index.php\/wp-json\/wp\/v2\/categories?post=338"},{"taxonomy":"post_tag","embeddable":true,"href":"https:\/\/saulkrastubiblioteka.lv\/index.php\/wp-json\/wp\/v2\/tags?post=338"}],"curies":[{"name":"wp","href":"https:\/\/api.w.org\/{rel}","templated":true}]}}