{"id":328,"date":"2018-01-20T16:45:45","date_gmt":"2018-01-20T16:45:45","guid":{"rendered":"https:\/\/saulkrastubiblioteka.lv\/?p=328"},"modified":"2018-01-20T17:08:36","modified_gmt":"2018-01-20T17:08:36","slug":"berni-apmekle-biblioteku-lasa-un-verte-gramatas","status":"publish","type":"post","link":"https:\/\/saulkrastubiblioteka.lv\/index.php\/2018\/01\/20\/berni-apmekle-biblioteku-lasa-un-verte-gramatas\/","title":{"rendered":"B\u0113rni apmekl\u0113 bibliot\u0113ku, lasa un v\u0113rt\u0113 gr\u0101matas"},"content":{"rendered":"<p><img loading=\"lazy\" decoding=\"async\" class=\"alignnone size-full wp-image-329\" src=\"https:\/\/saulkrastubiblioteka.lv\/wp-content\/uploads\/2018\/01\/bjz.jpg\" alt=\"\" width=\"595\" height=\"446\" srcset=\"https:\/\/saulkrastubiblioteka.lv\/wp-content\/uploads\/2018\/01\/bjz.jpg 595w, https:\/\/saulkrastubiblioteka.lv\/wp-content\/uploads\/2018\/01\/bjz-300x225.jpg 300w\" sizes=\"auto, (max-width: 595px) 85vw, 595px\" \/><\/p>\n<p>Saulkrastu novada bibliot\u0113k\u0101 pieejama gr\u0101matu kolekcija, kas paredz\u0113ta \u201cB\u0113rnu, jaunie\u0161u un vec\u0101ku \u017e\u016brijas\u201d darbam. \u010cetr\u0101s vecuma grup\u0101s b\u0113rni un jaunie\u0161i kop\u0101 ar vec\u0101kiem vair\u0101ku m\u0113ne\u0161u garum\u0101 tika aicin\u0101ti las\u012bt gr\u0101matas, kuras ieteiku\u0161i profesion\u0101\u013ci, bet v\u0113l\u0101k t\u0101s v\u0113rt\u0113t. Las\u012b\u0161anas veicin\u0101\u0161anas programm\u0101 akt\u012bvi iesaist\u012bj\u0101s Saulkrastu novada pirmsskolas izgl\u012bt\u012bbas iest\u0101des \u201cR\u016b\u0137\u012btis\u201d pedagogi kop\u0101 ar grupas \u201cTi<span class=\"text_exposed_show\">nce\u201d audz\u0113k\u0146iem. <\/span><!--more--><\/p>\n<p><span class=\"text_exposed_show\">Vi\u0146iem bija j\u0101izlasa un j\u0101nov\u0113rt\u0113 6 gr\u0101matas:<br \/>\n1. Divdesmit pieci m\u0101ko\u0146i \/ Maija Laukmane. &#8211; R\u012bga : Annele, 2016.<br \/>\n2. Ez\u012btis, kur\u0161 m\u012bl\u0113ja slepeni : notikumi jautraj\u0101 lauku s\u0113t\u0101 \/ Dai\u0146us \u0160ukis. &#8211; R\u012bga : Lauku Av\u012bze, 2017.<br \/>\n3. Govs \/ Huans Arhona. &#8211; R\u012bga : P\u0113tergailis, 2016.<br \/>\n4. \u012asi st\u0101sti\u0146i par liet\u0101m \/ \u0136\u0113stutis Kasparavi\u010ds. &#8211; R\u012bga : P\u0113tergailis, 2016.<br \/>\n5. Pasaka par pe\u013cu pili \/ Maikls Bonds. &#8211; R\u012bga : Egmont Latvija, 2016.<br \/>\n6. Puika, kas z\u012bm\u0113ja ka\u0137us : p\u0113c jap\u0101\u0146u pasakas mot\u012bviem. &#8211; R\u012bga : J\u0101\u0146a Rozes apg\u0101ds, 2017.<\/span><\/p>\n<div class=\"text_exposed_show\">\n<p>B\u0113rniem visvair\u0101k patika gr\u0101mata \u201cPuika, kas z\u012bm\u0113ja ka\u0137us\u201d. Tas ir st\u0101sts par nabadz\u012bgu, ta\u010du \u013coti krietnu un godpr\u0101t\u012bgu zemnieku ar g\u0101d\u012bgu un iej\u016bt\u012bgu sievu, kuri dz\u012bvoja k\u0101d\u0101 maz\u0101 Jap\u0101nas lauku ciemat\u0101. Vi\u0146iem bija septi\u0146i d\u0113li, no kuriem jaun\u0101kais ik m\u012b\u013cu br\u012bdi nodev\u0101s z\u012bm\u0113\u0161anai. Vi\u0146\u0161 z\u012bm\u0113ja vienm\u0113r un visur, turkl\u0101t tikai ka\u0137us.<\/p>\n<p>Mazie las\u012bt\u0101ji \u0161ai gr\u0101matai deva visaugst\u0101ko v\u0113rt\u0113jumu.<\/p>\n<p>Patlaban bibliot\u0113kas telp\u0101s var apskat\u012bt izst\u0101di, kuru veidoju\u0161i\u00a0<a class=\"profileLink\" href=\"https:\/\/www.facebook.com\/Saulkrastu-PII-R%C5%AB%C4%B7%C4%ABtis-369119106583641\/?fref=mentions\">Saulkrastu PII R\u016b\u0137\u012btis<\/a>\u00a0grupas \u201cTince\u201d audz\u0113k\u0146i. Taj\u0101 ir b\u0113rnu veidotie z\u012bm\u0113jumi un no plastal\u012bna darin\u0101ta Drupa\u010du \u0123imen\u012bte, kur\u0101 redzami daudzi un da\u017e\u0101di za\u0137\u012b\u0161i.<\/p>\n<p>P\u0113c anketu aizpild\u012b\u0161anas visi dal\u012bbnieki sa\u0146\u0113ma stil\u012bgas\u00a0<a class=\"profileLink\" href=\"https:\/\/www.facebook.com\/lnb.lv\/?fref=mentions\">Latvijas Nacion\u0101l\u0101 bibliot\u0113ka \/ National Library of Latvia<\/a>\u00a0aproces pateic\u012bb\u0101 par iesaist\u012b\u0161anos gr\u0101matu v\u0113rt\u0113\u0161an\u0101.<\/p>\n<p>Paldies visiem b\u0113rniem, kuri atrod laiku un grib las\u012bt gr\u0101matas.<br \/>\nPaldies ar\u012b pedagogiem, kuri arvien vair\u0101k lasa b\u0113rniem priek\u0161\u0101 gr\u0101matas!<br \/>\nPaldies vec\u0101kiem un vecvec\u0101kiem, kuri g\u0101d\u0101, lai b\u0113rni las\u012btu!<\/p>\n<\/div>\n","protected":false},"excerpt":{"rendered":"<p>Saulkrastu novada bibliot\u0113k\u0101 pieejama gr\u0101matu kolekcija, kas paredz\u0113ta \u201cB\u0113rnu, jaunie\u0161u un vec\u0101ku \u017e\u016brijas\u201d darbam. \u010cetr\u0101s vecuma grup\u0101s b\u0113rni un jaunie\u0161i kop\u0101 ar vec\u0101kiem vair\u0101ku m\u0113ne\u0161u garum\u0101 tika aicin\u0101ti las\u012bt gr\u0101matas, kuras ieteiku\u0161i profesion\u0101\u013ci, bet v\u0113l\u0101k t\u0101s v\u0113rt\u0113t. Las\u012b\u0161anas veicin\u0101\u0161anas programm\u0101 akt\u012bvi iesaist\u012bj\u0101s Saulkrastu novada pirmsskolas izgl\u012bt\u012bbas iest\u0101des \u201cR\u016b\u0137\u012btis\u201d pedagogi kop\u0101 ar grupas \u201cTince\u201d audz\u0113k\u0146iem.<\/p>\n","protected":false},"author":1,"featured_media":0,"comment_status":"open","ping_status":"open","sticky":false,"template":"","format":"standard","meta":{"footnotes":""},"categories":[16],"tags":[],"class_list":["post-328","post","type-post","status-publish","format-standard","hentry","category-bernu-zurija"],"yoast_head":"<!-- This site is optimized with the Yoast SEO plugin v24.2 - https:\/\/yoast.com\/wordpress\/plugins\/seo\/ -->\n<title>B\u0113rni apmekl\u0113 bibliot\u0113ku, lasa un v\u0113rt\u0113 gr\u0101matas - Saulkrastu novada bibliot\u0113ka<\/title>\n<meta name=\"robots\" content=\"index, follow, max-snippet:-1, max-image-preview:large, max-video-preview:-1\" \/>\n<link rel=\"canonical\" href=\"https:\/\/saulkrastubiblioteka.lv\/index.php\/2018\/01\/20\/berni-apmekle-biblioteku-lasa-un-verte-gramatas\/\" \/>\n<meta property=\"og:locale\" content=\"lv_LV\" \/>\n<meta property=\"og:type\" content=\"article\" \/>\n<meta property=\"og:title\" content=\"B\u0113rni apmekl\u0113 bibliot\u0113ku, lasa un v\u0113rt\u0113 gr\u0101matas - Saulkrastu novada bibliot\u0113ka\" \/>\n<meta property=\"og:description\" content=\"Saulkrastu novada bibliot\u0113k\u0101 pieejama gr\u0101matu kolekcija, kas paredz\u0113ta \u201cB\u0113rnu, jaunie\u0161u un vec\u0101ku \u017e\u016brijas\u201d darbam. \u010cetr\u0101s vecuma grup\u0101s b\u0113rni un jaunie\u0161i kop\u0101 ar vec\u0101kiem vair\u0101ku m\u0113ne\u0161u garum\u0101 tika aicin\u0101ti las\u012bt gr\u0101matas, kuras ieteiku\u0161i profesion\u0101\u013ci, bet v\u0113l\u0101k t\u0101s v\u0113rt\u0113t. Las\u012b\u0161anas veicin\u0101\u0161anas programm\u0101 akt\u012bvi iesaist\u012bj\u0101s Saulkrastu novada pirmsskolas izgl\u012bt\u012bbas iest\u0101des \u201cR\u016b\u0137\u012btis\u201d pedagogi kop\u0101 ar grupas \u201cTince\u201d audz\u0113k\u0146iem.\" \/>\n<meta property=\"og:url\" content=\"https:\/\/saulkrastubiblioteka.lv\/index.php\/2018\/01\/20\/berni-apmekle-biblioteku-lasa-un-verte-gramatas\/\" \/>\n<meta property=\"og:site_name\" content=\"Saulkrastu novada bibliot\u0113ka\" \/>\n<meta property=\"article:published_time\" content=\"2018-01-20T16:45:45+00:00\" \/>\n<meta property=\"article:modified_time\" content=\"2018-01-20T17:08:36+00:00\" \/>\n<meta property=\"og:image\" content=\"https:\/\/saulkrastubiblioteka.lv\/wp-content\/uploads\/2018\/01\/bjz.jpg\" \/>\n<meta name=\"author\" content=\"admin\" \/>\n<meta name=\"twitter:card\" content=\"summary_large_image\" \/>\n<meta name=\"twitter:label1\" content=\"Written by\" \/>\n\t<meta name=\"twitter:data1\" content=\"admin\" \/>\n\t<meta name=\"twitter:label2\" content=\"Est. reading time\" \/>\n\t<meta name=\"twitter:data2\" content=\"2 min\u016btes\" \/>\n<script type=\"application\/ld+json\" class=\"yoast-schema-graph\">{\"@context\":\"https:\/\/schema.org\",\"@graph\":[{\"@type\":\"Article\",\"@id\":\"https:\/\/saulkrastubiblioteka.lv\/index.php\/2018\/01\/20\/berni-apmekle-biblioteku-lasa-un-verte-gramatas\/#article\",\"isPartOf\":{\"@id\":\"https:\/\/saulkrastubiblioteka.lv\/index.php\/2018\/01\/20\/berni-apmekle-biblioteku-lasa-un-verte-gramatas\/\"},\"author\":{\"name\":\"admin\",\"@id\":\"https:\/\/saulkrastubiblioteka.lv\/#\/schema\/person\/2233277643a53fb60b293d42c1e5f7a2\"},\"headline\":\"B\u0113rni apmekl\u0113 bibliot\u0113ku, lasa un v\u0113rt\u0113 gr\u0101matas\",\"datePublished\":\"2018-01-20T16:45:45+00:00\",\"dateModified\":\"2018-01-20T17:08:36+00:00\",\"mainEntityOfPage\":{\"@id\":\"https:\/\/saulkrastubiblioteka.lv\/index.php\/2018\/01\/20\/berni-apmekle-biblioteku-lasa-un-verte-gramatas\/\"},\"wordCount\":416,\"commentCount\":0,\"publisher\":{\"@id\":\"https:\/\/saulkrastubiblioteka.lv\/#organization\"},\"image\":{\"@id\":\"https:\/\/saulkrastubiblioteka.lv\/index.php\/2018\/01\/20\/berni-apmekle-biblioteku-lasa-un-verte-gramatas\/#primaryimage\"},\"thumbnailUrl\":\"https:\/\/saulkrastubiblioteka.lv\/wp-content\/uploads\/2018\/01\/bjz.jpg\",\"articleSection\":[\"B\u0113rnu \u017e\u016brija\"],\"inLanguage\":\"lv-LV\",\"potentialAction\":[{\"@type\":\"CommentAction\",\"name\":\"Comment\",\"target\":[\"https:\/\/saulkrastubiblioteka.lv\/index.php\/2018\/01\/20\/berni-apmekle-biblioteku-lasa-un-verte-gramatas\/#respond\"]}]},{\"@type\":\"WebPage\",\"@id\":\"https:\/\/saulkrastubiblioteka.lv\/index.php\/2018\/01\/20\/berni-apmekle-biblioteku-lasa-un-verte-gramatas\/\",\"url\":\"https:\/\/saulkrastubiblioteka.lv\/index.php\/2018\/01\/20\/berni-apmekle-biblioteku-lasa-un-verte-gramatas\/\",\"name\":\"B\u0113rni apmekl\u0113 bibliot\u0113ku, lasa un v\u0113rt\u0113 gr\u0101matas - Saulkrastu novada bibliot\u0113ka\",\"isPartOf\":{\"@id\":\"https:\/\/saulkrastubiblioteka.lv\/#website\"},\"primaryImageOfPage\":{\"@id\":\"https:\/\/saulkrastubiblioteka.lv\/index.php\/2018\/01\/20\/berni-apmekle-biblioteku-lasa-un-verte-gramatas\/#primaryimage\"},\"image\":{\"@id\":\"https:\/\/saulkrastubiblioteka.lv\/index.php\/2018\/01\/20\/berni-apmekle-biblioteku-lasa-un-verte-gramatas\/#primaryimage\"},\"thumbnailUrl\":\"https:\/\/saulkrastubiblioteka.lv\/wp-content\/uploads\/2018\/01\/bjz.jpg\",\"datePublished\":\"2018-01-20T16:45:45+00:00\",\"dateModified\":\"2018-01-20T17:08:36+00:00\",\"breadcrumb\":{\"@id\":\"https:\/\/saulkrastubiblioteka.lv\/index.php\/2018\/01\/20\/berni-apmekle-biblioteku-lasa-un-verte-gramatas\/#breadcrumb\"},\"inLanguage\":\"lv-LV\",\"potentialAction\":[{\"@type\":\"ReadAction\",\"target\":[\"https:\/\/saulkrastubiblioteka.lv\/index.php\/2018\/01\/20\/berni-apmekle-biblioteku-lasa-un-verte-gramatas\/\"]}]},{\"@type\":\"ImageObject\",\"inLanguage\":\"lv-LV\",\"@id\":\"https:\/\/saulkrastubiblioteka.lv\/index.php\/2018\/01\/20\/berni-apmekle-biblioteku-lasa-un-verte-gramatas\/#primaryimage\",\"url\":\"https:\/\/saulkrastubiblioteka.lv\/wp-content\/uploads\/2018\/01\/bjz.jpg\",\"contentUrl\":\"https:\/\/saulkrastubiblioteka.lv\/wp-content\/uploads\/2018\/01\/bjz.jpg\",\"width\":595,\"height\":446},{\"@type\":\"BreadcrumbList\",\"@id\":\"https:\/\/saulkrastubiblioteka.lv\/index.php\/2018\/01\/20\/berni-apmekle-biblioteku-lasa-un-verte-gramatas\/#breadcrumb\",\"itemListElement\":[{\"@type\":\"ListItem\",\"position\":1,\"name\":\"Home\",\"item\":\"https:\/\/saulkrastubiblioteka.lv\/\"},{\"@type\":\"ListItem\",\"position\":2,\"name\":\"B\u0113rni apmekl\u0113 bibliot\u0113ku, lasa un v\u0113rt\u0113 gr\u0101matas\"}]},{\"@type\":\"WebSite\",\"@id\":\"https:\/\/saulkrastubiblioteka.lv\/#website\",\"url\":\"https:\/\/saulkrastubiblioteka.lv\/\",\"name\":\"Saulkrastu novada bibliot\u0113ka\",\"description\":\"Vieta, kur labi pavad\u012bt laiku un pab\u016bt mier\u0101\",\"publisher\":{\"@id\":\"https:\/\/saulkrastubiblioteka.lv\/#organization\"},\"potentialAction\":[{\"@type\":\"SearchAction\",\"target\":{\"@type\":\"EntryPoint\",\"urlTemplate\":\"https:\/\/saulkrastubiblioteka.lv\/?s={search_term_string}\"},\"query-input\":{\"@type\":\"PropertyValueSpecification\",\"valueRequired\":true,\"valueName\":\"search_term_string\"}}],\"inLanguage\":\"lv-LV\"},{\"@type\":\"Organization\",\"@id\":\"https:\/\/saulkrastubiblioteka.lv\/#organization\",\"name\":\"Saulkrastu novada bibliot\u0113ka\",\"url\":\"https:\/\/saulkrastubiblioteka.lv\/\",\"logo\":{\"@type\":\"ImageObject\",\"inLanguage\":\"lv-LV\",\"@id\":\"https:\/\/saulkrastubiblioteka.lv\/#\/schema\/logo\/image\/\",\"url\":\"https:\/\/saulkrastubiblioteka.lv\/wp-content\/uploads\/2021\/01\/cropped-logo.png\",\"contentUrl\":\"https:\/\/saulkrastubiblioteka.lv\/wp-content\/uploads\/2021\/01\/cropped-logo.png\",\"width\":240,\"height\":240,\"caption\":\"Saulkrastu novada bibliot\u0113ka\"},\"image\":{\"@id\":\"https:\/\/saulkrastubiblioteka.lv\/#\/schema\/logo\/image\/\"}},{\"@type\":\"Person\",\"@id\":\"https:\/\/saulkrastubiblioteka.lv\/#\/schema\/person\/2233277643a53fb60b293d42c1e5f7a2\",\"name\":\"admin\",\"image\":{\"@type\":\"ImageObject\",\"inLanguage\":\"lv-LV\",\"@id\":\"https:\/\/saulkrastubiblioteka.lv\/#\/schema\/person\/image\/\",\"url\":\"https:\/\/secure.gravatar.com\/avatar\/a5ad3f68569c7df813ab9387f6d30b65?s=96&d=mm&r=g\",\"contentUrl\":\"https:\/\/secure.gravatar.com\/avatar\/a5ad3f68569c7df813ab9387f6d30b65?s=96&d=mm&r=g\",\"caption\":\"admin\"},\"url\":\"https:\/\/saulkrastubiblioteka.lv\/index.php\/author\/info_xjq16vdi\/\"}]}<\/script>\n<!-- \/ Yoast SEO plugin. -->","yoast_head_json":{"title":"B\u0113rni apmekl\u0113 bibliot\u0113ku, lasa un v\u0113rt\u0113 gr\u0101matas - Saulkrastu novada bibliot\u0113ka","robots":{"index":"index","follow":"follow","max-snippet":"max-snippet:-1","max-image-preview":"max-image-preview:large","max-video-preview":"max-video-preview:-1"},"canonical":"https:\/\/saulkrastubiblioteka.lv\/index.php\/2018\/01\/20\/berni-apmekle-biblioteku-lasa-un-verte-gramatas\/","og_locale":"lv_LV","og_type":"article","og_title":"B\u0113rni apmekl\u0113 bibliot\u0113ku, lasa un v\u0113rt\u0113 gr\u0101matas - Saulkrastu novada bibliot\u0113ka","og_description":"Saulkrastu novada bibliot\u0113k\u0101 pieejama gr\u0101matu kolekcija, kas paredz\u0113ta \u201cB\u0113rnu, jaunie\u0161u un vec\u0101ku \u017e\u016brijas\u201d darbam. \u010cetr\u0101s vecuma grup\u0101s b\u0113rni un jaunie\u0161i kop\u0101 ar vec\u0101kiem vair\u0101ku m\u0113ne\u0161u garum\u0101 tika aicin\u0101ti las\u012bt gr\u0101matas, kuras ieteiku\u0161i profesion\u0101\u013ci, bet v\u0113l\u0101k t\u0101s v\u0113rt\u0113t. Las\u012b\u0161anas veicin\u0101\u0161anas programm\u0101 akt\u012bvi iesaist\u012bj\u0101s Saulkrastu novada pirmsskolas izgl\u012bt\u012bbas iest\u0101des \u201cR\u016b\u0137\u012btis\u201d pedagogi kop\u0101 ar grupas \u201cTince\u201d audz\u0113k\u0146iem.","og_url":"https:\/\/saulkrastubiblioteka.lv\/index.php\/2018\/01\/20\/berni-apmekle-biblioteku-lasa-un-verte-gramatas\/","og_site_name":"Saulkrastu novada bibliot\u0113ka","article_published_time":"2018-01-20T16:45:45+00:00","article_modified_time":"2018-01-20T17:08:36+00:00","og_image":[{"url":"https:\/\/saulkrastubiblioteka.lv\/wp-content\/uploads\/2018\/01\/bjz.jpg","type":"","width":"","height":""}],"author":"admin","twitter_card":"summary_large_image","twitter_misc":{"Written by":"admin","Est. reading time":"2 min\u016btes"},"schema":{"@context":"https:\/\/schema.org","@graph":[{"@type":"Article","@id":"https:\/\/saulkrastubiblioteka.lv\/index.php\/2018\/01\/20\/berni-apmekle-biblioteku-lasa-un-verte-gramatas\/#article","isPartOf":{"@id":"https:\/\/saulkrastubiblioteka.lv\/index.php\/2018\/01\/20\/berni-apmekle-biblioteku-lasa-un-verte-gramatas\/"},"author":{"name":"admin","@id":"https:\/\/saulkrastubiblioteka.lv\/#\/schema\/person\/2233277643a53fb60b293d42c1e5f7a2"},"headline":"B\u0113rni apmekl\u0113 bibliot\u0113ku, lasa un v\u0113rt\u0113 gr\u0101matas","datePublished":"2018-01-20T16:45:45+00:00","dateModified":"2018-01-20T17:08:36+00:00","mainEntityOfPage":{"@id":"https:\/\/saulkrastubiblioteka.lv\/index.php\/2018\/01\/20\/berni-apmekle-biblioteku-lasa-un-verte-gramatas\/"},"wordCount":416,"commentCount":0,"publisher":{"@id":"https:\/\/saulkrastubiblioteka.lv\/#organization"},"image":{"@id":"https:\/\/saulkrastubiblioteka.lv\/index.php\/2018\/01\/20\/berni-apmekle-biblioteku-lasa-un-verte-gramatas\/#primaryimage"},"thumbnailUrl":"https:\/\/saulkrastubiblioteka.lv\/wp-content\/uploads\/2018\/01\/bjz.jpg","articleSection":["B\u0113rnu \u017e\u016brija"],"inLanguage":"lv-LV","potentialAction":[{"@type":"CommentAction","name":"Comment","target":["https:\/\/saulkrastubiblioteka.lv\/index.php\/2018\/01\/20\/berni-apmekle-biblioteku-lasa-un-verte-gramatas\/#respond"]}]},{"@type":"WebPage","@id":"https:\/\/saulkrastubiblioteka.lv\/index.php\/2018\/01\/20\/berni-apmekle-biblioteku-lasa-un-verte-gramatas\/","url":"https:\/\/saulkrastubiblioteka.lv\/index.php\/2018\/01\/20\/berni-apmekle-biblioteku-lasa-un-verte-gramatas\/","name":"B\u0113rni apmekl\u0113 bibliot\u0113ku, lasa un v\u0113rt\u0113 gr\u0101matas - Saulkrastu novada bibliot\u0113ka","isPartOf":{"@id":"https:\/\/saulkrastubiblioteka.lv\/#website"},"primaryImageOfPage":{"@id":"https:\/\/saulkrastubiblioteka.lv\/index.php\/2018\/01\/20\/berni-apmekle-biblioteku-lasa-un-verte-gramatas\/#primaryimage"},"image":{"@id":"https:\/\/saulkrastubiblioteka.lv\/index.php\/2018\/01\/20\/berni-apmekle-biblioteku-lasa-un-verte-gramatas\/#primaryimage"},"thumbnailUrl":"https:\/\/saulkrastubiblioteka.lv\/wp-content\/uploads\/2018\/01\/bjz.jpg","datePublished":"2018-01-20T16:45:45+00:00","dateModified":"2018-01-20T17:08:36+00:00","breadcrumb":{"@id":"https:\/\/saulkrastubiblioteka.lv\/index.php\/2018\/01\/20\/berni-apmekle-biblioteku-lasa-un-verte-gramatas\/#breadcrumb"},"inLanguage":"lv-LV","potentialAction":[{"@type":"ReadAction","target":["https:\/\/saulkrastubiblioteka.lv\/index.php\/2018\/01\/20\/berni-apmekle-biblioteku-lasa-un-verte-gramatas\/"]}]},{"@type":"ImageObject","inLanguage":"lv-LV","@id":"https:\/\/saulkrastubiblioteka.lv\/index.php\/2018\/01\/20\/berni-apmekle-biblioteku-lasa-un-verte-gramatas\/#primaryimage","url":"https:\/\/saulkrastubiblioteka.lv\/wp-content\/uploads\/2018\/01\/bjz.jpg","contentUrl":"https:\/\/saulkrastubiblioteka.lv\/wp-content\/uploads\/2018\/01\/bjz.jpg","width":595,"height":446},{"@type":"BreadcrumbList","@id":"https:\/\/saulkrastubiblioteka.lv\/index.php\/2018\/01\/20\/berni-apmekle-biblioteku-lasa-un-verte-gramatas\/#breadcrumb","itemListElement":[{"@type":"ListItem","position":1,"name":"Home","item":"https:\/\/saulkrastubiblioteka.lv\/"},{"@type":"ListItem","position":2,"name":"B\u0113rni apmekl\u0113 bibliot\u0113ku, lasa un v\u0113rt\u0113 gr\u0101matas"}]},{"@type":"WebSite","@id":"https:\/\/saulkrastubiblioteka.lv\/#website","url":"https:\/\/saulkrastubiblioteka.lv\/","name":"Saulkrastu novada bibliot\u0113ka","description":"Vieta, kur labi pavad\u012bt laiku un pab\u016bt mier\u0101","publisher":{"@id":"https:\/\/saulkrastubiblioteka.lv\/#organization"},"potentialAction":[{"@type":"SearchAction","target":{"@type":"EntryPoint","urlTemplate":"https:\/\/saulkrastubiblioteka.lv\/?s={search_term_string}"},"query-input":{"@type":"PropertyValueSpecification","valueRequired":true,"valueName":"search_term_string"}}],"inLanguage":"lv-LV"},{"@type":"Organization","@id":"https:\/\/saulkrastubiblioteka.lv\/#organization","name":"Saulkrastu novada bibliot\u0113ka","url":"https:\/\/saulkrastubiblioteka.lv\/","logo":{"@type":"ImageObject","inLanguage":"lv-LV","@id":"https:\/\/saulkrastubiblioteka.lv\/#\/schema\/logo\/image\/","url":"https:\/\/saulkrastubiblioteka.lv\/wp-content\/uploads\/2021\/01\/cropped-logo.png","contentUrl":"https:\/\/saulkrastubiblioteka.lv\/wp-content\/uploads\/2021\/01\/cropped-logo.png","width":240,"height":240,"caption":"Saulkrastu novada bibliot\u0113ka"},"image":{"@id":"https:\/\/saulkrastubiblioteka.lv\/#\/schema\/logo\/image\/"}},{"@type":"Person","@id":"https:\/\/saulkrastubiblioteka.lv\/#\/schema\/person\/2233277643a53fb60b293d42c1e5f7a2","name":"admin","image":{"@type":"ImageObject","inLanguage":"lv-LV","@id":"https:\/\/saulkrastubiblioteka.lv\/#\/schema\/person\/image\/","url":"https:\/\/secure.gravatar.com\/avatar\/a5ad3f68569c7df813ab9387f6d30b65?s=96&d=mm&r=g","contentUrl":"https:\/\/secure.gravatar.com\/avatar\/a5ad3f68569c7df813ab9387f6d30b65?s=96&d=mm&r=g","caption":"admin"},"url":"https:\/\/saulkrastubiblioteka.lv\/index.php\/author\/info_xjq16vdi\/"}]}},"_links":{"self":[{"href":"https:\/\/saulkrastubiblioteka.lv\/index.php\/wp-json\/wp\/v2\/posts\/328","targetHints":{"allow":["GET"]}}],"collection":[{"href":"https:\/\/saulkrastubiblioteka.lv\/index.php\/wp-json\/wp\/v2\/posts"}],"about":[{"href":"https:\/\/saulkrastubiblioteka.lv\/index.php\/wp-json\/wp\/v2\/types\/post"}],"author":[{"embeddable":true,"href":"https:\/\/saulkrastubiblioteka.lv\/index.php\/wp-json\/wp\/v2\/users\/1"}],"replies":[{"embeddable":true,"href":"https:\/\/saulkrastubiblioteka.lv\/index.php\/wp-json\/wp\/v2\/comments?post=328"}],"version-history":[{"count":6,"href":"https:\/\/saulkrastubiblioteka.lv\/index.php\/wp-json\/wp\/v2\/posts\/328\/revisions"}],"predecessor-version":[{"id":337,"href":"https:\/\/saulkrastubiblioteka.lv\/index.php\/wp-json\/wp\/v2\/posts\/328\/revisions\/337"}],"wp:attachment":[{"href":"https:\/\/saulkrastubiblioteka.lv\/index.php\/wp-json\/wp\/v2\/media?parent=328"}],"wp:term":[{"taxonomy":"category","embeddable":true,"href":"https:\/\/saulkrastubiblioteka.lv\/index.php\/wp-json\/wp\/v2\/categories?post=328"},{"taxonomy":"post_tag","embeddable":true,"href":"https:\/\/saulkrastubiblioteka.lv\/index.php\/wp-json\/wp\/v2\/tags?post=328"}],"curies":[{"name":"wp","href":"https:\/\/api.w.org\/{rel}","templated":true}]}}