{"id":30,"date":"2017-11-03T17:27:34","date_gmt":"2017-11-03T17:27:34","guid":{"rendered":"https:\/\/saulkrastubiblioteka.lv\/?p=30"},"modified":"2018-11-13T11:11:15","modified_gmt":"2018-11-13T11:11:15","slug":"tiksanas-ar-dzejnieku-un-pedagogu","status":"publish","type":"post","link":"https:\/\/saulkrastubiblioteka.lv\/index.php\/2017\/11\/03\/tiksanas-ar-dzejnieku-un-pedagogu\/","title":{"rendered":"Tik\u0161an\u0101s ar dzejnieku un pedagogu Diniju Arv\u012bdu De\u0123i"},"content":{"rendered":"<div id=\"js_1i4\" class=\"_5pbx userContent _3576\" data-ft=\"{&quot;tn&quot;:&quot;K&quot;}\">\n<p><a href=\"https:\/\/saulkrastubiblioteka.lv\/wp-content\/uploads\/2017\/11\/22886145_868700276629064_3937540668386046128_n.jpg\"><img loading=\"lazy\" decoding=\"async\" class=\"size-medium wp-image-33 alignleft\" src=\"https:\/\/saulkrastubiblioteka.lv\/wp-content\/uploads\/2017\/11\/22886145_868700276629064_3937540668386046128_n-300x201.jpg\" alt=\"\" width=\"300\" height=\"201\" srcset=\"https:\/\/saulkrastubiblioteka.lv\/wp-content\/uploads\/2017\/11\/22886145_868700276629064_3937540668386046128_n-300x201.jpg 300w, https:\/\/saulkrastubiblioteka.lv\/wp-content\/uploads\/2017\/11\/22886145_868700276629064_3937540668386046128_n.jpg 680w\" sizes=\"auto, (max-width: 300px) 85vw, 300px\" \/><\/a>28. novembr\u012b plkst. 12:30 bibliot\u0113k\u0101 viesosies rakstnieks Dinijs Arv\u012bds De\u0123is, kur\u0161 teatraliz\u0113t\u0101 uzvedum\u0101 iejut\u012bsies pa\u0161a uzrakst\u012bt\u0101s gr\u0101matas d\u0113ku rom\u0101na \u201cMellsila pir\u0101ti\u201d notikumos 17. gadsimt\u0101 Mellsil\u0101, Roj\u0101 un Talsos.<\/p>\n<p>Tas b\u016bs pirmais pas\u0101kums Valsts Kult\u016brkapit\u0101la fonda atbalst\u012btaj\u0101 projekt\u0101 \u00abLas\u012btava krustojum\u0101\u00bb.<\/p>\n<\/div>\n","protected":false},"excerpt":{"rendered":"<p>28. novembr\u012b plkst. 12:30 bibliot\u0113k\u0101 viesosies rakstnieks Dinijs Arv\u012bds De\u0123is, kur\u0161 teatraliz\u0113t\u0101 uzvedum\u0101 iejut\u012bsies pa\u0161a uzrakst\u012bt\u0101s gr\u0101matas d\u0113ku rom\u0101na \u201cMellsila pir\u0101ti\u201d notikumos 17. gadsimt\u0101 Mellsil\u0101, Roj\u0101 un Talsos. Tas b\u016bs pirmais pas\u0101kums Valsts Kult\u016brkapit\u0101la fonda atbalst\u012btaj\u0101 projekt\u0101 \u00abLas\u012btava krustojum\u0101\u00bb.<\/p>\n","protected":false},"author":1,"featured_media":0,"comment_status":"open","ping_status":"open","sticky":false,"template":"","format":"standard","meta":{"footnotes":""},"categories":[52,4],"tags":[],"class_list":["post-30","post","type-post","status-publish","format-standard","hentry","category-lasitava-krustojuma-1-karta","category-pasakumi"],"yoast_head":"<!-- This site is optimized with the Yoast SEO plugin v24.2 - https:\/\/yoast.com\/wordpress\/plugins\/seo\/ -->\n<title>Tik\u0161an\u0101s ar dzejnieku un pedagogu Diniju Arv\u012bdu De\u0123i - Saulkrastu novada bibliot\u0113ka<\/title>\n<meta name=\"robots\" content=\"index, follow, max-snippet:-1, max-image-preview:large, max-video-preview:-1\" \/>\n<link rel=\"canonical\" href=\"https:\/\/saulkrastubiblioteka.lv\/index.php\/2017\/11\/03\/tiksanas-ar-dzejnieku-un-pedagogu\/\" \/>\n<meta property=\"og:locale\" content=\"lv_LV\" \/>\n<meta property=\"og:type\" content=\"article\" \/>\n<meta property=\"og:title\" content=\"Tik\u0161an\u0101s ar dzejnieku un pedagogu Diniju Arv\u012bdu De\u0123i - Saulkrastu novada bibliot\u0113ka\" \/>\n<meta property=\"og:description\" content=\"28. novembr\u012b plkst. 12:30 bibliot\u0113k\u0101 viesosies rakstnieks Dinijs Arv\u012bds De\u0123is, kur\u0161 teatraliz\u0113t\u0101 uzvedum\u0101 iejut\u012bsies pa\u0161a uzrakst\u012bt\u0101s gr\u0101matas d\u0113ku rom\u0101na \u201cMellsila pir\u0101ti\u201d notikumos 17. gadsimt\u0101 Mellsil\u0101, Roj\u0101 un Talsos. Tas b\u016bs pirmais pas\u0101kums Valsts Kult\u016brkapit\u0101la fonda atbalst\u012btaj\u0101 projekt\u0101 \u00abLas\u012btava krustojum\u0101\u00bb.\" \/>\n<meta property=\"og:url\" content=\"https:\/\/saulkrastubiblioteka.lv\/index.php\/2017\/11\/03\/tiksanas-ar-dzejnieku-un-pedagogu\/\" \/>\n<meta property=\"og:site_name\" content=\"Saulkrastu novada bibliot\u0113ka\" \/>\n<meta property=\"article:published_time\" content=\"2017-11-03T17:27:34+00:00\" \/>\n<meta property=\"article:modified_time\" content=\"2018-11-13T11:11:15+00:00\" \/>\n<meta property=\"og:image\" content=\"https:\/\/saulkrastubiblioteka.lv\/wp-content\/uploads\/2017\/11\/22886145_868700276629064_3937540668386046128_n-300x201.jpg\" \/>\n<meta name=\"author\" content=\"admin\" \/>\n<meta name=\"twitter:card\" content=\"summary_large_image\" \/>\n<meta name=\"twitter:label1\" content=\"Written by\" \/>\n\t<meta name=\"twitter:data1\" content=\"admin\" \/>\n<script type=\"application\/ld+json\" class=\"yoast-schema-graph\">{\"@context\":\"https:\/\/schema.org\",\"@graph\":[{\"@type\":\"Article\",\"@id\":\"https:\/\/saulkrastubiblioteka.lv\/index.php\/2017\/11\/03\/tiksanas-ar-dzejnieku-un-pedagogu\/#article\",\"isPartOf\":{\"@id\":\"https:\/\/saulkrastubiblioteka.lv\/index.php\/2017\/11\/03\/tiksanas-ar-dzejnieku-un-pedagogu\/\"},\"author\":{\"name\":\"admin\",\"@id\":\"https:\/\/saulkrastubiblioteka.lv\/#\/schema\/person\/2233277643a53fb60b293d42c1e5f7a2\"},\"headline\":\"Tik\u0161an\u0101s ar dzejnieku un pedagogu Diniju Arv\u012bdu De\u0123i\",\"datePublished\":\"2017-11-03T17:27:34+00:00\",\"dateModified\":\"2018-11-13T11:11:15+00:00\",\"mainEntityOfPage\":{\"@id\":\"https:\/\/saulkrastubiblioteka.lv\/index.php\/2017\/11\/03\/tiksanas-ar-dzejnieku-un-pedagogu\/\"},\"wordCount\":66,\"commentCount\":0,\"publisher\":{\"@id\":\"https:\/\/saulkrastubiblioteka.lv\/#organization\"},\"image\":{\"@id\":\"https:\/\/saulkrastubiblioteka.lv\/index.php\/2017\/11\/03\/tiksanas-ar-dzejnieku-un-pedagogu\/#primaryimage\"},\"thumbnailUrl\":\"https:\/\/saulkrastubiblioteka.lv\/wp-content\/uploads\/2017\/11\/22886145_868700276629064_3937540668386046128_n-300x201.jpg\",\"articleSection\":[\"Las\u012btava krustojum\u0101. 1.k\u0101rta\",\"Pas\u0101kumi\"],\"inLanguage\":\"lv-LV\",\"potentialAction\":[{\"@type\":\"CommentAction\",\"name\":\"Comment\",\"target\":[\"https:\/\/saulkrastubiblioteka.lv\/index.php\/2017\/11\/03\/tiksanas-ar-dzejnieku-un-pedagogu\/#respond\"]}]},{\"@type\":\"WebPage\",\"@id\":\"https:\/\/saulkrastubiblioteka.lv\/index.php\/2017\/11\/03\/tiksanas-ar-dzejnieku-un-pedagogu\/\",\"url\":\"https:\/\/saulkrastubiblioteka.lv\/index.php\/2017\/11\/03\/tiksanas-ar-dzejnieku-un-pedagogu\/\",\"name\":\"Tik\u0161an\u0101s ar dzejnieku un pedagogu Diniju Arv\u012bdu De\u0123i - Saulkrastu novada bibliot\u0113ka\",\"isPartOf\":{\"@id\":\"https:\/\/saulkrastubiblioteka.lv\/#website\"},\"primaryImageOfPage\":{\"@id\":\"https:\/\/saulkrastubiblioteka.lv\/index.php\/2017\/11\/03\/tiksanas-ar-dzejnieku-un-pedagogu\/#primaryimage\"},\"image\":{\"@id\":\"https:\/\/saulkrastubiblioteka.lv\/index.php\/2017\/11\/03\/tiksanas-ar-dzejnieku-un-pedagogu\/#primaryimage\"},\"thumbnailUrl\":\"https:\/\/saulkrastubiblioteka.lv\/wp-content\/uploads\/2017\/11\/22886145_868700276629064_3937540668386046128_n-300x201.jpg\",\"datePublished\":\"2017-11-03T17:27:34+00:00\",\"dateModified\":\"2018-11-13T11:11:15+00:00\",\"breadcrumb\":{\"@id\":\"https:\/\/saulkrastubiblioteka.lv\/index.php\/2017\/11\/03\/tiksanas-ar-dzejnieku-un-pedagogu\/#breadcrumb\"},\"inLanguage\":\"lv-LV\",\"potentialAction\":[{\"@type\":\"ReadAction\",\"target\":[\"https:\/\/saulkrastubiblioteka.lv\/index.php\/2017\/11\/03\/tiksanas-ar-dzejnieku-un-pedagogu\/\"]}]},{\"@type\":\"ImageObject\",\"inLanguage\":\"lv-LV\",\"@id\":\"https:\/\/saulkrastubiblioteka.lv\/index.php\/2017\/11\/03\/tiksanas-ar-dzejnieku-un-pedagogu\/#primaryimage\",\"url\":\"https:\/\/saulkrastubiblioteka.lv\/wp-content\/uploads\/2017\/11\/22886145_868700276629064_3937540668386046128_n.jpg\",\"contentUrl\":\"https:\/\/saulkrastubiblioteka.lv\/wp-content\/uploads\/2017\/11\/22886145_868700276629064_3937540668386046128_n.jpg\",\"width\":680,\"height\":455},{\"@type\":\"BreadcrumbList\",\"@id\":\"https:\/\/saulkrastubiblioteka.lv\/index.php\/2017\/11\/03\/tiksanas-ar-dzejnieku-un-pedagogu\/#breadcrumb\",\"itemListElement\":[{\"@type\":\"ListItem\",\"position\":1,\"name\":\"Home\",\"item\":\"https:\/\/saulkrastubiblioteka.lv\/\"},{\"@type\":\"ListItem\",\"position\":2,\"name\":\"Tik\u0161an\u0101s ar dzejnieku un pedagogu Diniju Arv\u012bdu De\u0123i\"}]},{\"@type\":\"WebSite\",\"@id\":\"https:\/\/saulkrastubiblioteka.lv\/#website\",\"url\":\"https:\/\/saulkrastubiblioteka.lv\/\",\"name\":\"Saulkrastu novada bibliot\u0113ka\",\"description\":\"Vieta, kur labi pavad\u012bt laiku un pab\u016bt mier\u0101\",\"publisher\":{\"@id\":\"https:\/\/saulkrastubiblioteka.lv\/#organization\"},\"potentialAction\":[{\"@type\":\"SearchAction\",\"target\":{\"@type\":\"EntryPoint\",\"urlTemplate\":\"https:\/\/saulkrastubiblioteka.lv\/?s={search_term_string}\"},\"query-input\":{\"@type\":\"PropertyValueSpecification\",\"valueRequired\":true,\"valueName\":\"search_term_string\"}}],\"inLanguage\":\"lv-LV\"},{\"@type\":\"Organization\",\"@id\":\"https:\/\/saulkrastubiblioteka.lv\/#organization\",\"name\":\"Saulkrastu novada bibliot\u0113ka\",\"url\":\"https:\/\/saulkrastubiblioteka.lv\/\",\"logo\":{\"@type\":\"ImageObject\",\"inLanguage\":\"lv-LV\",\"@id\":\"https:\/\/saulkrastubiblioteka.lv\/#\/schema\/logo\/image\/\",\"url\":\"https:\/\/saulkrastubiblioteka.lv\/wp-content\/uploads\/2021\/01\/cropped-logo.png\",\"contentUrl\":\"https:\/\/saulkrastubiblioteka.lv\/wp-content\/uploads\/2021\/01\/cropped-logo.png\",\"width\":240,\"height\":240,\"caption\":\"Saulkrastu novada bibliot\u0113ka\"},\"image\":{\"@id\":\"https:\/\/saulkrastubiblioteka.lv\/#\/schema\/logo\/image\/\"}},{\"@type\":\"Person\",\"@id\":\"https:\/\/saulkrastubiblioteka.lv\/#\/schema\/person\/2233277643a53fb60b293d42c1e5f7a2\",\"name\":\"admin\",\"image\":{\"@type\":\"ImageObject\",\"inLanguage\":\"lv-LV\",\"@id\":\"https:\/\/saulkrastubiblioteka.lv\/#\/schema\/person\/image\/\",\"url\":\"https:\/\/secure.gravatar.com\/avatar\/a5ad3f68569c7df813ab9387f6d30b65?s=96&d=mm&r=g\",\"contentUrl\":\"https:\/\/secure.gravatar.com\/avatar\/a5ad3f68569c7df813ab9387f6d30b65?s=96&d=mm&r=g\",\"caption\":\"admin\"},\"url\":\"https:\/\/saulkrastubiblioteka.lv\/index.php\/author\/info_xjq16vdi\/\"}]}<\/script>\n<!-- \/ Yoast SEO plugin. -->","yoast_head_json":{"title":"Tik\u0161an\u0101s ar dzejnieku un pedagogu Diniju Arv\u012bdu De\u0123i - Saulkrastu novada bibliot\u0113ka","robots":{"index":"index","follow":"follow","max-snippet":"max-snippet:-1","max-image-preview":"max-image-preview:large","max-video-preview":"max-video-preview:-1"},"canonical":"https:\/\/saulkrastubiblioteka.lv\/index.php\/2017\/11\/03\/tiksanas-ar-dzejnieku-un-pedagogu\/","og_locale":"lv_LV","og_type":"article","og_title":"Tik\u0161an\u0101s ar dzejnieku un pedagogu Diniju Arv\u012bdu De\u0123i - Saulkrastu novada bibliot\u0113ka","og_description":"28. novembr\u012b plkst. 12:30 bibliot\u0113k\u0101 viesosies rakstnieks Dinijs Arv\u012bds De\u0123is, kur\u0161 teatraliz\u0113t\u0101 uzvedum\u0101 iejut\u012bsies pa\u0161a uzrakst\u012bt\u0101s gr\u0101matas d\u0113ku rom\u0101na \u201cMellsila pir\u0101ti\u201d notikumos 17. gadsimt\u0101 Mellsil\u0101, Roj\u0101 un Talsos. Tas b\u016bs pirmais pas\u0101kums Valsts Kult\u016brkapit\u0101la fonda atbalst\u012btaj\u0101 projekt\u0101 \u00abLas\u012btava krustojum\u0101\u00bb.","og_url":"https:\/\/saulkrastubiblioteka.lv\/index.php\/2017\/11\/03\/tiksanas-ar-dzejnieku-un-pedagogu\/","og_site_name":"Saulkrastu novada bibliot\u0113ka","article_published_time":"2017-11-03T17:27:34+00:00","article_modified_time":"2018-11-13T11:11:15+00:00","og_image":[{"url":"https:\/\/saulkrastubiblioteka.lv\/wp-content\/uploads\/2017\/11\/22886145_868700276629064_3937540668386046128_n-300x201.jpg","type":"","width":"","height":""}],"author":"admin","twitter_card":"summary_large_image","twitter_misc":{"Written by":"admin"},"schema":{"@context":"https:\/\/schema.org","@graph":[{"@type":"Article","@id":"https:\/\/saulkrastubiblioteka.lv\/index.php\/2017\/11\/03\/tiksanas-ar-dzejnieku-un-pedagogu\/#article","isPartOf":{"@id":"https:\/\/saulkrastubiblioteka.lv\/index.php\/2017\/11\/03\/tiksanas-ar-dzejnieku-un-pedagogu\/"},"author":{"name":"admin","@id":"https:\/\/saulkrastubiblioteka.lv\/#\/schema\/person\/2233277643a53fb60b293d42c1e5f7a2"},"headline":"Tik\u0161an\u0101s ar dzejnieku un pedagogu Diniju Arv\u012bdu De\u0123i","datePublished":"2017-11-03T17:27:34+00:00","dateModified":"2018-11-13T11:11:15+00:00","mainEntityOfPage":{"@id":"https:\/\/saulkrastubiblioteka.lv\/index.php\/2017\/11\/03\/tiksanas-ar-dzejnieku-un-pedagogu\/"},"wordCount":66,"commentCount":0,"publisher":{"@id":"https:\/\/saulkrastubiblioteka.lv\/#organization"},"image":{"@id":"https:\/\/saulkrastubiblioteka.lv\/index.php\/2017\/11\/03\/tiksanas-ar-dzejnieku-un-pedagogu\/#primaryimage"},"thumbnailUrl":"https:\/\/saulkrastubiblioteka.lv\/wp-content\/uploads\/2017\/11\/22886145_868700276629064_3937540668386046128_n-300x201.jpg","articleSection":["Las\u012btava krustojum\u0101. 1.k\u0101rta","Pas\u0101kumi"],"inLanguage":"lv-LV","potentialAction":[{"@type":"CommentAction","name":"Comment","target":["https:\/\/saulkrastubiblioteka.lv\/index.php\/2017\/11\/03\/tiksanas-ar-dzejnieku-un-pedagogu\/#respond"]}]},{"@type":"WebPage","@id":"https:\/\/saulkrastubiblioteka.lv\/index.php\/2017\/11\/03\/tiksanas-ar-dzejnieku-un-pedagogu\/","url":"https:\/\/saulkrastubiblioteka.lv\/index.php\/2017\/11\/03\/tiksanas-ar-dzejnieku-un-pedagogu\/","name":"Tik\u0161an\u0101s ar dzejnieku un pedagogu Diniju Arv\u012bdu De\u0123i - Saulkrastu novada bibliot\u0113ka","isPartOf":{"@id":"https:\/\/saulkrastubiblioteka.lv\/#website"},"primaryImageOfPage":{"@id":"https:\/\/saulkrastubiblioteka.lv\/index.php\/2017\/11\/03\/tiksanas-ar-dzejnieku-un-pedagogu\/#primaryimage"},"image":{"@id":"https:\/\/saulkrastubiblioteka.lv\/index.php\/2017\/11\/03\/tiksanas-ar-dzejnieku-un-pedagogu\/#primaryimage"},"thumbnailUrl":"https:\/\/saulkrastubiblioteka.lv\/wp-content\/uploads\/2017\/11\/22886145_868700276629064_3937540668386046128_n-300x201.jpg","datePublished":"2017-11-03T17:27:34+00:00","dateModified":"2018-11-13T11:11:15+00:00","breadcrumb":{"@id":"https:\/\/saulkrastubiblioteka.lv\/index.php\/2017\/11\/03\/tiksanas-ar-dzejnieku-un-pedagogu\/#breadcrumb"},"inLanguage":"lv-LV","potentialAction":[{"@type":"ReadAction","target":["https:\/\/saulkrastubiblioteka.lv\/index.php\/2017\/11\/03\/tiksanas-ar-dzejnieku-un-pedagogu\/"]}]},{"@type":"ImageObject","inLanguage":"lv-LV","@id":"https:\/\/saulkrastubiblioteka.lv\/index.php\/2017\/11\/03\/tiksanas-ar-dzejnieku-un-pedagogu\/#primaryimage","url":"https:\/\/saulkrastubiblioteka.lv\/wp-content\/uploads\/2017\/11\/22886145_868700276629064_3937540668386046128_n.jpg","contentUrl":"https:\/\/saulkrastubiblioteka.lv\/wp-content\/uploads\/2017\/11\/22886145_868700276629064_3937540668386046128_n.jpg","width":680,"height":455},{"@type":"BreadcrumbList","@id":"https:\/\/saulkrastubiblioteka.lv\/index.php\/2017\/11\/03\/tiksanas-ar-dzejnieku-un-pedagogu\/#breadcrumb","itemListElement":[{"@type":"ListItem","position":1,"name":"Home","item":"https:\/\/saulkrastubiblioteka.lv\/"},{"@type":"ListItem","position":2,"name":"Tik\u0161an\u0101s ar dzejnieku un pedagogu Diniju Arv\u012bdu De\u0123i"}]},{"@type":"WebSite","@id":"https:\/\/saulkrastubiblioteka.lv\/#website","url":"https:\/\/saulkrastubiblioteka.lv\/","name":"Saulkrastu novada bibliot\u0113ka","description":"Vieta, kur labi pavad\u012bt laiku un pab\u016bt mier\u0101","publisher":{"@id":"https:\/\/saulkrastubiblioteka.lv\/#organization"},"potentialAction":[{"@type":"SearchAction","target":{"@type":"EntryPoint","urlTemplate":"https:\/\/saulkrastubiblioteka.lv\/?s={search_term_string}"},"query-input":{"@type":"PropertyValueSpecification","valueRequired":true,"valueName":"search_term_string"}}],"inLanguage":"lv-LV"},{"@type":"Organization","@id":"https:\/\/saulkrastubiblioteka.lv\/#organization","name":"Saulkrastu novada bibliot\u0113ka","url":"https:\/\/saulkrastubiblioteka.lv\/","logo":{"@type":"ImageObject","inLanguage":"lv-LV","@id":"https:\/\/saulkrastubiblioteka.lv\/#\/schema\/logo\/image\/","url":"https:\/\/saulkrastubiblioteka.lv\/wp-content\/uploads\/2021\/01\/cropped-logo.png","contentUrl":"https:\/\/saulkrastubiblioteka.lv\/wp-content\/uploads\/2021\/01\/cropped-logo.png","width":240,"height":240,"caption":"Saulkrastu novada bibliot\u0113ka"},"image":{"@id":"https:\/\/saulkrastubiblioteka.lv\/#\/schema\/logo\/image\/"}},{"@type":"Person","@id":"https:\/\/saulkrastubiblioteka.lv\/#\/schema\/person\/2233277643a53fb60b293d42c1e5f7a2","name":"admin","image":{"@type":"ImageObject","inLanguage":"lv-LV","@id":"https:\/\/saulkrastubiblioteka.lv\/#\/schema\/person\/image\/","url":"https:\/\/secure.gravatar.com\/avatar\/a5ad3f68569c7df813ab9387f6d30b65?s=96&d=mm&r=g","contentUrl":"https:\/\/secure.gravatar.com\/avatar\/a5ad3f68569c7df813ab9387f6d30b65?s=96&d=mm&r=g","caption":"admin"},"url":"https:\/\/saulkrastubiblioteka.lv\/index.php\/author\/info_xjq16vdi\/"}]}},"_links":{"self":[{"href":"https:\/\/saulkrastubiblioteka.lv\/index.php\/wp-json\/wp\/v2\/posts\/30","targetHints":{"allow":["GET"]}}],"collection":[{"href":"https:\/\/saulkrastubiblioteka.lv\/index.php\/wp-json\/wp\/v2\/posts"}],"about":[{"href":"https:\/\/saulkrastubiblioteka.lv\/index.php\/wp-json\/wp\/v2\/types\/post"}],"author":[{"embeddable":true,"href":"https:\/\/saulkrastubiblioteka.lv\/index.php\/wp-json\/wp\/v2\/users\/1"}],"replies":[{"embeddable":true,"href":"https:\/\/saulkrastubiblioteka.lv\/index.php\/wp-json\/wp\/v2\/comments?post=30"}],"version-history":[{"count":6,"href":"https:\/\/saulkrastubiblioteka.lv\/index.php\/wp-json\/wp\/v2\/posts\/30\/revisions"}],"predecessor-version":[{"id":37,"href":"https:\/\/saulkrastubiblioteka.lv\/index.php\/wp-json\/wp\/v2\/posts\/30\/revisions\/37"}],"wp:attachment":[{"href":"https:\/\/saulkrastubiblioteka.lv\/index.php\/wp-json\/wp\/v2\/media?parent=30"}],"wp:term":[{"taxonomy":"category","embeddable":true,"href":"https:\/\/saulkrastubiblioteka.lv\/index.php\/wp-json\/wp\/v2\/categories?post=30"},{"taxonomy":"post_tag","embeddable":true,"href":"https:\/\/saulkrastubiblioteka.lv\/index.php\/wp-json\/wp\/v2\/tags?post=30"}],"curies":[{"name":"wp","href":"https:\/\/api.w.org\/{rel}","templated":true}]}}