{"id":2548,"date":"2020-01-15T07:30:57","date_gmt":"2020-01-15T07:30:57","guid":{"rendered":"https:\/\/saulkrastubiblioteka.lv\/?p=2548"},"modified":"2020-01-16T10:23:48","modified_gmt":"2020-01-16T10:23:48","slug":"lasisanas-veicinasanas-programma-bernu-jauniesu-un-vecaku-zurija-2019-2","status":"publish","type":"post","link":"https:\/\/saulkrastubiblioteka.lv\/index.php\/2020\/01\/15\/lasisanas-veicinasanas-programma-bernu-jauniesu-un-vecaku-zurija-2019-2\/","title":{"rendered":"Las\u012b\u0161anas veicin\u0101\u0161anas programma \u201eB\u0113rnu, jaunie\u0161u un vec\u0101ku \u017e\u016brija \u2013 2019\u201d"},"content":{"rendered":"<p><img loading=\"lazy\" decoding=\"async\" class=\"alignleft size-full wp-image-2549\" src=\"https:\/\/saulkrastubiblioteka.lv\/wp-content\/uploads\/2020\/01\/82629561_1450969928402093_8502387782524600320_o.jpg\" alt=\"\" width=\"960\" height=\"640\" srcset=\"https:\/\/saulkrastubiblioteka.lv\/wp-content\/uploads\/2020\/01\/82629561_1450969928402093_8502387782524600320_o.jpg 960w, https:\/\/saulkrastubiblioteka.lv\/wp-content\/uploads\/2020\/01\/82629561_1450969928402093_8502387782524600320_o-300x200.jpg 300w, https:\/\/saulkrastubiblioteka.lv\/wp-content\/uploads\/2020\/01\/82629561_1450969928402093_8502387782524600320_o-768x512.jpg 768w\" sizes=\"auto, (max-width: 709px) 85vw, (max-width: 909px) 67vw, (max-width: 1362px) 62vw, 840px\" \/><\/p>\n<p>13. janv\u0101r\u012b Saulkrastu novada bibliot\u0113ku apmekl\u0113ja Saulkrastu pirmsskolas izgl\u012bt\u012bbas iest\u0101des &#8220;R\u016b\u0137\u012btis&#8221; grupi\u0146as &#8220;Pienen\u012bte&#8221; b\u0113rni, 16. janv\u0101r\u012b &#8211; grupi\u0146as &#8220;Z\u012bl\u012bte&#8221; audz\u0113k\u0146i, lai v\u0113rt\u0113tu izlas\u012bt\u0101s gr\u0101matas. P\u0113c anketu aizpild\u012b\u0161anas visi dal\u012bbnieki sa\u0146\u0113ma mazu d\u0101vani\u0146u pateic\u012bb\u0101 par iesaist\u012b\u0161anos gr\u0101matu v\u0113rt\u0113\u0161an\u0101.<\/p>\n<p>B\u0113rni kop\u0101 ar pedagogiem las\u012bja se\u0161as gr\u0101matas vecuma grup\u0101 5+, bet \u0161om\u0113nes t\u0101 v\u0113rt\u0113ja.<\/p>\n<p><img loading=\"lazy\" decoding=\"async\" class=\"alignnone wp-image-2550\" src=\"https:\/\/saulkrastubiblioteka.lv\/wp-content\/uploads\/2020\/01\/zurija-300x163.jpg\" alt=\"\" width=\"550\" height=\"299\" srcset=\"https:\/\/saulkrastubiblioteka.lv\/wp-content\/uploads\/2020\/01\/zurija-300x163.jpg 300w, https:\/\/saulkrastubiblioteka.lv\/wp-content\/uploads\/2020\/01\/zurija-768x418.jpg 768w, https:\/\/saulkrastubiblioteka.lv\/wp-content\/uploads\/2020\/01\/zurija.jpg 890w\" sizes=\"auto, (max-width: 550px) 85vw, 550px\" \/><\/p>\n<div class=\"text_exposed_show\">\n<p>Latvij\u0101 veiksm\u012bgi darbojas las\u012b\u0161anas veicin\u0101\u0161anas programma \u201cB\u0113rnu, jaunie\u0161u un vec\u0101ku \u017e\u016brija\u201d. T\u0101 ir LR Kult\u016bras ministrijas un Latvijas Nacion\u0101l\u0101s bibliot\u0113kas finans\u0113ta B\u0113rnu literat\u016bras centra iniciat\u012bva, ko raksturo vispla\u0161\u0101kais aptv\u0113rums. Programma tiek \u012bstenota ikvien\u0101 Latvijas novad\u0101 un, kop\u0161 2007. gada, t\u0101 ir pieejama ar\u012b \u0101rpus Latvijas robe\u017e\u0101m. Katrai vecuma grupai ieteikt\u0101s gr\u0101matas lasa un v\u0113rt\u0113 b\u0113rni, jaunie\u0161i, no 2012. gada \u2013 ar\u012b pieaugu\u0161ie. T\u0101d\u0113j\u0101di, r\u0101dot priek\u0161z\u012bmi b\u0113rniem, par \u017e\u016brijas ekspertiem ir k\u013cuvu\u0161i daudzi vec\u0101ki, vecvec\u0101ki un skolot\u0101ji. Las\u012bt ir stil\u012bgi! Bet las\u012bt kop\u0101 klas\u0113 vai ar vec\u0101kiem ir ar\u012b aizraujo\u0161i!<\/p>\n<p>Programm\u0101 piedal\u0101s ar\u012b Saulkrastu PII &#8220;R\u016b\u0137\u012btis&#8221; vec\u0101ko grupu audz\u0113k\u0146i.<\/p>\n<p>Pla\u0161\u0101k par programmu LNB vietn\u0113 &#8211; <a href=\"https:\/\/lasamkoks.lv\/\">https:\/\/lasamkoks.lv\/<\/a><\/p>\n<\/div>\n","protected":false},"excerpt":{"rendered":"<p>13. janv\u0101r\u012b Saulkrastu novada bibliot\u0113ku apmekl\u0113ja Saulkrastu pirmsskolas izgl\u012bt\u012bbas iest\u0101des &#8220;R\u016b\u0137\u012btis&#8221; grupi\u0146as &#8220;Pienen\u012bte&#8221; b\u0113rni, 16. janv\u0101r\u012b &#8211; grupi\u0146as &#8220;Z\u012bl\u012bte&#8221; audz\u0113k\u0146i, lai v\u0113rt\u0113tu izlas\u012bt\u0101s gr\u0101matas. P\u0113c anketu aizpild\u012b\u0161anas visi dal\u012bbnieki sa\u0146\u0113ma mazu d\u0101vani\u0146u pateic\u012bb\u0101 par iesaist\u012b\u0161anos gr\u0101matu v\u0113rt\u0113\u0161an\u0101. B\u0113rni kop\u0101 ar pedagogiem las\u012bja se\u0161as gr\u0101matas vecuma grup\u0101 5+, bet \u0161om\u0113nes t\u0101 v\u0113rt\u0113ja. Latvij\u0101 veiksm\u012bgi darbojas las\u012b\u0161anas &hellip; <a href=\"https:\/\/saulkrastubiblioteka.lv\/index.php\/2020\/01\/15\/lasisanas-veicinasanas-programma-bernu-jauniesu-un-vecaku-zurija-2019-2\/\" class=\"more-link\">Turpin\u0101t las\u012bt<span class=\"screen-reader-text\"> &#8220;Las\u012b\u0161anas veicin\u0101\u0161anas programma \u201eB\u0113rnu, jaunie\u0161u un vec\u0101ku \u017e\u016brija \u2013 2019\u201d&#8221;<\/span><\/a><\/p>\n","protected":false},"author":1,"featured_media":0,"comment_status":"closed","ping_status":"open","sticky":false,"template":"","format":"standard","meta":{"footnotes":""},"categories":[16],"tags":[],"class_list":["post-2548","post","type-post","status-publish","format-standard","hentry","category-bernu-zurija"],"yoast_head":"<!-- This site is optimized with the Yoast SEO plugin v24.2 - https:\/\/yoast.com\/wordpress\/plugins\/seo\/ -->\n<title>Las\u012b\u0161anas veicin\u0101\u0161anas programma \u201eB\u0113rnu, jaunie\u0161u un vec\u0101ku \u017e\u016brija \u2013 2019\u201d - Saulkrastu novada bibliot\u0113ka<\/title>\n<meta name=\"robots\" content=\"index, follow, max-snippet:-1, max-image-preview:large, max-video-preview:-1\" \/>\n<link rel=\"canonical\" href=\"https:\/\/saulkrastubiblioteka.lv\/index.php\/2020\/01\/15\/lasisanas-veicinasanas-programma-bernu-jauniesu-un-vecaku-zurija-2019-2\/\" \/>\n<meta property=\"og:locale\" content=\"lv_LV\" \/>\n<meta property=\"og:type\" content=\"article\" \/>\n<meta property=\"og:title\" content=\"Las\u012b\u0161anas veicin\u0101\u0161anas programma \u201eB\u0113rnu, jaunie\u0161u un vec\u0101ku \u017e\u016brija \u2013 2019\u201d - Saulkrastu novada bibliot\u0113ka\" \/>\n<meta property=\"og:description\" content=\"13. janv\u0101r\u012b Saulkrastu novada bibliot\u0113ku apmekl\u0113ja Saulkrastu pirmsskolas izgl\u012bt\u012bbas iest\u0101des &#8220;R\u016b\u0137\u012btis&#8221; grupi\u0146as &#8220;Pienen\u012bte&#8221; b\u0113rni, 16. janv\u0101r\u012b &#8211; grupi\u0146as &#8220;Z\u012bl\u012bte&#8221; audz\u0113k\u0146i, lai v\u0113rt\u0113tu izlas\u012bt\u0101s gr\u0101matas. P\u0113c anketu aizpild\u012b\u0161anas visi dal\u012bbnieki sa\u0146\u0113ma mazu d\u0101vani\u0146u pateic\u012bb\u0101 par iesaist\u012b\u0161anos gr\u0101matu v\u0113rt\u0113\u0161an\u0101. B\u0113rni kop\u0101 ar pedagogiem las\u012bja se\u0161as gr\u0101matas vecuma grup\u0101 5+, bet \u0161om\u0113nes t\u0101 v\u0113rt\u0113ja. Latvij\u0101 veiksm\u012bgi darbojas las\u012b\u0161anas &hellip; Turpin\u0101t las\u012bt &quot;Las\u012b\u0161anas veicin\u0101\u0161anas programma \u201eB\u0113rnu, jaunie\u0161u un vec\u0101ku \u017e\u016brija \u2013 2019\u201d&quot;\" \/>\n<meta property=\"og:url\" content=\"https:\/\/saulkrastubiblioteka.lv\/index.php\/2020\/01\/15\/lasisanas-veicinasanas-programma-bernu-jauniesu-un-vecaku-zurija-2019-2\/\" \/>\n<meta property=\"og:site_name\" content=\"Saulkrastu novada bibliot\u0113ka\" \/>\n<meta property=\"article:published_time\" content=\"2020-01-15T07:30:57+00:00\" \/>\n<meta property=\"article:modified_time\" content=\"2020-01-16T10:23:48+00:00\" \/>\n<meta property=\"og:image\" content=\"https:\/\/saulkrastubiblioteka.lv\/wp-content\/uploads\/2020\/01\/82629561_1450969928402093_8502387782524600320_o.jpg\" \/>\n<meta name=\"author\" content=\"admin\" \/>\n<meta name=\"twitter:card\" content=\"summary_large_image\" \/>\n<meta name=\"twitter:label1\" content=\"Written by\" \/>\n\t<meta name=\"twitter:data1\" content=\"admin\" \/>\n\t<meta name=\"twitter:label2\" content=\"Est. reading time\" \/>\n\t<meta name=\"twitter:data2\" content=\"1 min\u016bte\" \/>\n<script type=\"application\/ld+json\" class=\"yoast-schema-graph\">{\"@context\":\"https:\/\/schema.org\",\"@graph\":[{\"@type\":\"Article\",\"@id\":\"https:\/\/saulkrastubiblioteka.lv\/index.php\/2020\/01\/15\/lasisanas-veicinasanas-programma-bernu-jauniesu-un-vecaku-zurija-2019-2\/#article\",\"isPartOf\":{\"@id\":\"https:\/\/saulkrastubiblioteka.lv\/index.php\/2020\/01\/15\/lasisanas-veicinasanas-programma-bernu-jauniesu-un-vecaku-zurija-2019-2\/\"},\"author\":{\"name\":\"admin\",\"@id\":\"https:\/\/saulkrastubiblioteka.lv\/#\/schema\/person\/2233277643a53fb60b293d42c1e5f7a2\"},\"headline\":\"Las\u012b\u0161anas veicin\u0101\u0161anas programma \u201eB\u0113rnu, jaunie\u0161u un vec\u0101ku \u017e\u016brija \u2013 2019\u201d\",\"datePublished\":\"2020-01-15T07:30:57+00:00\",\"dateModified\":\"2020-01-16T10:23:48+00:00\",\"mainEntityOfPage\":{\"@id\":\"https:\/\/saulkrastubiblioteka.lv\/index.php\/2020\/01\/15\/lasisanas-veicinasanas-programma-bernu-jauniesu-un-vecaku-zurija-2019-2\/\"},\"wordCount\":250,\"publisher\":{\"@id\":\"https:\/\/saulkrastubiblioteka.lv\/#organization\"},\"image\":{\"@id\":\"https:\/\/saulkrastubiblioteka.lv\/index.php\/2020\/01\/15\/lasisanas-veicinasanas-programma-bernu-jauniesu-un-vecaku-zurija-2019-2\/#primaryimage\"},\"thumbnailUrl\":\"https:\/\/saulkrastubiblioteka.lv\/wp-content\/uploads\/2020\/01\/82629561_1450969928402093_8502387782524600320_o.jpg\",\"articleSection\":[\"B\u0113rnu \u017e\u016brija\"],\"inLanguage\":\"lv-LV\"},{\"@type\":\"WebPage\",\"@id\":\"https:\/\/saulkrastubiblioteka.lv\/index.php\/2020\/01\/15\/lasisanas-veicinasanas-programma-bernu-jauniesu-un-vecaku-zurija-2019-2\/\",\"url\":\"https:\/\/saulkrastubiblioteka.lv\/index.php\/2020\/01\/15\/lasisanas-veicinasanas-programma-bernu-jauniesu-un-vecaku-zurija-2019-2\/\",\"name\":\"Las\u012b\u0161anas veicin\u0101\u0161anas programma \u201eB\u0113rnu, jaunie\u0161u un vec\u0101ku \u017e\u016brija \u2013 2019\u201d - Saulkrastu novada bibliot\u0113ka\",\"isPartOf\":{\"@id\":\"https:\/\/saulkrastubiblioteka.lv\/#website\"},\"primaryImageOfPage\":{\"@id\":\"https:\/\/saulkrastubiblioteka.lv\/index.php\/2020\/01\/15\/lasisanas-veicinasanas-programma-bernu-jauniesu-un-vecaku-zurija-2019-2\/#primaryimage\"},\"image\":{\"@id\":\"https:\/\/saulkrastubiblioteka.lv\/index.php\/2020\/01\/15\/lasisanas-veicinasanas-programma-bernu-jauniesu-un-vecaku-zurija-2019-2\/#primaryimage\"},\"thumbnailUrl\":\"https:\/\/saulkrastubiblioteka.lv\/wp-content\/uploads\/2020\/01\/82629561_1450969928402093_8502387782524600320_o.jpg\",\"datePublished\":\"2020-01-15T07:30:57+00:00\",\"dateModified\":\"2020-01-16T10:23:48+00:00\",\"breadcrumb\":{\"@id\":\"https:\/\/saulkrastubiblioteka.lv\/index.php\/2020\/01\/15\/lasisanas-veicinasanas-programma-bernu-jauniesu-un-vecaku-zurija-2019-2\/#breadcrumb\"},\"inLanguage\":\"lv-LV\",\"potentialAction\":[{\"@type\":\"ReadAction\",\"target\":[\"https:\/\/saulkrastubiblioteka.lv\/index.php\/2020\/01\/15\/lasisanas-veicinasanas-programma-bernu-jauniesu-un-vecaku-zurija-2019-2\/\"]}]},{\"@type\":\"ImageObject\",\"inLanguage\":\"lv-LV\",\"@id\":\"https:\/\/saulkrastubiblioteka.lv\/index.php\/2020\/01\/15\/lasisanas-veicinasanas-programma-bernu-jauniesu-un-vecaku-zurija-2019-2\/#primaryimage\",\"url\":\"https:\/\/saulkrastubiblioteka.lv\/wp-content\/uploads\/2020\/01\/82629561_1450969928402093_8502387782524600320_o.jpg\",\"contentUrl\":\"https:\/\/saulkrastubiblioteka.lv\/wp-content\/uploads\/2020\/01\/82629561_1450969928402093_8502387782524600320_o.jpg\",\"width\":960,\"height\":640},{\"@type\":\"BreadcrumbList\",\"@id\":\"https:\/\/saulkrastubiblioteka.lv\/index.php\/2020\/01\/15\/lasisanas-veicinasanas-programma-bernu-jauniesu-un-vecaku-zurija-2019-2\/#breadcrumb\",\"itemListElement\":[{\"@type\":\"ListItem\",\"position\":1,\"name\":\"Home\",\"item\":\"https:\/\/saulkrastubiblioteka.lv\/\"},{\"@type\":\"ListItem\",\"position\":2,\"name\":\"Las\u012b\u0161anas veicin\u0101\u0161anas programma \u201eB\u0113rnu, jaunie\u0161u un vec\u0101ku \u017e\u016brija \u2013 2019\u201d\"}]},{\"@type\":\"WebSite\",\"@id\":\"https:\/\/saulkrastubiblioteka.lv\/#website\",\"url\":\"https:\/\/saulkrastubiblioteka.lv\/\",\"name\":\"Saulkrastu novada bibliot\u0113ka\",\"description\":\"Vieta, kur labi pavad\u012bt laiku un pab\u016bt mier\u0101\",\"publisher\":{\"@id\":\"https:\/\/saulkrastubiblioteka.lv\/#organization\"},\"potentialAction\":[{\"@type\":\"SearchAction\",\"target\":{\"@type\":\"EntryPoint\",\"urlTemplate\":\"https:\/\/saulkrastubiblioteka.lv\/?s={search_term_string}\"},\"query-input\":{\"@type\":\"PropertyValueSpecification\",\"valueRequired\":true,\"valueName\":\"search_term_string\"}}],\"inLanguage\":\"lv-LV\"},{\"@type\":\"Organization\",\"@id\":\"https:\/\/saulkrastubiblioteka.lv\/#organization\",\"name\":\"Saulkrastu novada bibliot\u0113ka\",\"url\":\"https:\/\/saulkrastubiblioteka.lv\/\",\"logo\":{\"@type\":\"ImageObject\",\"inLanguage\":\"lv-LV\",\"@id\":\"https:\/\/saulkrastubiblioteka.lv\/#\/schema\/logo\/image\/\",\"url\":\"https:\/\/saulkrastubiblioteka.lv\/wp-content\/uploads\/2021\/01\/cropped-logo.png\",\"contentUrl\":\"https:\/\/saulkrastubiblioteka.lv\/wp-content\/uploads\/2021\/01\/cropped-logo.png\",\"width\":240,\"height\":240,\"caption\":\"Saulkrastu novada bibliot\u0113ka\"},\"image\":{\"@id\":\"https:\/\/saulkrastubiblioteka.lv\/#\/schema\/logo\/image\/\"}},{\"@type\":\"Person\",\"@id\":\"https:\/\/saulkrastubiblioteka.lv\/#\/schema\/person\/2233277643a53fb60b293d42c1e5f7a2\",\"name\":\"admin\",\"image\":{\"@type\":\"ImageObject\",\"inLanguage\":\"lv-LV\",\"@id\":\"https:\/\/saulkrastubiblioteka.lv\/#\/schema\/person\/image\/\",\"url\":\"https:\/\/secure.gravatar.com\/avatar\/a5ad3f68569c7df813ab9387f6d30b65?s=96&d=mm&r=g\",\"contentUrl\":\"https:\/\/secure.gravatar.com\/avatar\/a5ad3f68569c7df813ab9387f6d30b65?s=96&d=mm&r=g\",\"caption\":\"admin\"},\"url\":\"https:\/\/saulkrastubiblioteka.lv\/index.php\/author\/info_xjq16vdi\/\"}]}<\/script>\n<!-- \/ Yoast SEO plugin. -->","yoast_head_json":{"title":"Las\u012b\u0161anas veicin\u0101\u0161anas programma \u201eB\u0113rnu, jaunie\u0161u un vec\u0101ku \u017e\u016brija \u2013 2019\u201d - Saulkrastu novada bibliot\u0113ka","robots":{"index":"index","follow":"follow","max-snippet":"max-snippet:-1","max-image-preview":"max-image-preview:large","max-video-preview":"max-video-preview:-1"},"canonical":"https:\/\/saulkrastubiblioteka.lv\/index.php\/2020\/01\/15\/lasisanas-veicinasanas-programma-bernu-jauniesu-un-vecaku-zurija-2019-2\/","og_locale":"lv_LV","og_type":"article","og_title":"Las\u012b\u0161anas veicin\u0101\u0161anas programma \u201eB\u0113rnu, jaunie\u0161u un vec\u0101ku \u017e\u016brija \u2013 2019\u201d - Saulkrastu novada bibliot\u0113ka","og_description":"13. janv\u0101r\u012b Saulkrastu novada bibliot\u0113ku apmekl\u0113ja Saulkrastu pirmsskolas izgl\u012bt\u012bbas iest\u0101des &#8220;R\u016b\u0137\u012btis&#8221; grupi\u0146as &#8220;Pienen\u012bte&#8221; b\u0113rni, 16. janv\u0101r\u012b &#8211; grupi\u0146as &#8220;Z\u012bl\u012bte&#8221; audz\u0113k\u0146i, lai v\u0113rt\u0113tu izlas\u012bt\u0101s gr\u0101matas. P\u0113c anketu aizpild\u012b\u0161anas visi dal\u012bbnieki sa\u0146\u0113ma mazu d\u0101vani\u0146u pateic\u012bb\u0101 par iesaist\u012b\u0161anos gr\u0101matu v\u0113rt\u0113\u0161an\u0101. B\u0113rni kop\u0101 ar pedagogiem las\u012bja se\u0161as gr\u0101matas vecuma grup\u0101 5+, bet \u0161om\u0113nes t\u0101 v\u0113rt\u0113ja. Latvij\u0101 veiksm\u012bgi darbojas las\u012b\u0161anas &hellip; Turpin\u0101t las\u012bt \"Las\u012b\u0161anas veicin\u0101\u0161anas programma \u201eB\u0113rnu, jaunie\u0161u un vec\u0101ku \u017e\u016brija \u2013 2019\u201d\"","og_url":"https:\/\/saulkrastubiblioteka.lv\/index.php\/2020\/01\/15\/lasisanas-veicinasanas-programma-bernu-jauniesu-un-vecaku-zurija-2019-2\/","og_site_name":"Saulkrastu novada bibliot\u0113ka","article_published_time":"2020-01-15T07:30:57+00:00","article_modified_time":"2020-01-16T10:23:48+00:00","og_image":[{"url":"https:\/\/saulkrastubiblioteka.lv\/wp-content\/uploads\/2020\/01\/82629561_1450969928402093_8502387782524600320_o.jpg","type":"","width":"","height":""}],"author":"admin","twitter_card":"summary_large_image","twitter_misc":{"Written by":"admin","Est. reading time":"1 min\u016bte"},"schema":{"@context":"https:\/\/schema.org","@graph":[{"@type":"Article","@id":"https:\/\/saulkrastubiblioteka.lv\/index.php\/2020\/01\/15\/lasisanas-veicinasanas-programma-bernu-jauniesu-un-vecaku-zurija-2019-2\/#article","isPartOf":{"@id":"https:\/\/saulkrastubiblioteka.lv\/index.php\/2020\/01\/15\/lasisanas-veicinasanas-programma-bernu-jauniesu-un-vecaku-zurija-2019-2\/"},"author":{"name":"admin","@id":"https:\/\/saulkrastubiblioteka.lv\/#\/schema\/person\/2233277643a53fb60b293d42c1e5f7a2"},"headline":"Las\u012b\u0161anas veicin\u0101\u0161anas programma \u201eB\u0113rnu, jaunie\u0161u un vec\u0101ku \u017e\u016brija \u2013 2019\u201d","datePublished":"2020-01-15T07:30:57+00:00","dateModified":"2020-01-16T10:23:48+00:00","mainEntityOfPage":{"@id":"https:\/\/saulkrastubiblioteka.lv\/index.php\/2020\/01\/15\/lasisanas-veicinasanas-programma-bernu-jauniesu-un-vecaku-zurija-2019-2\/"},"wordCount":250,"publisher":{"@id":"https:\/\/saulkrastubiblioteka.lv\/#organization"},"image":{"@id":"https:\/\/saulkrastubiblioteka.lv\/index.php\/2020\/01\/15\/lasisanas-veicinasanas-programma-bernu-jauniesu-un-vecaku-zurija-2019-2\/#primaryimage"},"thumbnailUrl":"https:\/\/saulkrastubiblioteka.lv\/wp-content\/uploads\/2020\/01\/82629561_1450969928402093_8502387782524600320_o.jpg","articleSection":["B\u0113rnu \u017e\u016brija"],"inLanguage":"lv-LV"},{"@type":"WebPage","@id":"https:\/\/saulkrastubiblioteka.lv\/index.php\/2020\/01\/15\/lasisanas-veicinasanas-programma-bernu-jauniesu-un-vecaku-zurija-2019-2\/","url":"https:\/\/saulkrastubiblioteka.lv\/index.php\/2020\/01\/15\/lasisanas-veicinasanas-programma-bernu-jauniesu-un-vecaku-zurija-2019-2\/","name":"Las\u012b\u0161anas veicin\u0101\u0161anas programma \u201eB\u0113rnu, jaunie\u0161u un vec\u0101ku \u017e\u016brija \u2013 2019\u201d - Saulkrastu novada bibliot\u0113ka","isPartOf":{"@id":"https:\/\/saulkrastubiblioteka.lv\/#website"},"primaryImageOfPage":{"@id":"https:\/\/saulkrastubiblioteka.lv\/index.php\/2020\/01\/15\/lasisanas-veicinasanas-programma-bernu-jauniesu-un-vecaku-zurija-2019-2\/#primaryimage"},"image":{"@id":"https:\/\/saulkrastubiblioteka.lv\/index.php\/2020\/01\/15\/lasisanas-veicinasanas-programma-bernu-jauniesu-un-vecaku-zurija-2019-2\/#primaryimage"},"thumbnailUrl":"https:\/\/saulkrastubiblioteka.lv\/wp-content\/uploads\/2020\/01\/82629561_1450969928402093_8502387782524600320_o.jpg","datePublished":"2020-01-15T07:30:57+00:00","dateModified":"2020-01-16T10:23:48+00:00","breadcrumb":{"@id":"https:\/\/saulkrastubiblioteka.lv\/index.php\/2020\/01\/15\/lasisanas-veicinasanas-programma-bernu-jauniesu-un-vecaku-zurija-2019-2\/#breadcrumb"},"inLanguage":"lv-LV","potentialAction":[{"@type":"ReadAction","target":["https:\/\/saulkrastubiblioteka.lv\/index.php\/2020\/01\/15\/lasisanas-veicinasanas-programma-bernu-jauniesu-un-vecaku-zurija-2019-2\/"]}]},{"@type":"ImageObject","inLanguage":"lv-LV","@id":"https:\/\/saulkrastubiblioteka.lv\/index.php\/2020\/01\/15\/lasisanas-veicinasanas-programma-bernu-jauniesu-un-vecaku-zurija-2019-2\/#primaryimage","url":"https:\/\/saulkrastubiblioteka.lv\/wp-content\/uploads\/2020\/01\/82629561_1450969928402093_8502387782524600320_o.jpg","contentUrl":"https:\/\/saulkrastubiblioteka.lv\/wp-content\/uploads\/2020\/01\/82629561_1450969928402093_8502387782524600320_o.jpg","width":960,"height":640},{"@type":"BreadcrumbList","@id":"https:\/\/saulkrastubiblioteka.lv\/index.php\/2020\/01\/15\/lasisanas-veicinasanas-programma-bernu-jauniesu-un-vecaku-zurija-2019-2\/#breadcrumb","itemListElement":[{"@type":"ListItem","position":1,"name":"Home","item":"https:\/\/saulkrastubiblioteka.lv\/"},{"@type":"ListItem","position":2,"name":"Las\u012b\u0161anas veicin\u0101\u0161anas programma \u201eB\u0113rnu, jaunie\u0161u un vec\u0101ku \u017e\u016brija \u2013 2019\u201d"}]},{"@type":"WebSite","@id":"https:\/\/saulkrastubiblioteka.lv\/#website","url":"https:\/\/saulkrastubiblioteka.lv\/","name":"Saulkrastu novada bibliot\u0113ka","description":"Vieta, kur labi pavad\u012bt laiku un pab\u016bt mier\u0101","publisher":{"@id":"https:\/\/saulkrastubiblioteka.lv\/#organization"},"potentialAction":[{"@type":"SearchAction","target":{"@type":"EntryPoint","urlTemplate":"https:\/\/saulkrastubiblioteka.lv\/?s={search_term_string}"},"query-input":{"@type":"PropertyValueSpecification","valueRequired":true,"valueName":"search_term_string"}}],"inLanguage":"lv-LV"},{"@type":"Organization","@id":"https:\/\/saulkrastubiblioteka.lv\/#organization","name":"Saulkrastu novada bibliot\u0113ka","url":"https:\/\/saulkrastubiblioteka.lv\/","logo":{"@type":"ImageObject","inLanguage":"lv-LV","@id":"https:\/\/saulkrastubiblioteka.lv\/#\/schema\/logo\/image\/","url":"https:\/\/saulkrastubiblioteka.lv\/wp-content\/uploads\/2021\/01\/cropped-logo.png","contentUrl":"https:\/\/saulkrastubiblioteka.lv\/wp-content\/uploads\/2021\/01\/cropped-logo.png","width":240,"height":240,"caption":"Saulkrastu novada bibliot\u0113ka"},"image":{"@id":"https:\/\/saulkrastubiblioteka.lv\/#\/schema\/logo\/image\/"}},{"@type":"Person","@id":"https:\/\/saulkrastubiblioteka.lv\/#\/schema\/person\/2233277643a53fb60b293d42c1e5f7a2","name":"admin","image":{"@type":"ImageObject","inLanguage":"lv-LV","@id":"https:\/\/saulkrastubiblioteka.lv\/#\/schema\/person\/image\/","url":"https:\/\/secure.gravatar.com\/avatar\/a5ad3f68569c7df813ab9387f6d30b65?s=96&d=mm&r=g","contentUrl":"https:\/\/secure.gravatar.com\/avatar\/a5ad3f68569c7df813ab9387f6d30b65?s=96&d=mm&r=g","caption":"admin"},"url":"https:\/\/saulkrastubiblioteka.lv\/index.php\/author\/info_xjq16vdi\/"}]}},"_links":{"self":[{"href":"https:\/\/saulkrastubiblioteka.lv\/index.php\/wp-json\/wp\/v2\/posts\/2548","targetHints":{"allow":["GET"]}}],"collection":[{"href":"https:\/\/saulkrastubiblioteka.lv\/index.php\/wp-json\/wp\/v2\/posts"}],"about":[{"href":"https:\/\/saulkrastubiblioteka.lv\/index.php\/wp-json\/wp\/v2\/types\/post"}],"author":[{"embeddable":true,"href":"https:\/\/saulkrastubiblioteka.lv\/index.php\/wp-json\/wp\/v2\/users\/1"}],"replies":[{"embeddable":true,"href":"https:\/\/saulkrastubiblioteka.lv\/index.php\/wp-json\/wp\/v2\/comments?post=2548"}],"version-history":[{"count":4,"href":"https:\/\/saulkrastubiblioteka.lv\/index.php\/wp-json\/wp\/v2\/posts\/2548\/revisions"}],"predecessor-version":[{"id":2557,"href":"https:\/\/saulkrastubiblioteka.lv\/index.php\/wp-json\/wp\/v2\/posts\/2548\/revisions\/2557"}],"wp:attachment":[{"href":"https:\/\/saulkrastubiblioteka.lv\/index.php\/wp-json\/wp\/v2\/media?parent=2548"}],"wp:term":[{"taxonomy":"category","embeddable":true,"href":"https:\/\/saulkrastubiblioteka.lv\/index.php\/wp-json\/wp\/v2\/categories?post=2548"},{"taxonomy":"post_tag","embeddable":true,"href":"https:\/\/saulkrastubiblioteka.lv\/index.php\/wp-json\/wp\/v2\/tags?post=2548"}],"curies":[{"name":"wp","href":"https:\/\/api.w.org\/{rel}","templated":true}]}}