{"id":2415,"date":"2019-11-27T13:37:57","date_gmt":"2019-11-27T13:37:57","guid":{"rendered":"https:\/\/saulkrastubiblioteka.lv\/?p=2415"},"modified":"2019-11-29T08:00:24","modified_gmt":"2019-11-29T08:00:24","slug":"tiksanas-ar-dzejnieku-prozaiki-un-tulkotaju-sergeju-moreino","status":"publish","type":"post","link":"https:\/\/saulkrastubiblioteka.lv\/index.php\/2019\/11\/27\/tiksanas-ar-dzejnieku-prozaiki-un-tulkotaju-sergeju-moreino\/","title":{"rendered":"Tik\u0161an\u0101s ar dzejnieku, prozai\u0137i un tulkot\u0101ju Sergeju Moreino"},"content":{"rendered":"<div>\n<p><img loading=\"lazy\" decoding=\"async\" class=\"alignnone wp-image-2416\" src=\"https:\/\/saulkrastubiblioteka.lv\/wp-content\/uploads\/2019\/11\/sergejs-moreino-afisa-724x1024.jpg\" alt=\"\" width=\"550\" height=\"778\" srcset=\"https:\/\/saulkrastubiblioteka.lv\/wp-content\/uploads\/2019\/11\/sergejs-moreino-afisa-724x1024.jpg 724w, https:\/\/saulkrastubiblioteka.lv\/wp-content\/uploads\/2019\/11\/sergejs-moreino-afisa-212x300.jpg 212w, https:\/\/saulkrastubiblioteka.lv\/wp-content\/uploads\/2019\/11\/sergejs-moreino-afisa-768x1086.jpg 768w, https:\/\/saulkrastubiblioteka.lv\/wp-content\/uploads\/2019\/11\/sergejs-moreino-afisa-1200x1698.jpg 1200w, https:\/\/saulkrastubiblioteka.lv\/wp-content\/uploads\/2019\/11\/sergejs-moreino-afisa.jpg 1587w\" sizes=\"auto, (max-width: 550px) 85vw, 550px\" \/>Moreino raksta dzeju, prozu, esejas un atdzejo, izdevis vair\u0101k nek\u0101 30 gr\u0101matu; vi\u0146a darbi par\u0101d\u0101s ar\u012b da\u017e\u0101dos autordzejas un atdzejas kopkr\u0101jumos.<\/p>\n<p>T\u0101pat vi\u0146\u0161 ir autors vair\u0101kiem simtiem publik\u0101ciju Latvijas, Krievijas, Polijas, V\u0101cijas, Izra\u0113las, Igaunijas un Lietuvas periodik\u0101.<\/p>\n<\/div>\n<div>Pas\u0101kums notiks Saulkrastu novada domes un Valsts kult\u016brkapit\u0101la fonda atbalst\u012bt\u0101 projekta \u201cLas\u012btava krustojum\u0101. 3. k\u0101rta\u201d ietvaros.<\/div>\n<div><\/div>\n<div><\/div>\n<div>Avots: <a href=\"http:\/\/literatura.lv\/lv\/person\/Sergejs-Moreino\/885615\"><strong>www.literatura.lv<\/strong><\/a><\/div>\n","protected":false},"excerpt":{"rendered":"<p>Moreino raksta dzeju, prozu, esejas un atdzejo, izdevis vair\u0101k nek\u0101 30 gr\u0101matu; vi\u0146a darbi par\u0101d\u0101s ar\u012b da\u017e\u0101dos autordzejas un atdzejas kopkr\u0101jumos. T\u0101pat vi\u0146\u0161 ir autors vair\u0101kiem simtiem publik\u0101ciju Latvijas, Krievijas, Polijas, V\u0101cijas, Izra\u0113las, Igaunijas un Lietuvas periodik\u0101. Pas\u0101kums notiks Saulkrastu novada domes un Valsts kult\u016brkapit\u0101la fonda atbalst\u012bt\u0101 projekta \u201cLas\u012btava krustojum\u0101. 3. k\u0101rta\u201d ietvaros. Avots: www.literatura.lv<\/p>\n","protected":false},"author":1,"featured_media":0,"comment_status":"closed","ping_status":"open","sticky":false,"template":"","format":"standard","meta":{"footnotes":""},"categories":[72,4],"tags":[],"class_list":["post-2415","post","type-post","status-publish","format-standard","hentry","category-lasitava-krustojuma-3-karta","category-pasakumi"],"yoast_head":"<!-- This site is optimized with the Yoast SEO plugin v24.2 - https:\/\/yoast.com\/wordpress\/plugins\/seo\/ -->\n<title>Tik\u0161an\u0101s ar dzejnieku, prozai\u0137i un tulkot\u0101ju Sergeju Moreino - Saulkrastu novada bibliot\u0113ka<\/title>\n<meta name=\"robots\" content=\"index, follow, max-snippet:-1, max-image-preview:large, max-video-preview:-1\" \/>\n<link rel=\"canonical\" href=\"https:\/\/saulkrastubiblioteka.lv\/index.php\/2019\/11\/27\/tiksanas-ar-dzejnieku-prozaiki-un-tulkotaju-sergeju-moreino\/\" \/>\n<meta property=\"og:locale\" content=\"lv_LV\" \/>\n<meta property=\"og:type\" content=\"article\" \/>\n<meta property=\"og:title\" content=\"Tik\u0161an\u0101s ar dzejnieku, prozai\u0137i un tulkot\u0101ju Sergeju Moreino - Saulkrastu novada bibliot\u0113ka\" \/>\n<meta property=\"og:description\" content=\"Moreino raksta dzeju, prozu, esejas un atdzejo, izdevis vair\u0101k nek\u0101 30 gr\u0101matu; vi\u0146a darbi par\u0101d\u0101s ar\u012b da\u017e\u0101dos autordzejas un atdzejas kopkr\u0101jumos. T\u0101pat vi\u0146\u0161 ir autors vair\u0101kiem simtiem publik\u0101ciju Latvijas, Krievijas, Polijas, V\u0101cijas, Izra\u0113las, Igaunijas un Lietuvas periodik\u0101. Pas\u0101kums notiks Saulkrastu novada domes un Valsts kult\u016brkapit\u0101la fonda atbalst\u012bt\u0101 projekta \u201cLas\u012btava krustojum\u0101. 3. k\u0101rta\u201d ietvaros. Avots: www.literatura.lv\" \/>\n<meta property=\"og:url\" content=\"https:\/\/saulkrastubiblioteka.lv\/index.php\/2019\/11\/27\/tiksanas-ar-dzejnieku-prozaiki-un-tulkotaju-sergeju-moreino\/\" \/>\n<meta property=\"og:site_name\" content=\"Saulkrastu novada bibliot\u0113ka\" \/>\n<meta property=\"article:published_time\" content=\"2019-11-27T13:37:57+00:00\" \/>\n<meta property=\"article:modified_time\" content=\"2019-11-29T08:00:24+00:00\" \/>\n<meta property=\"og:image\" content=\"https:\/\/saulkrastubiblioteka.lv\/wp-content\/uploads\/2019\/11\/sergejs-moreino-afisa-724x1024.jpg\" \/>\n<meta name=\"author\" content=\"admin\" \/>\n<meta name=\"twitter:card\" content=\"summary_large_image\" \/>\n<meta name=\"twitter:label1\" content=\"Written by\" \/>\n\t<meta name=\"twitter:data1\" content=\"admin\" \/>\n<script type=\"application\/ld+json\" class=\"yoast-schema-graph\">{\"@context\":\"https:\/\/schema.org\",\"@graph\":[{\"@type\":\"Article\",\"@id\":\"https:\/\/saulkrastubiblioteka.lv\/index.php\/2019\/11\/27\/tiksanas-ar-dzejnieku-prozaiki-un-tulkotaju-sergeju-moreino\/#article\",\"isPartOf\":{\"@id\":\"https:\/\/saulkrastubiblioteka.lv\/index.php\/2019\/11\/27\/tiksanas-ar-dzejnieku-prozaiki-un-tulkotaju-sergeju-moreino\/\"},\"author\":{\"name\":\"admin\",\"@id\":\"https:\/\/saulkrastubiblioteka.lv\/#\/schema\/person\/2233277643a53fb60b293d42c1e5f7a2\"},\"headline\":\"Tik\u0161an\u0101s ar dzejnieku, prozai\u0137i un tulkot\u0101ju Sergeju Moreino\",\"datePublished\":\"2019-11-27T13:37:57+00:00\",\"dateModified\":\"2019-11-29T08:00:24+00:00\",\"mainEntityOfPage\":{\"@id\":\"https:\/\/saulkrastubiblioteka.lv\/index.php\/2019\/11\/27\/tiksanas-ar-dzejnieku-prozaiki-un-tulkotaju-sergeju-moreino\/\"},\"wordCount\":85,\"publisher\":{\"@id\":\"https:\/\/saulkrastubiblioteka.lv\/#organization\"},\"image\":{\"@id\":\"https:\/\/saulkrastubiblioteka.lv\/index.php\/2019\/11\/27\/tiksanas-ar-dzejnieku-prozaiki-un-tulkotaju-sergeju-moreino\/#primaryimage\"},\"thumbnailUrl\":\"https:\/\/saulkrastubiblioteka.lv\/wp-content\/uploads\/2019\/11\/sergejs-moreino-afisa-724x1024.jpg\",\"articleSection\":[\"Las\u012btava krustojum\u0101. 3.k\u0101rta\",\"Pas\u0101kumi\"],\"inLanguage\":\"lv-LV\"},{\"@type\":\"WebPage\",\"@id\":\"https:\/\/saulkrastubiblioteka.lv\/index.php\/2019\/11\/27\/tiksanas-ar-dzejnieku-prozaiki-un-tulkotaju-sergeju-moreino\/\",\"url\":\"https:\/\/saulkrastubiblioteka.lv\/index.php\/2019\/11\/27\/tiksanas-ar-dzejnieku-prozaiki-un-tulkotaju-sergeju-moreino\/\",\"name\":\"Tik\u0161an\u0101s ar dzejnieku, prozai\u0137i un tulkot\u0101ju Sergeju Moreino - Saulkrastu novada bibliot\u0113ka\",\"isPartOf\":{\"@id\":\"https:\/\/saulkrastubiblioteka.lv\/#website\"},\"primaryImageOfPage\":{\"@id\":\"https:\/\/saulkrastubiblioteka.lv\/index.php\/2019\/11\/27\/tiksanas-ar-dzejnieku-prozaiki-un-tulkotaju-sergeju-moreino\/#primaryimage\"},\"image\":{\"@id\":\"https:\/\/saulkrastubiblioteka.lv\/index.php\/2019\/11\/27\/tiksanas-ar-dzejnieku-prozaiki-un-tulkotaju-sergeju-moreino\/#primaryimage\"},\"thumbnailUrl\":\"https:\/\/saulkrastubiblioteka.lv\/wp-content\/uploads\/2019\/11\/sergejs-moreino-afisa-724x1024.jpg\",\"datePublished\":\"2019-11-27T13:37:57+00:00\",\"dateModified\":\"2019-11-29T08:00:24+00:00\",\"breadcrumb\":{\"@id\":\"https:\/\/saulkrastubiblioteka.lv\/index.php\/2019\/11\/27\/tiksanas-ar-dzejnieku-prozaiki-un-tulkotaju-sergeju-moreino\/#breadcrumb\"},\"inLanguage\":\"lv-LV\",\"potentialAction\":[{\"@type\":\"ReadAction\",\"target\":[\"https:\/\/saulkrastubiblioteka.lv\/index.php\/2019\/11\/27\/tiksanas-ar-dzejnieku-prozaiki-un-tulkotaju-sergeju-moreino\/\"]}]},{\"@type\":\"ImageObject\",\"inLanguage\":\"lv-LV\",\"@id\":\"https:\/\/saulkrastubiblioteka.lv\/index.php\/2019\/11\/27\/tiksanas-ar-dzejnieku-prozaiki-un-tulkotaju-sergeju-moreino\/#primaryimage\",\"url\":\"https:\/\/saulkrastubiblioteka.lv\/wp-content\/uploads\/2019\/11\/sergejs-moreino-afisa.jpg\",\"contentUrl\":\"https:\/\/saulkrastubiblioteka.lv\/wp-content\/uploads\/2019\/11\/sergejs-moreino-afisa.jpg\",\"width\":1587,\"height\":2245},{\"@type\":\"BreadcrumbList\",\"@id\":\"https:\/\/saulkrastubiblioteka.lv\/index.php\/2019\/11\/27\/tiksanas-ar-dzejnieku-prozaiki-un-tulkotaju-sergeju-moreino\/#breadcrumb\",\"itemListElement\":[{\"@type\":\"ListItem\",\"position\":1,\"name\":\"Home\",\"item\":\"https:\/\/saulkrastubiblioteka.lv\/\"},{\"@type\":\"ListItem\",\"position\":2,\"name\":\"Tik\u0161an\u0101s ar dzejnieku, prozai\u0137i un tulkot\u0101ju Sergeju Moreino\"}]},{\"@type\":\"WebSite\",\"@id\":\"https:\/\/saulkrastubiblioteka.lv\/#website\",\"url\":\"https:\/\/saulkrastubiblioteka.lv\/\",\"name\":\"Saulkrastu novada bibliot\u0113ka\",\"description\":\"Vieta, kur labi pavad\u012bt laiku un pab\u016bt mier\u0101\",\"publisher\":{\"@id\":\"https:\/\/saulkrastubiblioteka.lv\/#organization\"},\"potentialAction\":[{\"@type\":\"SearchAction\",\"target\":{\"@type\":\"EntryPoint\",\"urlTemplate\":\"https:\/\/saulkrastubiblioteka.lv\/?s={search_term_string}\"},\"query-input\":{\"@type\":\"PropertyValueSpecification\",\"valueRequired\":true,\"valueName\":\"search_term_string\"}}],\"inLanguage\":\"lv-LV\"},{\"@type\":\"Organization\",\"@id\":\"https:\/\/saulkrastubiblioteka.lv\/#organization\",\"name\":\"Saulkrastu novada bibliot\u0113ka\",\"url\":\"https:\/\/saulkrastubiblioteka.lv\/\",\"logo\":{\"@type\":\"ImageObject\",\"inLanguage\":\"lv-LV\",\"@id\":\"https:\/\/saulkrastubiblioteka.lv\/#\/schema\/logo\/image\/\",\"url\":\"https:\/\/saulkrastubiblioteka.lv\/wp-content\/uploads\/2021\/01\/cropped-logo.png\",\"contentUrl\":\"https:\/\/saulkrastubiblioteka.lv\/wp-content\/uploads\/2021\/01\/cropped-logo.png\",\"width\":240,\"height\":240,\"caption\":\"Saulkrastu novada bibliot\u0113ka\"},\"image\":{\"@id\":\"https:\/\/saulkrastubiblioteka.lv\/#\/schema\/logo\/image\/\"}},{\"@type\":\"Person\",\"@id\":\"https:\/\/saulkrastubiblioteka.lv\/#\/schema\/person\/2233277643a53fb60b293d42c1e5f7a2\",\"name\":\"admin\",\"image\":{\"@type\":\"ImageObject\",\"inLanguage\":\"lv-LV\",\"@id\":\"https:\/\/saulkrastubiblioteka.lv\/#\/schema\/person\/image\/\",\"url\":\"https:\/\/secure.gravatar.com\/avatar\/a5ad3f68569c7df813ab9387f6d30b65?s=96&d=mm&r=g\",\"contentUrl\":\"https:\/\/secure.gravatar.com\/avatar\/a5ad3f68569c7df813ab9387f6d30b65?s=96&d=mm&r=g\",\"caption\":\"admin\"},\"url\":\"https:\/\/saulkrastubiblioteka.lv\/index.php\/author\/info_xjq16vdi\/\"}]}<\/script>\n<!-- \/ Yoast SEO plugin. -->","yoast_head_json":{"title":"Tik\u0161an\u0101s ar dzejnieku, prozai\u0137i un tulkot\u0101ju Sergeju Moreino - Saulkrastu novada bibliot\u0113ka","robots":{"index":"index","follow":"follow","max-snippet":"max-snippet:-1","max-image-preview":"max-image-preview:large","max-video-preview":"max-video-preview:-1"},"canonical":"https:\/\/saulkrastubiblioteka.lv\/index.php\/2019\/11\/27\/tiksanas-ar-dzejnieku-prozaiki-un-tulkotaju-sergeju-moreino\/","og_locale":"lv_LV","og_type":"article","og_title":"Tik\u0161an\u0101s ar dzejnieku, prozai\u0137i un tulkot\u0101ju Sergeju Moreino - Saulkrastu novada bibliot\u0113ka","og_description":"Moreino raksta dzeju, prozu, esejas un atdzejo, izdevis vair\u0101k nek\u0101 30 gr\u0101matu; vi\u0146a darbi par\u0101d\u0101s ar\u012b da\u017e\u0101dos autordzejas un atdzejas kopkr\u0101jumos. T\u0101pat vi\u0146\u0161 ir autors vair\u0101kiem simtiem publik\u0101ciju Latvijas, Krievijas, Polijas, V\u0101cijas, Izra\u0113las, Igaunijas un Lietuvas periodik\u0101. Pas\u0101kums notiks Saulkrastu novada domes un Valsts kult\u016brkapit\u0101la fonda atbalst\u012bt\u0101 projekta \u201cLas\u012btava krustojum\u0101. 3. k\u0101rta\u201d ietvaros. Avots: www.literatura.lv","og_url":"https:\/\/saulkrastubiblioteka.lv\/index.php\/2019\/11\/27\/tiksanas-ar-dzejnieku-prozaiki-un-tulkotaju-sergeju-moreino\/","og_site_name":"Saulkrastu novada bibliot\u0113ka","article_published_time":"2019-11-27T13:37:57+00:00","article_modified_time":"2019-11-29T08:00:24+00:00","og_image":[{"url":"https:\/\/saulkrastubiblioteka.lv\/wp-content\/uploads\/2019\/11\/sergejs-moreino-afisa-724x1024.jpg","type":"","width":"","height":""}],"author":"admin","twitter_card":"summary_large_image","twitter_misc":{"Written by":"admin"},"schema":{"@context":"https:\/\/schema.org","@graph":[{"@type":"Article","@id":"https:\/\/saulkrastubiblioteka.lv\/index.php\/2019\/11\/27\/tiksanas-ar-dzejnieku-prozaiki-un-tulkotaju-sergeju-moreino\/#article","isPartOf":{"@id":"https:\/\/saulkrastubiblioteka.lv\/index.php\/2019\/11\/27\/tiksanas-ar-dzejnieku-prozaiki-un-tulkotaju-sergeju-moreino\/"},"author":{"name":"admin","@id":"https:\/\/saulkrastubiblioteka.lv\/#\/schema\/person\/2233277643a53fb60b293d42c1e5f7a2"},"headline":"Tik\u0161an\u0101s ar dzejnieku, prozai\u0137i un tulkot\u0101ju Sergeju Moreino","datePublished":"2019-11-27T13:37:57+00:00","dateModified":"2019-11-29T08:00:24+00:00","mainEntityOfPage":{"@id":"https:\/\/saulkrastubiblioteka.lv\/index.php\/2019\/11\/27\/tiksanas-ar-dzejnieku-prozaiki-un-tulkotaju-sergeju-moreino\/"},"wordCount":85,"publisher":{"@id":"https:\/\/saulkrastubiblioteka.lv\/#organization"},"image":{"@id":"https:\/\/saulkrastubiblioteka.lv\/index.php\/2019\/11\/27\/tiksanas-ar-dzejnieku-prozaiki-un-tulkotaju-sergeju-moreino\/#primaryimage"},"thumbnailUrl":"https:\/\/saulkrastubiblioteka.lv\/wp-content\/uploads\/2019\/11\/sergejs-moreino-afisa-724x1024.jpg","articleSection":["Las\u012btava krustojum\u0101. 3.k\u0101rta","Pas\u0101kumi"],"inLanguage":"lv-LV"},{"@type":"WebPage","@id":"https:\/\/saulkrastubiblioteka.lv\/index.php\/2019\/11\/27\/tiksanas-ar-dzejnieku-prozaiki-un-tulkotaju-sergeju-moreino\/","url":"https:\/\/saulkrastubiblioteka.lv\/index.php\/2019\/11\/27\/tiksanas-ar-dzejnieku-prozaiki-un-tulkotaju-sergeju-moreino\/","name":"Tik\u0161an\u0101s ar dzejnieku, prozai\u0137i un tulkot\u0101ju Sergeju Moreino - Saulkrastu novada bibliot\u0113ka","isPartOf":{"@id":"https:\/\/saulkrastubiblioteka.lv\/#website"},"primaryImageOfPage":{"@id":"https:\/\/saulkrastubiblioteka.lv\/index.php\/2019\/11\/27\/tiksanas-ar-dzejnieku-prozaiki-un-tulkotaju-sergeju-moreino\/#primaryimage"},"image":{"@id":"https:\/\/saulkrastubiblioteka.lv\/index.php\/2019\/11\/27\/tiksanas-ar-dzejnieku-prozaiki-un-tulkotaju-sergeju-moreino\/#primaryimage"},"thumbnailUrl":"https:\/\/saulkrastubiblioteka.lv\/wp-content\/uploads\/2019\/11\/sergejs-moreino-afisa-724x1024.jpg","datePublished":"2019-11-27T13:37:57+00:00","dateModified":"2019-11-29T08:00:24+00:00","breadcrumb":{"@id":"https:\/\/saulkrastubiblioteka.lv\/index.php\/2019\/11\/27\/tiksanas-ar-dzejnieku-prozaiki-un-tulkotaju-sergeju-moreino\/#breadcrumb"},"inLanguage":"lv-LV","potentialAction":[{"@type":"ReadAction","target":["https:\/\/saulkrastubiblioteka.lv\/index.php\/2019\/11\/27\/tiksanas-ar-dzejnieku-prozaiki-un-tulkotaju-sergeju-moreino\/"]}]},{"@type":"ImageObject","inLanguage":"lv-LV","@id":"https:\/\/saulkrastubiblioteka.lv\/index.php\/2019\/11\/27\/tiksanas-ar-dzejnieku-prozaiki-un-tulkotaju-sergeju-moreino\/#primaryimage","url":"https:\/\/saulkrastubiblioteka.lv\/wp-content\/uploads\/2019\/11\/sergejs-moreino-afisa.jpg","contentUrl":"https:\/\/saulkrastubiblioteka.lv\/wp-content\/uploads\/2019\/11\/sergejs-moreino-afisa.jpg","width":1587,"height":2245},{"@type":"BreadcrumbList","@id":"https:\/\/saulkrastubiblioteka.lv\/index.php\/2019\/11\/27\/tiksanas-ar-dzejnieku-prozaiki-un-tulkotaju-sergeju-moreino\/#breadcrumb","itemListElement":[{"@type":"ListItem","position":1,"name":"Home","item":"https:\/\/saulkrastubiblioteka.lv\/"},{"@type":"ListItem","position":2,"name":"Tik\u0161an\u0101s ar dzejnieku, prozai\u0137i un tulkot\u0101ju Sergeju Moreino"}]},{"@type":"WebSite","@id":"https:\/\/saulkrastubiblioteka.lv\/#website","url":"https:\/\/saulkrastubiblioteka.lv\/","name":"Saulkrastu novada bibliot\u0113ka","description":"Vieta, kur labi pavad\u012bt laiku un pab\u016bt mier\u0101","publisher":{"@id":"https:\/\/saulkrastubiblioteka.lv\/#organization"},"potentialAction":[{"@type":"SearchAction","target":{"@type":"EntryPoint","urlTemplate":"https:\/\/saulkrastubiblioteka.lv\/?s={search_term_string}"},"query-input":{"@type":"PropertyValueSpecification","valueRequired":true,"valueName":"search_term_string"}}],"inLanguage":"lv-LV"},{"@type":"Organization","@id":"https:\/\/saulkrastubiblioteka.lv\/#organization","name":"Saulkrastu novada bibliot\u0113ka","url":"https:\/\/saulkrastubiblioteka.lv\/","logo":{"@type":"ImageObject","inLanguage":"lv-LV","@id":"https:\/\/saulkrastubiblioteka.lv\/#\/schema\/logo\/image\/","url":"https:\/\/saulkrastubiblioteka.lv\/wp-content\/uploads\/2021\/01\/cropped-logo.png","contentUrl":"https:\/\/saulkrastubiblioteka.lv\/wp-content\/uploads\/2021\/01\/cropped-logo.png","width":240,"height":240,"caption":"Saulkrastu novada bibliot\u0113ka"},"image":{"@id":"https:\/\/saulkrastubiblioteka.lv\/#\/schema\/logo\/image\/"}},{"@type":"Person","@id":"https:\/\/saulkrastubiblioteka.lv\/#\/schema\/person\/2233277643a53fb60b293d42c1e5f7a2","name":"admin","image":{"@type":"ImageObject","inLanguage":"lv-LV","@id":"https:\/\/saulkrastubiblioteka.lv\/#\/schema\/person\/image\/","url":"https:\/\/secure.gravatar.com\/avatar\/a5ad3f68569c7df813ab9387f6d30b65?s=96&d=mm&r=g","contentUrl":"https:\/\/secure.gravatar.com\/avatar\/a5ad3f68569c7df813ab9387f6d30b65?s=96&d=mm&r=g","caption":"admin"},"url":"https:\/\/saulkrastubiblioteka.lv\/index.php\/author\/info_xjq16vdi\/"}]}},"_links":{"self":[{"href":"https:\/\/saulkrastubiblioteka.lv\/index.php\/wp-json\/wp\/v2\/posts\/2415","targetHints":{"allow":["GET"]}}],"collection":[{"href":"https:\/\/saulkrastubiblioteka.lv\/index.php\/wp-json\/wp\/v2\/posts"}],"about":[{"href":"https:\/\/saulkrastubiblioteka.lv\/index.php\/wp-json\/wp\/v2\/types\/post"}],"author":[{"embeddable":true,"href":"https:\/\/saulkrastubiblioteka.lv\/index.php\/wp-json\/wp\/v2\/users\/1"}],"replies":[{"embeddable":true,"href":"https:\/\/saulkrastubiblioteka.lv\/index.php\/wp-json\/wp\/v2\/comments?post=2415"}],"version-history":[{"count":7,"href":"https:\/\/saulkrastubiblioteka.lv\/index.php\/wp-json\/wp\/v2\/posts\/2415\/revisions"}],"predecessor-version":[{"id":2439,"href":"https:\/\/saulkrastubiblioteka.lv\/index.php\/wp-json\/wp\/v2\/posts\/2415\/revisions\/2439"}],"wp:attachment":[{"href":"https:\/\/saulkrastubiblioteka.lv\/index.php\/wp-json\/wp\/v2\/media?parent=2415"}],"wp:term":[{"taxonomy":"category","embeddable":true,"href":"https:\/\/saulkrastubiblioteka.lv\/index.php\/wp-json\/wp\/v2\/categories?post=2415"},{"taxonomy":"post_tag","embeddable":true,"href":"https:\/\/saulkrastubiblioteka.lv\/index.php\/wp-json\/wp\/v2\/tags?post=2415"}],"curies":[{"name":"wp","href":"https:\/\/api.w.org\/{rel}","templated":true}]}}