{"id":2385,"date":"2019-11-19T08:26:31","date_gmt":"2019-11-19T08:26:31","guid":{"rendered":"https:\/\/saulkrastubiblioteka.lv\/?p=2385"},"modified":"2019-11-19T13:09:07","modified_gmt":"2019-11-19T13:09:07","slug":"biblioteka-viesosies-ilustrators-martins-zutis-2","status":"publish","type":"post","link":"https:\/\/saulkrastubiblioteka.lv\/index.php\/2019\/11\/19\/biblioteka-viesosies-ilustrators-martins-zutis-2\/","title":{"rendered":"Bibliot\u0113k\u0101 viesosies ilustrators M\u0101rti\u0146\u0161 Zutis"},"content":{"rendered":"<div id=\"js_9e\" class=\"_5pbx userContent _3576\" data-testid=\"post_message\" data-ft=\"{&quot;tn&quot;:&quot;K&quot;}\">\n<p><img loading=\"lazy\" decoding=\"async\" class=\"alignnone wp-image-2345\" src=\"https:\/\/saulkrastubiblioteka.lv\/wp-content\/uploads\/2019\/11\/M\u0101rti\u0146u-zuti.jpg\" alt=\"\" width=\"500\" height=\"707\" srcset=\"https:\/\/saulkrastubiblioteka.lv\/wp-content\/uploads\/2019\/11\/M\u0101rti\u0146u-zuti.jpg 1587w, https:\/\/saulkrastubiblioteka.lv\/wp-content\/uploads\/2019\/11\/M\u0101rti\u0146u-zuti-212x300.jpg 212w, https:\/\/saulkrastubiblioteka.lv\/wp-content\/uploads\/2019\/11\/M\u0101rti\u0146u-zuti-768x1086.jpg 768w, https:\/\/saulkrastubiblioteka.lv\/wp-content\/uploads\/2019\/11\/M\u0101rti\u0146u-zuti-724x1024.jpg 724w, https:\/\/saulkrastubiblioteka.lv\/wp-content\/uploads\/2019\/11\/M\u0101rti\u0146u-zuti-1200x1698.jpg 1200w\" sizes=\"auto, (max-width: 500px) 85vw, 500px\" \/><\/p>\n<p>Ceturtdien, 21. novembr\u012b, Saulkrastu novada bibliot\u0113k\u0101 b\u016bs rado\u0161a atmosf\u0113ra, jo pie skol\u0113niem viesosies m\u0101kslinieks un gr\u0101matas \u201cNenotiku\u0161ais atkl\u0101jums\u201d autors M\u0101rti\u0146\u0161 Zutis.<\/p>\n<p><img loading=\"lazy\" decoding=\"async\" class=\"alignnone wp-image-2392 size-full\" src=\"https:\/\/saulkrastubiblioteka.lv\/wp-content\/uploads\/2019\/11\/gramata_zutis.jpg\" alt=\"\" width=\"700\" height=\"403\" srcset=\"https:\/\/saulkrastubiblioteka.lv\/wp-content\/uploads\/2019\/11\/gramata_zutis.jpg 700w, https:\/\/saulkrastubiblioteka.lv\/wp-content\/uploads\/2019\/11\/gramata_zutis-300x173.jpg 300w\" sizes=\"auto, (max-width: 709px) 85vw, (max-width: 909px) 67vw, (max-width: 984px) 61vw, (max-width: 1362px) 45vw, 600px\" \/><\/p>\n<p>Att\u0113l\u0101: <em>\u0160o gr\u0101matu Starptautisk\u0101s J\u0101\u0146a Baltvilka balvas \u017e\u016brija 2015. gad\u0101 atzina par lab\u0101ko debiju b\u0113rnu literat\u016br\u0101, pie\u0161\u0137irot AS \u201cLatvijas valsts me\u017ei\u201d (LVM) balvu \u201cJaunaudze\u201d. \u0160\u012b gr\u0101mata ir guvusi ar\u012b B\u0113rnu \u017e\u016brijas atzin\u012bbu.<\/em><\/p>\n<p>Tik\u0161an\u0101s notiks, pateicoties Valsts Kult\u016brkapit\u0101la fonda un Saulkrastu novada domes atbalstam.<\/p>\n<p>Laipni aicin\u0101ti visi interesenti!<\/p>\n<\/div>\n","protected":false},"excerpt":{"rendered":"<p>Ceturtdien, 21. novembr\u012b, Saulkrastu novada bibliot\u0113k\u0101 b\u016bs rado\u0161a atmosf\u0113ra, jo pie skol\u0113niem viesosies m\u0101kslinieks un gr\u0101matas \u201cNenotiku\u0161ais atkl\u0101jums\u201d autors M\u0101rti\u0146\u0161 Zutis. Att\u0113l\u0101: \u0160o gr\u0101matu Starptautisk\u0101s J\u0101\u0146a Baltvilka balvas \u017e\u016brija 2015. gad\u0101 atzina par lab\u0101ko debiju b\u0113rnu literat\u016br\u0101, pie\u0161\u0137irot AS \u201cLatvijas valsts me\u017ei\u201d (LVM) balvu \u201cJaunaudze\u201d. \u0160\u012b gr\u0101mata ir guvusi ar\u012b B\u0113rnu \u017e\u016brijas atzin\u012bbu. Tik\u0161an\u0101s notiks, &hellip; <a href=\"https:\/\/saulkrastubiblioteka.lv\/index.php\/2019\/11\/19\/biblioteka-viesosies-ilustrators-martins-zutis-2\/\" class=\"more-link\">Turpin\u0101t las\u012bt<span class=\"screen-reader-text\"> &#8220;Bibliot\u0113k\u0101 viesosies ilustrators M\u0101rti\u0146\u0161 Zutis&#8221;<\/span><\/a><\/p>\n","protected":false},"author":1,"featured_media":0,"comment_status":"closed","ping_status":"open","sticky":false,"template":"","format":"standard","meta":{"footnotes":""},"categories":[72,67,4],"tags":[],"class_list":["post-2385","post","type-post","status-publish","format-standard","hentry","category-lasitava-krustojuma-3-karta","category-makslinieki","category-pasakumi"],"yoast_head":"<!-- This site is optimized with the Yoast SEO plugin v24.2 - https:\/\/yoast.com\/wordpress\/plugins\/seo\/ -->\n<title>Bibliot\u0113k\u0101 viesosies ilustrators M\u0101rti\u0146\u0161 Zutis - Saulkrastu novada bibliot\u0113ka<\/title>\n<meta name=\"robots\" content=\"index, follow, max-snippet:-1, max-image-preview:large, max-video-preview:-1\" \/>\n<link rel=\"canonical\" href=\"https:\/\/saulkrastubiblioteka.lv\/index.php\/2019\/11\/19\/biblioteka-viesosies-ilustrators-martins-zutis-2\/\" \/>\n<meta property=\"og:locale\" content=\"lv_LV\" \/>\n<meta property=\"og:type\" content=\"article\" \/>\n<meta property=\"og:title\" content=\"Bibliot\u0113k\u0101 viesosies ilustrators M\u0101rti\u0146\u0161 Zutis - Saulkrastu novada bibliot\u0113ka\" \/>\n<meta property=\"og:description\" content=\"Ceturtdien, 21. novembr\u012b, Saulkrastu novada bibliot\u0113k\u0101 b\u016bs rado\u0161a atmosf\u0113ra, jo pie skol\u0113niem viesosies m\u0101kslinieks un gr\u0101matas \u201cNenotiku\u0161ais atkl\u0101jums\u201d autors M\u0101rti\u0146\u0161 Zutis. Att\u0113l\u0101: \u0160o gr\u0101matu Starptautisk\u0101s J\u0101\u0146a Baltvilka balvas \u017e\u016brija 2015. gad\u0101 atzina par lab\u0101ko debiju b\u0113rnu literat\u016br\u0101, pie\u0161\u0137irot AS \u201cLatvijas valsts me\u017ei\u201d (LVM) balvu \u201cJaunaudze\u201d. \u0160\u012b gr\u0101mata ir guvusi ar\u012b B\u0113rnu \u017e\u016brijas atzin\u012bbu. Tik\u0161an\u0101s notiks, &hellip; Turpin\u0101t las\u012bt &quot;Bibliot\u0113k\u0101 viesosies ilustrators M\u0101rti\u0146\u0161 Zutis&quot;\" \/>\n<meta property=\"og:url\" content=\"https:\/\/saulkrastubiblioteka.lv\/index.php\/2019\/11\/19\/biblioteka-viesosies-ilustrators-martins-zutis-2\/\" \/>\n<meta property=\"og:site_name\" content=\"Saulkrastu novada bibliot\u0113ka\" \/>\n<meta property=\"article:published_time\" content=\"2019-11-19T08:26:31+00:00\" \/>\n<meta property=\"article:modified_time\" content=\"2019-11-19T13:09:07+00:00\" \/>\n<meta property=\"og:image\" content=\"https:\/\/saulkrastubiblioteka.lv\/wp-content\/uploads\/2019\/11\/gramata_zutis.jpg\" \/>\n<meta name=\"author\" content=\"admin\" \/>\n<meta name=\"twitter:card\" content=\"summary_large_image\" \/>\n<meta name=\"twitter:label1\" content=\"Written by\" \/>\n\t<meta name=\"twitter:data1\" content=\"admin\" \/>\n<script type=\"application\/ld+json\" class=\"yoast-schema-graph\">{\"@context\":\"https:\/\/schema.org\",\"@graph\":[{\"@type\":\"Article\",\"@id\":\"https:\/\/saulkrastubiblioteka.lv\/index.php\/2019\/11\/19\/biblioteka-viesosies-ilustrators-martins-zutis-2\/#article\",\"isPartOf\":{\"@id\":\"https:\/\/saulkrastubiblioteka.lv\/index.php\/2019\/11\/19\/biblioteka-viesosies-ilustrators-martins-zutis-2\/\"},\"author\":{\"name\":\"admin\",\"@id\":\"https:\/\/saulkrastubiblioteka.lv\/#\/schema\/person\/2233277643a53fb60b293d42c1e5f7a2\"},\"headline\":\"Bibliot\u0113k\u0101 viesosies ilustrators M\u0101rti\u0146\u0161 Zutis\",\"datePublished\":\"2019-11-19T08:26:31+00:00\",\"dateModified\":\"2019-11-19T13:09:07+00:00\",\"mainEntityOfPage\":{\"@id\":\"https:\/\/saulkrastubiblioteka.lv\/index.php\/2019\/11\/19\/biblioteka-viesosies-ilustrators-martins-zutis-2\/\"},\"wordCount\":99,\"publisher\":{\"@id\":\"https:\/\/saulkrastubiblioteka.lv\/#organization\"},\"image\":{\"@id\":\"https:\/\/saulkrastubiblioteka.lv\/index.php\/2019\/11\/19\/biblioteka-viesosies-ilustrators-martins-zutis-2\/#primaryimage\"},\"thumbnailUrl\":\"https:\/\/saulkrastubiblioteka.lv\/wp-content\/uploads\/2019\/11\/gramata_zutis.jpg\",\"articleSection\":[\"Las\u012btava krustojum\u0101. 3.k\u0101rta\",\"M\u0101kslinieki\",\"Pas\u0101kumi\"],\"inLanguage\":\"lv-LV\"},{\"@type\":\"WebPage\",\"@id\":\"https:\/\/saulkrastubiblioteka.lv\/index.php\/2019\/11\/19\/biblioteka-viesosies-ilustrators-martins-zutis-2\/\",\"url\":\"https:\/\/saulkrastubiblioteka.lv\/index.php\/2019\/11\/19\/biblioteka-viesosies-ilustrators-martins-zutis-2\/\",\"name\":\"Bibliot\u0113k\u0101 viesosies ilustrators M\u0101rti\u0146\u0161 Zutis - Saulkrastu novada bibliot\u0113ka\",\"isPartOf\":{\"@id\":\"https:\/\/saulkrastubiblioteka.lv\/#website\"},\"primaryImageOfPage\":{\"@id\":\"https:\/\/saulkrastubiblioteka.lv\/index.php\/2019\/11\/19\/biblioteka-viesosies-ilustrators-martins-zutis-2\/#primaryimage\"},\"image\":{\"@id\":\"https:\/\/saulkrastubiblioteka.lv\/index.php\/2019\/11\/19\/biblioteka-viesosies-ilustrators-martins-zutis-2\/#primaryimage\"},\"thumbnailUrl\":\"https:\/\/saulkrastubiblioteka.lv\/wp-content\/uploads\/2019\/11\/gramata_zutis.jpg\",\"datePublished\":\"2019-11-19T08:26:31+00:00\",\"dateModified\":\"2019-11-19T13:09:07+00:00\",\"breadcrumb\":{\"@id\":\"https:\/\/saulkrastubiblioteka.lv\/index.php\/2019\/11\/19\/biblioteka-viesosies-ilustrators-martins-zutis-2\/#breadcrumb\"},\"inLanguage\":\"lv-LV\",\"potentialAction\":[{\"@type\":\"ReadAction\",\"target\":[\"https:\/\/saulkrastubiblioteka.lv\/index.php\/2019\/11\/19\/biblioteka-viesosies-ilustrators-martins-zutis-2\/\"]}]},{\"@type\":\"ImageObject\",\"inLanguage\":\"lv-LV\",\"@id\":\"https:\/\/saulkrastubiblioteka.lv\/index.php\/2019\/11\/19\/biblioteka-viesosies-ilustrators-martins-zutis-2\/#primaryimage\",\"url\":\"https:\/\/saulkrastubiblioteka.lv\/wp-content\/uploads\/2019\/11\/gramata_zutis.jpg\",\"contentUrl\":\"https:\/\/saulkrastubiblioteka.lv\/wp-content\/uploads\/2019\/11\/gramata_zutis.jpg\",\"width\":700,\"height\":403},{\"@type\":\"BreadcrumbList\",\"@id\":\"https:\/\/saulkrastubiblioteka.lv\/index.php\/2019\/11\/19\/biblioteka-viesosies-ilustrators-martins-zutis-2\/#breadcrumb\",\"itemListElement\":[{\"@type\":\"ListItem\",\"position\":1,\"name\":\"Home\",\"item\":\"https:\/\/saulkrastubiblioteka.lv\/\"},{\"@type\":\"ListItem\",\"position\":2,\"name\":\"Bibliot\u0113k\u0101 viesosies ilustrators M\u0101rti\u0146\u0161 Zutis\"}]},{\"@type\":\"WebSite\",\"@id\":\"https:\/\/saulkrastubiblioteka.lv\/#website\",\"url\":\"https:\/\/saulkrastubiblioteka.lv\/\",\"name\":\"Saulkrastu novada bibliot\u0113ka\",\"description\":\"Vieta, kur labi pavad\u012bt laiku un pab\u016bt mier\u0101\",\"publisher\":{\"@id\":\"https:\/\/saulkrastubiblioteka.lv\/#organization\"},\"potentialAction\":[{\"@type\":\"SearchAction\",\"target\":{\"@type\":\"EntryPoint\",\"urlTemplate\":\"https:\/\/saulkrastubiblioteka.lv\/?s={search_term_string}\"},\"query-input\":{\"@type\":\"PropertyValueSpecification\",\"valueRequired\":true,\"valueName\":\"search_term_string\"}}],\"inLanguage\":\"lv-LV\"},{\"@type\":\"Organization\",\"@id\":\"https:\/\/saulkrastubiblioteka.lv\/#organization\",\"name\":\"Saulkrastu novada bibliot\u0113ka\",\"url\":\"https:\/\/saulkrastubiblioteka.lv\/\",\"logo\":{\"@type\":\"ImageObject\",\"inLanguage\":\"lv-LV\",\"@id\":\"https:\/\/saulkrastubiblioteka.lv\/#\/schema\/logo\/image\/\",\"url\":\"https:\/\/saulkrastubiblioteka.lv\/wp-content\/uploads\/2021\/01\/cropped-logo.png\",\"contentUrl\":\"https:\/\/saulkrastubiblioteka.lv\/wp-content\/uploads\/2021\/01\/cropped-logo.png\",\"width\":240,\"height\":240,\"caption\":\"Saulkrastu novada bibliot\u0113ka\"},\"image\":{\"@id\":\"https:\/\/saulkrastubiblioteka.lv\/#\/schema\/logo\/image\/\"}},{\"@type\":\"Person\",\"@id\":\"https:\/\/saulkrastubiblioteka.lv\/#\/schema\/person\/2233277643a53fb60b293d42c1e5f7a2\",\"name\":\"admin\",\"image\":{\"@type\":\"ImageObject\",\"inLanguage\":\"lv-LV\",\"@id\":\"https:\/\/saulkrastubiblioteka.lv\/#\/schema\/person\/image\/\",\"url\":\"https:\/\/secure.gravatar.com\/avatar\/a5ad3f68569c7df813ab9387f6d30b65?s=96&d=mm&r=g\",\"contentUrl\":\"https:\/\/secure.gravatar.com\/avatar\/a5ad3f68569c7df813ab9387f6d30b65?s=96&d=mm&r=g\",\"caption\":\"admin\"},\"url\":\"https:\/\/saulkrastubiblioteka.lv\/index.php\/author\/info_xjq16vdi\/\"}]}<\/script>\n<!-- \/ Yoast SEO plugin. -->","yoast_head_json":{"title":"Bibliot\u0113k\u0101 viesosies ilustrators M\u0101rti\u0146\u0161 Zutis - Saulkrastu novada bibliot\u0113ka","robots":{"index":"index","follow":"follow","max-snippet":"max-snippet:-1","max-image-preview":"max-image-preview:large","max-video-preview":"max-video-preview:-1"},"canonical":"https:\/\/saulkrastubiblioteka.lv\/index.php\/2019\/11\/19\/biblioteka-viesosies-ilustrators-martins-zutis-2\/","og_locale":"lv_LV","og_type":"article","og_title":"Bibliot\u0113k\u0101 viesosies ilustrators M\u0101rti\u0146\u0161 Zutis - Saulkrastu novada bibliot\u0113ka","og_description":"Ceturtdien, 21. novembr\u012b, Saulkrastu novada bibliot\u0113k\u0101 b\u016bs rado\u0161a atmosf\u0113ra, jo pie skol\u0113niem viesosies m\u0101kslinieks un gr\u0101matas \u201cNenotiku\u0161ais atkl\u0101jums\u201d autors M\u0101rti\u0146\u0161 Zutis. Att\u0113l\u0101: \u0160o gr\u0101matu Starptautisk\u0101s J\u0101\u0146a Baltvilka balvas \u017e\u016brija 2015. gad\u0101 atzina par lab\u0101ko debiju b\u0113rnu literat\u016br\u0101, pie\u0161\u0137irot AS \u201cLatvijas valsts me\u017ei\u201d (LVM) balvu \u201cJaunaudze\u201d. \u0160\u012b gr\u0101mata ir guvusi ar\u012b B\u0113rnu \u017e\u016brijas atzin\u012bbu. Tik\u0161an\u0101s notiks, &hellip; Turpin\u0101t las\u012bt \"Bibliot\u0113k\u0101 viesosies ilustrators M\u0101rti\u0146\u0161 Zutis\"","og_url":"https:\/\/saulkrastubiblioteka.lv\/index.php\/2019\/11\/19\/biblioteka-viesosies-ilustrators-martins-zutis-2\/","og_site_name":"Saulkrastu novada bibliot\u0113ka","article_published_time":"2019-11-19T08:26:31+00:00","article_modified_time":"2019-11-19T13:09:07+00:00","og_image":[{"url":"https:\/\/saulkrastubiblioteka.lv\/wp-content\/uploads\/2019\/11\/gramata_zutis.jpg","type":"","width":"","height":""}],"author":"admin","twitter_card":"summary_large_image","twitter_misc":{"Written by":"admin"},"schema":{"@context":"https:\/\/schema.org","@graph":[{"@type":"Article","@id":"https:\/\/saulkrastubiblioteka.lv\/index.php\/2019\/11\/19\/biblioteka-viesosies-ilustrators-martins-zutis-2\/#article","isPartOf":{"@id":"https:\/\/saulkrastubiblioteka.lv\/index.php\/2019\/11\/19\/biblioteka-viesosies-ilustrators-martins-zutis-2\/"},"author":{"name":"admin","@id":"https:\/\/saulkrastubiblioteka.lv\/#\/schema\/person\/2233277643a53fb60b293d42c1e5f7a2"},"headline":"Bibliot\u0113k\u0101 viesosies ilustrators M\u0101rti\u0146\u0161 Zutis","datePublished":"2019-11-19T08:26:31+00:00","dateModified":"2019-11-19T13:09:07+00:00","mainEntityOfPage":{"@id":"https:\/\/saulkrastubiblioteka.lv\/index.php\/2019\/11\/19\/biblioteka-viesosies-ilustrators-martins-zutis-2\/"},"wordCount":99,"publisher":{"@id":"https:\/\/saulkrastubiblioteka.lv\/#organization"},"image":{"@id":"https:\/\/saulkrastubiblioteka.lv\/index.php\/2019\/11\/19\/biblioteka-viesosies-ilustrators-martins-zutis-2\/#primaryimage"},"thumbnailUrl":"https:\/\/saulkrastubiblioteka.lv\/wp-content\/uploads\/2019\/11\/gramata_zutis.jpg","articleSection":["Las\u012btava krustojum\u0101. 3.k\u0101rta","M\u0101kslinieki","Pas\u0101kumi"],"inLanguage":"lv-LV"},{"@type":"WebPage","@id":"https:\/\/saulkrastubiblioteka.lv\/index.php\/2019\/11\/19\/biblioteka-viesosies-ilustrators-martins-zutis-2\/","url":"https:\/\/saulkrastubiblioteka.lv\/index.php\/2019\/11\/19\/biblioteka-viesosies-ilustrators-martins-zutis-2\/","name":"Bibliot\u0113k\u0101 viesosies ilustrators M\u0101rti\u0146\u0161 Zutis - Saulkrastu novada bibliot\u0113ka","isPartOf":{"@id":"https:\/\/saulkrastubiblioteka.lv\/#website"},"primaryImageOfPage":{"@id":"https:\/\/saulkrastubiblioteka.lv\/index.php\/2019\/11\/19\/biblioteka-viesosies-ilustrators-martins-zutis-2\/#primaryimage"},"image":{"@id":"https:\/\/saulkrastubiblioteka.lv\/index.php\/2019\/11\/19\/biblioteka-viesosies-ilustrators-martins-zutis-2\/#primaryimage"},"thumbnailUrl":"https:\/\/saulkrastubiblioteka.lv\/wp-content\/uploads\/2019\/11\/gramata_zutis.jpg","datePublished":"2019-11-19T08:26:31+00:00","dateModified":"2019-11-19T13:09:07+00:00","breadcrumb":{"@id":"https:\/\/saulkrastubiblioteka.lv\/index.php\/2019\/11\/19\/biblioteka-viesosies-ilustrators-martins-zutis-2\/#breadcrumb"},"inLanguage":"lv-LV","potentialAction":[{"@type":"ReadAction","target":["https:\/\/saulkrastubiblioteka.lv\/index.php\/2019\/11\/19\/biblioteka-viesosies-ilustrators-martins-zutis-2\/"]}]},{"@type":"ImageObject","inLanguage":"lv-LV","@id":"https:\/\/saulkrastubiblioteka.lv\/index.php\/2019\/11\/19\/biblioteka-viesosies-ilustrators-martins-zutis-2\/#primaryimage","url":"https:\/\/saulkrastubiblioteka.lv\/wp-content\/uploads\/2019\/11\/gramata_zutis.jpg","contentUrl":"https:\/\/saulkrastubiblioteka.lv\/wp-content\/uploads\/2019\/11\/gramata_zutis.jpg","width":700,"height":403},{"@type":"BreadcrumbList","@id":"https:\/\/saulkrastubiblioteka.lv\/index.php\/2019\/11\/19\/biblioteka-viesosies-ilustrators-martins-zutis-2\/#breadcrumb","itemListElement":[{"@type":"ListItem","position":1,"name":"Home","item":"https:\/\/saulkrastubiblioteka.lv\/"},{"@type":"ListItem","position":2,"name":"Bibliot\u0113k\u0101 viesosies ilustrators M\u0101rti\u0146\u0161 Zutis"}]},{"@type":"WebSite","@id":"https:\/\/saulkrastubiblioteka.lv\/#website","url":"https:\/\/saulkrastubiblioteka.lv\/","name":"Saulkrastu novada bibliot\u0113ka","description":"Vieta, kur labi pavad\u012bt laiku un pab\u016bt mier\u0101","publisher":{"@id":"https:\/\/saulkrastubiblioteka.lv\/#organization"},"potentialAction":[{"@type":"SearchAction","target":{"@type":"EntryPoint","urlTemplate":"https:\/\/saulkrastubiblioteka.lv\/?s={search_term_string}"},"query-input":{"@type":"PropertyValueSpecification","valueRequired":true,"valueName":"search_term_string"}}],"inLanguage":"lv-LV"},{"@type":"Organization","@id":"https:\/\/saulkrastubiblioteka.lv\/#organization","name":"Saulkrastu novada bibliot\u0113ka","url":"https:\/\/saulkrastubiblioteka.lv\/","logo":{"@type":"ImageObject","inLanguage":"lv-LV","@id":"https:\/\/saulkrastubiblioteka.lv\/#\/schema\/logo\/image\/","url":"https:\/\/saulkrastubiblioteka.lv\/wp-content\/uploads\/2021\/01\/cropped-logo.png","contentUrl":"https:\/\/saulkrastubiblioteka.lv\/wp-content\/uploads\/2021\/01\/cropped-logo.png","width":240,"height":240,"caption":"Saulkrastu novada bibliot\u0113ka"},"image":{"@id":"https:\/\/saulkrastubiblioteka.lv\/#\/schema\/logo\/image\/"}},{"@type":"Person","@id":"https:\/\/saulkrastubiblioteka.lv\/#\/schema\/person\/2233277643a53fb60b293d42c1e5f7a2","name":"admin","image":{"@type":"ImageObject","inLanguage":"lv-LV","@id":"https:\/\/saulkrastubiblioteka.lv\/#\/schema\/person\/image\/","url":"https:\/\/secure.gravatar.com\/avatar\/a5ad3f68569c7df813ab9387f6d30b65?s=96&d=mm&r=g","contentUrl":"https:\/\/secure.gravatar.com\/avatar\/a5ad3f68569c7df813ab9387f6d30b65?s=96&d=mm&r=g","caption":"admin"},"url":"https:\/\/saulkrastubiblioteka.lv\/index.php\/author\/info_xjq16vdi\/"}]}},"_links":{"self":[{"href":"https:\/\/saulkrastubiblioteka.lv\/index.php\/wp-json\/wp\/v2\/posts\/2385","targetHints":{"allow":["GET"]}}],"collection":[{"href":"https:\/\/saulkrastubiblioteka.lv\/index.php\/wp-json\/wp\/v2\/posts"}],"about":[{"href":"https:\/\/saulkrastubiblioteka.lv\/index.php\/wp-json\/wp\/v2\/types\/post"}],"author":[{"embeddable":true,"href":"https:\/\/saulkrastubiblioteka.lv\/index.php\/wp-json\/wp\/v2\/users\/1"}],"replies":[{"embeddable":true,"href":"https:\/\/saulkrastubiblioteka.lv\/index.php\/wp-json\/wp\/v2\/comments?post=2385"}],"version-history":[{"count":6,"href":"https:\/\/saulkrastubiblioteka.lv\/index.php\/wp-json\/wp\/v2\/posts\/2385\/revisions"}],"predecessor-version":[{"id":2395,"href":"https:\/\/saulkrastubiblioteka.lv\/index.php\/wp-json\/wp\/v2\/posts\/2385\/revisions\/2395"}],"wp:attachment":[{"href":"https:\/\/saulkrastubiblioteka.lv\/index.php\/wp-json\/wp\/v2\/media?parent=2385"}],"wp:term":[{"taxonomy":"category","embeddable":true,"href":"https:\/\/saulkrastubiblioteka.lv\/index.php\/wp-json\/wp\/v2\/categories?post=2385"},{"taxonomy":"post_tag","embeddable":true,"href":"https:\/\/saulkrastubiblioteka.lv\/index.php\/wp-json\/wp\/v2\/tags?post=2385"}],"curies":[{"name":"wp","href":"https:\/\/api.w.org\/{rel}","templated":true}]}}