{"id":2334,"date":"2019-11-08T08:35:53","date_gmt":"2019-11-08T08:35:53","guid":{"rendered":"https:\/\/saulkrastubiblioteka.lv\/?p=2334"},"modified":"2019-11-08T10:05:10","modified_gmt":"2019-11-08T10:05:10","slug":"kopjot-senas-tradicijas-martindiena-kopa-ar-bibliotekarem","status":"publish","type":"post","link":"https:\/\/saulkrastubiblioteka.lv\/index.php\/2019\/11\/08\/kopjot-senas-tradicijas-martindiena-kopa-ar-bibliotekarem\/","title":{"rendered":"Kopjot sen\u0101s trad\u012bcijas &#8211; M\u0101rti\u0146diena kop\u0101 ar bibliotek\u0101r\u0113m"},"content":{"rendered":"<p><img loading=\"lazy\" decoding=\"async\" class=\"alignnone wp-image-2337\" src=\"https:\/\/saulkrastubiblioteka.lv\/wp-content\/uploads\/2019\/11\/IMG_1631.jpg\" alt=\"\" width=\"500\" height=\"250\" srcset=\"https:\/\/saulkrastubiblioteka.lv\/wp-content\/uploads\/2019\/11\/IMG_1631.jpg 1680w, https:\/\/saulkrastubiblioteka.lv\/wp-content\/uploads\/2019\/11\/IMG_1631-300x150.jpg 300w, https:\/\/saulkrastubiblioteka.lv\/wp-content\/uploads\/2019\/11\/IMG_1631-768x384.jpg 768w, https:\/\/saulkrastubiblioteka.lv\/wp-content\/uploads\/2019\/11\/IMG_1631-1024x511.jpg 1024w, https:\/\/saulkrastubiblioteka.lv\/wp-content\/uploads\/2019\/11\/IMG_1631-1200x599.jpg 1200w\" sizes=\"auto, (max-width: 500px) 85vw, 500px\" \/><\/p>\n<p>8. novembr\u012b pie mums viesoj\u0101s Saulkrastu vidusskolas skol\u0113ni. Vi\u0146i p\u0101rtapa par maskotajiem M\u0101rti\u0146b\u0113rniem. Visi g\u0101j\u0101m rota\u013c\u0101s, min\u0113j\u0101m m\u012bklas, klaus\u012bj\u0101mies tic\u0113jumus un dzird\u0113j\u0101m laba v\u0113l\u0113jumus.<\/p>\n<p>Kas skan\u0113ja, kas \u017evadz\u0113ja <span class=\"text_exposed_show\"><br \/>\nMan\u0101 s\u0113tas pagalm\u0101?<br \/>\nTur saj\u0101ja M\u0101rti\u0146b\u0113rni<br \/>\nAr sudraba zobeniem.<\/span><\/p>\n<div class=\"text_exposed_show\">\n<p>JAUTRUS M\u0100RTI\u0145US!<\/p>\n<\/div>\n","protected":false},"excerpt":{"rendered":"<p>8. novembr\u012b pie mums viesoj\u0101s Saulkrastu vidusskolas skol\u0113ni. Vi\u0146i p\u0101rtapa par maskotajiem M\u0101rti\u0146b\u0113rniem. Visi g\u0101j\u0101m rota\u013c\u0101s, min\u0113j\u0101m m\u012bklas, klaus\u012bj\u0101mies tic\u0113jumus un dzird\u0113j\u0101m laba v\u0113l\u0113jumus. Kas skan\u0113ja, kas \u017evadz\u0113ja Man\u0101 s\u0113tas pagalm\u0101? Tur saj\u0101ja M\u0101rti\u0146b\u0113rni Ar sudraba zobeniem. JAUTRUS M\u0100RTI\u0145US!<\/p>\n","protected":false},"author":1,"featured_media":0,"comment_status":"closed","ping_status":"open","sticky":false,"template":"","format":"standard","meta":{"footnotes":""},"categories":[4],"tags":[],"class_list":["post-2334","post","type-post","status-publish","format-standard","hentry","category-pasakumi"],"yoast_head":"<!-- This site is optimized with the Yoast SEO plugin v24.2 - https:\/\/yoast.com\/wordpress\/plugins\/seo\/ -->\n<title>Kopjot sen\u0101s trad\u012bcijas - M\u0101rti\u0146diena kop\u0101 ar bibliotek\u0101r\u0113m - Saulkrastu novada bibliot\u0113ka<\/title>\n<meta name=\"robots\" content=\"index, follow, max-snippet:-1, max-image-preview:large, max-video-preview:-1\" \/>\n<link rel=\"canonical\" href=\"https:\/\/saulkrastubiblioteka.lv\/index.php\/2019\/11\/08\/kopjot-senas-tradicijas-martindiena-kopa-ar-bibliotekarem\/\" \/>\n<meta property=\"og:locale\" content=\"lv_LV\" \/>\n<meta property=\"og:type\" content=\"article\" \/>\n<meta property=\"og:title\" content=\"Kopjot sen\u0101s trad\u012bcijas - M\u0101rti\u0146diena kop\u0101 ar bibliotek\u0101r\u0113m - Saulkrastu novada bibliot\u0113ka\" \/>\n<meta property=\"og:description\" content=\"8. novembr\u012b pie mums viesoj\u0101s Saulkrastu vidusskolas skol\u0113ni. Vi\u0146i p\u0101rtapa par maskotajiem M\u0101rti\u0146b\u0113rniem. Visi g\u0101j\u0101m rota\u013c\u0101s, min\u0113j\u0101m m\u012bklas, klaus\u012bj\u0101mies tic\u0113jumus un dzird\u0113j\u0101m laba v\u0113l\u0113jumus. Kas skan\u0113ja, kas \u017evadz\u0113ja Man\u0101 s\u0113tas pagalm\u0101? Tur saj\u0101ja M\u0101rti\u0146b\u0113rni Ar sudraba zobeniem. JAUTRUS M\u0100RTI\u0145US!\" \/>\n<meta property=\"og:url\" content=\"https:\/\/saulkrastubiblioteka.lv\/index.php\/2019\/11\/08\/kopjot-senas-tradicijas-martindiena-kopa-ar-bibliotekarem\/\" \/>\n<meta property=\"og:site_name\" content=\"Saulkrastu novada bibliot\u0113ka\" \/>\n<meta property=\"article:published_time\" content=\"2019-11-08T08:35:53+00:00\" \/>\n<meta property=\"article:modified_time\" content=\"2019-11-08T10:05:10+00:00\" \/>\n<meta property=\"og:image\" content=\"https:\/\/saulkrastubiblioteka.lv\/wp-content\/uploads\/2019\/11\/IMG_1631.jpg\" \/>\n<meta name=\"author\" content=\"admin\" \/>\n<meta name=\"twitter:card\" content=\"summary_large_image\" \/>\n<meta name=\"twitter:label1\" content=\"Written by\" \/>\n\t<meta name=\"twitter:data1\" content=\"admin\" \/>\n<script type=\"application\/ld+json\" class=\"yoast-schema-graph\">{\"@context\":\"https:\/\/schema.org\",\"@graph\":[{\"@type\":\"Article\",\"@id\":\"https:\/\/saulkrastubiblioteka.lv\/index.php\/2019\/11\/08\/kopjot-senas-tradicijas-martindiena-kopa-ar-bibliotekarem\/#article\",\"isPartOf\":{\"@id\":\"https:\/\/saulkrastubiblioteka.lv\/index.php\/2019\/11\/08\/kopjot-senas-tradicijas-martindiena-kopa-ar-bibliotekarem\/\"},\"author\":{\"name\":\"admin\",\"@id\":\"https:\/\/saulkrastubiblioteka.lv\/#\/schema\/person\/2233277643a53fb60b293d42c1e5f7a2\"},\"headline\":\"Kopjot sen\u0101s trad\u012bcijas &#8211; M\u0101rti\u0146diena kop\u0101 ar bibliotek\u0101r\u0113m\",\"datePublished\":\"2019-11-08T08:35:53+00:00\",\"dateModified\":\"2019-11-08T10:05:10+00:00\",\"mainEntityOfPage\":{\"@id\":\"https:\/\/saulkrastubiblioteka.lv\/index.php\/2019\/11\/08\/kopjot-senas-tradicijas-martindiena-kopa-ar-bibliotekarem\/\"},\"wordCount\":81,\"publisher\":{\"@id\":\"https:\/\/saulkrastubiblioteka.lv\/#organization\"},\"image\":{\"@id\":\"https:\/\/saulkrastubiblioteka.lv\/index.php\/2019\/11\/08\/kopjot-senas-tradicijas-martindiena-kopa-ar-bibliotekarem\/#primaryimage\"},\"thumbnailUrl\":\"https:\/\/saulkrastubiblioteka.lv\/wp-content\/uploads\/2019\/11\/IMG_1631.jpg\",\"articleSection\":[\"Pas\u0101kumi\"],\"inLanguage\":\"lv-LV\"},{\"@type\":\"WebPage\",\"@id\":\"https:\/\/saulkrastubiblioteka.lv\/index.php\/2019\/11\/08\/kopjot-senas-tradicijas-martindiena-kopa-ar-bibliotekarem\/\",\"url\":\"https:\/\/saulkrastubiblioteka.lv\/index.php\/2019\/11\/08\/kopjot-senas-tradicijas-martindiena-kopa-ar-bibliotekarem\/\",\"name\":\"Kopjot sen\u0101s trad\u012bcijas - M\u0101rti\u0146diena kop\u0101 ar bibliotek\u0101r\u0113m - Saulkrastu novada bibliot\u0113ka\",\"isPartOf\":{\"@id\":\"https:\/\/saulkrastubiblioteka.lv\/#website\"},\"primaryImageOfPage\":{\"@id\":\"https:\/\/saulkrastubiblioteka.lv\/index.php\/2019\/11\/08\/kopjot-senas-tradicijas-martindiena-kopa-ar-bibliotekarem\/#primaryimage\"},\"image\":{\"@id\":\"https:\/\/saulkrastubiblioteka.lv\/index.php\/2019\/11\/08\/kopjot-senas-tradicijas-martindiena-kopa-ar-bibliotekarem\/#primaryimage\"},\"thumbnailUrl\":\"https:\/\/saulkrastubiblioteka.lv\/wp-content\/uploads\/2019\/11\/IMG_1631.jpg\",\"datePublished\":\"2019-11-08T08:35:53+00:00\",\"dateModified\":\"2019-11-08T10:05:10+00:00\",\"breadcrumb\":{\"@id\":\"https:\/\/saulkrastubiblioteka.lv\/index.php\/2019\/11\/08\/kopjot-senas-tradicijas-martindiena-kopa-ar-bibliotekarem\/#breadcrumb\"},\"inLanguage\":\"lv-LV\",\"potentialAction\":[{\"@type\":\"ReadAction\",\"target\":[\"https:\/\/saulkrastubiblioteka.lv\/index.php\/2019\/11\/08\/kopjot-senas-tradicijas-martindiena-kopa-ar-bibliotekarem\/\"]}]},{\"@type\":\"ImageObject\",\"inLanguage\":\"lv-LV\",\"@id\":\"https:\/\/saulkrastubiblioteka.lv\/index.php\/2019\/11\/08\/kopjot-senas-tradicijas-martindiena-kopa-ar-bibliotekarem\/#primaryimage\",\"url\":\"https:\/\/saulkrastubiblioteka.lv\/wp-content\/uploads\/2019\/11\/IMG_1631.jpg\",\"contentUrl\":\"https:\/\/saulkrastubiblioteka.lv\/wp-content\/uploads\/2019\/11\/IMG_1631.jpg\",\"width\":1680,\"height\":839},{\"@type\":\"BreadcrumbList\",\"@id\":\"https:\/\/saulkrastubiblioteka.lv\/index.php\/2019\/11\/08\/kopjot-senas-tradicijas-martindiena-kopa-ar-bibliotekarem\/#breadcrumb\",\"itemListElement\":[{\"@type\":\"ListItem\",\"position\":1,\"name\":\"Home\",\"item\":\"https:\/\/saulkrastubiblioteka.lv\/\"},{\"@type\":\"ListItem\",\"position\":2,\"name\":\"Kopjot sen\u0101s trad\u012bcijas &#8211; M\u0101rti\u0146diena kop\u0101 ar bibliotek\u0101r\u0113m\"}]},{\"@type\":\"WebSite\",\"@id\":\"https:\/\/saulkrastubiblioteka.lv\/#website\",\"url\":\"https:\/\/saulkrastubiblioteka.lv\/\",\"name\":\"Saulkrastu novada bibliot\u0113ka\",\"description\":\"Vieta, kur labi pavad\u012bt laiku un pab\u016bt mier\u0101\",\"publisher\":{\"@id\":\"https:\/\/saulkrastubiblioteka.lv\/#organization\"},\"potentialAction\":[{\"@type\":\"SearchAction\",\"target\":{\"@type\":\"EntryPoint\",\"urlTemplate\":\"https:\/\/saulkrastubiblioteka.lv\/?s={search_term_string}\"},\"query-input\":{\"@type\":\"PropertyValueSpecification\",\"valueRequired\":true,\"valueName\":\"search_term_string\"}}],\"inLanguage\":\"lv-LV\"},{\"@type\":\"Organization\",\"@id\":\"https:\/\/saulkrastubiblioteka.lv\/#organization\",\"name\":\"Saulkrastu novada bibliot\u0113ka\",\"url\":\"https:\/\/saulkrastubiblioteka.lv\/\",\"logo\":{\"@type\":\"ImageObject\",\"inLanguage\":\"lv-LV\",\"@id\":\"https:\/\/saulkrastubiblioteka.lv\/#\/schema\/logo\/image\/\",\"url\":\"https:\/\/saulkrastubiblioteka.lv\/wp-content\/uploads\/2021\/01\/cropped-logo.png\",\"contentUrl\":\"https:\/\/saulkrastubiblioteka.lv\/wp-content\/uploads\/2021\/01\/cropped-logo.png\",\"width\":240,\"height\":240,\"caption\":\"Saulkrastu novada bibliot\u0113ka\"},\"image\":{\"@id\":\"https:\/\/saulkrastubiblioteka.lv\/#\/schema\/logo\/image\/\"}},{\"@type\":\"Person\",\"@id\":\"https:\/\/saulkrastubiblioteka.lv\/#\/schema\/person\/2233277643a53fb60b293d42c1e5f7a2\",\"name\":\"admin\",\"image\":{\"@type\":\"ImageObject\",\"inLanguage\":\"lv-LV\",\"@id\":\"https:\/\/saulkrastubiblioteka.lv\/#\/schema\/person\/image\/\",\"url\":\"https:\/\/secure.gravatar.com\/avatar\/a5ad3f68569c7df813ab9387f6d30b65?s=96&d=mm&r=g\",\"contentUrl\":\"https:\/\/secure.gravatar.com\/avatar\/a5ad3f68569c7df813ab9387f6d30b65?s=96&d=mm&r=g\",\"caption\":\"admin\"},\"url\":\"https:\/\/saulkrastubiblioteka.lv\/index.php\/author\/info_xjq16vdi\/\"}]}<\/script>\n<!-- \/ Yoast SEO plugin. -->","yoast_head_json":{"title":"Kopjot sen\u0101s trad\u012bcijas - M\u0101rti\u0146diena kop\u0101 ar bibliotek\u0101r\u0113m - Saulkrastu novada bibliot\u0113ka","robots":{"index":"index","follow":"follow","max-snippet":"max-snippet:-1","max-image-preview":"max-image-preview:large","max-video-preview":"max-video-preview:-1"},"canonical":"https:\/\/saulkrastubiblioteka.lv\/index.php\/2019\/11\/08\/kopjot-senas-tradicijas-martindiena-kopa-ar-bibliotekarem\/","og_locale":"lv_LV","og_type":"article","og_title":"Kopjot sen\u0101s trad\u012bcijas - M\u0101rti\u0146diena kop\u0101 ar bibliotek\u0101r\u0113m - Saulkrastu novada bibliot\u0113ka","og_description":"8. novembr\u012b pie mums viesoj\u0101s Saulkrastu vidusskolas skol\u0113ni. Vi\u0146i p\u0101rtapa par maskotajiem M\u0101rti\u0146b\u0113rniem. Visi g\u0101j\u0101m rota\u013c\u0101s, min\u0113j\u0101m m\u012bklas, klaus\u012bj\u0101mies tic\u0113jumus un dzird\u0113j\u0101m laba v\u0113l\u0113jumus. Kas skan\u0113ja, kas \u017evadz\u0113ja Man\u0101 s\u0113tas pagalm\u0101? Tur saj\u0101ja M\u0101rti\u0146b\u0113rni Ar sudraba zobeniem. JAUTRUS M\u0100RTI\u0145US!","og_url":"https:\/\/saulkrastubiblioteka.lv\/index.php\/2019\/11\/08\/kopjot-senas-tradicijas-martindiena-kopa-ar-bibliotekarem\/","og_site_name":"Saulkrastu novada bibliot\u0113ka","article_published_time":"2019-11-08T08:35:53+00:00","article_modified_time":"2019-11-08T10:05:10+00:00","og_image":[{"url":"https:\/\/saulkrastubiblioteka.lv\/wp-content\/uploads\/2019\/11\/IMG_1631.jpg","type":"","width":"","height":""}],"author":"admin","twitter_card":"summary_large_image","twitter_misc":{"Written by":"admin"},"schema":{"@context":"https:\/\/schema.org","@graph":[{"@type":"Article","@id":"https:\/\/saulkrastubiblioteka.lv\/index.php\/2019\/11\/08\/kopjot-senas-tradicijas-martindiena-kopa-ar-bibliotekarem\/#article","isPartOf":{"@id":"https:\/\/saulkrastubiblioteka.lv\/index.php\/2019\/11\/08\/kopjot-senas-tradicijas-martindiena-kopa-ar-bibliotekarem\/"},"author":{"name":"admin","@id":"https:\/\/saulkrastubiblioteka.lv\/#\/schema\/person\/2233277643a53fb60b293d42c1e5f7a2"},"headline":"Kopjot sen\u0101s trad\u012bcijas &#8211; M\u0101rti\u0146diena kop\u0101 ar bibliotek\u0101r\u0113m","datePublished":"2019-11-08T08:35:53+00:00","dateModified":"2019-11-08T10:05:10+00:00","mainEntityOfPage":{"@id":"https:\/\/saulkrastubiblioteka.lv\/index.php\/2019\/11\/08\/kopjot-senas-tradicijas-martindiena-kopa-ar-bibliotekarem\/"},"wordCount":81,"publisher":{"@id":"https:\/\/saulkrastubiblioteka.lv\/#organization"},"image":{"@id":"https:\/\/saulkrastubiblioteka.lv\/index.php\/2019\/11\/08\/kopjot-senas-tradicijas-martindiena-kopa-ar-bibliotekarem\/#primaryimage"},"thumbnailUrl":"https:\/\/saulkrastubiblioteka.lv\/wp-content\/uploads\/2019\/11\/IMG_1631.jpg","articleSection":["Pas\u0101kumi"],"inLanguage":"lv-LV"},{"@type":"WebPage","@id":"https:\/\/saulkrastubiblioteka.lv\/index.php\/2019\/11\/08\/kopjot-senas-tradicijas-martindiena-kopa-ar-bibliotekarem\/","url":"https:\/\/saulkrastubiblioteka.lv\/index.php\/2019\/11\/08\/kopjot-senas-tradicijas-martindiena-kopa-ar-bibliotekarem\/","name":"Kopjot sen\u0101s trad\u012bcijas - M\u0101rti\u0146diena kop\u0101 ar bibliotek\u0101r\u0113m - Saulkrastu novada bibliot\u0113ka","isPartOf":{"@id":"https:\/\/saulkrastubiblioteka.lv\/#website"},"primaryImageOfPage":{"@id":"https:\/\/saulkrastubiblioteka.lv\/index.php\/2019\/11\/08\/kopjot-senas-tradicijas-martindiena-kopa-ar-bibliotekarem\/#primaryimage"},"image":{"@id":"https:\/\/saulkrastubiblioteka.lv\/index.php\/2019\/11\/08\/kopjot-senas-tradicijas-martindiena-kopa-ar-bibliotekarem\/#primaryimage"},"thumbnailUrl":"https:\/\/saulkrastubiblioteka.lv\/wp-content\/uploads\/2019\/11\/IMG_1631.jpg","datePublished":"2019-11-08T08:35:53+00:00","dateModified":"2019-11-08T10:05:10+00:00","breadcrumb":{"@id":"https:\/\/saulkrastubiblioteka.lv\/index.php\/2019\/11\/08\/kopjot-senas-tradicijas-martindiena-kopa-ar-bibliotekarem\/#breadcrumb"},"inLanguage":"lv-LV","potentialAction":[{"@type":"ReadAction","target":["https:\/\/saulkrastubiblioteka.lv\/index.php\/2019\/11\/08\/kopjot-senas-tradicijas-martindiena-kopa-ar-bibliotekarem\/"]}]},{"@type":"ImageObject","inLanguage":"lv-LV","@id":"https:\/\/saulkrastubiblioteka.lv\/index.php\/2019\/11\/08\/kopjot-senas-tradicijas-martindiena-kopa-ar-bibliotekarem\/#primaryimage","url":"https:\/\/saulkrastubiblioteka.lv\/wp-content\/uploads\/2019\/11\/IMG_1631.jpg","contentUrl":"https:\/\/saulkrastubiblioteka.lv\/wp-content\/uploads\/2019\/11\/IMG_1631.jpg","width":1680,"height":839},{"@type":"BreadcrumbList","@id":"https:\/\/saulkrastubiblioteka.lv\/index.php\/2019\/11\/08\/kopjot-senas-tradicijas-martindiena-kopa-ar-bibliotekarem\/#breadcrumb","itemListElement":[{"@type":"ListItem","position":1,"name":"Home","item":"https:\/\/saulkrastubiblioteka.lv\/"},{"@type":"ListItem","position":2,"name":"Kopjot sen\u0101s trad\u012bcijas &#8211; M\u0101rti\u0146diena kop\u0101 ar bibliotek\u0101r\u0113m"}]},{"@type":"WebSite","@id":"https:\/\/saulkrastubiblioteka.lv\/#website","url":"https:\/\/saulkrastubiblioteka.lv\/","name":"Saulkrastu novada bibliot\u0113ka","description":"Vieta, kur labi pavad\u012bt laiku un pab\u016bt mier\u0101","publisher":{"@id":"https:\/\/saulkrastubiblioteka.lv\/#organization"},"potentialAction":[{"@type":"SearchAction","target":{"@type":"EntryPoint","urlTemplate":"https:\/\/saulkrastubiblioteka.lv\/?s={search_term_string}"},"query-input":{"@type":"PropertyValueSpecification","valueRequired":true,"valueName":"search_term_string"}}],"inLanguage":"lv-LV"},{"@type":"Organization","@id":"https:\/\/saulkrastubiblioteka.lv\/#organization","name":"Saulkrastu novada bibliot\u0113ka","url":"https:\/\/saulkrastubiblioteka.lv\/","logo":{"@type":"ImageObject","inLanguage":"lv-LV","@id":"https:\/\/saulkrastubiblioteka.lv\/#\/schema\/logo\/image\/","url":"https:\/\/saulkrastubiblioteka.lv\/wp-content\/uploads\/2021\/01\/cropped-logo.png","contentUrl":"https:\/\/saulkrastubiblioteka.lv\/wp-content\/uploads\/2021\/01\/cropped-logo.png","width":240,"height":240,"caption":"Saulkrastu novada bibliot\u0113ka"},"image":{"@id":"https:\/\/saulkrastubiblioteka.lv\/#\/schema\/logo\/image\/"}},{"@type":"Person","@id":"https:\/\/saulkrastubiblioteka.lv\/#\/schema\/person\/2233277643a53fb60b293d42c1e5f7a2","name":"admin","image":{"@type":"ImageObject","inLanguage":"lv-LV","@id":"https:\/\/saulkrastubiblioteka.lv\/#\/schema\/person\/image\/","url":"https:\/\/secure.gravatar.com\/avatar\/a5ad3f68569c7df813ab9387f6d30b65?s=96&d=mm&r=g","contentUrl":"https:\/\/secure.gravatar.com\/avatar\/a5ad3f68569c7df813ab9387f6d30b65?s=96&d=mm&r=g","caption":"admin"},"url":"https:\/\/saulkrastubiblioteka.lv\/index.php\/author\/info_xjq16vdi\/"}]}},"_links":{"self":[{"href":"https:\/\/saulkrastubiblioteka.lv\/index.php\/wp-json\/wp\/v2\/posts\/2334","targetHints":{"allow":["GET"]}}],"collection":[{"href":"https:\/\/saulkrastubiblioteka.lv\/index.php\/wp-json\/wp\/v2\/posts"}],"about":[{"href":"https:\/\/saulkrastubiblioteka.lv\/index.php\/wp-json\/wp\/v2\/types\/post"}],"author":[{"embeddable":true,"href":"https:\/\/saulkrastubiblioteka.lv\/index.php\/wp-json\/wp\/v2\/users\/1"}],"replies":[{"embeddable":true,"href":"https:\/\/saulkrastubiblioteka.lv\/index.php\/wp-json\/wp\/v2\/comments?post=2334"}],"version-history":[{"count":3,"href":"https:\/\/saulkrastubiblioteka.lv\/index.php\/wp-json\/wp\/v2\/posts\/2334\/revisions"}],"predecessor-version":[{"id":2339,"href":"https:\/\/saulkrastubiblioteka.lv\/index.php\/wp-json\/wp\/v2\/posts\/2334\/revisions\/2339"}],"wp:attachment":[{"href":"https:\/\/saulkrastubiblioteka.lv\/index.php\/wp-json\/wp\/v2\/media?parent=2334"}],"wp:term":[{"taxonomy":"category","embeddable":true,"href":"https:\/\/saulkrastubiblioteka.lv\/index.php\/wp-json\/wp\/v2\/categories?post=2334"},{"taxonomy":"post_tag","embeddable":true,"href":"https:\/\/saulkrastubiblioteka.lv\/index.php\/wp-json\/wp\/v2\/tags?post=2334"}],"curies":[{"name":"wp","href":"https:\/\/api.w.org\/{rel}","templated":true}]}}