{"id":216,"date":"2017-12-07T13:52:02","date_gmt":"2017-12-07T13:52:02","guid":{"rendered":"https:\/\/saulkrastubiblioteka.lv\/?p=216"},"modified":"2019-08-21T09:05:01","modified_gmt":"2019-08-21T09:05:01","slug":"bernu-literaturas-pecpusdiena-kopa-ar-gramatu-autori-ievu-samausku","status":"publish","type":"post","link":"https:\/\/saulkrastubiblioteka.lv\/index.php\/2017\/12\/07\/bernu-literaturas-pecpusdiena-kopa-ar-gramatu-autori-ievu-samausku\/","title":{"rendered":"B\u0113rnu literat\u016bras p\u0113cpusdiena kop\u0101 ar gr\u0101matu autori Ievu Samausku"},"content":{"rendered":"<p><img loading=\"lazy\" decoding=\"async\" class=\"alignnone size-large wp-image-217\" src=\"https:\/\/saulkrastubiblioteka.lv\/wp-content\/uploads\/2017\/12\/DSC_0159-1024x679.jpg\" alt=\"\" width=\"840\" height=\"557\" srcset=\"https:\/\/saulkrastubiblioteka.lv\/wp-content\/uploads\/2017\/12\/DSC_0159-1024x679.jpg 1024w, https:\/\/saulkrastubiblioteka.lv\/wp-content\/uploads\/2017\/12\/DSC_0159-300x199.jpg 300w, https:\/\/saulkrastubiblioteka.lv\/wp-content\/uploads\/2017\/12\/DSC_0159-768x509.jpg 768w, https:\/\/saulkrastubiblioteka.lv\/wp-content\/uploads\/2017\/12\/DSC_0159.jpg 1128w\" sizes=\"auto, (max-width: 709px) 85vw, (max-width: 909px) 67vw, (max-width: 1362px) 62vw, 840px\" \/><\/p>\n<p>Att\u0113l\u0101: <em>2017. gada 6. decembr\u012b Saulkrastu novada bibliot\u0113k\u0101 un Zvejniekciema vidusskol\u0101 75 skol\u0113ni tik\u0101s ar rakstnieci, dzejnieci un \u017eurn\u0101listi IEVU SAMAUSKU, kura Saulkrastus apmekl\u0113ja pirmoreiz. Uz tik\u0161anos vi\u0146a bija atbraukusi no Saldus.<\/em><!--more--><\/p>\n<p>Vie\u0161\u0146a kl\u0101teso\u0161os iepaz\u012bstin\u0101ja ar savu \u0123imeni fotogr\u0101fij\u0101s: tr\u012bs ka\u0137i, suns, meita un v\u012brs Marats. Samauska las\u012bja savu dzeju un d\u0101vin\u0101ja pa\u0161as izveidotas atkl\u0101tn\u012btes apmekl\u0113t\u0101ji<span class=\"text_exposed_show\">em, kuri sniedza pareizas atbildes uz dzejo\u013cu m\u012bkl\u0101m.<\/span><\/p>\n<div class=\"text_exposed_show\">\n<p>Sirsn\u012bgi rais\u012bj\u0101s autores dialogs ar skol\u0113niem par vi\u0146as gr\u0101mat\u0101m &#8220;Starp diviem sirdspukstiem&#8221; (2004), \u201cK\u0101 uzburt sniegu\u201d (2006), &#8220;Betijas sarunas jeb K\u0101 es piedzimu&#8221; (2007), &#8220;E\u0146\u0123el\u012btis&#8221; (2008), &#8220;Pils\u0113ta no A l\u012bdz Z&#8221; (2009), &#8220;\u0160okol\u0101des gl\u0101b\u0161ana&#8221; (2011), &#8221; Meitene, kura m\u0101c\u0113ja visas pasaules valodas&#8221; (2012) u.c.<\/p>\n<p>B\u0113rnus interes\u0113ja, k\u0101 vi\u0146a s\u0101kusi rakst\u012bt, cik ilgi aiz\u0146em vienas gr\u0101matas rakst\u012b\u0161ana, vai tas ir va\u013casprieks.<\/p>\n<p>\u0160is bija otrais bibliot\u0113kas projekta &#8220;Las\u012btava krustojum\u0101&#8221; pas\u0101kums, ko finans\u0113ja Valsts kult\u016brkapit\u0101la fonds un Saulkrastu novada dome.<\/p>\n<p>Foto: Dace Dulpi\u0146a<\/p>\n<\/div>\n","protected":false},"excerpt":{"rendered":"<p>Att\u0113l\u0101: 2017. gada 6. decembr\u012b Saulkrastu novada bibliot\u0113k\u0101 un Zvejniekciema vidusskol\u0101 75 skol\u0113ni tik\u0101s ar rakstnieci, dzejnieci un \u017eurn\u0101listi IEVU SAMAUSKU, kura Saulkrastus apmekl\u0113ja pirmoreiz. Uz tik\u0161anos vi\u0146a bija atbraukusi no Saldus.<\/p>\n","protected":false},"author":1,"featured_media":0,"comment_status":"open","ping_status":"open","sticky":false,"template":"","format":"standard","meta":{"footnotes":""},"categories":[52,4,68],"tags":[],"class_list":["post-216","post","type-post","status-publish","format-standard","hentry","category-lasitava-krustojuma-1-karta","category-pasakumi","category-rakstnieki-biblioteka"],"yoast_head":"<!-- This site is optimized with the Yoast SEO plugin v24.2 - https:\/\/yoast.com\/wordpress\/plugins\/seo\/ -->\n<title>B\u0113rnu literat\u016bras p\u0113cpusdiena kop\u0101 ar gr\u0101matu autori Ievu Samausku - Saulkrastu novada bibliot\u0113ka<\/title>\n<meta name=\"robots\" content=\"index, follow, max-snippet:-1, max-image-preview:large, max-video-preview:-1\" \/>\n<link rel=\"canonical\" href=\"https:\/\/saulkrastubiblioteka.lv\/index.php\/2017\/12\/07\/bernu-literaturas-pecpusdiena-kopa-ar-gramatu-autori-ievu-samausku\/\" \/>\n<meta property=\"og:locale\" content=\"lv_LV\" \/>\n<meta property=\"og:type\" content=\"article\" \/>\n<meta property=\"og:title\" content=\"B\u0113rnu literat\u016bras p\u0113cpusdiena kop\u0101 ar gr\u0101matu autori Ievu Samausku - Saulkrastu novada bibliot\u0113ka\" \/>\n<meta property=\"og:description\" content=\"Att\u0113l\u0101: 2017. gada 6. decembr\u012b Saulkrastu novada bibliot\u0113k\u0101 un Zvejniekciema vidusskol\u0101 75 skol\u0113ni tik\u0101s ar rakstnieci, dzejnieci un \u017eurn\u0101listi IEVU SAMAUSKU, kura Saulkrastus apmekl\u0113ja pirmoreiz. Uz tik\u0161anos vi\u0146a bija atbraukusi no Saldus.\" \/>\n<meta property=\"og:url\" content=\"https:\/\/saulkrastubiblioteka.lv\/index.php\/2017\/12\/07\/bernu-literaturas-pecpusdiena-kopa-ar-gramatu-autori-ievu-samausku\/\" \/>\n<meta property=\"og:site_name\" content=\"Saulkrastu novada bibliot\u0113ka\" \/>\n<meta property=\"article:published_time\" content=\"2017-12-07T13:52:02+00:00\" \/>\n<meta property=\"article:modified_time\" content=\"2019-08-21T09:05:01+00:00\" \/>\n<meta property=\"og:image\" content=\"https:\/\/saulkrastubiblioteka.lv\/wp-content\/uploads\/2017\/12\/DSC_0159-1024x679.jpg\" \/>\n<meta name=\"author\" content=\"admin\" \/>\n<meta name=\"twitter:card\" content=\"summary_large_image\" \/>\n<meta name=\"twitter:label1\" content=\"Written by\" \/>\n\t<meta name=\"twitter:data1\" content=\"admin\" \/>\n\t<meta name=\"twitter:label2\" content=\"Est. reading time\" \/>\n\t<meta name=\"twitter:data2\" content=\"1 min\u016bte\" \/>\n<script type=\"application\/ld+json\" class=\"yoast-schema-graph\">{\"@context\":\"https:\/\/schema.org\",\"@graph\":[{\"@type\":\"Article\",\"@id\":\"https:\/\/saulkrastubiblioteka.lv\/index.php\/2017\/12\/07\/bernu-literaturas-pecpusdiena-kopa-ar-gramatu-autori-ievu-samausku\/#article\",\"isPartOf\":{\"@id\":\"https:\/\/saulkrastubiblioteka.lv\/index.php\/2017\/12\/07\/bernu-literaturas-pecpusdiena-kopa-ar-gramatu-autori-ievu-samausku\/\"},\"author\":{\"name\":\"admin\",\"@id\":\"https:\/\/saulkrastubiblioteka.lv\/#\/schema\/person\/2233277643a53fb60b293d42c1e5f7a2\"},\"headline\":\"B\u0113rnu literat\u016bras p\u0113cpusdiena kop\u0101 ar gr\u0101matu autori Ievu Samausku\",\"datePublished\":\"2017-12-07T13:52:02+00:00\",\"dateModified\":\"2019-08-21T09:05:01+00:00\",\"mainEntityOfPage\":{\"@id\":\"https:\/\/saulkrastubiblioteka.lv\/index.php\/2017\/12\/07\/bernu-literaturas-pecpusdiena-kopa-ar-gramatu-autori-ievu-samausku\/\"},\"wordCount\":207,\"commentCount\":0,\"publisher\":{\"@id\":\"https:\/\/saulkrastubiblioteka.lv\/#organization\"},\"image\":{\"@id\":\"https:\/\/saulkrastubiblioteka.lv\/index.php\/2017\/12\/07\/bernu-literaturas-pecpusdiena-kopa-ar-gramatu-autori-ievu-samausku\/#primaryimage\"},\"thumbnailUrl\":\"https:\/\/saulkrastubiblioteka.lv\/wp-content\/uploads\/2017\/12\/DSC_0159-1024x679.jpg\",\"articleSection\":[\"Las\u012btava krustojum\u0101. 1.k\u0101rta\",\"Pas\u0101kumi\",\"Rakstnieki bibliot\u0113k\u0101\"],\"inLanguage\":\"lv-LV\",\"potentialAction\":[{\"@type\":\"CommentAction\",\"name\":\"Comment\",\"target\":[\"https:\/\/saulkrastubiblioteka.lv\/index.php\/2017\/12\/07\/bernu-literaturas-pecpusdiena-kopa-ar-gramatu-autori-ievu-samausku\/#respond\"]}]},{\"@type\":\"WebPage\",\"@id\":\"https:\/\/saulkrastubiblioteka.lv\/index.php\/2017\/12\/07\/bernu-literaturas-pecpusdiena-kopa-ar-gramatu-autori-ievu-samausku\/\",\"url\":\"https:\/\/saulkrastubiblioteka.lv\/index.php\/2017\/12\/07\/bernu-literaturas-pecpusdiena-kopa-ar-gramatu-autori-ievu-samausku\/\",\"name\":\"B\u0113rnu literat\u016bras p\u0113cpusdiena kop\u0101 ar gr\u0101matu autori Ievu Samausku - Saulkrastu novada bibliot\u0113ka\",\"isPartOf\":{\"@id\":\"https:\/\/saulkrastubiblioteka.lv\/#website\"},\"primaryImageOfPage\":{\"@id\":\"https:\/\/saulkrastubiblioteka.lv\/index.php\/2017\/12\/07\/bernu-literaturas-pecpusdiena-kopa-ar-gramatu-autori-ievu-samausku\/#primaryimage\"},\"image\":{\"@id\":\"https:\/\/saulkrastubiblioteka.lv\/index.php\/2017\/12\/07\/bernu-literaturas-pecpusdiena-kopa-ar-gramatu-autori-ievu-samausku\/#primaryimage\"},\"thumbnailUrl\":\"https:\/\/saulkrastubiblioteka.lv\/wp-content\/uploads\/2017\/12\/DSC_0159-1024x679.jpg\",\"datePublished\":\"2017-12-07T13:52:02+00:00\",\"dateModified\":\"2019-08-21T09:05:01+00:00\",\"breadcrumb\":{\"@id\":\"https:\/\/saulkrastubiblioteka.lv\/index.php\/2017\/12\/07\/bernu-literaturas-pecpusdiena-kopa-ar-gramatu-autori-ievu-samausku\/#breadcrumb\"},\"inLanguage\":\"lv-LV\",\"potentialAction\":[{\"@type\":\"ReadAction\",\"target\":[\"https:\/\/saulkrastubiblioteka.lv\/index.php\/2017\/12\/07\/bernu-literaturas-pecpusdiena-kopa-ar-gramatu-autori-ievu-samausku\/\"]}]},{\"@type\":\"ImageObject\",\"inLanguage\":\"lv-LV\",\"@id\":\"https:\/\/saulkrastubiblioteka.lv\/index.php\/2017\/12\/07\/bernu-literaturas-pecpusdiena-kopa-ar-gramatu-autori-ievu-samausku\/#primaryimage\",\"url\":\"https:\/\/saulkrastubiblioteka.lv\/wp-content\/uploads\/2017\/12\/DSC_0159.jpg\",\"contentUrl\":\"https:\/\/saulkrastubiblioteka.lv\/wp-content\/uploads\/2017\/12\/DSC_0159.jpg\",\"width\":1128,\"height\":748},{\"@type\":\"BreadcrumbList\",\"@id\":\"https:\/\/saulkrastubiblioteka.lv\/index.php\/2017\/12\/07\/bernu-literaturas-pecpusdiena-kopa-ar-gramatu-autori-ievu-samausku\/#breadcrumb\",\"itemListElement\":[{\"@type\":\"ListItem\",\"position\":1,\"name\":\"Home\",\"item\":\"https:\/\/saulkrastubiblioteka.lv\/\"},{\"@type\":\"ListItem\",\"position\":2,\"name\":\"B\u0113rnu literat\u016bras p\u0113cpusdiena kop\u0101 ar gr\u0101matu autori Ievu Samausku\"}]},{\"@type\":\"WebSite\",\"@id\":\"https:\/\/saulkrastubiblioteka.lv\/#website\",\"url\":\"https:\/\/saulkrastubiblioteka.lv\/\",\"name\":\"Saulkrastu novada bibliot\u0113ka\",\"description\":\"Vieta, kur labi pavad\u012bt laiku un pab\u016bt mier\u0101\",\"publisher\":{\"@id\":\"https:\/\/saulkrastubiblioteka.lv\/#organization\"},\"potentialAction\":[{\"@type\":\"SearchAction\",\"target\":{\"@type\":\"EntryPoint\",\"urlTemplate\":\"https:\/\/saulkrastubiblioteka.lv\/?s={search_term_string}\"},\"query-input\":{\"@type\":\"PropertyValueSpecification\",\"valueRequired\":true,\"valueName\":\"search_term_string\"}}],\"inLanguage\":\"lv-LV\"},{\"@type\":\"Organization\",\"@id\":\"https:\/\/saulkrastubiblioteka.lv\/#organization\",\"name\":\"Saulkrastu novada bibliot\u0113ka\",\"url\":\"https:\/\/saulkrastubiblioteka.lv\/\",\"logo\":{\"@type\":\"ImageObject\",\"inLanguage\":\"lv-LV\",\"@id\":\"https:\/\/saulkrastubiblioteka.lv\/#\/schema\/logo\/image\/\",\"url\":\"https:\/\/saulkrastubiblioteka.lv\/wp-content\/uploads\/2021\/01\/cropped-logo.png\",\"contentUrl\":\"https:\/\/saulkrastubiblioteka.lv\/wp-content\/uploads\/2021\/01\/cropped-logo.png\",\"width\":240,\"height\":240,\"caption\":\"Saulkrastu novada bibliot\u0113ka\"},\"image\":{\"@id\":\"https:\/\/saulkrastubiblioteka.lv\/#\/schema\/logo\/image\/\"}},{\"@type\":\"Person\",\"@id\":\"https:\/\/saulkrastubiblioteka.lv\/#\/schema\/person\/2233277643a53fb60b293d42c1e5f7a2\",\"name\":\"admin\",\"image\":{\"@type\":\"ImageObject\",\"inLanguage\":\"lv-LV\",\"@id\":\"https:\/\/saulkrastubiblioteka.lv\/#\/schema\/person\/image\/\",\"url\":\"https:\/\/secure.gravatar.com\/avatar\/a5ad3f68569c7df813ab9387f6d30b65?s=96&d=mm&r=g\",\"contentUrl\":\"https:\/\/secure.gravatar.com\/avatar\/a5ad3f68569c7df813ab9387f6d30b65?s=96&d=mm&r=g\",\"caption\":\"admin\"},\"url\":\"https:\/\/saulkrastubiblioteka.lv\/index.php\/author\/info_xjq16vdi\/\"}]}<\/script>\n<!-- \/ Yoast SEO plugin. -->","yoast_head_json":{"title":"B\u0113rnu literat\u016bras p\u0113cpusdiena kop\u0101 ar gr\u0101matu autori Ievu Samausku - Saulkrastu novada bibliot\u0113ka","robots":{"index":"index","follow":"follow","max-snippet":"max-snippet:-1","max-image-preview":"max-image-preview:large","max-video-preview":"max-video-preview:-1"},"canonical":"https:\/\/saulkrastubiblioteka.lv\/index.php\/2017\/12\/07\/bernu-literaturas-pecpusdiena-kopa-ar-gramatu-autori-ievu-samausku\/","og_locale":"lv_LV","og_type":"article","og_title":"B\u0113rnu literat\u016bras p\u0113cpusdiena kop\u0101 ar gr\u0101matu autori Ievu Samausku - Saulkrastu novada bibliot\u0113ka","og_description":"Att\u0113l\u0101: 2017. gada 6. decembr\u012b Saulkrastu novada bibliot\u0113k\u0101 un Zvejniekciema vidusskol\u0101 75 skol\u0113ni tik\u0101s ar rakstnieci, dzejnieci un \u017eurn\u0101listi IEVU SAMAUSKU, kura Saulkrastus apmekl\u0113ja pirmoreiz. Uz tik\u0161anos vi\u0146a bija atbraukusi no Saldus.","og_url":"https:\/\/saulkrastubiblioteka.lv\/index.php\/2017\/12\/07\/bernu-literaturas-pecpusdiena-kopa-ar-gramatu-autori-ievu-samausku\/","og_site_name":"Saulkrastu novada bibliot\u0113ka","article_published_time":"2017-12-07T13:52:02+00:00","article_modified_time":"2019-08-21T09:05:01+00:00","og_image":[{"url":"https:\/\/saulkrastubiblioteka.lv\/wp-content\/uploads\/2017\/12\/DSC_0159-1024x679.jpg","type":"","width":"","height":""}],"author":"admin","twitter_card":"summary_large_image","twitter_misc":{"Written by":"admin","Est. reading time":"1 min\u016bte"},"schema":{"@context":"https:\/\/schema.org","@graph":[{"@type":"Article","@id":"https:\/\/saulkrastubiblioteka.lv\/index.php\/2017\/12\/07\/bernu-literaturas-pecpusdiena-kopa-ar-gramatu-autori-ievu-samausku\/#article","isPartOf":{"@id":"https:\/\/saulkrastubiblioteka.lv\/index.php\/2017\/12\/07\/bernu-literaturas-pecpusdiena-kopa-ar-gramatu-autori-ievu-samausku\/"},"author":{"name":"admin","@id":"https:\/\/saulkrastubiblioteka.lv\/#\/schema\/person\/2233277643a53fb60b293d42c1e5f7a2"},"headline":"B\u0113rnu literat\u016bras p\u0113cpusdiena kop\u0101 ar gr\u0101matu autori Ievu Samausku","datePublished":"2017-12-07T13:52:02+00:00","dateModified":"2019-08-21T09:05:01+00:00","mainEntityOfPage":{"@id":"https:\/\/saulkrastubiblioteka.lv\/index.php\/2017\/12\/07\/bernu-literaturas-pecpusdiena-kopa-ar-gramatu-autori-ievu-samausku\/"},"wordCount":207,"commentCount":0,"publisher":{"@id":"https:\/\/saulkrastubiblioteka.lv\/#organization"},"image":{"@id":"https:\/\/saulkrastubiblioteka.lv\/index.php\/2017\/12\/07\/bernu-literaturas-pecpusdiena-kopa-ar-gramatu-autori-ievu-samausku\/#primaryimage"},"thumbnailUrl":"https:\/\/saulkrastubiblioteka.lv\/wp-content\/uploads\/2017\/12\/DSC_0159-1024x679.jpg","articleSection":["Las\u012btava krustojum\u0101. 1.k\u0101rta","Pas\u0101kumi","Rakstnieki bibliot\u0113k\u0101"],"inLanguage":"lv-LV","potentialAction":[{"@type":"CommentAction","name":"Comment","target":["https:\/\/saulkrastubiblioteka.lv\/index.php\/2017\/12\/07\/bernu-literaturas-pecpusdiena-kopa-ar-gramatu-autori-ievu-samausku\/#respond"]}]},{"@type":"WebPage","@id":"https:\/\/saulkrastubiblioteka.lv\/index.php\/2017\/12\/07\/bernu-literaturas-pecpusdiena-kopa-ar-gramatu-autori-ievu-samausku\/","url":"https:\/\/saulkrastubiblioteka.lv\/index.php\/2017\/12\/07\/bernu-literaturas-pecpusdiena-kopa-ar-gramatu-autori-ievu-samausku\/","name":"B\u0113rnu literat\u016bras p\u0113cpusdiena kop\u0101 ar gr\u0101matu autori Ievu Samausku - Saulkrastu novada bibliot\u0113ka","isPartOf":{"@id":"https:\/\/saulkrastubiblioteka.lv\/#website"},"primaryImageOfPage":{"@id":"https:\/\/saulkrastubiblioteka.lv\/index.php\/2017\/12\/07\/bernu-literaturas-pecpusdiena-kopa-ar-gramatu-autori-ievu-samausku\/#primaryimage"},"image":{"@id":"https:\/\/saulkrastubiblioteka.lv\/index.php\/2017\/12\/07\/bernu-literaturas-pecpusdiena-kopa-ar-gramatu-autori-ievu-samausku\/#primaryimage"},"thumbnailUrl":"https:\/\/saulkrastubiblioteka.lv\/wp-content\/uploads\/2017\/12\/DSC_0159-1024x679.jpg","datePublished":"2017-12-07T13:52:02+00:00","dateModified":"2019-08-21T09:05:01+00:00","breadcrumb":{"@id":"https:\/\/saulkrastubiblioteka.lv\/index.php\/2017\/12\/07\/bernu-literaturas-pecpusdiena-kopa-ar-gramatu-autori-ievu-samausku\/#breadcrumb"},"inLanguage":"lv-LV","potentialAction":[{"@type":"ReadAction","target":["https:\/\/saulkrastubiblioteka.lv\/index.php\/2017\/12\/07\/bernu-literaturas-pecpusdiena-kopa-ar-gramatu-autori-ievu-samausku\/"]}]},{"@type":"ImageObject","inLanguage":"lv-LV","@id":"https:\/\/saulkrastubiblioteka.lv\/index.php\/2017\/12\/07\/bernu-literaturas-pecpusdiena-kopa-ar-gramatu-autori-ievu-samausku\/#primaryimage","url":"https:\/\/saulkrastubiblioteka.lv\/wp-content\/uploads\/2017\/12\/DSC_0159.jpg","contentUrl":"https:\/\/saulkrastubiblioteka.lv\/wp-content\/uploads\/2017\/12\/DSC_0159.jpg","width":1128,"height":748},{"@type":"BreadcrumbList","@id":"https:\/\/saulkrastubiblioteka.lv\/index.php\/2017\/12\/07\/bernu-literaturas-pecpusdiena-kopa-ar-gramatu-autori-ievu-samausku\/#breadcrumb","itemListElement":[{"@type":"ListItem","position":1,"name":"Home","item":"https:\/\/saulkrastubiblioteka.lv\/"},{"@type":"ListItem","position":2,"name":"B\u0113rnu literat\u016bras p\u0113cpusdiena kop\u0101 ar gr\u0101matu autori Ievu Samausku"}]},{"@type":"WebSite","@id":"https:\/\/saulkrastubiblioteka.lv\/#website","url":"https:\/\/saulkrastubiblioteka.lv\/","name":"Saulkrastu novada bibliot\u0113ka","description":"Vieta, kur labi pavad\u012bt laiku un pab\u016bt mier\u0101","publisher":{"@id":"https:\/\/saulkrastubiblioteka.lv\/#organization"},"potentialAction":[{"@type":"SearchAction","target":{"@type":"EntryPoint","urlTemplate":"https:\/\/saulkrastubiblioteka.lv\/?s={search_term_string}"},"query-input":{"@type":"PropertyValueSpecification","valueRequired":true,"valueName":"search_term_string"}}],"inLanguage":"lv-LV"},{"@type":"Organization","@id":"https:\/\/saulkrastubiblioteka.lv\/#organization","name":"Saulkrastu novada bibliot\u0113ka","url":"https:\/\/saulkrastubiblioteka.lv\/","logo":{"@type":"ImageObject","inLanguage":"lv-LV","@id":"https:\/\/saulkrastubiblioteka.lv\/#\/schema\/logo\/image\/","url":"https:\/\/saulkrastubiblioteka.lv\/wp-content\/uploads\/2021\/01\/cropped-logo.png","contentUrl":"https:\/\/saulkrastubiblioteka.lv\/wp-content\/uploads\/2021\/01\/cropped-logo.png","width":240,"height":240,"caption":"Saulkrastu novada bibliot\u0113ka"},"image":{"@id":"https:\/\/saulkrastubiblioteka.lv\/#\/schema\/logo\/image\/"}},{"@type":"Person","@id":"https:\/\/saulkrastubiblioteka.lv\/#\/schema\/person\/2233277643a53fb60b293d42c1e5f7a2","name":"admin","image":{"@type":"ImageObject","inLanguage":"lv-LV","@id":"https:\/\/saulkrastubiblioteka.lv\/#\/schema\/person\/image\/","url":"https:\/\/secure.gravatar.com\/avatar\/a5ad3f68569c7df813ab9387f6d30b65?s=96&d=mm&r=g","contentUrl":"https:\/\/secure.gravatar.com\/avatar\/a5ad3f68569c7df813ab9387f6d30b65?s=96&d=mm&r=g","caption":"admin"},"url":"https:\/\/saulkrastubiblioteka.lv\/index.php\/author\/info_xjq16vdi\/"}]}},"_links":{"self":[{"href":"https:\/\/saulkrastubiblioteka.lv\/index.php\/wp-json\/wp\/v2\/posts\/216","targetHints":{"allow":["GET"]}}],"collection":[{"href":"https:\/\/saulkrastubiblioteka.lv\/index.php\/wp-json\/wp\/v2\/posts"}],"about":[{"href":"https:\/\/saulkrastubiblioteka.lv\/index.php\/wp-json\/wp\/v2\/types\/post"}],"author":[{"embeddable":true,"href":"https:\/\/saulkrastubiblioteka.lv\/index.php\/wp-json\/wp\/v2\/users\/1"}],"replies":[{"embeddable":true,"href":"https:\/\/saulkrastubiblioteka.lv\/index.php\/wp-json\/wp\/v2\/comments?post=216"}],"version-history":[{"count":4,"href":"https:\/\/saulkrastubiblioteka.lv\/index.php\/wp-json\/wp\/v2\/posts\/216\/revisions"}],"predecessor-version":[{"id":2003,"href":"https:\/\/saulkrastubiblioteka.lv\/index.php\/wp-json\/wp\/v2\/posts\/216\/revisions\/2003"}],"wp:attachment":[{"href":"https:\/\/saulkrastubiblioteka.lv\/index.php\/wp-json\/wp\/v2\/media?parent=216"}],"wp:term":[{"taxonomy":"category","embeddable":true,"href":"https:\/\/saulkrastubiblioteka.lv\/index.php\/wp-json\/wp\/v2\/categories?post=216"},{"taxonomy":"post_tag","embeddable":true,"href":"https:\/\/saulkrastubiblioteka.lv\/index.php\/wp-json\/wp\/v2\/tags?post=216"}],"curies":[{"name":"wp","href":"https:\/\/api.w.org\/{rel}","templated":true}]}}