{"id":213,"date":"2017-12-05T13:54:48","date_gmt":"2017-12-05T13:54:48","guid":{"rendered":"https:\/\/saulkrastubiblioteka.lv\/?p=213"},"modified":"2018-02-10T13:31:34","modified_gmt":"2018-02-10T13:31:34","slug":"gramatu-starts-mazajiem-saulkrastniekiem","status":"publish","type":"post","link":"https:\/\/saulkrastubiblioteka.lv\/index.php\/2017\/12\/05\/gramatu-starts-mazajiem-saulkrastniekiem\/","title":{"rendered":"&#8220;Gr\u0101matu starts&#8221; mazajiem saulkrastie\u0161iem"},"content":{"rendered":"<p><img loading=\"lazy\" decoding=\"async\" class=\"alignnone size-large wp-image-214\" src=\"https:\/\/saulkrastubiblioteka.lv\/wp-content\/uploads\/2017\/12\/puceni1-1024x467.jpg\" alt=\"\" width=\"840\" height=\"383\" srcset=\"https:\/\/saulkrastubiblioteka.lv\/wp-content\/uploads\/2017\/12\/puceni1-1024x467.jpg 1024w, https:\/\/saulkrastubiblioteka.lv\/wp-content\/uploads\/2017\/12\/puceni1-300x137.jpg 300w, https:\/\/saulkrastubiblioteka.lv\/wp-content\/uploads\/2017\/12\/puceni1-768x351.jpg 768w, https:\/\/saulkrastubiblioteka.lv\/wp-content\/uploads\/2017\/12\/puceni1-1200x548.jpg 1200w, https:\/\/saulkrastubiblioteka.lv\/wp-content\/uploads\/2017\/12\/puceni1.jpg 1218w\" sizes=\"auto, (max-width: 709px) 85vw, (max-width: 909px) 67vw, (max-width: 1362px) 62vw, 840px\" \/><\/p>\n<p>Saulkrastu novada \u0123imen\u0113m, kur\u0101s ir tr\u012bsgad\u012bgi un \u010detrgad\u012bgi b\u0113rni, Saulkrastu novada bibliot\u0113ka pied\u0101v\u0101ja iesp\u0113ju piedal\u012bties las\u012b\u0161anas veicin\u0101\u0161anas programm\u0101 &#8220;Gr\u0101matu starts.&#8221; Lai b\u0113rni augtu gudri, zin\u0101tk\u0101ri un rado\u0161i, veidotu bag\u0101tu izt\u0113li un valodu, aicin\u0101j\u0101m vec\u0101kus kop\u0101 ar saviem b\u0113rniem apmekl\u0113t &#8220;Mazo p\u016b\u010dul\u0113nu skolu.&#8221; <!--more--><\/p>\n<div class=\"text_exposed_show\">\n<p>Nodarb\u012bbu cikls tika sadal\u012bts piec\u0101s da\u013c\u0101s, kur\u0101s b\u0113rni ar vec\u0101kiem un pedagogiem var\u0113ja rado\u0161i darboti<span class=\"text_exposed_show\">es bibliot\u0113k\u0101. P\u0113c skoli\u0146as absolv\u0113\u0161anas 5. decembr\u012b katram audz\u0113knim tika pie\u0161\u0137irts ar\u012b P\u016bc\u012btes diploms un d\u0101vanu komplekti\u0146\u0161: M\u0101ras Ciel\u0113nas las\u0101mgr\u0101mati\u0146a \u201cTrakul\u012bte sandal\u012bte\u201d, kas ir atbilsto\u0161a b\u0113rnu vecumam, praktiska mugursoma, m\u012b\u013clieta &#8211; mazs, zin\u0101tk\u0101rs p\u016b\u010dul\u0113ns, kas atg\u0101din\u0101s par vieso\u0161anos bibliot\u0113k\u0101 un mudin\u0101s to apmekl\u0113t turpm\u0101k. Vec\u0101ki sa\u0146\u0113ma informat\u012bvu materi\u0101lu ar praktiskiem padomiem las\u012b\u0161anas veicin\u0101\u0161an\u0101. Zin\u0101tk\u0101rais p\u016b\u010dul\u0113ns izv\u0113l\u0113ts ar\u012b par projekta simbolu. \u0160o t\u0113lu rad\u012bjusi un Gr\u0101matu startam uzd\u0101vin\u0101jusi m\u0101ksliniece Indra Spro\u0123e.<\/span><\/p>\n<div class=\"text_exposed_show\">\n<p>Mazajai p\u016b\u010dul\u0113nu skolai bija pieteiku\u0161ies ne tikai vec\u0101ki ar b\u0113rniem, bet ar\u012b Saulkrastu pirmsskolas izgl\u012bt\u012bbas iest\u0101des \u201cR\u016b\u0137\u012btis\u201d grupas \u201cPienen\u012bte\u201d audz\u0113k\u0146i.<\/p>\n<p>Iniciat\u012bvu &#8220;Gr\u0101matu starts&#8221; rad\u012bjis Latvijas Nacion\u0101l\u0101s bibliot\u0113kas (LNB) B\u0113rnu literat\u016bras centrs un atbalsta LNB Atbalsta biedr\u012bba, lai mudin\u0101tu b\u0113rnus iepaz\u012bties ar aizraujo\u0161o gr\u0101matu pasauli un iedibin\u0101tu las\u012b\u0161anu k\u0101 trad\u012bciju \u0123imen\u0113. Projekt\u0101 iesaist\u0101s daudzas Latvijas bibliot\u0113kas. Aizs\u0101kums \u0161ai programmai bija pirms p\u0101ris gadiem \u012bstenot\u0101 \u201cPirm\u0101 tik\u0161an\u0101s ar bibliot\u0113ku.\u201d<\/p>\n<p>Ja mazie &#8220;Gr\u0101matu starta&#8221; dal\u012bbnieki un vi\u0146u vec\u0101ki b\u016bs akt\u012bvi un ieinteres\u0113ti, bibliot\u0113ka pl\u0101no pied\u0101v\u0101t \u201cMazo p\u016b\u010dul\u0113nu skolu\u201d ar\u012b n\u0101kamgad, kur\u0101 notiks regul\u0101ras, rado\u0161as un att\u012bsto\u0161as nodarb\u012bbas. \u0160\u0101di projekti var \u012bstenoties, tikai pateicoties cilv\u0113kiem, kuri izprot gr\u0101matas noz\u012bmi b\u0113rna dz\u012bv\u0113 un t\u0101s ieguld\u012bjumu vi\u0146u n\u0101kotn\u0113.<\/p>\n<p>Uz tik\u0161anos n\u0101kamgad!<\/p>\n<\/div>\n<\/div>\n","protected":false},"excerpt":{"rendered":"<p>Saulkrastu novada \u0123imen\u0113m, kur\u0101s ir tr\u012bsgad\u012bgi un \u010detrgad\u012bgi b\u0113rni, Saulkrastu novada bibliot\u0113ka pied\u0101v\u0101ja iesp\u0113ju piedal\u012bties las\u012b\u0161anas veicin\u0101\u0161anas programm\u0101 &#8220;Gr\u0101matu starts.&#8221; Lai b\u0113rni augtu gudri, zin\u0101tk\u0101ri un rado\u0161i, veidotu bag\u0101tu izt\u0113li un valodu, aicin\u0101j\u0101m vec\u0101kus kop\u0101 ar saviem b\u0113rniem apmekl\u0113t &#8220;Mazo p\u016b\u010dul\u0113nu skolu.&#8221;<\/p>\n","protected":false},"author":1,"featured_media":0,"comment_status":"open","ping_status":"open","sticky":false,"template":"","format":"standard","meta":{"footnotes":""},"categories":[28],"tags":[],"class_list":["post-213","post","type-post","status-publish","format-standard","hentry","category-mazo-puculenu-skola"],"yoast_head":"<!-- This site is optimized with the Yoast SEO plugin v24.2 - https:\/\/yoast.com\/wordpress\/plugins\/seo\/ -->\n<title>&quot;Gr\u0101matu starts&quot; mazajiem saulkrastie\u0161iem - Saulkrastu novada bibliot\u0113ka<\/title>\n<meta name=\"robots\" content=\"index, follow, max-snippet:-1, max-image-preview:large, max-video-preview:-1\" \/>\n<link rel=\"canonical\" href=\"https:\/\/saulkrastubiblioteka.lv\/index.php\/2017\/12\/05\/gramatu-starts-mazajiem-saulkrastniekiem\/\" \/>\n<meta property=\"og:locale\" content=\"lv_LV\" \/>\n<meta property=\"og:type\" content=\"article\" \/>\n<meta property=\"og:title\" content=\"&quot;Gr\u0101matu starts&quot; mazajiem saulkrastie\u0161iem - Saulkrastu novada bibliot\u0113ka\" \/>\n<meta property=\"og:description\" content=\"Saulkrastu novada \u0123imen\u0113m, kur\u0101s ir tr\u012bsgad\u012bgi un \u010detrgad\u012bgi b\u0113rni, Saulkrastu novada bibliot\u0113ka pied\u0101v\u0101ja iesp\u0113ju piedal\u012bties las\u012b\u0161anas veicin\u0101\u0161anas programm\u0101 &#8220;Gr\u0101matu starts.&#8221; Lai b\u0113rni augtu gudri, zin\u0101tk\u0101ri un rado\u0161i, veidotu bag\u0101tu izt\u0113li un valodu, aicin\u0101j\u0101m vec\u0101kus kop\u0101 ar saviem b\u0113rniem apmekl\u0113t &#8220;Mazo p\u016b\u010dul\u0113nu skolu.&#8221;\" \/>\n<meta property=\"og:url\" content=\"https:\/\/saulkrastubiblioteka.lv\/index.php\/2017\/12\/05\/gramatu-starts-mazajiem-saulkrastniekiem\/\" \/>\n<meta property=\"og:site_name\" content=\"Saulkrastu novada bibliot\u0113ka\" \/>\n<meta property=\"article:published_time\" content=\"2017-12-05T13:54:48+00:00\" \/>\n<meta property=\"article:modified_time\" content=\"2018-02-10T13:31:34+00:00\" \/>\n<meta property=\"og:image\" content=\"https:\/\/saulkrastubiblioteka.lv\/wp-content\/uploads\/2017\/12\/puceni1-1024x467.jpg\" \/>\n<meta name=\"author\" content=\"admin\" \/>\n<meta name=\"twitter:card\" content=\"summary_large_image\" \/>\n<meta name=\"twitter:label1\" content=\"Written by\" \/>\n\t<meta name=\"twitter:data1\" content=\"admin\" \/>\n\t<meta name=\"twitter:label2\" content=\"Est. reading time\" \/>\n\t<meta name=\"twitter:data2\" content=\"2 min\u016btes\" \/>\n<script type=\"application\/ld+json\" class=\"yoast-schema-graph\">{\"@context\":\"https:\/\/schema.org\",\"@graph\":[{\"@type\":\"Article\",\"@id\":\"https:\/\/saulkrastubiblioteka.lv\/index.php\/2017\/12\/05\/gramatu-starts-mazajiem-saulkrastniekiem\/#article\",\"isPartOf\":{\"@id\":\"https:\/\/saulkrastubiblioteka.lv\/index.php\/2017\/12\/05\/gramatu-starts-mazajiem-saulkrastniekiem\/\"},\"author\":{\"name\":\"admin\",\"@id\":\"https:\/\/saulkrastubiblioteka.lv\/#\/schema\/person\/2233277643a53fb60b293d42c1e5f7a2\"},\"headline\":\"&#8220;Gr\u0101matu starts&#8221; mazajiem saulkrastie\u0161iem\",\"datePublished\":\"2017-12-05T13:54:48+00:00\",\"dateModified\":\"2018-02-10T13:31:34+00:00\",\"mainEntityOfPage\":{\"@id\":\"https:\/\/saulkrastubiblioteka.lv\/index.php\/2017\/12\/05\/gramatu-starts-mazajiem-saulkrastniekiem\/\"},\"wordCount\":397,\"commentCount\":0,\"publisher\":{\"@id\":\"https:\/\/saulkrastubiblioteka.lv\/#organization\"},\"image\":{\"@id\":\"https:\/\/saulkrastubiblioteka.lv\/index.php\/2017\/12\/05\/gramatu-starts-mazajiem-saulkrastniekiem\/#primaryimage\"},\"thumbnailUrl\":\"https:\/\/saulkrastubiblioteka.lv\/wp-content\/uploads\/2017\/12\/puceni1-1024x467.jpg\",\"articleSection\":[\"Mazo p\u016b\u010dul\u0113nu skola\"],\"inLanguage\":\"lv-LV\",\"potentialAction\":[{\"@type\":\"CommentAction\",\"name\":\"Comment\",\"target\":[\"https:\/\/saulkrastubiblioteka.lv\/index.php\/2017\/12\/05\/gramatu-starts-mazajiem-saulkrastniekiem\/#respond\"]}]},{\"@type\":\"WebPage\",\"@id\":\"https:\/\/saulkrastubiblioteka.lv\/index.php\/2017\/12\/05\/gramatu-starts-mazajiem-saulkrastniekiem\/\",\"url\":\"https:\/\/saulkrastubiblioteka.lv\/index.php\/2017\/12\/05\/gramatu-starts-mazajiem-saulkrastniekiem\/\",\"name\":\"\\\"Gr\u0101matu starts\\\" mazajiem saulkrastie\u0161iem - Saulkrastu novada bibliot\u0113ka\",\"isPartOf\":{\"@id\":\"https:\/\/saulkrastubiblioteka.lv\/#website\"},\"primaryImageOfPage\":{\"@id\":\"https:\/\/saulkrastubiblioteka.lv\/index.php\/2017\/12\/05\/gramatu-starts-mazajiem-saulkrastniekiem\/#primaryimage\"},\"image\":{\"@id\":\"https:\/\/saulkrastubiblioteka.lv\/index.php\/2017\/12\/05\/gramatu-starts-mazajiem-saulkrastniekiem\/#primaryimage\"},\"thumbnailUrl\":\"https:\/\/saulkrastubiblioteka.lv\/wp-content\/uploads\/2017\/12\/puceni1-1024x467.jpg\",\"datePublished\":\"2017-12-05T13:54:48+00:00\",\"dateModified\":\"2018-02-10T13:31:34+00:00\",\"breadcrumb\":{\"@id\":\"https:\/\/saulkrastubiblioteka.lv\/index.php\/2017\/12\/05\/gramatu-starts-mazajiem-saulkrastniekiem\/#breadcrumb\"},\"inLanguage\":\"lv-LV\",\"potentialAction\":[{\"@type\":\"ReadAction\",\"target\":[\"https:\/\/saulkrastubiblioteka.lv\/index.php\/2017\/12\/05\/gramatu-starts-mazajiem-saulkrastniekiem\/\"]}]},{\"@type\":\"ImageObject\",\"inLanguage\":\"lv-LV\",\"@id\":\"https:\/\/saulkrastubiblioteka.lv\/index.php\/2017\/12\/05\/gramatu-starts-mazajiem-saulkrastniekiem\/#primaryimage\",\"url\":\"https:\/\/saulkrastubiblioteka.lv\/wp-content\/uploads\/2017\/12\/puceni1.jpg\",\"contentUrl\":\"https:\/\/saulkrastubiblioteka.lv\/wp-content\/uploads\/2017\/12\/puceni1.jpg\",\"width\":1218,\"height\":556},{\"@type\":\"BreadcrumbList\",\"@id\":\"https:\/\/saulkrastubiblioteka.lv\/index.php\/2017\/12\/05\/gramatu-starts-mazajiem-saulkrastniekiem\/#breadcrumb\",\"itemListElement\":[{\"@type\":\"ListItem\",\"position\":1,\"name\":\"Home\",\"item\":\"https:\/\/saulkrastubiblioteka.lv\/\"},{\"@type\":\"ListItem\",\"position\":2,\"name\":\"&#8220;Gr\u0101matu starts&#8221; mazajiem saulkrastie\u0161iem\"}]},{\"@type\":\"WebSite\",\"@id\":\"https:\/\/saulkrastubiblioteka.lv\/#website\",\"url\":\"https:\/\/saulkrastubiblioteka.lv\/\",\"name\":\"Saulkrastu novada bibliot\u0113ka\",\"description\":\"Vieta, kur labi pavad\u012bt laiku un pab\u016bt mier\u0101\",\"publisher\":{\"@id\":\"https:\/\/saulkrastubiblioteka.lv\/#organization\"},\"potentialAction\":[{\"@type\":\"SearchAction\",\"target\":{\"@type\":\"EntryPoint\",\"urlTemplate\":\"https:\/\/saulkrastubiblioteka.lv\/?s={search_term_string}\"},\"query-input\":{\"@type\":\"PropertyValueSpecification\",\"valueRequired\":true,\"valueName\":\"search_term_string\"}}],\"inLanguage\":\"lv-LV\"},{\"@type\":\"Organization\",\"@id\":\"https:\/\/saulkrastubiblioteka.lv\/#organization\",\"name\":\"Saulkrastu novada bibliot\u0113ka\",\"url\":\"https:\/\/saulkrastubiblioteka.lv\/\",\"logo\":{\"@type\":\"ImageObject\",\"inLanguage\":\"lv-LV\",\"@id\":\"https:\/\/saulkrastubiblioteka.lv\/#\/schema\/logo\/image\/\",\"url\":\"https:\/\/saulkrastubiblioteka.lv\/wp-content\/uploads\/2021\/01\/cropped-logo.png\",\"contentUrl\":\"https:\/\/saulkrastubiblioteka.lv\/wp-content\/uploads\/2021\/01\/cropped-logo.png\",\"width\":240,\"height\":240,\"caption\":\"Saulkrastu novada bibliot\u0113ka\"},\"image\":{\"@id\":\"https:\/\/saulkrastubiblioteka.lv\/#\/schema\/logo\/image\/\"}},{\"@type\":\"Person\",\"@id\":\"https:\/\/saulkrastubiblioteka.lv\/#\/schema\/person\/2233277643a53fb60b293d42c1e5f7a2\",\"name\":\"admin\",\"image\":{\"@type\":\"ImageObject\",\"inLanguage\":\"lv-LV\",\"@id\":\"https:\/\/saulkrastubiblioteka.lv\/#\/schema\/person\/image\/\",\"url\":\"https:\/\/secure.gravatar.com\/avatar\/a5ad3f68569c7df813ab9387f6d30b65?s=96&d=mm&r=g\",\"contentUrl\":\"https:\/\/secure.gravatar.com\/avatar\/a5ad3f68569c7df813ab9387f6d30b65?s=96&d=mm&r=g\",\"caption\":\"admin\"},\"url\":\"https:\/\/saulkrastubiblioteka.lv\/index.php\/author\/info_xjq16vdi\/\"}]}<\/script>\n<!-- \/ Yoast SEO plugin. -->","yoast_head_json":{"title":"\"Gr\u0101matu starts\" mazajiem saulkrastie\u0161iem - Saulkrastu novada bibliot\u0113ka","robots":{"index":"index","follow":"follow","max-snippet":"max-snippet:-1","max-image-preview":"max-image-preview:large","max-video-preview":"max-video-preview:-1"},"canonical":"https:\/\/saulkrastubiblioteka.lv\/index.php\/2017\/12\/05\/gramatu-starts-mazajiem-saulkrastniekiem\/","og_locale":"lv_LV","og_type":"article","og_title":"\"Gr\u0101matu starts\" mazajiem saulkrastie\u0161iem - Saulkrastu novada bibliot\u0113ka","og_description":"Saulkrastu novada \u0123imen\u0113m, kur\u0101s ir tr\u012bsgad\u012bgi un \u010detrgad\u012bgi b\u0113rni, Saulkrastu novada bibliot\u0113ka pied\u0101v\u0101ja iesp\u0113ju piedal\u012bties las\u012b\u0161anas veicin\u0101\u0161anas programm\u0101 &#8220;Gr\u0101matu starts.&#8221; Lai b\u0113rni augtu gudri, zin\u0101tk\u0101ri un rado\u0161i, veidotu bag\u0101tu izt\u0113li un valodu, aicin\u0101j\u0101m vec\u0101kus kop\u0101 ar saviem b\u0113rniem apmekl\u0113t &#8220;Mazo p\u016b\u010dul\u0113nu skolu.&#8221;","og_url":"https:\/\/saulkrastubiblioteka.lv\/index.php\/2017\/12\/05\/gramatu-starts-mazajiem-saulkrastniekiem\/","og_site_name":"Saulkrastu novada bibliot\u0113ka","article_published_time":"2017-12-05T13:54:48+00:00","article_modified_time":"2018-02-10T13:31:34+00:00","og_image":[{"url":"https:\/\/saulkrastubiblioteka.lv\/wp-content\/uploads\/2017\/12\/puceni1-1024x467.jpg","type":"","width":"","height":""}],"author":"admin","twitter_card":"summary_large_image","twitter_misc":{"Written by":"admin","Est. reading time":"2 min\u016btes"},"schema":{"@context":"https:\/\/schema.org","@graph":[{"@type":"Article","@id":"https:\/\/saulkrastubiblioteka.lv\/index.php\/2017\/12\/05\/gramatu-starts-mazajiem-saulkrastniekiem\/#article","isPartOf":{"@id":"https:\/\/saulkrastubiblioteka.lv\/index.php\/2017\/12\/05\/gramatu-starts-mazajiem-saulkrastniekiem\/"},"author":{"name":"admin","@id":"https:\/\/saulkrastubiblioteka.lv\/#\/schema\/person\/2233277643a53fb60b293d42c1e5f7a2"},"headline":"&#8220;Gr\u0101matu starts&#8221; mazajiem saulkrastie\u0161iem","datePublished":"2017-12-05T13:54:48+00:00","dateModified":"2018-02-10T13:31:34+00:00","mainEntityOfPage":{"@id":"https:\/\/saulkrastubiblioteka.lv\/index.php\/2017\/12\/05\/gramatu-starts-mazajiem-saulkrastniekiem\/"},"wordCount":397,"commentCount":0,"publisher":{"@id":"https:\/\/saulkrastubiblioteka.lv\/#organization"},"image":{"@id":"https:\/\/saulkrastubiblioteka.lv\/index.php\/2017\/12\/05\/gramatu-starts-mazajiem-saulkrastniekiem\/#primaryimage"},"thumbnailUrl":"https:\/\/saulkrastubiblioteka.lv\/wp-content\/uploads\/2017\/12\/puceni1-1024x467.jpg","articleSection":["Mazo p\u016b\u010dul\u0113nu skola"],"inLanguage":"lv-LV","potentialAction":[{"@type":"CommentAction","name":"Comment","target":["https:\/\/saulkrastubiblioteka.lv\/index.php\/2017\/12\/05\/gramatu-starts-mazajiem-saulkrastniekiem\/#respond"]}]},{"@type":"WebPage","@id":"https:\/\/saulkrastubiblioteka.lv\/index.php\/2017\/12\/05\/gramatu-starts-mazajiem-saulkrastniekiem\/","url":"https:\/\/saulkrastubiblioteka.lv\/index.php\/2017\/12\/05\/gramatu-starts-mazajiem-saulkrastniekiem\/","name":"\"Gr\u0101matu starts\" mazajiem saulkrastie\u0161iem - Saulkrastu novada bibliot\u0113ka","isPartOf":{"@id":"https:\/\/saulkrastubiblioteka.lv\/#website"},"primaryImageOfPage":{"@id":"https:\/\/saulkrastubiblioteka.lv\/index.php\/2017\/12\/05\/gramatu-starts-mazajiem-saulkrastniekiem\/#primaryimage"},"image":{"@id":"https:\/\/saulkrastubiblioteka.lv\/index.php\/2017\/12\/05\/gramatu-starts-mazajiem-saulkrastniekiem\/#primaryimage"},"thumbnailUrl":"https:\/\/saulkrastubiblioteka.lv\/wp-content\/uploads\/2017\/12\/puceni1-1024x467.jpg","datePublished":"2017-12-05T13:54:48+00:00","dateModified":"2018-02-10T13:31:34+00:00","breadcrumb":{"@id":"https:\/\/saulkrastubiblioteka.lv\/index.php\/2017\/12\/05\/gramatu-starts-mazajiem-saulkrastniekiem\/#breadcrumb"},"inLanguage":"lv-LV","potentialAction":[{"@type":"ReadAction","target":["https:\/\/saulkrastubiblioteka.lv\/index.php\/2017\/12\/05\/gramatu-starts-mazajiem-saulkrastniekiem\/"]}]},{"@type":"ImageObject","inLanguage":"lv-LV","@id":"https:\/\/saulkrastubiblioteka.lv\/index.php\/2017\/12\/05\/gramatu-starts-mazajiem-saulkrastniekiem\/#primaryimage","url":"https:\/\/saulkrastubiblioteka.lv\/wp-content\/uploads\/2017\/12\/puceni1.jpg","contentUrl":"https:\/\/saulkrastubiblioteka.lv\/wp-content\/uploads\/2017\/12\/puceni1.jpg","width":1218,"height":556},{"@type":"BreadcrumbList","@id":"https:\/\/saulkrastubiblioteka.lv\/index.php\/2017\/12\/05\/gramatu-starts-mazajiem-saulkrastniekiem\/#breadcrumb","itemListElement":[{"@type":"ListItem","position":1,"name":"Home","item":"https:\/\/saulkrastubiblioteka.lv\/"},{"@type":"ListItem","position":2,"name":"&#8220;Gr\u0101matu starts&#8221; mazajiem saulkrastie\u0161iem"}]},{"@type":"WebSite","@id":"https:\/\/saulkrastubiblioteka.lv\/#website","url":"https:\/\/saulkrastubiblioteka.lv\/","name":"Saulkrastu novada bibliot\u0113ka","description":"Vieta, kur labi pavad\u012bt laiku un pab\u016bt mier\u0101","publisher":{"@id":"https:\/\/saulkrastubiblioteka.lv\/#organization"},"potentialAction":[{"@type":"SearchAction","target":{"@type":"EntryPoint","urlTemplate":"https:\/\/saulkrastubiblioteka.lv\/?s={search_term_string}"},"query-input":{"@type":"PropertyValueSpecification","valueRequired":true,"valueName":"search_term_string"}}],"inLanguage":"lv-LV"},{"@type":"Organization","@id":"https:\/\/saulkrastubiblioteka.lv\/#organization","name":"Saulkrastu novada bibliot\u0113ka","url":"https:\/\/saulkrastubiblioteka.lv\/","logo":{"@type":"ImageObject","inLanguage":"lv-LV","@id":"https:\/\/saulkrastubiblioteka.lv\/#\/schema\/logo\/image\/","url":"https:\/\/saulkrastubiblioteka.lv\/wp-content\/uploads\/2021\/01\/cropped-logo.png","contentUrl":"https:\/\/saulkrastubiblioteka.lv\/wp-content\/uploads\/2021\/01\/cropped-logo.png","width":240,"height":240,"caption":"Saulkrastu novada bibliot\u0113ka"},"image":{"@id":"https:\/\/saulkrastubiblioteka.lv\/#\/schema\/logo\/image\/"}},{"@type":"Person","@id":"https:\/\/saulkrastubiblioteka.lv\/#\/schema\/person\/2233277643a53fb60b293d42c1e5f7a2","name":"admin","image":{"@type":"ImageObject","inLanguage":"lv-LV","@id":"https:\/\/saulkrastubiblioteka.lv\/#\/schema\/person\/image\/","url":"https:\/\/secure.gravatar.com\/avatar\/a5ad3f68569c7df813ab9387f6d30b65?s=96&d=mm&r=g","contentUrl":"https:\/\/secure.gravatar.com\/avatar\/a5ad3f68569c7df813ab9387f6d30b65?s=96&d=mm&r=g","caption":"admin"},"url":"https:\/\/saulkrastubiblioteka.lv\/index.php\/author\/info_xjq16vdi\/"}]}},"_links":{"self":[{"href":"https:\/\/saulkrastubiblioteka.lv\/index.php\/wp-json\/wp\/v2\/posts\/213","targetHints":{"allow":["GET"]}}],"collection":[{"href":"https:\/\/saulkrastubiblioteka.lv\/index.php\/wp-json\/wp\/v2\/posts"}],"about":[{"href":"https:\/\/saulkrastubiblioteka.lv\/index.php\/wp-json\/wp\/v2\/types\/post"}],"author":[{"embeddable":true,"href":"https:\/\/saulkrastubiblioteka.lv\/index.php\/wp-json\/wp\/v2\/users\/1"}],"replies":[{"embeddable":true,"href":"https:\/\/saulkrastubiblioteka.lv\/index.php\/wp-json\/wp\/v2\/comments?post=213"}],"version-history":[{"count":6,"href":"https:\/\/saulkrastubiblioteka.lv\/index.php\/wp-json\/wp\/v2\/posts\/213\/revisions"}],"predecessor-version":[{"id":288,"href":"https:\/\/saulkrastubiblioteka.lv\/index.php\/wp-json\/wp\/v2\/posts\/213\/revisions\/288"}],"wp:attachment":[{"href":"https:\/\/saulkrastubiblioteka.lv\/index.php\/wp-json\/wp\/v2\/media?parent=213"}],"wp:term":[{"taxonomy":"category","embeddable":true,"href":"https:\/\/saulkrastubiblioteka.lv\/index.php\/wp-json\/wp\/v2\/categories?post=213"},{"taxonomy":"post_tag","embeddable":true,"href":"https:\/\/saulkrastubiblioteka.lv\/index.php\/wp-json\/wp\/v2\/tags?post=213"}],"curies":[{"name":"wp","href":"https:\/\/api.w.org\/{rel}","templated":true}]}}