{"id":1454,"date":"2019-03-27T14:01:43","date_gmt":"2019-03-27T14:01:43","guid":{"rendered":"https:\/\/saulkrastubiblioteka.lv\/?p=1454"},"modified":"2019-04-04T12:02:03","modified_gmt":"2019-04-04T12:02:03","slug":"eiropas-digitala-nedela-2019","status":"publish","type":"post","link":"https:\/\/saulkrastubiblioteka.lv\/index.php\/2019\/03\/27\/eiropas-digitala-nedela-2019\/","title":{"rendered":"Digit\u0101l\u0101 ned\u0113\u013ca bibliot\u0113k\u0101"},"content":{"rendered":"<p><img loading=\"lazy\" decoding=\"async\" class=\"alignnone wp-image-1455 size-full\" src=\"https:\/\/saulkrastubiblioteka.lv\/wp-content\/uploads\/2019\/03\/eprasmes2019.jpg\" alt=\"\" width=\"887\" height=\"431\" srcset=\"https:\/\/saulkrastubiblioteka.lv\/wp-content\/uploads\/2019\/03\/eprasmes2019.jpg 887w, https:\/\/saulkrastubiblioteka.lv\/wp-content\/uploads\/2019\/03\/eprasmes2019-300x146.jpg 300w, https:\/\/saulkrastubiblioteka.lv\/wp-content\/uploads\/2019\/03\/eprasmes2019-768x373.jpg 768w\" sizes=\"auto, (max-width: 709px) 85vw, (max-width: 909px) 67vw, (max-width: 1362px) 62vw, 840px\" \/><\/p>\n<p><strong>No 25. marta l\u012bdz 29. martam<\/strong> Latvij\u0101 norisin\u0101j\u0101s ikgad\u0113j\u0101 informat\u012bv\u0101 kampa\u0146a \u201cEiropas Digit\u0101l\u0101 ned\u0113\u013ca 2019\u201d, un taj\u0101 \u0161ogad piedal\u012bj\u0101s ar\u012b Saulkrastu novada bibliot\u0113ka. Digit\u0101l\u0101s ned\u0113\u013cas laik\u0101 populariz\u0113j\u0101m digit\u0101l\u0101s iesp\u0113jas, lai iedz\u012bvot\u0101ji izzin\u0101tu digit\u0101lo pasauli, pilnveidotu savas prasmes un sp\u0113tu veiksm\u012bgi lietot digit\u0101l\u0101s tehnolo\u0123ijas un pakalpojumus. Ikviens interesents bibliot\u0113k\u0101 var\u0113ja apmekl\u0113t praktiskas un informat\u012bvas nodarb\u012bbas, kur\u0101s tika skaidrots, k\u0101 lietot bibliot\u0113ku inform\u0101cijas sist\u0113mas ALISE gr\u0101matu katalogu, projekta \u201c3td e-GR\u0100MATU bibliot\u0113ku\u201d vietni <a href=\"http:\/\/www.3td.lv\">www.3td.lv<\/a>, port\u0101lu Latvija.lv un citus elektroniskos resursus. Digit\u0101l\u0101s ned\u0113\u013cas laik\u0101 konsult\u0101cijas sniegtas 17 novada iedz\u012bvot\u0101jiem. Notiku\u0161as datorapm\u0101c\u012bbas senioriem.<\/p>\n<p>\u201cDigit\u0101l\u0101 ned\u0113\u013ca\u201d Latvij\u0101 tiek organiz\u0113ta Eiropas kampa\u0146as ALL Digital week 2019\u00a0ietvaros un notiek jau 10. reizi.<\/p>\n<p>Pla\u0161\u0101ka inform\u0101cija par \u201eDigit\u0101l\u0101s ned\u0113\u013cas\u201d pas\u0101kumiem un tie\u0161raid\u0113m pieejama t\u012bmek\u013ca vietn\u0113 <a href=\"http:\/\/www.eprasmes.lv\">www.eprasmes.lv<\/a>.<\/p>\n","protected":false},"excerpt":{"rendered":"<p>No 25. marta l\u012bdz 29. martam Latvij\u0101 norisin\u0101j\u0101s ikgad\u0113j\u0101 informat\u012bv\u0101 kampa\u0146a \u201cEiropas Digit\u0101l\u0101 ned\u0113\u013ca 2019\u201d, un taj\u0101 \u0161ogad piedal\u012bj\u0101s ar\u012b Saulkrastu novada bibliot\u0113ka. Digit\u0101l\u0101s ned\u0113\u013cas laik\u0101 populariz\u0113j\u0101m digit\u0101l\u0101s iesp\u0113jas, lai iedz\u012bvot\u0101ji izzin\u0101tu digit\u0101lo pasauli, pilnveidotu savas prasmes un sp\u0113tu veiksm\u012bgi lietot digit\u0101l\u0101s tehnolo\u0123ijas un pakalpojumus. Ikviens interesents bibliot\u0113k\u0101 var\u0113ja apmekl\u0113t praktiskas un informat\u012bvas nodarb\u012bbas, kur\u0101s &hellip; <a href=\"https:\/\/saulkrastubiblioteka.lv\/index.php\/2019\/03\/27\/eiropas-digitala-nedela-2019\/\" class=\"more-link\">Turpin\u0101t las\u012bt<span class=\"screen-reader-text\"> &#8220;Digit\u0101l\u0101 ned\u0113\u013ca bibliot\u0113k\u0101&#8221;<\/span><\/a><\/p>\n","protected":false},"author":1,"featured_media":0,"comment_status":"closed","ping_status":"open","sticky":false,"template":"","format":"standard","meta":{"footnotes":""},"categories":[27,59],"tags":[],"class_list":["post-1454","post","type-post","status-publish","format-standard","hentry","category-apmacibas","category-digitala-nedela"],"yoast_head":"<!-- This site is optimized with the Yoast SEO plugin v24.2 - https:\/\/yoast.com\/wordpress\/plugins\/seo\/ -->\n<title>Digit\u0101l\u0101 ned\u0113\u013ca bibliot\u0113k\u0101 - Saulkrastu novada bibliot\u0113ka<\/title>\n<meta name=\"robots\" content=\"index, follow, max-snippet:-1, max-image-preview:large, max-video-preview:-1\" \/>\n<link rel=\"canonical\" href=\"https:\/\/saulkrastubiblioteka.lv\/index.php\/2019\/03\/27\/eiropas-digitala-nedela-2019\/\" \/>\n<meta property=\"og:locale\" content=\"lv_LV\" \/>\n<meta property=\"og:type\" content=\"article\" \/>\n<meta property=\"og:title\" content=\"Digit\u0101l\u0101 ned\u0113\u013ca bibliot\u0113k\u0101 - Saulkrastu novada bibliot\u0113ka\" \/>\n<meta property=\"og:description\" content=\"No 25. marta l\u012bdz 29. martam Latvij\u0101 norisin\u0101j\u0101s ikgad\u0113j\u0101 informat\u012bv\u0101 kampa\u0146a \u201cEiropas Digit\u0101l\u0101 ned\u0113\u013ca 2019\u201d, un taj\u0101 \u0161ogad piedal\u012bj\u0101s ar\u012b Saulkrastu novada bibliot\u0113ka. Digit\u0101l\u0101s ned\u0113\u013cas laik\u0101 populariz\u0113j\u0101m digit\u0101l\u0101s iesp\u0113jas, lai iedz\u012bvot\u0101ji izzin\u0101tu digit\u0101lo pasauli, pilnveidotu savas prasmes un sp\u0113tu veiksm\u012bgi lietot digit\u0101l\u0101s tehnolo\u0123ijas un pakalpojumus. Ikviens interesents bibliot\u0113k\u0101 var\u0113ja apmekl\u0113t praktiskas un informat\u012bvas nodarb\u012bbas, kur\u0101s &hellip; Turpin\u0101t las\u012bt &quot;Digit\u0101l\u0101 ned\u0113\u013ca bibliot\u0113k\u0101&quot;\" \/>\n<meta property=\"og:url\" content=\"https:\/\/saulkrastubiblioteka.lv\/index.php\/2019\/03\/27\/eiropas-digitala-nedela-2019\/\" \/>\n<meta property=\"og:site_name\" content=\"Saulkrastu novada bibliot\u0113ka\" \/>\n<meta property=\"article:published_time\" content=\"2019-03-27T14:01:43+00:00\" \/>\n<meta property=\"article:modified_time\" content=\"2019-04-04T12:02:03+00:00\" \/>\n<meta property=\"og:image\" content=\"https:\/\/saulkrastubiblioteka.lv\/wp-content\/uploads\/2019\/03\/eprasmes2019.jpg\" \/>\n<meta name=\"author\" content=\"admin\" \/>\n<meta name=\"twitter:card\" content=\"summary_large_image\" \/>\n<meta name=\"twitter:label1\" content=\"Written by\" \/>\n\t<meta name=\"twitter:data1\" content=\"admin\" \/>\n\t<meta name=\"twitter:label2\" content=\"Est. reading time\" \/>\n\t<meta name=\"twitter:data2\" content=\"1 min\u016bte\" \/>\n<script type=\"application\/ld+json\" class=\"yoast-schema-graph\">{\"@context\":\"https:\/\/schema.org\",\"@graph\":[{\"@type\":\"Article\",\"@id\":\"https:\/\/saulkrastubiblioteka.lv\/index.php\/2019\/03\/27\/eiropas-digitala-nedela-2019\/#article\",\"isPartOf\":{\"@id\":\"https:\/\/saulkrastubiblioteka.lv\/index.php\/2019\/03\/27\/eiropas-digitala-nedela-2019\/\"},\"author\":{\"name\":\"admin\",\"@id\":\"https:\/\/saulkrastubiblioteka.lv\/#\/schema\/person\/2233277643a53fb60b293d42c1e5f7a2\"},\"headline\":\"Digit\u0101l\u0101 ned\u0113\u013ca bibliot\u0113k\u0101\",\"datePublished\":\"2019-03-27T14:01:43+00:00\",\"dateModified\":\"2019-04-04T12:02:03+00:00\",\"mainEntityOfPage\":{\"@id\":\"https:\/\/saulkrastubiblioteka.lv\/index.php\/2019\/03\/27\/eiropas-digitala-nedela-2019\/\"},\"wordCount\":186,\"publisher\":{\"@id\":\"https:\/\/saulkrastubiblioteka.lv\/#organization\"},\"image\":{\"@id\":\"https:\/\/saulkrastubiblioteka.lv\/index.php\/2019\/03\/27\/eiropas-digitala-nedela-2019\/#primaryimage\"},\"thumbnailUrl\":\"https:\/\/saulkrastubiblioteka.lv\/wp-content\/uploads\/2019\/03\/eprasmes2019.jpg\",\"articleSection\":[\"Apm\u0101c\u012bbas\",\"Digit\u0101l\u0101 ned\u0113\u013ca\"],\"inLanguage\":\"lv-LV\"},{\"@type\":\"WebPage\",\"@id\":\"https:\/\/saulkrastubiblioteka.lv\/index.php\/2019\/03\/27\/eiropas-digitala-nedela-2019\/\",\"url\":\"https:\/\/saulkrastubiblioteka.lv\/index.php\/2019\/03\/27\/eiropas-digitala-nedela-2019\/\",\"name\":\"Digit\u0101l\u0101 ned\u0113\u013ca bibliot\u0113k\u0101 - Saulkrastu novada bibliot\u0113ka\",\"isPartOf\":{\"@id\":\"https:\/\/saulkrastubiblioteka.lv\/#website\"},\"primaryImageOfPage\":{\"@id\":\"https:\/\/saulkrastubiblioteka.lv\/index.php\/2019\/03\/27\/eiropas-digitala-nedela-2019\/#primaryimage\"},\"image\":{\"@id\":\"https:\/\/saulkrastubiblioteka.lv\/index.php\/2019\/03\/27\/eiropas-digitala-nedela-2019\/#primaryimage\"},\"thumbnailUrl\":\"https:\/\/saulkrastubiblioteka.lv\/wp-content\/uploads\/2019\/03\/eprasmes2019.jpg\",\"datePublished\":\"2019-03-27T14:01:43+00:00\",\"dateModified\":\"2019-04-04T12:02:03+00:00\",\"breadcrumb\":{\"@id\":\"https:\/\/saulkrastubiblioteka.lv\/index.php\/2019\/03\/27\/eiropas-digitala-nedela-2019\/#breadcrumb\"},\"inLanguage\":\"lv-LV\",\"potentialAction\":[{\"@type\":\"ReadAction\",\"target\":[\"https:\/\/saulkrastubiblioteka.lv\/index.php\/2019\/03\/27\/eiropas-digitala-nedela-2019\/\"]}]},{\"@type\":\"ImageObject\",\"inLanguage\":\"lv-LV\",\"@id\":\"https:\/\/saulkrastubiblioteka.lv\/index.php\/2019\/03\/27\/eiropas-digitala-nedela-2019\/#primaryimage\",\"url\":\"https:\/\/saulkrastubiblioteka.lv\/wp-content\/uploads\/2019\/03\/eprasmes2019.jpg\",\"contentUrl\":\"https:\/\/saulkrastubiblioteka.lv\/wp-content\/uploads\/2019\/03\/eprasmes2019.jpg\",\"width\":887,\"height\":431},{\"@type\":\"BreadcrumbList\",\"@id\":\"https:\/\/saulkrastubiblioteka.lv\/index.php\/2019\/03\/27\/eiropas-digitala-nedela-2019\/#breadcrumb\",\"itemListElement\":[{\"@type\":\"ListItem\",\"position\":1,\"name\":\"Home\",\"item\":\"https:\/\/saulkrastubiblioteka.lv\/\"},{\"@type\":\"ListItem\",\"position\":2,\"name\":\"Digit\u0101l\u0101 ned\u0113\u013ca bibliot\u0113k\u0101\"}]},{\"@type\":\"WebSite\",\"@id\":\"https:\/\/saulkrastubiblioteka.lv\/#website\",\"url\":\"https:\/\/saulkrastubiblioteka.lv\/\",\"name\":\"Saulkrastu novada bibliot\u0113ka\",\"description\":\"Vieta, kur labi pavad\u012bt laiku un pab\u016bt mier\u0101\",\"publisher\":{\"@id\":\"https:\/\/saulkrastubiblioteka.lv\/#organization\"},\"potentialAction\":[{\"@type\":\"SearchAction\",\"target\":{\"@type\":\"EntryPoint\",\"urlTemplate\":\"https:\/\/saulkrastubiblioteka.lv\/?s={search_term_string}\"},\"query-input\":{\"@type\":\"PropertyValueSpecification\",\"valueRequired\":true,\"valueName\":\"search_term_string\"}}],\"inLanguage\":\"lv-LV\"},{\"@type\":\"Organization\",\"@id\":\"https:\/\/saulkrastubiblioteka.lv\/#organization\",\"name\":\"Saulkrastu novada bibliot\u0113ka\",\"url\":\"https:\/\/saulkrastubiblioteka.lv\/\",\"logo\":{\"@type\":\"ImageObject\",\"inLanguage\":\"lv-LV\",\"@id\":\"https:\/\/saulkrastubiblioteka.lv\/#\/schema\/logo\/image\/\",\"url\":\"https:\/\/saulkrastubiblioteka.lv\/wp-content\/uploads\/2021\/01\/cropped-logo.png\",\"contentUrl\":\"https:\/\/saulkrastubiblioteka.lv\/wp-content\/uploads\/2021\/01\/cropped-logo.png\",\"width\":240,\"height\":240,\"caption\":\"Saulkrastu novada bibliot\u0113ka\"},\"image\":{\"@id\":\"https:\/\/saulkrastubiblioteka.lv\/#\/schema\/logo\/image\/\"}},{\"@type\":\"Person\",\"@id\":\"https:\/\/saulkrastubiblioteka.lv\/#\/schema\/person\/2233277643a53fb60b293d42c1e5f7a2\",\"name\":\"admin\",\"image\":{\"@type\":\"ImageObject\",\"inLanguage\":\"lv-LV\",\"@id\":\"https:\/\/saulkrastubiblioteka.lv\/#\/schema\/person\/image\/\",\"url\":\"https:\/\/secure.gravatar.com\/avatar\/a5ad3f68569c7df813ab9387f6d30b65?s=96&d=mm&r=g\",\"contentUrl\":\"https:\/\/secure.gravatar.com\/avatar\/a5ad3f68569c7df813ab9387f6d30b65?s=96&d=mm&r=g\",\"caption\":\"admin\"},\"url\":\"https:\/\/saulkrastubiblioteka.lv\/index.php\/author\/info_xjq16vdi\/\"}]}<\/script>\n<!-- \/ Yoast SEO plugin. -->","yoast_head_json":{"title":"Digit\u0101l\u0101 ned\u0113\u013ca bibliot\u0113k\u0101 - Saulkrastu novada bibliot\u0113ka","robots":{"index":"index","follow":"follow","max-snippet":"max-snippet:-1","max-image-preview":"max-image-preview:large","max-video-preview":"max-video-preview:-1"},"canonical":"https:\/\/saulkrastubiblioteka.lv\/index.php\/2019\/03\/27\/eiropas-digitala-nedela-2019\/","og_locale":"lv_LV","og_type":"article","og_title":"Digit\u0101l\u0101 ned\u0113\u013ca bibliot\u0113k\u0101 - Saulkrastu novada bibliot\u0113ka","og_description":"No 25. marta l\u012bdz 29. martam Latvij\u0101 norisin\u0101j\u0101s ikgad\u0113j\u0101 informat\u012bv\u0101 kampa\u0146a \u201cEiropas Digit\u0101l\u0101 ned\u0113\u013ca 2019\u201d, un taj\u0101 \u0161ogad piedal\u012bj\u0101s ar\u012b Saulkrastu novada bibliot\u0113ka. Digit\u0101l\u0101s ned\u0113\u013cas laik\u0101 populariz\u0113j\u0101m digit\u0101l\u0101s iesp\u0113jas, lai iedz\u012bvot\u0101ji izzin\u0101tu digit\u0101lo pasauli, pilnveidotu savas prasmes un sp\u0113tu veiksm\u012bgi lietot digit\u0101l\u0101s tehnolo\u0123ijas un pakalpojumus. Ikviens interesents bibliot\u0113k\u0101 var\u0113ja apmekl\u0113t praktiskas un informat\u012bvas nodarb\u012bbas, kur\u0101s &hellip; Turpin\u0101t las\u012bt \"Digit\u0101l\u0101 ned\u0113\u013ca bibliot\u0113k\u0101\"","og_url":"https:\/\/saulkrastubiblioteka.lv\/index.php\/2019\/03\/27\/eiropas-digitala-nedela-2019\/","og_site_name":"Saulkrastu novada bibliot\u0113ka","article_published_time":"2019-03-27T14:01:43+00:00","article_modified_time":"2019-04-04T12:02:03+00:00","og_image":[{"url":"https:\/\/saulkrastubiblioteka.lv\/wp-content\/uploads\/2019\/03\/eprasmes2019.jpg","type":"","width":"","height":""}],"author":"admin","twitter_card":"summary_large_image","twitter_misc":{"Written by":"admin","Est. reading time":"1 min\u016bte"},"schema":{"@context":"https:\/\/schema.org","@graph":[{"@type":"Article","@id":"https:\/\/saulkrastubiblioteka.lv\/index.php\/2019\/03\/27\/eiropas-digitala-nedela-2019\/#article","isPartOf":{"@id":"https:\/\/saulkrastubiblioteka.lv\/index.php\/2019\/03\/27\/eiropas-digitala-nedela-2019\/"},"author":{"name":"admin","@id":"https:\/\/saulkrastubiblioteka.lv\/#\/schema\/person\/2233277643a53fb60b293d42c1e5f7a2"},"headline":"Digit\u0101l\u0101 ned\u0113\u013ca bibliot\u0113k\u0101","datePublished":"2019-03-27T14:01:43+00:00","dateModified":"2019-04-04T12:02:03+00:00","mainEntityOfPage":{"@id":"https:\/\/saulkrastubiblioteka.lv\/index.php\/2019\/03\/27\/eiropas-digitala-nedela-2019\/"},"wordCount":186,"publisher":{"@id":"https:\/\/saulkrastubiblioteka.lv\/#organization"},"image":{"@id":"https:\/\/saulkrastubiblioteka.lv\/index.php\/2019\/03\/27\/eiropas-digitala-nedela-2019\/#primaryimage"},"thumbnailUrl":"https:\/\/saulkrastubiblioteka.lv\/wp-content\/uploads\/2019\/03\/eprasmes2019.jpg","articleSection":["Apm\u0101c\u012bbas","Digit\u0101l\u0101 ned\u0113\u013ca"],"inLanguage":"lv-LV"},{"@type":"WebPage","@id":"https:\/\/saulkrastubiblioteka.lv\/index.php\/2019\/03\/27\/eiropas-digitala-nedela-2019\/","url":"https:\/\/saulkrastubiblioteka.lv\/index.php\/2019\/03\/27\/eiropas-digitala-nedela-2019\/","name":"Digit\u0101l\u0101 ned\u0113\u013ca bibliot\u0113k\u0101 - Saulkrastu novada bibliot\u0113ka","isPartOf":{"@id":"https:\/\/saulkrastubiblioteka.lv\/#website"},"primaryImageOfPage":{"@id":"https:\/\/saulkrastubiblioteka.lv\/index.php\/2019\/03\/27\/eiropas-digitala-nedela-2019\/#primaryimage"},"image":{"@id":"https:\/\/saulkrastubiblioteka.lv\/index.php\/2019\/03\/27\/eiropas-digitala-nedela-2019\/#primaryimage"},"thumbnailUrl":"https:\/\/saulkrastubiblioteka.lv\/wp-content\/uploads\/2019\/03\/eprasmes2019.jpg","datePublished":"2019-03-27T14:01:43+00:00","dateModified":"2019-04-04T12:02:03+00:00","breadcrumb":{"@id":"https:\/\/saulkrastubiblioteka.lv\/index.php\/2019\/03\/27\/eiropas-digitala-nedela-2019\/#breadcrumb"},"inLanguage":"lv-LV","potentialAction":[{"@type":"ReadAction","target":["https:\/\/saulkrastubiblioteka.lv\/index.php\/2019\/03\/27\/eiropas-digitala-nedela-2019\/"]}]},{"@type":"ImageObject","inLanguage":"lv-LV","@id":"https:\/\/saulkrastubiblioteka.lv\/index.php\/2019\/03\/27\/eiropas-digitala-nedela-2019\/#primaryimage","url":"https:\/\/saulkrastubiblioteka.lv\/wp-content\/uploads\/2019\/03\/eprasmes2019.jpg","contentUrl":"https:\/\/saulkrastubiblioteka.lv\/wp-content\/uploads\/2019\/03\/eprasmes2019.jpg","width":887,"height":431},{"@type":"BreadcrumbList","@id":"https:\/\/saulkrastubiblioteka.lv\/index.php\/2019\/03\/27\/eiropas-digitala-nedela-2019\/#breadcrumb","itemListElement":[{"@type":"ListItem","position":1,"name":"Home","item":"https:\/\/saulkrastubiblioteka.lv\/"},{"@type":"ListItem","position":2,"name":"Digit\u0101l\u0101 ned\u0113\u013ca bibliot\u0113k\u0101"}]},{"@type":"WebSite","@id":"https:\/\/saulkrastubiblioteka.lv\/#website","url":"https:\/\/saulkrastubiblioteka.lv\/","name":"Saulkrastu novada bibliot\u0113ka","description":"Vieta, kur labi pavad\u012bt laiku un pab\u016bt mier\u0101","publisher":{"@id":"https:\/\/saulkrastubiblioteka.lv\/#organization"},"potentialAction":[{"@type":"SearchAction","target":{"@type":"EntryPoint","urlTemplate":"https:\/\/saulkrastubiblioteka.lv\/?s={search_term_string}"},"query-input":{"@type":"PropertyValueSpecification","valueRequired":true,"valueName":"search_term_string"}}],"inLanguage":"lv-LV"},{"@type":"Organization","@id":"https:\/\/saulkrastubiblioteka.lv\/#organization","name":"Saulkrastu novada bibliot\u0113ka","url":"https:\/\/saulkrastubiblioteka.lv\/","logo":{"@type":"ImageObject","inLanguage":"lv-LV","@id":"https:\/\/saulkrastubiblioteka.lv\/#\/schema\/logo\/image\/","url":"https:\/\/saulkrastubiblioteka.lv\/wp-content\/uploads\/2021\/01\/cropped-logo.png","contentUrl":"https:\/\/saulkrastubiblioteka.lv\/wp-content\/uploads\/2021\/01\/cropped-logo.png","width":240,"height":240,"caption":"Saulkrastu novada bibliot\u0113ka"},"image":{"@id":"https:\/\/saulkrastubiblioteka.lv\/#\/schema\/logo\/image\/"}},{"@type":"Person","@id":"https:\/\/saulkrastubiblioteka.lv\/#\/schema\/person\/2233277643a53fb60b293d42c1e5f7a2","name":"admin","image":{"@type":"ImageObject","inLanguage":"lv-LV","@id":"https:\/\/saulkrastubiblioteka.lv\/#\/schema\/person\/image\/","url":"https:\/\/secure.gravatar.com\/avatar\/a5ad3f68569c7df813ab9387f6d30b65?s=96&d=mm&r=g","contentUrl":"https:\/\/secure.gravatar.com\/avatar\/a5ad3f68569c7df813ab9387f6d30b65?s=96&d=mm&r=g","caption":"admin"},"url":"https:\/\/saulkrastubiblioteka.lv\/index.php\/author\/info_xjq16vdi\/"}]}},"_links":{"self":[{"href":"https:\/\/saulkrastubiblioteka.lv\/index.php\/wp-json\/wp\/v2\/posts\/1454","targetHints":{"allow":["GET"]}}],"collection":[{"href":"https:\/\/saulkrastubiblioteka.lv\/index.php\/wp-json\/wp\/v2\/posts"}],"about":[{"href":"https:\/\/saulkrastubiblioteka.lv\/index.php\/wp-json\/wp\/v2\/types\/post"}],"author":[{"embeddable":true,"href":"https:\/\/saulkrastubiblioteka.lv\/index.php\/wp-json\/wp\/v2\/users\/1"}],"replies":[{"embeddable":true,"href":"https:\/\/saulkrastubiblioteka.lv\/index.php\/wp-json\/wp\/v2\/comments?post=1454"}],"version-history":[{"count":4,"href":"https:\/\/saulkrastubiblioteka.lv\/index.php\/wp-json\/wp\/v2\/posts\/1454\/revisions"}],"predecessor-version":[{"id":1511,"href":"https:\/\/saulkrastubiblioteka.lv\/index.php\/wp-json\/wp\/v2\/posts\/1454\/revisions\/1511"}],"wp:attachment":[{"href":"https:\/\/saulkrastubiblioteka.lv\/index.php\/wp-json\/wp\/v2\/media?parent=1454"}],"wp:term":[{"taxonomy":"category","embeddable":true,"href":"https:\/\/saulkrastubiblioteka.lv\/index.php\/wp-json\/wp\/v2\/categories?post=1454"},{"taxonomy":"post_tag","embeddable":true,"href":"https:\/\/saulkrastubiblioteka.lv\/index.php\/wp-json\/wp\/v2\/tags?post=1454"}],"curies":[{"name":"wp","href":"https:\/\/api.w.org\/{rel}","templated":true}]}}