{"id":1411,"date":"2019-03-19T11:09:47","date_gmt":"2019-03-19T11:09:47","guid":{"rendered":"https:\/\/saulkrastubiblioteka.lv\/?p=1411"},"modified":"2019-03-19T11:09:47","modified_gmt":"2019-03-19T11:09:47","slug":"nosledzies-projekts-musu-maza-biblioteka","status":"publish","type":"post","link":"https:\/\/saulkrastubiblioteka.lv\/index.php\/2019\/03\/19\/nosledzies-projekts-musu-maza-biblioteka\/","title":{"rendered":"Nosl\u0113dzies projekts \u201cM\u016bsu maz\u0101 bibliot\u0113ka\u201d"},"content":{"rendered":"<p><img loading=\"lazy\" decoding=\"async\" class=\"alignleft size-full wp-image-1412\" src=\"https:\/\/saulkrastubiblioteka.lv\/wp-content\/uploads\/2019\/03\/IMG_0423.jpg\" alt=\"\" width=\"718\" height=\"456\" srcset=\"https:\/\/saulkrastubiblioteka.lv\/wp-content\/uploads\/2019\/03\/IMG_0423.jpg 718w, https:\/\/saulkrastubiblioteka.lv\/wp-content\/uploads\/2019\/03\/IMG_0423-300x191.jpg 300w\" sizes=\"auto, (max-width: 709px) 85vw, (max-width: 909px) 67vw, (max-width: 984px) 61vw, (max-width: 1362px) 45vw, 600px\" \/><\/p>\n<p><img loading=\"lazy\" decoding=\"async\" class=\"alignleft wp-image-855 size-thumbnail\" src=\"https:\/\/saulkrastubiblioteka.lv\/wp-content\/uploads\/2018\/09\/logo-150x150.jpg\" alt=\"\" width=\"150\" height=\"150\" \/>19. mart\u0101 Saulkrastu novada bibliot\u0113ku apmekl\u0113ja Saulkrastu PII \u201cR\u016b\u0137\u012btis\u201d grupas \u201cSp\u0101r\u012bte\u201d audz\u0113k\u0146i un citi interesenti. Vi\u0146i ce\u013cu uz bibliot\u0113ku \u0161ogad m\u0113roju\u0161i vair\u0101kas reizes \u2013 5., 12., 26. febru\u0101r\u012b un 5., 12., 19. mart\u0101, lai kop\u0101 ar bibliot\u0113ku inform\u0101cijas speci\u0101listi Guntru Klein\u0161miti iepaz\u012btu bibliot\u0113ku un gr\u0101matu br\u012bnumaino pasauli.<br \/>\nPiedaloties pas\u0101kumos, katrs projekta dal\u012bbnieks sa\u0146\u0113ma d\u0101vanu \u2013 darba burtn\u012bcu ar uzdevumiem, <span class=\"text_exposed_show\">kur\u0101s patlaban jau tapu\u0161i pirmie ieraksti un izpild\u012bti uzdevumi par kop\u0101 izlas\u012btaj\u0101m gr\u0101mat\u0101m, t\u0101d\u0101m k\u0101 \u201cNenotiku\u0161ais atkl\u0101jums\u201d, \u201cVista vai ola?\u201d, \u201cL\u016bdzu, apskauj mani\u201d, \u201cSniegbaltais un og\u013cmelnais\u201d, \u201cUzv\u0101ri man pasaci\u0146u!\u201d, \u201cBr\u012bnumu gredzens\u201d. T\u0101s ir gr\u0101matas, kuras pirmsskolas b\u0113rni Saulkrastu novada bibliot\u0113k\u0101 iepazina izdevniec\u012bbas \u201cLiels un mazs\u201d programm\u0101 \u201cM\u016bsu maz\u0101 bibliot\u0113ka\u201d.<br \/>\nSaulkrastu novada bibliot\u0113kas akt\u012bvais darbs las\u012btveicin\u0101\u0161anas programm\u0101s \u201cB\u0113rnu, jaunie\u0161u un vec\u0101ku \u017e\u016brija\u201d, \u201cGr\u0101matu starts\u201d, \u201cZieme\u013cvalstu literat\u016bras ned\u0113\u013ca\u201d un \u201cM\u016bsu maz\u0101 bibliot\u0113ka\u201d sekm\u0113 to, ka gr\u0101matas tiek las\u012btas vair\u0101k.<br \/>\nLas\u012btveicin\u0101\u0161anas programma \u201cM\u016bsu maz\u0101 bibliot\u0113ka\u201d ir paredz\u0113ta 4\u20138 gadus veciem b\u0113rniem un vienlaikus noris se\u0161\u0101s valst\u012bs. Projekt\u0101 no katras iek\u013cauts pa bil\u017eu gr\u0101matai no Eiropas mazaj\u0101m valod\u0101m (latvie\u0161u, igau\u0146u, po\u013cu, slov\u0113\u0146u) un da\u017e\u0101das rado\u0161\u0101s aktivit\u0101tes, kas veicina las\u012btprieku. Programm\u0101 iesaist\u012bju\u0161\u0101s 200 Latvijas skolas, bibliot\u0113kas un pirmsskolas izgl\u012bt\u012bbas iest\u0101des.<\/span><\/p>\n<div class=\"text_exposed_show\">\n<p><a class=\"_58cn\" href=\"https:\/\/www.facebook.com\/hashtag\/musumazabiblioteka?source=feed_text&amp;epa=HASHTAG&amp;__xts__%5B0%5D=68.ARAriSXy9ktPJWuuVMHLwcztBLJLqp_ePpdfG-PkvU1-6lM14Qp66lLqhn_DSpn6f_UX5oEcwaAbBGkI2WY9peNAu0sqxYkslSUabdhKvnLoTiYxFMBxLsKH8twXB0mUAkEE6BjFYh-oNtGRKbtW_qABxYJ-XXKw1-3bXEBNQeP3GJUBvaGakSYgePZ4WHgV_vZAWRpwOMkdIrTjwcSxUb9q3ZxyEBM9B_FzrzajvVPa_3c32ExzXgdrN7tzGh2ThcOwBg-7rZVj2zwenh1e6erTELLzpTiGdT9aJOYvnYjHrSNETJFw5Uu2pxCxAnfAue0Q7n21ULbfJKcOQJjUYZc-Bf2Qa1VjeHMBUEiZAfK3mfMAsNd_2tW3hDeVkZwezJTvNpeNKrOFm7tcCjo_a6DAUg&amp;__tn__=%2ANK-R-R\" data-ft=\"{&quot;type&quot;:104,&quot;tn&quot;:&quot;*N&quot;}\"><span class=\"_5afx\"><span class=\"_58cl _5afz\" aria-label=\"atsauces tags\">#<\/span><span class=\"_58cm\">musumazabiblioteka<\/span><\/span><\/a><\/p>\n<\/div>\n","protected":false},"excerpt":{"rendered":"<p>19. mart\u0101 Saulkrastu novada bibliot\u0113ku apmekl\u0113ja Saulkrastu PII \u201cR\u016b\u0137\u012btis\u201d grupas \u201cSp\u0101r\u012bte\u201d audz\u0113k\u0146i un citi interesenti. Vi\u0146i ce\u013cu uz bibliot\u0113ku \u0161ogad m\u0113roju\u0161i vair\u0101kas reizes \u2013 5., 12., 26. febru\u0101r\u012b un 5., 12., 19. mart\u0101, lai kop\u0101 ar bibliot\u0113ku inform\u0101cijas speci\u0101listi Guntru Klein\u0161miti iepaz\u012btu bibliot\u0113ku un gr\u0101matu br\u012bnumaino pasauli. Piedaloties pas\u0101kumos, katrs projekta dal\u012bbnieks sa\u0146\u0113ma d\u0101vanu \u2013 &hellip; <a href=\"https:\/\/saulkrastubiblioteka.lv\/index.php\/2019\/03\/19\/nosledzies-projekts-musu-maza-biblioteka\/\" class=\"more-link\">Turpin\u0101t las\u012bt<span class=\"screen-reader-text\"> &#8220;Nosl\u0113dzies projekts \u201cM\u016bsu maz\u0101 bibliot\u0113ka\u201d&#8221;<\/span><\/a><\/p>\n","protected":false},"author":1,"featured_media":0,"comment_status":"closed","ping_status":"open","sticky":false,"template":"","format":"standard","meta":{"footnotes":""},"categories":[41],"tags":[],"class_list":["post-1411","post","type-post","status-publish","format-standard","hentry","category-musu-maza-biblioteka"],"yoast_head":"<!-- This site is optimized with the Yoast SEO plugin v24.2 - https:\/\/yoast.com\/wordpress\/plugins\/seo\/ -->\n<title>Nosl\u0113dzies projekts \u201cM\u016bsu maz\u0101 bibliot\u0113ka\u201d - Saulkrastu novada bibliot\u0113ka<\/title>\n<meta name=\"robots\" content=\"index, follow, max-snippet:-1, max-image-preview:large, max-video-preview:-1\" \/>\n<link rel=\"canonical\" href=\"https:\/\/saulkrastubiblioteka.lv\/index.php\/2019\/03\/19\/nosledzies-projekts-musu-maza-biblioteka\/\" \/>\n<meta property=\"og:locale\" content=\"lv_LV\" \/>\n<meta property=\"og:type\" content=\"article\" \/>\n<meta property=\"og:title\" content=\"Nosl\u0113dzies projekts \u201cM\u016bsu maz\u0101 bibliot\u0113ka\u201d - Saulkrastu novada bibliot\u0113ka\" \/>\n<meta property=\"og:description\" content=\"19. mart\u0101 Saulkrastu novada bibliot\u0113ku apmekl\u0113ja Saulkrastu PII \u201cR\u016b\u0137\u012btis\u201d grupas \u201cSp\u0101r\u012bte\u201d audz\u0113k\u0146i un citi interesenti. Vi\u0146i ce\u013cu uz bibliot\u0113ku \u0161ogad m\u0113roju\u0161i vair\u0101kas reizes \u2013 5., 12., 26. febru\u0101r\u012b un 5., 12., 19. mart\u0101, lai kop\u0101 ar bibliot\u0113ku inform\u0101cijas speci\u0101listi Guntru Klein\u0161miti iepaz\u012btu bibliot\u0113ku un gr\u0101matu br\u012bnumaino pasauli. Piedaloties pas\u0101kumos, katrs projekta dal\u012bbnieks sa\u0146\u0113ma d\u0101vanu \u2013 &hellip; Turpin\u0101t las\u012bt &quot;Nosl\u0113dzies projekts \u201cM\u016bsu maz\u0101 bibliot\u0113ka\u201d&quot;\" \/>\n<meta property=\"og:url\" content=\"https:\/\/saulkrastubiblioteka.lv\/index.php\/2019\/03\/19\/nosledzies-projekts-musu-maza-biblioteka\/\" \/>\n<meta property=\"og:site_name\" content=\"Saulkrastu novada bibliot\u0113ka\" \/>\n<meta property=\"article:published_time\" content=\"2019-03-19T11:09:47+00:00\" \/>\n<meta property=\"og:image\" content=\"https:\/\/saulkrastubiblioteka.lv\/wp-content\/uploads\/2019\/03\/IMG_0423.jpg\" \/>\n<meta name=\"author\" content=\"admin\" \/>\n<meta name=\"twitter:card\" content=\"summary_large_image\" \/>\n<meta name=\"twitter:label1\" content=\"Written by\" \/>\n\t<meta name=\"twitter:data1\" content=\"admin\" \/>\n\t<meta name=\"twitter:label2\" content=\"Est. reading time\" \/>\n\t<meta name=\"twitter:data2\" content=\"1 min\u016bte\" \/>\n<script type=\"application\/ld+json\" class=\"yoast-schema-graph\">{\"@context\":\"https:\/\/schema.org\",\"@graph\":[{\"@type\":\"Article\",\"@id\":\"https:\/\/saulkrastubiblioteka.lv\/index.php\/2019\/03\/19\/nosledzies-projekts-musu-maza-biblioteka\/#article\",\"isPartOf\":{\"@id\":\"https:\/\/saulkrastubiblioteka.lv\/index.php\/2019\/03\/19\/nosledzies-projekts-musu-maza-biblioteka\/\"},\"author\":{\"name\":\"admin\",\"@id\":\"https:\/\/saulkrastubiblioteka.lv\/#\/schema\/person\/2233277643a53fb60b293d42c1e5f7a2\"},\"headline\":\"Nosl\u0113dzies projekts \u201cM\u016bsu maz\u0101 bibliot\u0113ka\u201d\",\"datePublished\":\"2019-03-19T11:09:47+00:00\",\"dateModified\":\"2019-03-19T11:09:47+00:00\",\"mainEntityOfPage\":{\"@id\":\"https:\/\/saulkrastubiblioteka.lv\/index.php\/2019\/03\/19\/nosledzies-projekts-musu-maza-biblioteka\/\"},\"wordCount\":276,\"publisher\":{\"@id\":\"https:\/\/saulkrastubiblioteka.lv\/#organization\"},\"image\":{\"@id\":\"https:\/\/saulkrastubiblioteka.lv\/index.php\/2019\/03\/19\/nosledzies-projekts-musu-maza-biblioteka\/#primaryimage\"},\"thumbnailUrl\":\"https:\/\/saulkrastubiblioteka.lv\/wp-content\/uploads\/2019\/03\/IMG_0423.jpg\",\"articleSection\":[\"M\u016bsu maz\u0101 bibliot\u0113ka\"],\"inLanguage\":\"lv-LV\"},{\"@type\":\"WebPage\",\"@id\":\"https:\/\/saulkrastubiblioteka.lv\/index.php\/2019\/03\/19\/nosledzies-projekts-musu-maza-biblioteka\/\",\"url\":\"https:\/\/saulkrastubiblioteka.lv\/index.php\/2019\/03\/19\/nosledzies-projekts-musu-maza-biblioteka\/\",\"name\":\"Nosl\u0113dzies projekts \u201cM\u016bsu maz\u0101 bibliot\u0113ka\u201d - Saulkrastu novada bibliot\u0113ka\",\"isPartOf\":{\"@id\":\"https:\/\/saulkrastubiblioteka.lv\/#website\"},\"primaryImageOfPage\":{\"@id\":\"https:\/\/saulkrastubiblioteka.lv\/index.php\/2019\/03\/19\/nosledzies-projekts-musu-maza-biblioteka\/#primaryimage\"},\"image\":{\"@id\":\"https:\/\/saulkrastubiblioteka.lv\/index.php\/2019\/03\/19\/nosledzies-projekts-musu-maza-biblioteka\/#primaryimage\"},\"thumbnailUrl\":\"https:\/\/saulkrastubiblioteka.lv\/wp-content\/uploads\/2019\/03\/IMG_0423.jpg\",\"datePublished\":\"2019-03-19T11:09:47+00:00\",\"dateModified\":\"2019-03-19T11:09:47+00:00\",\"breadcrumb\":{\"@id\":\"https:\/\/saulkrastubiblioteka.lv\/index.php\/2019\/03\/19\/nosledzies-projekts-musu-maza-biblioteka\/#breadcrumb\"},\"inLanguage\":\"lv-LV\",\"potentialAction\":[{\"@type\":\"ReadAction\",\"target\":[\"https:\/\/saulkrastubiblioteka.lv\/index.php\/2019\/03\/19\/nosledzies-projekts-musu-maza-biblioteka\/\"]}]},{\"@type\":\"ImageObject\",\"inLanguage\":\"lv-LV\",\"@id\":\"https:\/\/saulkrastubiblioteka.lv\/index.php\/2019\/03\/19\/nosledzies-projekts-musu-maza-biblioteka\/#primaryimage\",\"url\":\"https:\/\/saulkrastubiblioteka.lv\/wp-content\/uploads\/2019\/03\/IMG_0423.jpg\",\"contentUrl\":\"https:\/\/saulkrastubiblioteka.lv\/wp-content\/uploads\/2019\/03\/IMG_0423.jpg\",\"width\":718,\"height\":456},{\"@type\":\"BreadcrumbList\",\"@id\":\"https:\/\/saulkrastubiblioteka.lv\/index.php\/2019\/03\/19\/nosledzies-projekts-musu-maza-biblioteka\/#breadcrumb\",\"itemListElement\":[{\"@type\":\"ListItem\",\"position\":1,\"name\":\"Home\",\"item\":\"https:\/\/saulkrastubiblioteka.lv\/\"},{\"@type\":\"ListItem\",\"position\":2,\"name\":\"Nosl\u0113dzies projekts \u201cM\u016bsu maz\u0101 bibliot\u0113ka\u201d\"}]},{\"@type\":\"WebSite\",\"@id\":\"https:\/\/saulkrastubiblioteka.lv\/#website\",\"url\":\"https:\/\/saulkrastubiblioteka.lv\/\",\"name\":\"Saulkrastu novada bibliot\u0113ka\",\"description\":\"Vieta, kur labi pavad\u012bt laiku un pab\u016bt mier\u0101\",\"publisher\":{\"@id\":\"https:\/\/saulkrastubiblioteka.lv\/#organization\"},\"potentialAction\":[{\"@type\":\"SearchAction\",\"target\":{\"@type\":\"EntryPoint\",\"urlTemplate\":\"https:\/\/saulkrastubiblioteka.lv\/?s={search_term_string}\"},\"query-input\":{\"@type\":\"PropertyValueSpecification\",\"valueRequired\":true,\"valueName\":\"search_term_string\"}}],\"inLanguage\":\"lv-LV\"},{\"@type\":\"Organization\",\"@id\":\"https:\/\/saulkrastubiblioteka.lv\/#organization\",\"name\":\"Saulkrastu novada bibliot\u0113ka\",\"url\":\"https:\/\/saulkrastubiblioteka.lv\/\",\"logo\":{\"@type\":\"ImageObject\",\"inLanguage\":\"lv-LV\",\"@id\":\"https:\/\/saulkrastubiblioteka.lv\/#\/schema\/logo\/image\/\",\"url\":\"https:\/\/saulkrastubiblioteka.lv\/wp-content\/uploads\/2021\/01\/cropped-logo.png\",\"contentUrl\":\"https:\/\/saulkrastubiblioteka.lv\/wp-content\/uploads\/2021\/01\/cropped-logo.png\",\"width\":240,\"height\":240,\"caption\":\"Saulkrastu novada bibliot\u0113ka\"},\"image\":{\"@id\":\"https:\/\/saulkrastubiblioteka.lv\/#\/schema\/logo\/image\/\"}},{\"@type\":\"Person\",\"@id\":\"https:\/\/saulkrastubiblioteka.lv\/#\/schema\/person\/2233277643a53fb60b293d42c1e5f7a2\",\"name\":\"admin\",\"image\":{\"@type\":\"ImageObject\",\"inLanguage\":\"lv-LV\",\"@id\":\"https:\/\/saulkrastubiblioteka.lv\/#\/schema\/person\/image\/\",\"url\":\"https:\/\/secure.gravatar.com\/avatar\/a5ad3f68569c7df813ab9387f6d30b65?s=96&d=mm&r=g\",\"contentUrl\":\"https:\/\/secure.gravatar.com\/avatar\/a5ad3f68569c7df813ab9387f6d30b65?s=96&d=mm&r=g\",\"caption\":\"admin\"},\"url\":\"https:\/\/saulkrastubiblioteka.lv\/index.php\/author\/info_xjq16vdi\/\"}]}<\/script>\n<!-- \/ Yoast SEO plugin. -->","yoast_head_json":{"title":"Nosl\u0113dzies projekts \u201cM\u016bsu maz\u0101 bibliot\u0113ka\u201d - Saulkrastu novada bibliot\u0113ka","robots":{"index":"index","follow":"follow","max-snippet":"max-snippet:-1","max-image-preview":"max-image-preview:large","max-video-preview":"max-video-preview:-1"},"canonical":"https:\/\/saulkrastubiblioteka.lv\/index.php\/2019\/03\/19\/nosledzies-projekts-musu-maza-biblioteka\/","og_locale":"lv_LV","og_type":"article","og_title":"Nosl\u0113dzies projekts \u201cM\u016bsu maz\u0101 bibliot\u0113ka\u201d - Saulkrastu novada bibliot\u0113ka","og_description":"19. mart\u0101 Saulkrastu novada bibliot\u0113ku apmekl\u0113ja Saulkrastu PII \u201cR\u016b\u0137\u012btis\u201d grupas \u201cSp\u0101r\u012bte\u201d audz\u0113k\u0146i un citi interesenti. Vi\u0146i ce\u013cu uz bibliot\u0113ku \u0161ogad m\u0113roju\u0161i vair\u0101kas reizes \u2013 5., 12., 26. febru\u0101r\u012b un 5., 12., 19. mart\u0101, lai kop\u0101 ar bibliot\u0113ku inform\u0101cijas speci\u0101listi Guntru Klein\u0161miti iepaz\u012btu bibliot\u0113ku un gr\u0101matu br\u012bnumaino pasauli. Piedaloties pas\u0101kumos, katrs projekta dal\u012bbnieks sa\u0146\u0113ma d\u0101vanu \u2013 &hellip; Turpin\u0101t las\u012bt \"Nosl\u0113dzies projekts \u201cM\u016bsu maz\u0101 bibliot\u0113ka\u201d\"","og_url":"https:\/\/saulkrastubiblioteka.lv\/index.php\/2019\/03\/19\/nosledzies-projekts-musu-maza-biblioteka\/","og_site_name":"Saulkrastu novada bibliot\u0113ka","article_published_time":"2019-03-19T11:09:47+00:00","og_image":[{"url":"https:\/\/saulkrastubiblioteka.lv\/wp-content\/uploads\/2019\/03\/IMG_0423.jpg","type":"","width":"","height":""}],"author":"admin","twitter_card":"summary_large_image","twitter_misc":{"Written by":"admin","Est. reading time":"1 min\u016bte"},"schema":{"@context":"https:\/\/schema.org","@graph":[{"@type":"Article","@id":"https:\/\/saulkrastubiblioteka.lv\/index.php\/2019\/03\/19\/nosledzies-projekts-musu-maza-biblioteka\/#article","isPartOf":{"@id":"https:\/\/saulkrastubiblioteka.lv\/index.php\/2019\/03\/19\/nosledzies-projekts-musu-maza-biblioteka\/"},"author":{"name":"admin","@id":"https:\/\/saulkrastubiblioteka.lv\/#\/schema\/person\/2233277643a53fb60b293d42c1e5f7a2"},"headline":"Nosl\u0113dzies projekts \u201cM\u016bsu maz\u0101 bibliot\u0113ka\u201d","datePublished":"2019-03-19T11:09:47+00:00","dateModified":"2019-03-19T11:09:47+00:00","mainEntityOfPage":{"@id":"https:\/\/saulkrastubiblioteka.lv\/index.php\/2019\/03\/19\/nosledzies-projekts-musu-maza-biblioteka\/"},"wordCount":276,"publisher":{"@id":"https:\/\/saulkrastubiblioteka.lv\/#organization"},"image":{"@id":"https:\/\/saulkrastubiblioteka.lv\/index.php\/2019\/03\/19\/nosledzies-projekts-musu-maza-biblioteka\/#primaryimage"},"thumbnailUrl":"https:\/\/saulkrastubiblioteka.lv\/wp-content\/uploads\/2019\/03\/IMG_0423.jpg","articleSection":["M\u016bsu maz\u0101 bibliot\u0113ka"],"inLanguage":"lv-LV"},{"@type":"WebPage","@id":"https:\/\/saulkrastubiblioteka.lv\/index.php\/2019\/03\/19\/nosledzies-projekts-musu-maza-biblioteka\/","url":"https:\/\/saulkrastubiblioteka.lv\/index.php\/2019\/03\/19\/nosledzies-projekts-musu-maza-biblioteka\/","name":"Nosl\u0113dzies projekts \u201cM\u016bsu maz\u0101 bibliot\u0113ka\u201d - Saulkrastu novada bibliot\u0113ka","isPartOf":{"@id":"https:\/\/saulkrastubiblioteka.lv\/#website"},"primaryImageOfPage":{"@id":"https:\/\/saulkrastubiblioteka.lv\/index.php\/2019\/03\/19\/nosledzies-projekts-musu-maza-biblioteka\/#primaryimage"},"image":{"@id":"https:\/\/saulkrastubiblioteka.lv\/index.php\/2019\/03\/19\/nosledzies-projekts-musu-maza-biblioteka\/#primaryimage"},"thumbnailUrl":"https:\/\/saulkrastubiblioteka.lv\/wp-content\/uploads\/2019\/03\/IMG_0423.jpg","datePublished":"2019-03-19T11:09:47+00:00","dateModified":"2019-03-19T11:09:47+00:00","breadcrumb":{"@id":"https:\/\/saulkrastubiblioteka.lv\/index.php\/2019\/03\/19\/nosledzies-projekts-musu-maza-biblioteka\/#breadcrumb"},"inLanguage":"lv-LV","potentialAction":[{"@type":"ReadAction","target":["https:\/\/saulkrastubiblioteka.lv\/index.php\/2019\/03\/19\/nosledzies-projekts-musu-maza-biblioteka\/"]}]},{"@type":"ImageObject","inLanguage":"lv-LV","@id":"https:\/\/saulkrastubiblioteka.lv\/index.php\/2019\/03\/19\/nosledzies-projekts-musu-maza-biblioteka\/#primaryimage","url":"https:\/\/saulkrastubiblioteka.lv\/wp-content\/uploads\/2019\/03\/IMG_0423.jpg","contentUrl":"https:\/\/saulkrastubiblioteka.lv\/wp-content\/uploads\/2019\/03\/IMG_0423.jpg","width":718,"height":456},{"@type":"BreadcrumbList","@id":"https:\/\/saulkrastubiblioteka.lv\/index.php\/2019\/03\/19\/nosledzies-projekts-musu-maza-biblioteka\/#breadcrumb","itemListElement":[{"@type":"ListItem","position":1,"name":"Home","item":"https:\/\/saulkrastubiblioteka.lv\/"},{"@type":"ListItem","position":2,"name":"Nosl\u0113dzies projekts \u201cM\u016bsu maz\u0101 bibliot\u0113ka\u201d"}]},{"@type":"WebSite","@id":"https:\/\/saulkrastubiblioteka.lv\/#website","url":"https:\/\/saulkrastubiblioteka.lv\/","name":"Saulkrastu novada bibliot\u0113ka","description":"Vieta, kur labi pavad\u012bt laiku un pab\u016bt mier\u0101","publisher":{"@id":"https:\/\/saulkrastubiblioteka.lv\/#organization"},"potentialAction":[{"@type":"SearchAction","target":{"@type":"EntryPoint","urlTemplate":"https:\/\/saulkrastubiblioteka.lv\/?s={search_term_string}"},"query-input":{"@type":"PropertyValueSpecification","valueRequired":true,"valueName":"search_term_string"}}],"inLanguage":"lv-LV"},{"@type":"Organization","@id":"https:\/\/saulkrastubiblioteka.lv\/#organization","name":"Saulkrastu novada bibliot\u0113ka","url":"https:\/\/saulkrastubiblioteka.lv\/","logo":{"@type":"ImageObject","inLanguage":"lv-LV","@id":"https:\/\/saulkrastubiblioteka.lv\/#\/schema\/logo\/image\/","url":"https:\/\/saulkrastubiblioteka.lv\/wp-content\/uploads\/2021\/01\/cropped-logo.png","contentUrl":"https:\/\/saulkrastubiblioteka.lv\/wp-content\/uploads\/2021\/01\/cropped-logo.png","width":240,"height":240,"caption":"Saulkrastu novada bibliot\u0113ka"},"image":{"@id":"https:\/\/saulkrastubiblioteka.lv\/#\/schema\/logo\/image\/"}},{"@type":"Person","@id":"https:\/\/saulkrastubiblioteka.lv\/#\/schema\/person\/2233277643a53fb60b293d42c1e5f7a2","name":"admin","image":{"@type":"ImageObject","inLanguage":"lv-LV","@id":"https:\/\/saulkrastubiblioteka.lv\/#\/schema\/person\/image\/","url":"https:\/\/secure.gravatar.com\/avatar\/a5ad3f68569c7df813ab9387f6d30b65?s=96&d=mm&r=g","contentUrl":"https:\/\/secure.gravatar.com\/avatar\/a5ad3f68569c7df813ab9387f6d30b65?s=96&d=mm&r=g","caption":"admin"},"url":"https:\/\/saulkrastubiblioteka.lv\/index.php\/author\/info_xjq16vdi\/"}]}},"_links":{"self":[{"href":"https:\/\/saulkrastubiblioteka.lv\/index.php\/wp-json\/wp\/v2\/posts\/1411","targetHints":{"allow":["GET"]}}],"collection":[{"href":"https:\/\/saulkrastubiblioteka.lv\/index.php\/wp-json\/wp\/v2\/posts"}],"about":[{"href":"https:\/\/saulkrastubiblioteka.lv\/index.php\/wp-json\/wp\/v2\/types\/post"}],"author":[{"embeddable":true,"href":"https:\/\/saulkrastubiblioteka.lv\/index.php\/wp-json\/wp\/v2\/users\/1"}],"replies":[{"embeddable":true,"href":"https:\/\/saulkrastubiblioteka.lv\/index.php\/wp-json\/wp\/v2\/comments?post=1411"}],"version-history":[{"count":1,"href":"https:\/\/saulkrastubiblioteka.lv\/index.php\/wp-json\/wp\/v2\/posts\/1411\/revisions"}],"predecessor-version":[{"id":1413,"href":"https:\/\/saulkrastubiblioteka.lv\/index.php\/wp-json\/wp\/v2\/posts\/1411\/revisions\/1413"}],"wp:attachment":[{"href":"https:\/\/saulkrastubiblioteka.lv\/index.php\/wp-json\/wp\/v2\/media?parent=1411"}],"wp:term":[{"taxonomy":"category","embeddable":true,"href":"https:\/\/saulkrastubiblioteka.lv\/index.php\/wp-json\/wp\/v2\/categories?post=1411"},{"taxonomy":"post_tag","embeddable":true,"href":"https:\/\/saulkrastubiblioteka.lv\/index.php\/wp-json\/wp\/v2\/tags?post=1411"}],"curies":[{"name":"wp","href":"https:\/\/api.w.org\/{rel}","templated":true}]}}