{"id":1383,"date":"2019-03-12T11:04:58","date_gmt":"2019-03-12T11:04:58","guid":{"rendered":"https:\/\/saulkrastubiblioteka.lv\/?p=1383"},"modified":"2019-03-12T11:04:58","modified_gmt":"2019-03-12T11:04:58","slug":"kopa-lasisana-biblioteka","status":"publish","type":"post","link":"https:\/\/saulkrastubiblioteka.lv\/index.php\/2019\/03\/12\/kopa-lasisana-biblioteka\/","title":{"rendered":"Kop\u0101 las\u012b\u0161ana bibliot\u0113k\u0101"},"content":{"rendered":"<p><img loading=\"lazy\" decoding=\"async\" class=\"alignleft size-full wp-image-1384\" src=\"https:\/\/saulkrastubiblioteka.lv\/wp-content\/uploads\/2019\/03\/mmb12032019.jpg\" alt=\"\" width=\"2225\" height=\"1094\" srcset=\"https:\/\/saulkrastubiblioteka.lv\/wp-content\/uploads\/2019\/03\/mmb12032019.jpg 2225w, https:\/\/saulkrastubiblioteka.lv\/wp-content\/uploads\/2019\/03\/mmb12032019-300x148.jpg 300w, https:\/\/saulkrastubiblioteka.lv\/wp-content\/uploads\/2019\/03\/mmb12032019-768x378.jpg 768w, https:\/\/saulkrastubiblioteka.lv\/wp-content\/uploads\/2019\/03\/mmb12032019-1024x503.jpg 1024w, https:\/\/saulkrastubiblioteka.lv\/wp-content\/uploads\/2019\/03\/mmb12032019-1200x590.jpg 1200w\" sizes=\"auto, (max-width: 709px) 85vw, (max-width: 909px) 67vw, (max-width: 1362px) 62vw, 840px\" \/><img loading=\"lazy\" decoding=\"async\" class=\"alignleft size-full wp-image-916\" src=\"https:\/\/saulkrastubiblioteka.lv\/wp-content\/uploads\/2018\/10\/mmb_logo.jpg\" alt=\"\" width=\"150\" height=\"150\" \/>12. mart\u0101 plkst. 10:00 bibliot\u0113k\u0101 notika rado\u0161\u0101s nodarb\u012bbas las\u012btveicin\u0101\u0161anas projekt\u0101 &#8220;M\u016bsu maz\u0101 bibliot\u0113ka\u201d, kas paredz\u0113ta 4\u20138 gadus veciem b\u0113rniem.<\/p>\n<p><a class=\"profileLink\" href=\"https:\/\/www.facebook.com\/Saulkrastu-PII-R\u016b\u0137\u012btis-369119106583641\/?__tn__=K-R&amp;eid=ARAFBR2VMg2-eySZgxfRfKbtuY0YLVCEfhr0EV3n820Jt-ECeDpdpbZUCjmzhBuQMeQqTp62gbJq1Kgs&amp;fref=mentions&amp;__xts__%5B0%5D=68.ARCNefQ1fmNYbvmZKeMP93TpCpQoQcgdikGJWbmzZC92HMG9vi1XFT46xXKZmUtLC7-kYpT_gD0SlD9Qvu9JHa4txqRfx0LPWs8ARF1U3f45G1FuNt0hMuGZIimQTewX_wHVeGB7gA9bSVXGpombpxFb2xwuWtO8e0nV2nAucBIF2wDYFtX1Q53LmQiiopIwLxFYsCviKXYu3B2q-smN3cpGe-krvVa6Psq5V6Dt6o7lJYLhRDA65_6c4Hr6n9eI6HsfUna6h-CbU-0x-Mbcg2cuthKA7wWYZM0E3hN_NOSyzt5QLx16mQCX8UG1inVfAZ6cNOM9-lH84CvKEZbVqokHpA\" data-hovercard=\"\/ajax\/hovercard\/page.php?id=369119106583641&amp;extragetparams=%7B%22__tn__%22%3A%22%2CdK-R-R%22%2C%22eid%22%3A%22ARAFBR2VMg2-eySZgxfRfKbtuY0YLVCEfhr0EV3n820Jt-ECeDpdpbZUCjmzhBuQMeQqTp62gbJq1Kgs%22%2C%22fref%22%3A%22mentions%22%7D\" data-hovercard-prefer-more-content-show=\"1\">Saulkrastu PII R\u016b\u0137\u012btis<\/a> grupas &#8220;Sp\u0101r\u012bte&#8221; audz\u0113k\u0146i apmekl\u0113ja bibliot\u0113ku, lai kop\u0101 ar bibliot\u0113ku inform\u0101cijas speci\u0101listi rado\u0161i darbotos un palas\u012btu Roba Skotona gr\u0101mati\u0146u &#8220;Runcis Puncis&#8221;. Autors un m\u0101kslinieks Robs Skotons ir rad\u012bjis st\u0101stu s\u0113riju par ka\u0137u puiku Runci Punci. Jaukais gr\u0101matas varonis ir <span class=\"text_exposed_show\">ieguvis fanus vis\u0101 pasaul\u0113. <\/span><\/p>\n<div class=\"text_exposed_show\">\n<p>Pas\u0101kums notiek sadarb\u012bb\u0101 ar b\u0113rnu gr\u0101matu izdevniec\u012bbu \u201cLiels un mazs\u201d.<\/p>\n<p>N\u0101ko\u0161\u0101 nodarb\u012bba 19. mart\u0101 plkst. 10:00 Saulkrastu novada bibliot\u0113k\u0101.<\/p>\n<p><a class=\"_58cn\" href=\"https:\/\/www.facebook.com\/hashtag\/musumazabiblioteka?source=feed_text&amp;epa=HASHTAG&amp;__xts__%5B0%5D=68.ARCNefQ1fmNYbvmZKeMP93TpCpQoQcgdikGJWbmzZC92HMG9vi1XFT46xXKZmUtLC7-kYpT_gD0SlD9Qvu9JHa4txqRfx0LPWs8ARF1U3f45G1FuNt0hMuGZIimQTewX_wHVeGB7gA9bSVXGpombpxFb2xwuWtO8e0nV2nAucBIF2wDYFtX1Q53LmQiiopIwLxFYsCviKXYu3B2q-smN3cpGe-krvVa6Psq5V6Dt6o7lJYLhRDA65_6c4Hr6n9eI6HsfUna6h-CbU-0x-Mbcg2cuthKA7wWYZM0E3hN_NOSyzt5QLx16mQCX8UG1inVfAZ6cNOM9-lH84CvKEZbVqokHpA&amp;__tn__=%2ANK-R\" data-ft=\"{&quot;type&quot;:104,&quot;tn&quot;:&quot;*N&quot;}\"><span class=\"_5afx\"><span class=\"_58cl _5afz\" aria-label=\"atsauces tags\">#<\/span><span class=\"_58cm\">musumazabiblioteka<\/span><\/span><\/a><\/p>\n<\/div>\n","protected":false},"excerpt":{"rendered":"<p>12. mart\u0101 plkst. 10:00 bibliot\u0113k\u0101 notika rado\u0161\u0101s nodarb\u012bbas las\u012btveicin\u0101\u0161anas projekt\u0101 &#8220;M\u016bsu maz\u0101 bibliot\u0113ka\u201d, kas paredz\u0113ta 4\u20138 gadus veciem b\u0113rniem. Saulkrastu PII R\u016b\u0137\u012btis grupas &#8220;Sp\u0101r\u012bte&#8221; audz\u0113k\u0146i apmekl\u0113ja bibliot\u0113ku, lai kop\u0101 ar bibliot\u0113ku inform\u0101cijas speci\u0101listi rado\u0161i darbotos un palas\u012btu Roba Skotona gr\u0101mati\u0146u &#8220;Runcis Puncis&#8221;. Autors un m\u0101kslinieks Robs Skotons ir rad\u012bjis st\u0101stu s\u0113riju par ka\u0137u puiku Runci &hellip; <a href=\"https:\/\/saulkrastubiblioteka.lv\/index.php\/2019\/03\/12\/kopa-lasisana-biblioteka\/\" class=\"more-link\">Turpin\u0101t las\u012bt<span class=\"screen-reader-text\"> &#8220;Kop\u0101 las\u012b\u0161ana bibliot\u0113k\u0101&#8221;<\/span><\/a><\/p>\n","protected":false},"author":1,"featured_media":0,"comment_status":"closed","ping_status":"open","sticky":false,"template":"","format":"standard","meta":{"footnotes":""},"categories":[41],"tags":[],"class_list":["post-1383","post","type-post","status-publish","format-standard","hentry","category-musu-maza-biblioteka"],"yoast_head":"<!-- This site is optimized with the Yoast SEO plugin v24.2 - https:\/\/yoast.com\/wordpress\/plugins\/seo\/ -->\n<title>Kop\u0101 las\u012b\u0161ana bibliot\u0113k\u0101 - Saulkrastu novada bibliot\u0113ka<\/title>\n<meta name=\"robots\" content=\"index, follow, max-snippet:-1, max-image-preview:large, max-video-preview:-1\" \/>\n<link rel=\"canonical\" href=\"https:\/\/saulkrastubiblioteka.lv\/index.php\/2019\/03\/12\/kopa-lasisana-biblioteka\/\" \/>\n<meta property=\"og:locale\" content=\"lv_LV\" \/>\n<meta property=\"og:type\" content=\"article\" \/>\n<meta property=\"og:title\" content=\"Kop\u0101 las\u012b\u0161ana bibliot\u0113k\u0101 - Saulkrastu novada bibliot\u0113ka\" \/>\n<meta property=\"og:description\" content=\"12. mart\u0101 plkst. 10:00 bibliot\u0113k\u0101 notika rado\u0161\u0101s nodarb\u012bbas las\u012btveicin\u0101\u0161anas projekt\u0101 &#8220;M\u016bsu maz\u0101 bibliot\u0113ka\u201d, kas paredz\u0113ta 4\u20138 gadus veciem b\u0113rniem. Saulkrastu PII R\u016b\u0137\u012btis grupas &#8220;Sp\u0101r\u012bte&#8221; audz\u0113k\u0146i apmekl\u0113ja bibliot\u0113ku, lai kop\u0101 ar bibliot\u0113ku inform\u0101cijas speci\u0101listi rado\u0161i darbotos un palas\u012btu Roba Skotona gr\u0101mati\u0146u &#8220;Runcis Puncis&#8221;. Autors un m\u0101kslinieks Robs Skotons ir rad\u012bjis st\u0101stu s\u0113riju par ka\u0137u puiku Runci &hellip; Turpin\u0101t las\u012bt &quot;Kop\u0101 las\u012b\u0161ana bibliot\u0113k\u0101&quot;\" \/>\n<meta property=\"og:url\" content=\"https:\/\/saulkrastubiblioteka.lv\/index.php\/2019\/03\/12\/kopa-lasisana-biblioteka\/\" \/>\n<meta property=\"og:site_name\" content=\"Saulkrastu novada bibliot\u0113ka\" \/>\n<meta property=\"article:published_time\" content=\"2019-03-12T11:04:58+00:00\" \/>\n<meta property=\"og:image\" content=\"https:\/\/saulkrastubiblioteka.lv\/wp-content\/uploads\/2019\/03\/mmb12032019.jpg\" \/>\n<meta name=\"author\" content=\"admin\" \/>\n<meta name=\"twitter:card\" content=\"summary_large_image\" \/>\n<meta name=\"twitter:label1\" content=\"Written by\" \/>\n\t<meta name=\"twitter:data1\" content=\"admin\" \/>\n\t<meta name=\"twitter:label2\" content=\"Est. reading time\" \/>\n\t<meta name=\"twitter:data2\" content=\"1 min\u016bte\" \/>\n<script type=\"application\/ld+json\" class=\"yoast-schema-graph\">{\"@context\":\"https:\/\/schema.org\",\"@graph\":[{\"@type\":\"Article\",\"@id\":\"https:\/\/saulkrastubiblioteka.lv\/index.php\/2019\/03\/12\/kopa-lasisana-biblioteka\/#article\",\"isPartOf\":{\"@id\":\"https:\/\/saulkrastubiblioteka.lv\/index.php\/2019\/03\/12\/kopa-lasisana-biblioteka\/\"},\"author\":{\"name\":\"admin\",\"@id\":\"https:\/\/saulkrastubiblioteka.lv\/#\/schema\/person\/2233277643a53fb60b293d42c1e5f7a2\"},\"headline\":\"Kop\u0101 las\u012b\u0161ana bibliot\u0113k\u0101\",\"datePublished\":\"2019-03-12T11:04:58+00:00\",\"dateModified\":\"2019-03-12T11:04:58+00:00\",\"mainEntityOfPage\":{\"@id\":\"https:\/\/saulkrastubiblioteka.lv\/index.php\/2019\/03\/12\/kopa-lasisana-biblioteka\/\"},\"wordCount\":121,\"publisher\":{\"@id\":\"https:\/\/saulkrastubiblioteka.lv\/#organization\"},\"image\":{\"@id\":\"https:\/\/saulkrastubiblioteka.lv\/index.php\/2019\/03\/12\/kopa-lasisana-biblioteka\/#primaryimage\"},\"thumbnailUrl\":\"https:\/\/saulkrastubiblioteka.lv\/wp-content\/uploads\/2019\/03\/mmb12032019.jpg\",\"articleSection\":[\"M\u016bsu maz\u0101 bibliot\u0113ka\"],\"inLanguage\":\"lv-LV\"},{\"@type\":\"WebPage\",\"@id\":\"https:\/\/saulkrastubiblioteka.lv\/index.php\/2019\/03\/12\/kopa-lasisana-biblioteka\/\",\"url\":\"https:\/\/saulkrastubiblioteka.lv\/index.php\/2019\/03\/12\/kopa-lasisana-biblioteka\/\",\"name\":\"Kop\u0101 las\u012b\u0161ana bibliot\u0113k\u0101 - Saulkrastu novada bibliot\u0113ka\",\"isPartOf\":{\"@id\":\"https:\/\/saulkrastubiblioteka.lv\/#website\"},\"primaryImageOfPage\":{\"@id\":\"https:\/\/saulkrastubiblioteka.lv\/index.php\/2019\/03\/12\/kopa-lasisana-biblioteka\/#primaryimage\"},\"image\":{\"@id\":\"https:\/\/saulkrastubiblioteka.lv\/index.php\/2019\/03\/12\/kopa-lasisana-biblioteka\/#primaryimage\"},\"thumbnailUrl\":\"https:\/\/saulkrastubiblioteka.lv\/wp-content\/uploads\/2019\/03\/mmb12032019.jpg\",\"datePublished\":\"2019-03-12T11:04:58+00:00\",\"dateModified\":\"2019-03-12T11:04:58+00:00\",\"breadcrumb\":{\"@id\":\"https:\/\/saulkrastubiblioteka.lv\/index.php\/2019\/03\/12\/kopa-lasisana-biblioteka\/#breadcrumb\"},\"inLanguage\":\"lv-LV\",\"potentialAction\":[{\"@type\":\"ReadAction\",\"target\":[\"https:\/\/saulkrastubiblioteka.lv\/index.php\/2019\/03\/12\/kopa-lasisana-biblioteka\/\"]}]},{\"@type\":\"ImageObject\",\"inLanguage\":\"lv-LV\",\"@id\":\"https:\/\/saulkrastubiblioteka.lv\/index.php\/2019\/03\/12\/kopa-lasisana-biblioteka\/#primaryimage\",\"url\":\"https:\/\/saulkrastubiblioteka.lv\/wp-content\/uploads\/2019\/03\/mmb12032019.jpg\",\"contentUrl\":\"https:\/\/saulkrastubiblioteka.lv\/wp-content\/uploads\/2019\/03\/mmb12032019.jpg\",\"width\":2225,\"height\":1094},{\"@type\":\"BreadcrumbList\",\"@id\":\"https:\/\/saulkrastubiblioteka.lv\/index.php\/2019\/03\/12\/kopa-lasisana-biblioteka\/#breadcrumb\",\"itemListElement\":[{\"@type\":\"ListItem\",\"position\":1,\"name\":\"Home\",\"item\":\"https:\/\/saulkrastubiblioteka.lv\/\"},{\"@type\":\"ListItem\",\"position\":2,\"name\":\"Kop\u0101 las\u012b\u0161ana bibliot\u0113k\u0101\"}]},{\"@type\":\"WebSite\",\"@id\":\"https:\/\/saulkrastubiblioteka.lv\/#website\",\"url\":\"https:\/\/saulkrastubiblioteka.lv\/\",\"name\":\"Saulkrastu novada bibliot\u0113ka\",\"description\":\"Vieta, kur labi pavad\u012bt laiku un pab\u016bt mier\u0101\",\"publisher\":{\"@id\":\"https:\/\/saulkrastubiblioteka.lv\/#organization\"},\"potentialAction\":[{\"@type\":\"SearchAction\",\"target\":{\"@type\":\"EntryPoint\",\"urlTemplate\":\"https:\/\/saulkrastubiblioteka.lv\/?s={search_term_string}\"},\"query-input\":{\"@type\":\"PropertyValueSpecification\",\"valueRequired\":true,\"valueName\":\"search_term_string\"}}],\"inLanguage\":\"lv-LV\"},{\"@type\":\"Organization\",\"@id\":\"https:\/\/saulkrastubiblioteka.lv\/#organization\",\"name\":\"Saulkrastu novada bibliot\u0113ka\",\"url\":\"https:\/\/saulkrastubiblioteka.lv\/\",\"logo\":{\"@type\":\"ImageObject\",\"inLanguage\":\"lv-LV\",\"@id\":\"https:\/\/saulkrastubiblioteka.lv\/#\/schema\/logo\/image\/\",\"url\":\"https:\/\/saulkrastubiblioteka.lv\/wp-content\/uploads\/2021\/01\/cropped-logo.png\",\"contentUrl\":\"https:\/\/saulkrastubiblioteka.lv\/wp-content\/uploads\/2021\/01\/cropped-logo.png\",\"width\":240,\"height\":240,\"caption\":\"Saulkrastu novada bibliot\u0113ka\"},\"image\":{\"@id\":\"https:\/\/saulkrastubiblioteka.lv\/#\/schema\/logo\/image\/\"}},{\"@type\":\"Person\",\"@id\":\"https:\/\/saulkrastubiblioteka.lv\/#\/schema\/person\/2233277643a53fb60b293d42c1e5f7a2\",\"name\":\"admin\",\"image\":{\"@type\":\"ImageObject\",\"inLanguage\":\"lv-LV\",\"@id\":\"https:\/\/saulkrastubiblioteka.lv\/#\/schema\/person\/image\/\",\"url\":\"https:\/\/secure.gravatar.com\/avatar\/a5ad3f68569c7df813ab9387f6d30b65?s=96&d=mm&r=g\",\"contentUrl\":\"https:\/\/secure.gravatar.com\/avatar\/a5ad3f68569c7df813ab9387f6d30b65?s=96&d=mm&r=g\",\"caption\":\"admin\"},\"url\":\"https:\/\/saulkrastubiblioteka.lv\/index.php\/author\/info_xjq16vdi\/\"}]}<\/script>\n<!-- \/ Yoast SEO plugin. -->","yoast_head_json":{"title":"Kop\u0101 las\u012b\u0161ana bibliot\u0113k\u0101 - Saulkrastu novada bibliot\u0113ka","robots":{"index":"index","follow":"follow","max-snippet":"max-snippet:-1","max-image-preview":"max-image-preview:large","max-video-preview":"max-video-preview:-1"},"canonical":"https:\/\/saulkrastubiblioteka.lv\/index.php\/2019\/03\/12\/kopa-lasisana-biblioteka\/","og_locale":"lv_LV","og_type":"article","og_title":"Kop\u0101 las\u012b\u0161ana bibliot\u0113k\u0101 - Saulkrastu novada bibliot\u0113ka","og_description":"12. mart\u0101 plkst. 10:00 bibliot\u0113k\u0101 notika rado\u0161\u0101s nodarb\u012bbas las\u012btveicin\u0101\u0161anas projekt\u0101 &#8220;M\u016bsu maz\u0101 bibliot\u0113ka\u201d, kas paredz\u0113ta 4\u20138 gadus veciem b\u0113rniem. Saulkrastu PII R\u016b\u0137\u012btis grupas &#8220;Sp\u0101r\u012bte&#8221; audz\u0113k\u0146i apmekl\u0113ja bibliot\u0113ku, lai kop\u0101 ar bibliot\u0113ku inform\u0101cijas speci\u0101listi rado\u0161i darbotos un palas\u012btu Roba Skotona gr\u0101mati\u0146u &#8220;Runcis Puncis&#8221;. Autors un m\u0101kslinieks Robs Skotons ir rad\u012bjis st\u0101stu s\u0113riju par ka\u0137u puiku Runci &hellip; Turpin\u0101t las\u012bt \"Kop\u0101 las\u012b\u0161ana bibliot\u0113k\u0101\"","og_url":"https:\/\/saulkrastubiblioteka.lv\/index.php\/2019\/03\/12\/kopa-lasisana-biblioteka\/","og_site_name":"Saulkrastu novada bibliot\u0113ka","article_published_time":"2019-03-12T11:04:58+00:00","og_image":[{"url":"https:\/\/saulkrastubiblioteka.lv\/wp-content\/uploads\/2019\/03\/mmb12032019.jpg","type":"","width":"","height":""}],"author":"admin","twitter_card":"summary_large_image","twitter_misc":{"Written by":"admin","Est. reading time":"1 min\u016bte"},"schema":{"@context":"https:\/\/schema.org","@graph":[{"@type":"Article","@id":"https:\/\/saulkrastubiblioteka.lv\/index.php\/2019\/03\/12\/kopa-lasisana-biblioteka\/#article","isPartOf":{"@id":"https:\/\/saulkrastubiblioteka.lv\/index.php\/2019\/03\/12\/kopa-lasisana-biblioteka\/"},"author":{"name":"admin","@id":"https:\/\/saulkrastubiblioteka.lv\/#\/schema\/person\/2233277643a53fb60b293d42c1e5f7a2"},"headline":"Kop\u0101 las\u012b\u0161ana bibliot\u0113k\u0101","datePublished":"2019-03-12T11:04:58+00:00","dateModified":"2019-03-12T11:04:58+00:00","mainEntityOfPage":{"@id":"https:\/\/saulkrastubiblioteka.lv\/index.php\/2019\/03\/12\/kopa-lasisana-biblioteka\/"},"wordCount":121,"publisher":{"@id":"https:\/\/saulkrastubiblioteka.lv\/#organization"},"image":{"@id":"https:\/\/saulkrastubiblioteka.lv\/index.php\/2019\/03\/12\/kopa-lasisana-biblioteka\/#primaryimage"},"thumbnailUrl":"https:\/\/saulkrastubiblioteka.lv\/wp-content\/uploads\/2019\/03\/mmb12032019.jpg","articleSection":["M\u016bsu maz\u0101 bibliot\u0113ka"],"inLanguage":"lv-LV"},{"@type":"WebPage","@id":"https:\/\/saulkrastubiblioteka.lv\/index.php\/2019\/03\/12\/kopa-lasisana-biblioteka\/","url":"https:\/\/saulkrastubiblioteka.lv\/index.php\/2019\/03\/12\/kopa-lasisana-biblioteka\/","name":"Kop\u0101 las\u012b\u0161ana bibliot\u0113k\u0101 - Saulkrastu novada bibliot\u0113ka","isPartOf":{"@id":"https:\/\/saulkrastubiblioteka.lv\/#website"},"primaryImageOfPage":{"@id":"https:\/\/saulkrastubiblioteka.lv\/index.php\/2019\/03\/12\/kopa-lasisana-biblioteka\/#primaryimage"},"image":{"@id":"https:\/\/saulkrastubiblioteka.lv\/index.php\/2019\/03\/12\/kopa-lasisana-biblioteka\/#primaryimage"},"thumbnailUrl":"https:\/\/saulkrastubiblioteka.lv\/wp-content\/uploads\/2019\/03\/mmb12032019.jpg","datePublished":"2019-03-12T11:04:58+00:00","dateModified":"2019-03-12T11:04:58+00:00","breadcrumb":{"@id":"https:\/\/saulkrastubiblioteka.lv\/index.php\/2019\/03\/12\/kopa-lasisana-biblioteka\/#breadcrumb"},"inLanguage":"lv-LV","potentialAction":[{"@type":"ReadAction","target":["https:\/\/saulkrastubiblioteka.lv\/index.php\/2019\/03\/12\/kopa-lasisana-biblioteka\/"]}]},{"@type":"ImageObject","inLanguage":"lv-LV","@id":"https:\/\/saulkrastubiblioteka.lv\/index.php\/2019\/03\/12\/kopa-lasisana-biblioteka\/#primaryimage","url":"https:\/\/saulkrastubiblioteka.lv\/wp-content\/uploads\/2019\/03\/mmb12032019.jpg","contentUrl":"https:\/\/saulkrastubiblioteka.lv\/wp-content\/uploads\/2019\/03\/mmb12032019.jpg","width":2225,"height":1094},{"@type":"BreadcrumbList","@id":"https:\/\/saulkrastubiblioteka.lv\/index.php\/2019\/03\/12\/kopa-lasisana-biblioteka\/#breadcrumb","itemListElement":[{"@type":"ListItem","position":1,"name":"Home","item":"https:\/\/saulkrastubiblioteka.lv\/"},{"@type":"ListItem","position":2,"name":"Kop\u0101 las\u012b\u0161ana bibliot\u0113k\u0101"}]},{"@type":"WebSite","@id":"https:\/\/saulkrastubiblioteka.lv\/#website","url":"https:\/\/saulkrastubiblioteka.lv\/","name":"Saulkrastu novada bibliot\u0113ka","description":"Vieta, kur labi pavad\u012bt laiku un pab\u016bt mier\u0101","publisher":{"@id":"https:\/\/saulkrastubiblioteka.lv\/#organization"},"potentialAction":[{"@type":"SearchAction","target":{"@type":"EntryPoint","urlTemplate":"https:\/\/saulkrastubiblioteka.lv\/?s={search_term_string}"},"query-input":{"@type":"PropertyValueSpecification","valueRequired":true,"valueName":"search_term_string"}}],"inLanguage":"lv-LV"},{"@type":"Organization","@id":"https:\/\/saulkrastubiblioteka.lv\/#organization","name":"Saulkrastu novada bibliot\u0113ka","url":"https:\/\/saulkrastubiblioteka.lv\/","logo":{"@type":"ImageObject","inLanguage":"lv-LV","@id":"https:\/\/saulkrastubiblioteka.lv\/#\/schema\/logo\/image\/","url":"https:\/\/saulkrastubiblioteka.lv\/wp-content\/uploads\/2021\/01\/cropped-logo.png","contentUrl":"https:\/\/saulkrastubiblioteka.lv\/wp-content\/uploads\/2021\/01\/cropped-logo.png","width":240,"height":240,"caption":"Saulkrastu novada bibliot\u0113ka"},"image":{"@id":"https:\/\/saulkrastubiblioteka.lv\/#\/schema\/logo\/image\/"}},{"@type":"Person","@id":"https:\/\/saulkrastubiblioteka.lv\/#\/schema\/person\/2233277643a53fb60b293d42c1e5f7a2","name":"admin","image":{"@type":"ImageObject","inLanguage":"lv-LV","@id":"https:\/\/saulkrastubiblioteka.lv\/#\/schema\/person\/image\/","url":"https:\/\/secure.gravatar.com\/avatar\/a5ad3f68569c7df813ab9387f6d30b65?s=96&d=mm&r=g","contentUrl":"https:\/\/secure.gravatar.com\/avatar\/a5ad3f68569c7df813ab9387f6d30b65?s=96&d=mm&r=g","caption":"admin"},"url":"https:\/\/saulkrastubiblioteka.lv\/index.php\/author\/info_xjq16vdi\/"}]}},"_links":{"self":[{"href":"https:\/\/saulkrastubiblioteka.lv\/index.php\/wp-json\/wp\/v2\/posts\/1383","targetHints":{"allow":["GET"]}}],"collection":[{"href":"https:\/\/saulkrastubiblioteka.lv\/index.php\/wp-json\/wp\/v2\/posts"}],"about":[{"href":"https:\/\/saulkrastubiblioteka.lv\/index.php\/wp-json\/wp\/v2\/types\/post"}],"author":[{"embeddable":true,"href":"https:\/\/saulkrastubiblioteka.lv\/index.php\/wp-json\/wp\/v2\/users\/1"}],"replies":[{"embeddable":true,"href":"https:\/\/saulkrastubiblioteka.lv\/index.php\/wp-json\/wp\/v2\/comments?post=1383"}],"version-history":[{"count":1,"href":"https:\/\/saulkrastubiblioteka.lv\/index.php\/wp-json\/wp\/v2\/posts\/1383\/revisions"}],"predecessor-version":[{"id":1385,"href":"https:\/\/saulkrastubiblioteka.lv\/index.php\/wp-json\/wp\/v2\/posts\/1383\/revisions\/1385"}],"wp:attachment":[{"href":"https:\/\/saulkrastubiblioteka.lv\/index.php\/wp-json\/wp\/v2\/media?parent=1383"}],"wp:term":[{"taxonomy":"category","embeddable":true,"href":"https:\/\/saulkrastubiblioteka.lv\/index.php\/wp-json\/wp\/v2\/categories?post=1383"},{"taxonomy":"post_tag","embeddable":true,"href":"https:\/\/saulkrastubiblioteka.lv\/index.php\/wp-json\/wp\/v2\/tags?post=1383"}],"curies":[{"name":"wp","href":"https:\/\/api.w.org\/{rel}","templated":true}]}}