{"id":1306,"date":"2019-02-21T06:26:48","date_gmt":"2019-02-21T06:26:48","guid":{"rendered":"https:\/\/saulkrastubiblioteka.lv\/?p=1306"},"modified":"2019-02-21T06:30:25","modified_gmt":"2019-02-21T06:30:25","slug":"berni-lasa-gramatas","status":"publish","type":"post","link":"https:\/\/saulkrastubiblioteka.lv\/index.php\/2019\/02\/21\/berni-lasa-gramatas\/","title":{"rendered":"B\u0113rni lasa gr\u0101matas"},"content":{"rendered":"<div id=\"js_49\" class=\"_5pbx userContent _3576\" data-ft=\"{&quot;tn&quot;:&quot;K&quot;}\">\n<p><img loading=\"lazy\" decoding=\"async\" class=\"alignnone wp-image-1307\" src=\"https:\/\/saulkrastubiblioteka.lv\/wp-content\/uploads\/2019\/02\/MMB2019.jpg\" alt=\"\" width=\"500\" height=\"405\" srcset=\"https:\/\/saulkrastubiblioteka.lv\/wp-content\/uploads\/2019\/02\/MMB2019.jpg 960w, https:\/\/saulkrastubiblioteka.lv\/wp-content\/uploads\/2019\/02\/MMB2019-300x243.jpg 300w, https:\/\/saulkrastubiblioteka.lv\/wp-content\/uploads\/2019\/02\/MMB2019-768x622.jpg 768w\" sizes=\"auto, (max-width: 500px) 85vw, 500px\" \/><\/p>\n<p><img loading=\"lazy\" decoding=\"async\" class=\"alignleft size-full wp-image-916\" src=\"https:\/\/saulkrastubiblioteka.lv\/wp-content\/uploads\/2018\/10\/mmb_logo.jpg\" alt=\"\" width=\"150\" height=\"150\" \/>19. febru\u0101r\u012b Saulkrastu novada bibliot\u0113k\u0101 notika k\u0101rt\u0113jais pas\u0101kums projekta \u201cM\u016bsu maz\u0101 bibliot\u0113ka\u201d ietvaros, kur\u0101 piedal\u012bj\u0101s Saulkrastu PII R\u016b\u0137\u012btis grupas \u201cSp\u0101r\u012bte\u201d audz\u0113k\u0146i un citi interesenti.<br \/>\n\u0160aj\u0101 nodarb\u012bb\u0101 tika apskat\u012bta Damjana Stepan\u010di\u010da gr\u0101mata \u201eBr\u012bnumu gredzens\u201d un M\u0101rti\u0146\u0101 Zu\u0161a gr\u0101mata \u201cNenotiku\u0161ais atkl\u0101jums\u201d.<\/p>\n<p>Projekts \u201cM\u016bsu maz\u0101 bibliot\u0113ka\u201d ilgs l\u012bdz 2019. gada maijam un tiek \u012bstenots se\u0161\u0101s valst\u012bs (Latvij\u0101, Lietuv\u0101, Igaunij\u0101, Polij\u0101, Slov\u0113nija, Horv\u0101tij\u0101). To atbalsta Eiropas Savien\u012bbas programma \u201cRado\u0161\u0101 Eiropa\u201d un Latvijas Republikas Kult\u016bras ministrija. Projekta m\u0113r\u0137is ir veicin\u0101t b\u0113rnu interesi par literat\u016bru un ilustr\u0101ciju, k\u0101 ar\u012b rosin\u0101t b\u0113rnus uz da\u017e\u0101d\u0101m rado\u0161\u0101m nodarb\u0113m.<\/p>\n<p><a class=\"_58cn\" href=\"https:\/\/www.facebook.com\/hashtag\/musumazabiblioteka?source=feed_text&amp;__xts__%5B0%5D=68.ARBS4n56aPinY85ajII-DiNKxOue1sCHSSQiD193GgHxBT3GooL75Gr6kV5sX7Yey2kDWpavN0qkEt45GRYCKX7WuMKczZO07IVl0G5nPDUc6Aq-79HWQSdyrh1YQCCsn7aI8J5RS2Q5mBbxDKUkEeXqRKwqB9k_vHkO6qxi-RU9QVkviuyqZDj7LqQVcjqsy0rOd3wm_sns73TrRwrV3caR&amp;__tn__=%2ANK-R\" data-ft=\"{&quot;type&quot;:104,&quot;tn&quot;:&quot;*N&quot;}\"><span class=\"_5afx\"><span class=\"_58cl _5afz\" aria-label=\"atsauces tags\">#<\/span><span class=\"_58cm\">musumazabiblioteka<\/span><\/span><\/a><\/p>\n<\/div>\n","protected":false},"excerpt":{"rendered":"<p>19. febru\u0101r\u012b Saulkrastu novada bibliot\u0113k\u0101 notika k\u0101rt\u0113jais pas\u0101kums projekta \u201cM\u016bsu maz\u0101 bibliot\u0113ka\u201d ietvaros, kur\u0101 piedal\u012bj\u0101s Saulkrastu PII R\u016b\u0137\u012btis grupas \u201cSp\u0101r\u012bte\u201d audz\u0113k\u0146i un citi interesenti. \u0160aj\u0101 nodarb\u012bb\u0101 tika apskat\u012bta Damjana Stepan\u010di\u010da gr\u0101mata \u201eBr\u012bnumu gredzens\u201d un M\u0101rti\u0146\u0101 Zu\u0161a gr\u0101mata \u201cNenotiku\u0161ais atkl\u0101jums\u201d. Projekts \u201cM\u016bsu maz\u0101 bibliot\u0113ka\u201d ilgs l\u012bdz 2019. gada maijam un tiek \u012bstenots se\u0161\u0101s valst\u012bs (Latvij\u0101, Lietuv\u0101, &hellip; <a href=\"https:\/\/saulkrastubiblioteka.lv\/index.php\/2019\/02\/21\/berni-lasa-gramatas\/\" class=\"more-link\">Turpin\u0101t las\u012bt<span class=\"screen-reader-text\"> &#8220;B\u0113rni lasa gr\u0101matas&#8221;<\/span><\/a><\/p>\n","protected":false},"author":1,"featured_media":0,"comment_status":"closed","ping_status":"open","sticky":false,"template":"","format":"standard","meta":{"footnotes":""},"categories":[41],"tags":[],"class_list":["post-1306","post","type-post","status-publish","format-standard","hentry","category-musu-maza-biblioteka"],"yoast_head":"<!-- This site is optimized with the Yoast SEO plugin v24.2 - https:\/\/yoast.com\/wordpress\/plugins\/seo\/ -->\n<title>B\u0113rni lasa gr\u0101matas - Saulkrastu novada bibliot\u0113ka<\/title>\n<meta name=\"robots\" content=\"index, follow, max-snippet:-1, max-image-preview:large, max-video-preview:-1\" \/>\n<link rel=\"canonical\" href=\"https:\/\/saulkrastubiblioteka.lv\/index.php\/2019\/02\/21\/berni-lasa-gramatas\/\" \/>\n<meta property=\"og:locale\" content=\"lv_LV\" \/>\n<meta property=\"og:type\" content=\"article\" \/>\n<meta property=\"og:title\" content=\"B\u0113rni lasa gr\u0101matas - Saulkrastu novada bibliot\u0113ka\" \/>\n<meta property=\"og:description\" content=\"19. febru\u0101r\u012b Saulkrastu novada bibliot\u0113k\u0101 notika k\u0101rt\u0113jais pas\u0101kums projekta \u201cM\u016bsu maz\u0101 bibliot\u0113ka\u201d ietvaros, kur\u0101 piedal\u012bj\u0101s Saulkrastu PII R\u016b\u0137\u012btis grupas \u201cSp\u0101r\u012bte\u201d audz\u0113k\u0146i un citi interesenti. \u0160aj\u0101 nodarb\u012bb\u0101 tika apskat\u012bta Damjana Stepan\u010di\u010da gr\u0101mata \u201eBr\u012bnumu gredzens\u201d un M\u0101rti\u0146\u0101 Zu\u0161a gr\u0101mata \u201cNenotiku\u0161ais atkl\u0101jums\u201d. Projekts \u201cM\u016bsu maz\u0101 bibliot\u0113ka\u201d ilgs l\u012bdz 2019. gada maijam un tiek \u012bstenots se\u0161\u0101s valst\u012bs (Latvij\u0101, Lietuv\u0101, &hellip; Turpin\u0101t las\u012bt &quot;B\u0113rni lasa gr\u0101matas&quot;\" \/>\n<meta property=\"og:url\" content=\"https:\/\/saulkrastubiblioteka.lv\/index.php\/2019\/02\/21\/berni-lasa-gramatas\/\" \/>\n<meta property=\"og:site_name\" content=\"Saulkrastu novada bibliot\u0113ka\" \/>\n<meta property=\"article:published_time\" content=\"2019-02-21T06:26:48+00:00\" \/>\n<meta property=\"article:modified_time\" content=\"2019-02-21T06:30:25+00:00\" \/>\n<meta property=\"og:image\" content=\"https:\/\/saulkrastubiblioteka.lv\/wp-content\/uploads\/2019\/02\/MMB2019.jpg\" \/>\n<meta name=\"author\" content=\"admin\" \/>\n<meta name=\"twitter:card\" content=\"summary_large_image\" \/>\n<meta name=\"twitter:label1\" content=\"Written by\" \/>\n\t<meta name=\"twitter:data1\" content=\"admin\" \/>\n\t<meta name=\"twitter:label2\" content=\"Est. reading time\" \/>\n\t<meta name=\"twitter:data2\" content=\"1 min\u016bte\" \/>\n<script type=\"application\/ld+json\" class=\"yoast-schema-graph\">{\"@context\":\"https:\/\/schema.org\",\"@graph\":[{\"@type\":\"Article\",\"@id\":\"https:\/\/saulkrastubiblioteka.lv\/index.php\/2019\/02\/21\/berni-lasa-gramatas\/#article\",\"isPartOf\":{\"@id\":\"https:\/\/saulkrastubiblioteka.lv\/index.php\/2019\/02\/21\/berni-lasa-gramatas\/\"},\"author\":{\"name\":\"admin\",\"@id\":\"https:\/\/saulkrastubiblioteka.lv\/#\/schema\/person\/2233277643a53fb60b293d42c1e5f7a2\"},\"headline\":\"B\u0113rni lasa gr\u0101matas\",\"datePublished\":\"2019-02-21T06:26:48+00:00\",\"dateModified\":\"2019-02-21T06:30:25+00:00\",\"mainEntityOfPage\":{\"@id\":\"https:\/\/saulkrastubiblioteka.lv\/index.php\/2019\/02\/21\/berni-lasa-gramatas\/\"},\"wordCount\":139,\"publisher\":{\"@id\":\"https:\/\/saulkrastubiblioteka.lv\/#organization\"},\"image\":{\"@id\":\"https:\/\/saulkrastubiblioteka.lv\/index.php\/2019\/02\/21\/berni-lasa-gramatas\/#primaryimage\"},\"thumbnailUrl\":\"https:\/\/saulkrastubiblioteka.lv\/wp-content\/uploads\/2019\/02\/MMB2019.jpg\",\"articleSection\":[\"M\u016bsu maz\u0101 bibliot\u0113ka\"],\"inLanguage\":\"lv-LV\"},{\"@type\":\"WebPage\",\"@id\":\"https:\/\/saulkrastubiblioteka.lv\/index.php\/2019\/02\/21\/berni-lasa-gramatas\/\",\"url\":\"https:\/\/saulkrastubiblioteka.lv\/index.php\/2019\/02\/21\/berni-lasa-gramatas\/\",\"name\":\"B\u0113rni lasa gr\u0101matas - Saulkrastu novada bibliot\u0113ka\",\"isPartOf\":{\"@id\":\"https:\/\/saulkrastubiblioteka.lv\/#website\"},\"primaryImageOfPage\":{\"@id\":\"https:\/\/saulkrastubiblioteka.lv\/index.php\/2019\/02\/21\/berni-lasa-gramatas\/#primaryimage\"},\"image\":{\"@id\":\"https:\/\/saulkrastubiblioteka.lv\/index.php\/2019\/02\/21\/berni-lasa-gramatas\/#primaryimage\"},\"thumbnailUrl\":\"https:\/\/saulkrastubiblioteka.lv\/wp-content\/uploads\/2019\/02\/MMB2019.jpg\",\"datePublished\":\"2019-02-21T06:26:48+00:00\",\"dateModified\":\"2019-02-21T06:30:25+00:00\",\"breadcrumb\":{\"@id\":\"https:\/\/saulkrastubiblioteka.lv\/index.php\/2019\/02\/21\/berni-lasa-gramatas\/#breadcrumb\"},\"inLanguage\":\"lv-LV\",\"potentialAction\":[{\"@type\":\"ReadAction\",\"target\":[\"https:\/\/saulkrastubiblioteka.lv\/index.php\/2019\/02\/21\/berni-lasa-gramatas\/\"]}]},{\"@type\":\"ImageObject\",\"inLanguage\":\"lv-LV\",\"@id\":\"https:\/\/saulkrastubiblioteka.lv\/index.php\/2019\/02\/21\/berni-lasa-gramatas\/#primaryimage\",\"url\":\"https:\/\/saulkrastubiblioteka.lv\/wp-content\/uploads\/2019\/02\/MMB2019.jpg\",\"contentUrl\":\"https:\/\/saulkrastubiblioteka.lv\/wp-content\/uploads\/2019\/02\/MMB2019.jpg\",\"width\":960,\"height\":778},{\"@type\":\"BreadcrumbList\",\"@id\":\"https:\/\/saulkrastubiblioteka.lv\/index.php\/2019\/02\/21\/berni-lasa-gramatas\/#breadcrumb\",\"itemListElement\":[{\"@type\":\"ListItem\",\"position\":1,\"name\":\"Home\",\"item\":\"https:\/\/saulkrastubiblioteka.lv\/\"},{\"@type\":\"ListItem\",\"position\":2,\"name\":\"B\u0113rni lasa gr\u0101matas\"}]},{\"@type\":\"WebSite\",\"@id\":\"https:\/\/saulkrastubiblioteka.lv\/#website\",\"url\":\"https:\/\/saulkrastubiblioteka.lv\/\",\"name\":\"Saulkrastu novada bibliot\u0113ka\",\"description\":\"Vieta, kur labi pavad\u012bt laiku un pab\u016bt mier\u0101\",\"publisher\":{\"@id\":\"https:\/\/saulkrastubiblioteka.lv\/#organization\"},\"potentialAction\":[{\"@type\":\"SearchAction\",\"target\":{\"@type\":\"EntryPoint\",\"urlTemplate\":\"https:\/\/saulkrastubiblioteka.lv\/?s={search_term_string}\"},\"query-input\":{\"@type\":\"PropertyValueSpecification\",\"valueRequired\":true,\"valueName\":\"search_term_string\"}}],\"inLanguage\":\"lv-LV\"},{\"@type\":\"Organization\",\"@id\":\"https:\/\/saulkrastubiblioteka.lv\/#organization\",\"name\":\"Saulkrastu novada bibliot\u0113ka\",\"url\":\"https:\/\/saulkrastubiblioteka.lv\/\",\"logo\":{\"@type\":\"ImageObject\",\"inLanguage\":\"lv-LV\",\"@id\":\"https:\/\/saulkrastubiblioteka.lv\/#\/schema\/logo\/image\/\",\"url\":\"https:\/\/saulkrastubiblioteka.lv\/wp-content\/uploads\/2021\/01\/cropped-logo.png\",\"contentUrl\":\"https:\/\/saulkrastubiblioteka.lv\/wp-content\/uploads\/2021\/01\/cropped-logo.png\",\"width\":240,\"height\":240,\"caption\":\"Saulkrastu novada bibliot\u0113ka\"},\"image\":{\"@id\":\"https:\/\/saulkrastubiblioteka.lv\/#\/schema\/logo\/image\/\"}},{\"@type\":\"Person\",\"@id\":\"https:\/\/saulkrastubiblioteka.lv\/#\/schema\/person\/2233277643a53fb60b293d42c1e5f7a2\",\"name\":\"admin\",\"image\":{\"@type\":\"ImageObject\",\"inLanguage\":\"lv-LV\",\"@id\":\"https:\/\/saulkrastubiblioteka.lv\/#\/schema\/person\/image\/\",\"url\":\"https:\/\/secure.gravatar.com\/avatar\/a5ad3f68569c7df813ab9387f6d30b65?s=96&d=mm&r=g\",\"contentUrl\":\"https:\/\/secure.gravatar.com\/avatar\/a5ad3f68569c7df813ab9387f6d30b65?s=96&d=mm&r=g\",\"caption\":\"admin\"},\"url\":\"https:\/\/saulkrastubiblioteka.lv\/index.php\/author\/info_xjq16vdi\/\"}]}<\/script>\n<!-- \/ Yoast SEO plugin. -->","yoast_head_json":{"title":"B\u0113rni lasa gr\u0101matas - Saulkrastu novada bibliot\u0113ka","robots":{"index":"index","follow":"follow","max-snippet":"max-snippet:-1","max-image-preview":"max-image-preview:large","max-video-preview":"max-video-preview:-1"},"canonical":"https:\/\/saulkrastubiblioteka.lv\/index.php\/2019\/02\/21\/berni-lasa-gramatas\/","og_locale":"lv_LV","og_type":"article","og_title":"B\u0113rni lasa gr\u0101matas - Saulkrastu novada bibliot\u0113ka","og_description":"19. febru\u0101r\u012b Saulkrastu novada bibliot\u0113k\u0101 notika k\u0101rt\u0113jais pas\u0101kums projekta \u201cM\u016bsu maz\u0101 bibliot\u0113ka\u201d ietvaros, kur\u0101 piedal\u012bj\u0101s Saulkrastu PII R\u016b\u0137\u012btis grupas \u201cSp\u0101r\u012bte\u201d audz\u0113k\u0146i un citi interesenti. \u0160aj\u0101 nodarb\u012bb\u0101 tika apskat\u012bta Damjana Stepan\u010di\u010da gr\u0101mata \u201eBr\u012bnumu gredzens\u201d un M\u0101rti\u0146\u0101 Zu\u0161a gr\u0101mata \u201cNenotiku\u0161ais atkl\u0101jums\u201d. Projekts \u201cM\u016bsu maz\u0101 bibliot\u0113ka\u201d ilgs l\u012bdz 2019. gada maijam un tiek \u012bstenots se\u0161\u0101s valst\u012bs (Latvij\u0101, Lietuv\u0101, &hellip; Turpin\u0101t las\u012bt \"B\u0113rni lasa gr\u0101matas\"","og_url":"https:\/\/saulkrastubiblioteka.lv\/index.php\/2019\/02\/21\/berni-lasa-gramatas\/","og_site_name":"Saulkrastu novada bibliot\u0113ka","article_published_time":"2019-02-21T06:26:48+00:00","article_modified_time":"2019-02-21T06:30:25+00:00","og_image":[{"url":"https:\/\/saulkrastubiblioteka.lv\/wp-content\/uploads\/2019\/02\/MMB2019.jpg","type":"","width":"","height":""}],"author":"admin","twitter_card":"summary_large_image","twitter_misc":{"Written by":"admin","Est. reading time":"1 min\u016bte"},"schema":{"@context":"https:\/\/schema.org","@graph":[{"@type":"Article","@id":"https:\/\/saulkrastubiblioteka.lv\/index.php\/2019\/02\/21\/berni-lasa-gramatas\/#article","isPartOf":{"@id":"https:\/\/saulkrastubiblioteka.lv\/index.php\/2019\/02\/21\/berni-lasa-gramatas\/"},"author":{"name":"admin","@id":"https:\/\/saulkrastubiblioteka.lv\/#\/schema\/person\/2233277643a53fb60b293d42c1e5f7a2"},"headline":"B\u0113rni lasa gr\u0101matas","datePublished":"2019-02-21T06:26:48+00:00","dateModified":"2019-02-21T06:30:25+00:00","mainEntityOfPage":{"@id":"https:\/\/saulkrastubiblioteka.lv\/index.php\/2019\/02\/21\/berni-lasa-gramatas\/"},"wordCount":139,"publisher":{"@id":"https:\/\/saulkrastubiblioteka.lv\/#organization"},"image":{"@id":"https:\/\/saulkrastubiblioteka.lv\/index.php\/2019\/02\/21\/berni-lasa-gramatas\/#primaryimage"},"thumbnailUrl":"https:\/\/saulkrastubiblioteka.lv\/wp-content\/uploads\/2019\/02\/MMB2019.jpg","articleSection":["M\u016bsu maz\u0101 bibliot\u0113ka"],"inLanguage":"lv-LV"},{"@type":"WebPage","@id":"https:\/\/saulkrastubiblioteka.lv\/index.php\/2019\/02\/21\/berni-lasa-gramatas\/","url":"https:\/\/saulkrastubiblioteka.lv\/index.php\/2019\/02\/21\/berni-lasa-gramatas\/","name":"B\u0113rni lasa gr\u0101matas - Saulkrastu novada bibliot\u0113ka","isPartOf":{"@id":"https:\/\/saulkrastubiblioteka.lv\/#website"},"primaryImageOfPage":{"@id":"https:\/\/saulkrastubiblioteka.lv\/index.php\/2019\/02\/21\/berni-lasa-gramatas\/#primaryimage"},"image":{"@id":"https:\/\/saulkrastubiblioteka.lv\/index.php\/2019\/02\/21\/berni-lasa-gramatas\/#primaryimage"},"thumbnailUrl":"https:\/\/saulkrastubiblioteka.lv\/wp-content\/uploads\/2019\/02\/MMB2019.jpg","datePublished":"2019-02-21T06:26:48+00:00","dateModified":"2019-02-21T06:30:25+00:00","breadcrumb":{"@id":"https:\/\/saulkrastubiblioteka.lv\/index.php\/2019\/02\/21\/berni-lasa-gramatas\/#breadcrumb"},"inLanguage":"lv-LV","potentialAction":[{"@type":"ReadAction","target":["https:\/\/saulkrastubiblioteka.lv\/index.php\/2019\/02\/21\/berni-lasa-gramatas\/"]}]},{"@type":"ImageObject","inLanguage":"lv-LV","@id":"https:\/\/saulkrastubiblioteka.lv\/index.php\/2019\/02\/21\/berni-lasa-gramatas\/#primaryimage","url":"https:\/\/saulkrastubiblioteka.lv\/wp-content\/uploads\/2019\/02\/MMB2019.jpg","contentUrl":"https:\/\/saulkrastubiblioteka.lv\/wp-content\/uploads\/2019\/02\/MMB2019.jpg","width":960,"height":778},{"@type":"BreadcrumbList","@id":"https:\/\/saulkrastubiblioteka.lv\/index.php\/2019\/02\/21\/berni-lasa-gramatas\/#breadcrumb","itemListElement":[{"@type":"ListItem","position":1,"name":"Home","item":"https:\/\/saulkrastubiblioteka.lv\/"},{"@type":"ListItem","position":2,"name":"B\u0113rni lasa gr\u0101matas"}]},{"@type":"WebSite","@id":"https:\/\/saulkrastubiblioteka.lv\/#website","url":"https:\/\/saulkrastubiblioteka.lv\/","name":"Saulkrastu novada bibliot\u0113ka","description":"Vieta, kur labi pavad\u012bt laiku un pab\u016bt mier\u0101","publisher":{"@id":"https:\/\/saulkrastubiblioteka.lv\/#organization"},"potentialAction":[{"@type":"SearchAction","target":{"@type":"EntryPoint","urlTemplate":"https:\/\/saulkrastubiblioteka.lv\/?s={search_term_string}"},"query-input":{"@type":"PropertyValueSpecification","valueRequired":true,"valueName":"search_term_string"}}],"inLanguage":"lv-LV"},{"@type":"Organization","@id":"https:\/\/saulkrastubiblioteka.lv\/#organization","name":"Saulkrastu novada bibliot\u0113ka","url":"https:\/\/saulkrastubiblioteka.lv\/","logo":{"@type":"ImageObject","inLanguage":"lv-LV","@id":"https:\/\/saulkrastubiblioteka.lv\/#\/schema\/logo\/image\/","url":"https:\/\/saulkrastubiblioteka.lv\/wp-content\/uploads\/2021\/01\/cropped-logo.png","contentUrl":"https:\/\/saulkrastubiblioteka.lv\/wp-content\/uploads\/2021\/01\/cropped-logo.png","width":240,"height":240,"caption":"Saulkrastu novada bibliot\u0113ka"},"image":{"@id":"https:\/\/saulkrastubiblioteka.lv\/#\/schema\/logo\/image\/"}},{"@type":"Person","@id":"https:\/\/saulkrastubiblioteka.lv\/#\/schema\/person\/2233277643a53fb60b293d42c1e5f7a2","name":"admin","image":{"@type":"ImageObject","inLanguage":"lv-LV","@id":"https:\/\/saulkrastubiblioteka.lv\/#\/schema\/person\/image\/","url":"https:\/\/secure.gravatar.com\/avatar\/a5ad3f68569c7df813ab9387f6d30b65?s=96&d=mm&r=g","contentUrl":"https:\/\/secure.gravatar.com\/avatar\/a5ad3f68569c7df813ab9387f6d30b65?s=96&d=mm&r=g","caption":"admin"},"url":"https:\/\/saulkrastubiblioteka.lv\/index.php\/author\/info_xjq16vdi\/"}]}},"_links":{"self":[{"href":"https:\/\/saulkrastubiblioteka.lv\/index.php\/wp-json\/wp\/v2\/posts\/1306","targetHints":{"allow":["GET"]}}],"collection":[{"href":"https:\/\/saulkrastubiblioteka.lv\/index.php\/wp-json\/wp\/v2\/posts"}],"about":[{"href":"https:\/\/saulkrastubiblioteka.lv\/index.php\/wp-json\/wp\/v2\/types\/post"}],"author":[{"embeddable":true,"href":"https:\/\/saulkrastubiblioteka.lv\/index.php\/wp-json\/wp\/v2\/users\/1"}],"replies":[{"embeddable":true,"href":"https:\/\/saulkrastubiblioteka.lv\/index.php\/wp-json\/wp\/v2\/comments?post=1306"}],"version-history":[{"count":5,"href":"https:\/\/saulkrastubiblioteka.lv\/index.php\/wp-json\/wp\/v2\/posts\/1306\/revisions"}],"predecessor-version":[{"id":1312,"href":"https:\/\/saulkrastubiblioteka.lv\/index.php\/wp-json\/wp\/v2\/posts\/1306\/revisions\/1312"}],"wp:attachment":[{"href":"https:\/\/saulkrastubiblioteka.lv\/index.php\/wp-json\/wp\/v2\/media?parent=1306"}],"wp:term":[{"taxonomy":"category","embeddable":true,"href":"https:\/\/saulkrastubiblioteka.lv\/index.php\/wp-json\/wp\/v2\/categories?post=1306"},{"taxonomy":"post_tag","embeddable":true,"href":"https:\/\/saulkrastubiblioteka.lv\/index.php\/wp-json\/wp\/v2\/tags?post=1306"}],"curies":[{"name":"wp","href":"https:\/\/api.w.org\/{rel}","templated":true}]}}