{"id":1295,"date":"2019-02-18T13:38:11","date_gmt":"2019-02-18T13:38:11","guid":{"rendered":"https:\/\/saulkrastubiblioteka.lv\/?p=1295"},"modified":"2019-04-12T10:45:51","modified_gmt":"2019-04-12T10:45:51","slug":"no-25-marta-lidz-29-martam-latvija-norisinasies-ikgadeja-informativa-kampana-digitala-nedela-2018","status":"publish","type":"post","link":"https:\/\/saulkrastubiblioteka.lv\/index.php\/2019\/02\/18\/no-25-marta-lidz-29-martam-latvija-norisinasies-ikgadeja-informativa-kampana-digitala-nedela-2018\/","title":{"rendered":"No 25.marta l\u012bdz 29.martam Latvij\u0101 norisin\u0101sies ikgad\u0113j\u0101 informat\u012bv\u0101 kampa\u0146a \u201cDigit\u0101l\u0101 ned\u0113\u013ca 2019\u201d"},"content":{"rendered":"<p><a href=\"http:\/\/eprasmes.lv\/\"><img loading=\"lazy\" decoding=\"async\" class=\"alignnone wp-image-1297 size-full\" src=\"https:\/\/saulkrastubiblioteka.lv\/wp-content\/uploads\/2019\/02\/alldigital.jpg\" alt=\"\" width=\"1252\" height=\"235\" srcset=\"https:\/\/saulkrastubiblioteka.lv\/wp-content\/uploads\/2019\/02\/alldigital.jpg 1252w, https:\/\/saulkrastubiblioteka.lv\/wp-content\/uploads\/2019\/02\/alldigital-300x56.jpg 300w, https:\/\/saulkrastubiblioteka.lv\/wp-content\/uploads\/2019\/02\/alldigital-768x144.jpg 768w, https:\/\/saulkrastubiblioteka.lv\/wp-content\/uploads\/2019\/02\/alldigital-1024x192.jpg 1024w, https:\/\/saulkrastubiblioteka.lv\/wp-content\/uploads\/2019\/02\/alldigital-1200x225.jpg 1200w\" sizes=\"auto, (max-width: 709px) 85vw, (max-width: 909px) 67vw, (max-width: 1362px) 62vw, 840px\" \/><\/a><br \/>\nNo <em><strong>25.marta l\u012bdz 29.martam<\/strong> <\/em>Latvij\u0101 norisin\u0101sies ikgad\u0113j\u0101 informat\u012bv\u0101 kampa\u0146a <a href=\"http:\/\/eprasmes.lv\/\"><strong>\u201cDigit\u0101l\u0101 ned\u0113\u013ca 2019\u201d<\/strong><\/a> (turpm\u0101k \u2013 Digit\u0101l\u0101 ned\u0113\u013ca). T\u0101 Latvij\u0101 tiek organiz\u0113ta Eiropas kampa\u0146as <em><a href=\"http:\/\/alldigitalweek.eu\/\">ALL DIGITAL Week<\/a><\/em> ietvaros un norisin\u0101sies jau 10.reizi. Digit\u0101lo ned\u0113\u013cu organiz\u0113 VARAM sadarb\u012bb\u0101 ar Latvijas Inform\u0101cijas un komunik\u0101cijas tehnolo\u0123ijas asoci\u0101ciju.<!--more--><\/p>\n<p><strong>Digit\u0101l\u0101s ned\u0113\u013cas m\u0113r\u0137is ir <\/strong>piev\u0113rst uzman\u012bbu inform\u0101cijas un komunik\u0101cijas tehnolo\u0123iju (turpm\u0101k \u2013 IKT) prasmju noz\u012bmei nodarbin\u0101t\u012bbas un konkur\u0113tsp\u0113jas jom\u0101, IKT karjeras izv\u0113l\u0113, Eiropas l\u012bme\u0146a IKT prasmju ietvaru ievie\u0161an\u0101 un sertific\u0113\u0161an\u0101, k\u0101 ar\u012b digit\u0101lo tehnolo\u0123iju izmanto\u0161an\u0101. Vienlaikus b\u016btiska noz\u012bme tiks piev\u0113rsta dro\u0161\u012bbas jaut\u0101jumiem.<\/p>\n<p><strong>Latvij\u0101 2019. gada \u201cDigit\u0101l\u0101 ned\u0113\u013c\u0101\u201d ietvertas \u0161\u0101das galven\u0101s t\u0113mas:<\/strong><\/p>\n<ul>\n<li>Sabiedr\u012bbas, valsts un uz\u0146\u0113mumu digit\u0101l\u0101 transform\u0101cija (p\u0101rveide)<\/li>\n<li>Digit\u0101l\u0101 identit\u0101te<\/li>\n<li>Iedz\u012bvot\u0101ju digit\u0101l\u0101s prasmes un digit\u0101lie pakalpojumi<\/li>\n<li>Digit\u0101l\u0101s prasmes n\u0101kotnes digit\u0101lajam darbam<\/li>\n<li>Digit\u0101l\u0101s prasmes IKT profesion\u0101liem<\/li>\n<li>Dro\u0161\u012bba un p\u0101rliec\u012bba lietot digit\u0101l\u0101s tehnolo\u0123ijas<\/li>\n<li>Kritisk\u0101 dom\u0101\u0161ana un mediju prat\u012bba<\/li>\n<\/ul>\n<p>Digit\u0101l\u0101s ned\u0113\u013cas ietvaros tiks organiz\u0113ti gan centr\u0101lie pas\u0101kumi un diskusijas, kam var\u0113s sekot l\u012bdz interneta tie\u0161raid\u0113s, gan pas\u0101kumi, kas notiks visos Latvijas re\u0123ionos: skol\u0101s un bibliot\u0113k\u0101s, nevalstiskaj\u0101s organiz\u0101cij\u0101s, pa\u0161vald\u012bb\u0101s un uz\u0146\u0113mumos. B\u016bs iesp\u0113jams p\u0101rbaud\u012bt savas digit\u0101l\u0101s prasmes pa\u0161nov\u0113rt\u0113juma testos.<\/p>\n<p><strong>&#8220;Digit\u0101l\u0101s ned\u0113\u013cas&#8221; koordinatori Saulkrastu novad\u0101:<\/strong><\/p>\n<p><img loading=\"lazy\" decoding=\"async\" class=\"alignnone size-full wp-image-1303\" src=\"https:\/\/saulkrastubiblioteka.lv\/wp-content\/uploads\/2019\/02\/koordinatori.jpg\" alt=\"\" width=\"674\" height=\"496\" srcset=\"https:\/\/saulkrastubiblioteka.lv\/wp-content\/uploads\/2019\/02\/koordinatori.jpg 674w, https:\/\/saulkrastubiblioteka.lv\/wp-content\/uploads\/2019\/02\/koordinatori-300x221.jpg 300w\" sizes=\"auto, (max-width: 709px) 85vw, (max-width: 909px) 67vw, (max-width: 984px) 61vw, (max-width: 1362px) 45vw, 600px\" \/><\/p>\n","protected":false},"excerpt":{"rendered":"<p>No 25.marta l\u012bdz 29.martam Latvij\u0101 norisin\u0101sies ikgad\u0113j\u0101 informat\u012bv\u0101 kampa\u0146a \u201cDigit\u0101l\u0101 ned\u0113\u013ca 2019\u201d (turpm\u0101k \u2013 Digit\u0101l\u0101 ned\u0113\u013ca). T\u0101 Latvij\u0101 tiek organiz\u0113ta Eiropas kampa\u0146as ALL DIGITAL Week ietvaros un norisin\u0101sies jau 10.reizi. Digit\u0101lo ned\u0113\u013cu organiz\u0113 VARAM sadarb\u012bb\u0101 ar Latvijas Inform\u0101cijas un komunik\u0101cijas tehnolo\u0123ijas asoci\u0101ciju.<\/p>\n","protected":false},"author":1,"featured_media":0,"comment_status":"closed","ping_status":"open","sticky":false,"template":"","format":"standard","meta":{"footnotes":""},"categories":[27,59],"tags":[],"class_list":["post-1295","post","type-post","status-publish","format-standard","hentry","category-apmacibas","category-digitala-nedela"],"yoast_head":"<!-- This site is optimized with the Yoast SEO plugin v24.2 - https:\/\/yoast.com\/wordpress\/plugins\/seo\/ -->\n<title>No 25.marta l\u012bdz 29.martam Latvij\u0101 norisin\u0101sies ikgad\u0113j\u0101 informat\u012bv\u0101 kampa\u0146a \u201cDigit\u0101l\u0101 ned\u0113\u013ca 2019\u201d - Saulkrastu novada bibliot\u0113ka<\/title>\n<meta name=\"robots\" content=\"index, follow, max-snippet:-1, max-image-preview:large, max-video-preview:-1\" \/>\n<link rel=\"canonical\" href=\"https:\/\/saulkrastubiblioteka.lv\/index.php\/2019\/02\/18\/no-25-marta-lidz-29-martam-latvija-norisinasies-ikgadeja-informativa-kampana-digitala-nedela-2018\/\" \/>\n<meta property=\"og:locale\" content=\"lv_LV\" \/>\n<meta property=\"og:type\" content=\"article\" \/>\n<meta property=\"og:title\" content=\"No 25.marta l\u012bdz 29.martam Latvij\u0101 norisin\u0101sies ikgad\u0113j\u0101 informat\u012bv\u0101 kampa\u0146a \u201cDigit\u0101l\u0101 ned\u0113\u013ca 2019\u201d - Saulkrastu novada bibliot\u0113ka\" \/>\n<meta property=\"og:description\" content=\"No 25.marta l\u012bdz 29.martam Latvij\u0101 norisin\u0101sies ikgad\u0113j\u0101 informat\u012bv\u0101 kampa\u0146a \u201cDigit\u0101l\u0101 ned\u0113\u013ca 2019\u201d (turpm\u0101k \u2013 Digit\u0101l\u0101 ned\u0113\u013ca). T\u0101 Latvij\u0101 tiek organiz\u0113ta Eiropas kampa\u0146as ALL DIGITAL Week ietvaros un norisin\u0101sies jau 10.reizi. Digit\u0101lo ned\u0113\u013cu organiz\u0113 VARAM sadarb\u012bb\u0101 ar Latvijas Inform\u0101cijas un komunik\u0101cijas tehnolo\u0123ijas asoci\u0101ciju.\" \/>\n<meta property=\"og:url\" content=\"https:\/\/saulkrastubiblioteka.lv\/index.php\/2019\/02\/18\/no-25-marta-lidz-29-martam-latvija-norisinasies-ikgadeja-informativa-kampana-digitala-nedela-2018\/\" \/>\n<meta property=\"og:site_name\" content=\"Saulkrastu novada bibliot\u0113ka\" \/>\n<meta property=\"article:published_time\" content=\"2019-02-18T13:38:11+00:00\" \/>\n<meta property=\"article:modified_time\" content=\"2019-04-12T10:45:51+00:00\" \/>\n<meta property=\"og:image\" content=\"https:\/\/saulkrastubiblioteka.lv\/wp-content\/uploads\/2019\/02\/alldigital.jpg\" \/>\n<meta name=\"author\" content=\"admin\" \/>\n<meta name=\"twitter:card\" content=\"summary_large_image\" \/>\n<meta name=\"twitter:label1\" content=\"Written by\" \/>\n\t<meta name=\"twitter:data1\" content=\"admin\" \/>\n\t<meta name=\"twitter:label2\" content=\"Est. reading time\" \/>\n\t<meta name=\"twitter:data2\" content=\"1 min\u016bte\" \/>\n<script type=\"application\/ld+json\" class=\"yoast-schema-graph\">{\"@context\":\"https:\/\/schema.org\",\"@graph\":[{\"@type\":\"Article\",\"@id\":\"https:\/\/saulkrastubiblioteka.lv\/index.php\/2019\/02\/18\/no-25-marta-lidz-29-martam-latvija-norisinasies-ikgadeja-informativa-kampana-digitala-nedela-2018\/#article\",\"isPartOf\":{\"@id\":\"https:\/\/saulkrastubiblioteka.lv\/index.php\/2019\/02\/18\/no-25-marta-lidz-29-martam-latvija-norisinasies-ikgadeja-informativa-kampana-digitala-nedela-2018\/\"},\"author\":{\"name\":\"admin\",\"@id\":\"https:\/\/saulkrastubiblioteka.lv\/#\/schema\/person\/2233277643a53fb60b293d42c1e5f7a2\"},\"headline\":\"No 25.marta l\u012bdz 29.martam Latvij\u0101 norisin\u0101sies ikgad\u0113j\u0101 informat\u012bv\u0101 kampa\u0146a \u201cDigit\u0101l\u0101 ned\u0113\u013ca 2019\u201d\",\"datePublished\":\"2019-02-18T13:38:11+00:00\",\"dateModified\":\"2019-04-12T10:45:51+00:00\",\"mainEntityOfPage\":{\"@id\":\"https:\/\/saulkrastubiblioteka.lv\/index.php\/2019\/02\/18\/no-25-marta-lidz-29-martam-latvija-norisinasies-ikgadeja-informativa-kampana-digitala-nedela-2018\/\"},\"wordCount\":299,\"publisher\":{\"@id\":\"https:\/\/saulkrastubiblioteka.lv\/#organization\"},\"image\":{\"@id\":\"https:\/\/saulkrastubiblioteka.lv\/index.php\/2019\/02\/18\/no-25-marta-lidz-29-martam-latvija-norisinasies-ikgadeja-informativa-kampana-digitala-nedela-2018\/#primaryimage\"},\"thumbnailUrl\":\"https:\/\/saulkrastubiblioteka.lv\/wp-content\/uploads\/2019\/02\/alldigital.jpg\",\"articleSection\":[\"Apm\u0101c\u012bbas\",\"Digit\u0101l\u0101 ned\u0113\u013ca\"],\"inLanguage\":\"lv-LV\"},{\"@type\":\"WebPage\",\"@id\":\"https:\/\/saulkrastubiblioteka.lv\/index.php\/2019\/02\/18\/no-25-marta-lidz-29-martam-latvija-norisinasies-ikgadeja-informativa-kampana-digitala-nedela-2018\/\",\"url\":\"https:\/\/saulkrastubiblioteka.lv\/index.php\/2019\/02\/18\/no-25-marta-lidz-29-martam-latvija-norisinasies-ikgadeja-informativa-kampana-digitala-nedela-2018\/\",\"name\":\"No 25.marta l\u012bdz 29.martam Latvij\u0101 norisin\u0101sies ikgad\u0113j\u0101 informat\u012bv\u0101 kampa\u0146a \u201cDigit\u0101l\u0101 ned\u0113\u013ca 2019\u201d - Saulkrastu novada bibliot\u0113ka\",\"isPartOf\":{\"@id\":\"https:\/\/saulkrastubiblioteka.lv\/#website\"},\"primaryImageOfPage\":{\"@id\":\"https:\/\/saulkrastubiblioteka.lv\/index.php\/2019\/02\/18\/no-25-marta-lidz-29-martam-latvija-norisinasies-ikgadeja-informativa-kampana-digitala-nedela-2018\/#primaryimage\"},\"image\":{\"@id\":\"https:\/\/saulkrastubiblioteka.lv\/index.php\/2019\/02\/18\/no-25-marta-lidz-29-martam-latvija-norisinasies-ikgadeja-informativa-kampana-digitala-nedela-2018\/#primaryimage\"},\"thumbnailUrl\":\"https:\/\/saulkrastubiblioteka.lv\/wp-content\/uploads\/2019\/02\/alldigital.jpg\",\"datePublished\":\"2019-02-18T13:38:11+00:00\",\"dateModified\":\"2019-04-12T10:45:51+00:00\",\"breadcrumb\":{\"@id\":\"https:\/\/saulkrastubiblioteka.lv\/index.php\/2019\/02\/18\/no-25-marta-lidz-29-martam-latvija-norisinasies-ikgadeja-informativa-kampana-digitala-nedela-2018\/#breadcrumb\"},\"inLanguage\":\"lv-LV\",\"potentialAction\":[{\"@type\":\"ReadAction\",\"target\":[\"https:\/\/saulkrastubiblioteka.lv\/index.php\/2019\/02\/18\/no-25-marta-lidz-29-martam-latvija-norisinasies-ikgadeja-informativa-kampana-digitala-nedela-2018\/\"]}]},{\"@type\":\"ImageObject\",\"inLanguage\":\"lv-LV\",\"@id\":\"https:\/\/saulkrastubiblioteka.lv\/index.php\/2019\/02\/18\/no-25-marta-lidz-29-martam-latvija-norisinasies-ikgadeja-informativa-kampana-digitala-nedela-2018\/#primaryimage\",\"url\":\"https:\/\/saulkrastubiblioteka.lv\/wp-content\/uploads\/2019\/02\/alldigital.jpg\",\"contentUrl\":\"https:\/\/saulkrastubiblioteka.lv\/wp-content\/uploads\/2019\/02\/alldigital.jpg\",\"width\":1252,\"height\":235},{\"@type\":\"BreadcrumbList\",\"@id\":\"https:\/\/saulkrastubiblioteka.lv\/index.php\/2019\/02\/18\/no-25-marta-lidz-29-martam-latvija-norisinasies-ikgadeja-informativa-kampana-digitala-nedela-2018\/#breadcrumb\",\"itemListElement\":[{\"@type\":\"ListItem\",\"position\":1,\"name\":\"Home\",\"item\":\"https:\/\/saulkrastubiblioteka.lv\/\"},{\"@type\":\"ListItem\",\"position\":2,\"name\":\"No 25.marta l\u012bdz 29.martam Latvij\u0101 norisin\u0101sies ikgad\u0113j\u0101 informat\u012bv\u0101 kampa\u0146a \u201cDigit\u0101l\u0101 ned\u0113\u013ca 2019\u201d\"}]},{\"@type\":\"WebSite\",\"@id\":\"https:\/\/saulkrastubiblioteka.lv\/#website\",\"url\":\"https:\/\/saulkrastubiblioteka.lv\/\",\"name\":\"Saulkrastu novada bibliot\u0113ka\",\"description\":\"Vieta, kur labi pavad\u012bt laiku un pab\u016bt mier\u0101\",\"publisher\":{\"@id\":\"https:\/\/saulkrastubiblioteka.lv\/#organization\"},\"potentialAction\":[{\"@type\":\"SearchAction\",\"target\":{\"@type\":\"EntryPoint\",\"urlTemplate\":\"https:\/\/saulkrastubiblioteka.lv\/?s={search_term_string}\"},\"query-input\":{\"@type\":\"PropertyValueSpecification\",\"valueRequired\":true,\"valueName\":\"search_term_string\"}}],\"inLanguage\":\"lv-LV\"},{\"@type\":\"Organization\",\"@id\":\"https:\/\/saulkrastubiblioteka.lv\/#organization\",\"name\":\"Saulkrastu novada bibliot\u0113ka\",\"url\":\"https:\/\/saulkrastubiblioteka.lv\/\",\"logo\":{\"@type\":\"ImageObject\",\"inLanguage\":\"lv-LV\",\"@id\":\"https:\/\/saulkrastubiblioteka.lv\/#\/schema\/logo\/image\/\",\"url\":\"https:\/\/saulkrastubiblioteka.lv\/wp-content\/uploads\/2021\/01\/cropped-logo.png\",\"contentUrl\":\"https:\/\/saulkrastubiblioteka.lv\/wp-content\/uploads\/2021\/01\/cropped-logo.png\",\"width\":240,\"height\":240,\"caption\":\"Saulkrastu novada bibliot\u0113ka\"},\"image\":{\"@id\":\"https:\/\/saulkrastubiblioteka.lv\/#\/schema\/logo\/image\/\"}},{\"@type\":\"Person\",\"@id\":\"https:\/\/saulkrastubiblioteka.lv\/#\/schema\/person\/2233277643a53fb60b293d42c1e5f7a2\",\"name\":\"admin\",\"image\":{\"@type\":\"ImageObject\",\"inLanguage\":\"lv-LV\",\"@id\":\"https:\/\/saulkrastubiblioteka.lv\/#\/schema\/person\/image\/\",\"url\":\"https:\/\/secure.gravatar.com\/avatar\/a5ad3f68569c7df813ab9387f6d30b65?s=96&d=mm&r=g\",\"contentUrl\":\"https:\/\/secure.gravatar.com\/avatar\/a5ad3f68569c7df813ab9387f6d30b65?s=96&d=mm&r=g\",\"caption\":\"admin\"},\"url\":\"https:\/\/saulkrastubiblioteka.lv\/index.php\/author\/info_xjq16vdi\/\"}]}<\/script>\n<!-- \/ Yoast SEO plugin. -->","yoast_head_json":{"title":"No 25.marta l\u012bdz 29.martam Latvij\u0101 norisin\u0101sies ikgad\u0113j\u0101 informat\u012bv\u0101 kampa\u0146a \u201cDigit\u0101l\u0101 ned\u0113\u013ca 2019\u201d - Saulkrastu novada bibliot\u0113ka","robots":{"index":"index","follow":"follow","max-snippet":"max-snippet:-1","max-image-preview":"max-image-preview:large","max-video-preview":"max-video-preview:-1"},"canonical":"https:\/\/saulkrastubiblioteka.lv\/index.php\/2019\/02\/18\/no-25-marta-lidz-29-martam-latvija-norisinasies-ikgadeja-informativa-kampana-digitala-nedela-2018\/","og_locale":"lv_LV","og_type":"article","og_title":"No 25.marta l\u012bdz 29.martam Latvij\u0101 norisin\u0101sies ikgad\u0113j\u0101 informat\u012bv\u0101 kampa\u0146a \u201cDigit\u0101l\u0101 ned\u0113\u013ca 2019\u201d - Saulkrastu novada bibliot\u0113ka","og_description":"No 25.marta l\u012bdz 29.martam Latvij\u0101 norisin\u0101sies ikgad\u0113j\u0101 informat\u012bv\u0101 kampa\u0146a \u201cDigit\u0101l\u0101 ned\u0113\u013ca 2019\u201d (turpm\u0101k \u2013 Digit\u0101l\u0101 ned\u0113\u013ca). T\u0101 Latvij\u0101 tiek organiz\u0113ta Eiropas kampa\u0146as ALL DIGITAL Week ietvaros un norisin\u0101sies jau 10.reizi. Digit\u0101lo ned\u0113\u013cu organiz\u0113 VARAM sadarb\u012bb\u0101 ar Latvijas Inform\u0101cijas un komunik\u0101cijas tehnolo\u0123ijas asoci\u0101ciju.","og_url":"https:\/\/saulkrastubiblioteka.lv\/index.php\/2019\/02\/18\/no-25-marta-lidz-29-martam-latvija-norisinasies-ikgadeja-informativa-kampana-digitala-nedela-2018\/","og_site_name":"Saulkrastu novada bibliot\u0113ka","article_published_time":"2019-02-18T13:38:11+00:00","article_modified_time":"2019-04-12T10:45:51+00:00","og_image":[{"url":"https:\/\/saulkrastubiblioteka.lv\/wp-content\/uploads\/2019\/02\/alldigital.jpg","type":"","width":"","height":""}],"author":"admin","twitter_card":"summary_large_image","twitter_misc":{"Written by":"admin","Est. reading time":"1 min\u016bte"},"schema":{"@context":"https:\/\/schema.org","@graph":[{"@type":"Article","@id":"https:\/\/saulkrastubiblioteka.lv\/index.php\/2019\/02\/18\/no-25-marta-lidz-29-martam-latvija-norisinasies-ikgadeja-informativa-kampana-digitala-nedela-2018\/#article","isPartOf":{"@id":"https:\/\/saulkrastubiblioteka.lv\/index.php\/2019\/02\/18\/no-25-marta-lidz-29-martam-latvija-norisinasies-ikgadeja-informativa-kampana-digitala-nedela-2018\/"},"author":{"name":"admin","@id":"https:\/\/saulkrastubiblioteka.lv\/#\/schema\/person\/2233277643a53fb60b293d42c1e5f7a2"},"headline":"No 25.marta l\u012bdz 29.martam Latvij\u0101 norisin\u0101sies ikgad\u0113j\u0101 informat\u012bv\u0101 kampa\u0146a \u201cDigit\u0101l\u0101 ned\u0113\u013ca 2019\u201d","datePublished":"2019-02-18T13:38:11+00:00","dateModified":"2019-04-12T10:45:51+00:00","mainEntityOfPage":{"@id":"https:\/\/saulkrastubiblioteka.lv\/index.php\/2019\/02\/18\/no-25-marta-lidz-29-martam-latvija-norisinasies-ikgadeja-informativa-kampana-digitala-nedela-2018\/"},"wordCount":299,"publisher":{"@id":"https:\/\/saulkrastubiblioteka.lv\/#organization"},"image":{"@id":"https:\/\/saulkrastubiblioteka.lv\/index.php\/2019\/02\/18\/no-25-marta-lidz-29-martam-latvija-norisinasies-ikgadeja-informativa-kampana-digitala-nedela-2018\/#primaryimage"},"thumbnailUrl":"https:\/\/saulkrastubiblioteka.lv\/wp-content\/uploads\/2019\/02\/alldigital.jpg","articleSection":["Apm\u0101c\u012bbas","Digit\u0101l\u0101 ned\u0113\u013ca"],"inLanguage":"lv-LV"},{"@type":"WebPage","@id":"https:\/\/saulkrastubiblioteka.lv\/index.php\/2019\/02\/18\/no-25-marta-lidz-29-martam-latvija-norisinasies-ikgadeja-informativa-kampana-digitala-nedela-2018\/","url":"https:\/\/saulkrastubiblioteka.lv\/index.php\/2019\/02\/18\/no-25-marta-lidz-29-martam-latvija-norisinasies-ikgadeja-informativa-kampana-digitala-nedela-2018\/","name":"No 25.marta l\u012bdz 29.martam Latvij\u0101 norisin\u0101sies ikgad\u0113j\u0101 informat\u012bv\u0101 kampa\u0146a \u201cDigit\u0101l\u0101 ned\u0113\u013ca 2019\u201d - Saulkrastu novada bibliot\u0113ka","isPartOf":{"@id":"https:\/\/saulkrastubiblioteka.lv\/#website"},"primaryImageOfPage":{"@id":"https:\/\/saulkrastubiblioteka.lv\/index.php\/2019\/02\/18\/no-25-marta-lidz-29-martam-latvija-norisinasies-ikgadeja-informativa-kampana-digitala-nedela-2018\/#primaryimage"},"image":{"@id":"https:\/\/saulkrastubiblioteka.lv\/index.php\/2019\/02\/18\/no-25-marta-lidz-29-martam-latvija-norisinasies-ikgadeja-informativa-kampana-digitala-nedela-2018\/#primaryimage"},"thumbnailUrl":"https:\/\/saulkrastubiblioteka.lv\/wp-content\/uploads\/2019\/02\/alldigital.jpg","datePublished":"2019-02-18T13:38:11+00:00","dateModified":"2019-04-12T10:45:51+00:00","breadcrumb":{"@id":"https:\/\/saulkrastubiblioteka.lv\/index.php\/2019\/02\/18\/no-25-marta-lidz-29-martam-latvija-norisinasies-ikgadeja-informativa-kampana-digitala-nedela-2018\/#breadcrumb"},"inLanguage":"lv-LV","potentialAction":[{"@type":"ReadAction","target":["https:\/\/saulkrastubiblioteka.lv\/index.php\/2019\/02\/18\/no-25-marta-lidz-29-martam-latvija-norisinasies-ikgadeja-informativa-kampana-digitala-nedela-2018\/"]}]},{"@type":"ImageObject","inLanguage":"lv-LV","@id":"https:\/\/saulkrastubiblioteka.lv\/index.php\/2019\/02\/18\/no-25-marta-lidz-29-martam-latvija-norisinasies-ikgadeja-informativa-kampana-digitala-nedela-2018\/#primaryimage","url":"https:\/\/saulkrastubiblioteka.lv\/wp-content\/uploads\/2019\/02\/alldigital.jpg","contentUrl":"https:\/\/saulkrastubiblioteka.lv\/wp-content\/uploads\/2019\/02\/alldigital.jpg","width":1252,"height":235},{"@type":"BreadcrumbList","@id":"https:\/\/saulkrastubiblioteka.lv\/index.php\/2019\/02\/18\/no-25-marta-lidz-29-martam-latvija-norisinasies-ikgadeja-informativa-kampana-digitala-nedela-2018\/#breadcrumb","itemListElement":[{"@type":"ListItem","position":1,"name":"Home","item":"https:\/\/saulkrastubiblioteka.lv\/"},{"@type":"ListItem","position":2,"name":"No 25.marta l\u012bdz 29.martam Latvij\u0101 norisin\u0101sies ikgad\u0113j\u0101 informat\u012bv\u0101 kampa\u0146a \u201cDigit\u0101l\u0101 ned\u0113\u013ca 2019\u201d"}]},{"@type":"WebSite","@id":"https:\/\/saulkrastubiblioteka.lv\/#website","url":"https:\/\/saulkrastubiblioteka.lv\/","name":"Saulkrastu novada bibliot\u0113ka","description":"Vieta, kur labi pavad\u012bt laiku un pab\u016bt mier\u0101","publisher":{"@id":"https:\/\/saulkrastubiblioteka.lv\/#organization"},"potentialAction":[{"@type":"SearchAction","target":{"@type":"EntryPoint","urlTemplate":"https:\/\/saulkrastubiblioteka.lv\/?s={search_term_string}"},"query-input":{"@type":"PropertyValueSpecification","valueRequired":true,"valueName":"search_term_string"}}],"inLanguage":"lv-LV"},{"@type":"Organization","@id":"https:\/\/saulkrastubiblioteka.lv\/#organization","name":"Saulkrastu novada bibliot\u0113ka","url":"https:\/\/saulkrastubiblioteka.lv\/","logo":{"@type":"ImageObject","inLanguage":"lv-LV","@id":"https:\/\/saulkrastubiblioteka.lv\/#\/schema\/logo\/image\/","url":"https:\/\/saulkrastubiblioteka.lv\/wp-content\/uploads\/2021\/01\/cropped-logo.png","contentUrl":"https:\/\/saulkrastubiblioteka.lv\/wp-content\/uploads\/2021\/01\/cropped-logo.png","width":240,"height":240,"caption":"Saulkrastu novada bibliot\u0113ka"},"image":{"@id":"https:\/\/saulkrastubiblioteka.lv\/#\/schema\/logo\/image\/"}},{"@type":"Person","@id":"https:\/\/saulkrastubiblioteka.lv\/#\/schema\/person\/2233277643a53fb60b293d42c1e5f7a2","name":"admin","image":{"@type":"ImageObject","inLanguage":"lv-LV","@id":"https:\/\/saulkrastubiblioteka.lv\/#\/schema\/person\/image\/","url":"https:\/\/secure.gravatar.com\/avatar\/a5ad3f68569c7df813ab9387f6d30b65?s=96&d=mm&r=g","contentUrl":"https:\/\/secure.gravatar.com\/avatar\/a5ad3f68569c7df813ab9387f6d30b65?s=96&d=mm&r=g","caption":"admin"},"url":"https:\/\/saulkrastubiblioteka.lv\/index.php\/author\/info_xjq16vdi\/"}]}},"_links":{"self":[{"href":"https:\/\/saulkrastubiblioteka.lv\/index.php\/wp-json\/wp\/v2\/posts\/1295","targetHints":{"allow":["GET"]}}],"collection":[{"href":"https:\/\/saulkrastubiblioteka.lv\/index.php\/wp-json\/wp\/v2\/posts"}],"about":[{"href":"https:\/\/saulkrastubiblioteka.lv\/index.php\/wp-json\/wp\/v2\/types\/post"}],"author":[{"embeddable":true,"href":"https:\/\/saulkrastubiblioteka.lv\/index.php\/wp-json\/wp\/v2\/users\/1"}],"replies":[{"embeddable":true,"href":"https:\/\/saulkrastubiblioteka.lv\/index.php\/wp-json\/wp\/v2\/comments?post=1295"}],"version-history":[{"count":7,"href":"https:\/\/saulkrastubiblioteka.lv\/index.php\/wp-json\/wp\/v2\/posts\/1295\/revisions"}],"predecessor-version":[{"id":1305,"href":"https:\/\/saulkrastubiblioteka.lv\/index.php\/wp-json\/wp\/v2\/posts\/1295\/revisions\/1305"}],"wp:attachment":[{"href":"https:\/\/saulkrastubiblioteka.lv\/index.php\/wp-json\/wp\/v2\/media?parent=1295"}],"wp:term":[{"taxonomy":"category","embeddable":true,"href":"https:\/\/saulkrastubiblioteka.lv\/index.php\/wp-json\/wp\/v2\/categories?post=1295"},{"taxonomy":"post_tag","embeddable":true,"href":"https:\/\/saulkrastubiblioteka.lv\/index.php\/wp-json\/wp\/v2\/tags?post=1295"}],"curies":[{"name":"wp","href":"https:\/\/api.w.org\/{rel}","templated":true}]}}