{"id":1211,"date":"2019-01-23T13:02:09","date_gmt":"2019-01-23T13:02:09","guid":{"rendered":"https:\/\/saulkrastubiblioteka.lv\/?p=1211"},"modified":"2019-08-21T09:14:31","modified_gmt":"2019-08-21T09:14:31","slug":"dabas-petnieks-maris-olte-aizraujosa-saruna-ar-saulkrastiesiem","status":"publish","type":"post","link":"https:\/\/saulkrastubiblioteka.lv\/index.php\/2019\/01\/23\/dabas-petnieks-maris-olte-aizraujosa-saruna-ar-saulkrastiesiem\/","title":{"rendered":"Dabas p\u0113tnieks M\u0101ris Olte aizraujo\u0161\u0101 sarun\u0101 ar saulkrastie\u0161iem"},"content":{"rendered":"<p><img loading=\"lazy\" decoding=\"async\" class=\"alignnone size-large wp-image-1213\" src=\"https:\/\/saulkrastubiblioteka.lv\/wp-content\/uploads\/2019\/01\/IMG_0213-1024x565.jpg\" alt=\"\" width=\"840\" height=\"463\" srcset=\"https:\/\/saulkrastubiblioteka.lv\/wp-content\/uploads\/2019\/01\/IMG_0213-1024x565.jpg 1024w, https:\/\/saulkrastubiblioteka.lv\/wp-content\/uploads\/2019\/01\/IMG_0213-300x165.jpg 300w, https:\/\/saulkrastubiblioteka.lv\/wp-content\/uploads\/2019\/01\/IMG_0213-768x424.jpg 768w, https:\/\/saulkrastubiblioteka.lv\/wp-content\/uploads\/2019\/01\/IMG_0213-1200x662.jpg 1200w\" sizes=\"auto, (max-width: 709px) 85vw, (max-width: 909px) 67vw, (max-width: 1362px) 62vw, 840px\" \/><\/p>\n<p>Att\u0113l\u0101: <em>2019. gada<\/em> <em>23. janv\u0101r\u012b Saulkrastu novada bibliot\u0113k\u0101 viesoj\u0101s biologs, TV raid\u012bjumu vad\u012bt\u0101js, dabas p\u0113tnieks M\u0101ris Olte.<\/em><\/p>\n<p>Vi\u0146\u0161 s\u0101kum\u0101 atkl\u0101ja, ka dz\u012bvo \u0112rg\u013cos, vi\u0146a \u0123imen\u0113 aug \u010detri b\u0113rni \u2013 tr\u012bs d\u0113li un meita.<\/p>\n<p>San\u0101ku\u0161ajiem novada iedz\u012bvot\u0101jiem un 6., 9. kla\u0161u skol\u0113niem no Saulkrastu vidusskolas past\u0101st\u012bja par pa\u0161a savulaik veidoto gr\u0101matu &#8220;Mat\u012bsa piedz\u012bvojumi me\u017e\u0101&#8221;, kas pirms vair\u0101kiem gadiem sa\u0146\u0113ma B\u0113rnu \u017e\u016brijas las\u012bt\u0101ju atz<span class=\"text_exposed_show\">in\u012bbu, autors atsauca atmi\u0146\u0101, k\u0101da bija t\u0101s tap\u0161ana. <\/span><\/p>\n<div class=\"text_exposed_show\">\n<p>Kl\u0101teso\u0161ajiem pusotr\u0101 stund\u0101 vi\u0146\u0161 past\u0101st\u012bja par cilv\u0113ka un dabas mijiedarb\u012bbu, k\u0101 ar\u012b interesantus atgad\u012bjumus no pa\u0161a un citu piedz\u012bvot\u0101.<\/p>\n<p>Promejot vi\u0146\u0161 uzsv\u0113ra &#8211; Ejot dab\u0101, dom\u0101 \u2013 k\u0101 un ko tu dari!<\/p>\n<p>Pas\u0101kum\u0101 piedal\u012bj\u0101s 16 pieaugu\u0161ie un 30 skol\u0113ni.<\/p>\n<p>2019. gad\u0101 Saulkrastu novada bibliot\u0113k\u0101 tiek \u012bstenots p\u0113rn aizs\u0101ktais Valsts kult\u016brkapit\u0101la fonda atbalst\u012btais projekts \u201eLas\u012btava krustojum\u0101. 2. k\u0101rta\u201d.<\/p>\n<\/div>\n","protected":false},"excerpt":{"rendered":"<p>Att\u0113l\u0101: 2019. gada 23. janv\u0101r\u012b Saulkrastu novada bibliot\u0113k\u0101 viesoj\u0101s biologs, TV raid\u012bjumu vad\u012bt\u0101js, dabas p\u0113tnieks M\u0101ris Olte. Vi\u0146\u0161 s\u0101kum\u0101 atkl\u0101ja, ka dz\u012bvo \u0112rg\u013cos, vi\u0146a \u0123imen\u0113 aug \u010detri b\u0113rni \u2013 tr\u012bs d\u0113li un meita. San\u0101ku\u0161ajiem novada iedz\u012bvot\u0101jiem un 6., 9. kla\u0161u skol\u0113niem no Saulkrastu vidusskolas past\u0101st\u012bja par pa\u0161a savulaik veidoto gr\u0101matu &#8220;Mat\u012bsa piedz\u012bvojumi me\u017e\u0101&#8221;, kas pirms &hellip; <a href=\"https:\/\/saulkrastubiblioteka.lv\/index.php\/2019\/01\/23\/dabas-petnieks-maris-olte-aizraujosa-saruna-ar-saulkrastiesiem\/\" class=\"more-link\">Turpin\u0101t las\u012bt<span class=\"screen-reader-text\"> &#8220;Dabas p\u0113tnieks M\u0101ris Olte aizraujo\u0161\u0101 sarun\u0101 ar saulkrastie\u0161iem&#8221;<\/span><\/a><\/p>\n","protected":false},"author":1,"featured_media":0,"comment_status":"closed","ping_status":"open","sticky":false,"template":"","format":"standard","meta":{"footnotes":""},"categories":[51,4,68],"tags":[],"class_list":["post-1211","post","type-post","status-publish","format-standard","hentry","category-lasitava-krustojuma-2-karta","category-pasakumi","category-rakstnieki-biblioteka"],"yoast_head":"<!-- This site is optimized with the Yoast SEO plugin v24.2 - https:\/\/yoast.com\/wordpress\/plugins\/seo\/ -->\n<title>Dabas p\u0113tnieks M\u0101ris Olte aizraujo\u0161\u0101 sarun\u0101 ar saulkrastie\u0161iem - Saulkrastu novada bibliot\u0113ka<\/title>\n<meta name=\"robots\" content=\"index, follow, max-snippet:-1, max-image-preview:large, max-video-preview:-1\" \/>\n<link rel=\"canonical\" href=\"https:\/\/saulkrastubiblioteka.lv\/index.php\/2019\/01\/23\/dabas-petnieks-maris-olte-aizraujosa-saruna-ar-saulkrastiesiem\/\" \/>\n<meta property=\"og:locale\" content=\"lv_LV\" \/>\n<meta property=\"og:type\" content=\"article\" \/>\n<meta property=\"og:title\" content=\"Dabas p\u0113tnieks M\u0101ris Olte aizraujo\u0161\u0101 sarun\u0101 ar saulkrastie\u0161iem - Saulkrastu novada bibliot\u0113ka\" \/>\n<meta property=\"og:description\" content=\"Att\u0113l\u0101: 2019. gada 23. janv\u0101r\u012b Saulkrastu novada bibliot\u0113k\u0101 viesoj\u0101s biologs, TV raid\u012bjumu vad\u012bt\u0101js, dabas p\u0113tnieks M\u0101ris Olte. Vi\u0146\u0161 s\u0101kum\u0101 atkl\u0101ja, ka dz\u012bvo \u0112rg\u013cos, vi\u0146a \u0123imen\u0113 aug \u010detri b\u0113rni \u2013 tr\u012bs d\u0113li un meita. San\u0101ku\u0161ajiem novada iedz\u012bvot\u0101jiem un 6., 9. kla\u0161u skol\u0113niem no Saulkrastu vidusskolas past\u0101st\u012bja par pa\u0161a savulaik veidoto gr\u0101matu &#8220;Mat\u012bsa piedz\u012bvojumi me\u017e\u0101&#8221;, kas pirms &hellip; Turpin\u0101t las\u012bt &quot;Dabas p\u0113tnieks M\u0101ris Olte aizraujo\u0161\u0101 sarun\u0101 ar saulkrastie\u0161iem&quot;\" \/>\n<meta property=\"og:url\" content=\"https:\/\/saulkrastubiblioteka.lv\/index.php\/2019\/01\/23\/dabas-petnieks-maris-olte-aizraujosa-saruna-ar-saulkrastiesiem\/\" \/>\n<meta property=\"og:site_name\" content=\"Saulkrastu novada bibliot\u0113ka\" \/>\n<meta property=\"article:published_time\" content=\"2019-01-23T13:02:09+00:00\" \/>\n<meta property=\"article:modified_time\" content=\"2019-08-21T09:14:31+00:00\" \/>\n<meta property=\"og:image\" content=\"https:\/\/saulkrastubiblioteka.lv\/wp-content\/uploads\/2019\/01\/IMG_0213-1024x565.jpg\" \/>\n<meta name=\"author\" content=\"admin\" \/>\n<meta name=\"twitter:card\" content=\"summary_large_image\" \/>\n<meta name=\"twitter:label1\" content=\"Written by\" \/>\n\t<meta name=\"twitter:data1\" content=\"admin\" \/>\n\t<meta name=\"twitter:label2\" content=\"Est. reading time\" \/>\n\t<meta name=\"twitter:data2\" content=\"1 min\u016bte\" \/>\n<script type=\"application\/ld+json\" class=\"yoast-schema-graph\">{\"@context\":\"https:\/\/schema.org\",\"@graph\":[{\"@type\":\"Article\",\"@id\":\"https:\/\/saulkrastubiblioteka.lv\/index.php\/2019\/01\/23\/dabas-petnieks-maris-olte-aizraujosa-saruna-ar-saulkrastiesiem\/#article\",\"isPartOf\":{\"@id\":\"https:\/\/saulkrastubiblioteka.lv\/index.php\/2019\/01\/23\/dabas-petnieks-maris-olte-aizraujosa-saruna-ar-saulkrastiesiem\/\"},\"author\":{\"name\":\"admin\",\"@id\":\"https:\/\/saulkrastubiblioteka.lv\/#\/schema\/person\/2233277643a53fb60b293d42c1e5f7a2\"},\"headline\":\"Dabas p\u0113tnieks M\u0101ris Olte aizraujo\u0161\u0101 sarun\u0101 ar saulkrastie\u0161iem\",\"datePublished\":\"2019-01-23T13:02:09+00:00\",\"dateModified\":\"2019-08-21T09:14:31+00:00\",\"mainEntityOfPage\":{\"@id\":\"https:\/\/saulkrastubiblioteka.lv\/index.php\/2019\/01\/23\/dabas-petnieks-maris-olte-aizraujosa-saruna-ar-saulkrastiesiem\/\"},\"wordCount\":188,\"publisher\":{\"@id\":\"https:\/\/saulkrastubiblioteka.lv\/#organization\"},\"image\":{\"@id\":\"https:\/\/saulkrastubiblioteka.lv\/index.php\/2019\/01\/23\/dabas-petnieks-maris-olte-aizraujosa-saruna-ar-saulkrastiesiem\/#primaryimage\"},\"thumbnailUrl\":\"https:\/\/saulkrastubiblioteka.lv\/wp-content\/uploads\/2019\/01\/IMG_0213-1024x565.jpg\",\"articleSection\":[\"Las\u012btava krustojum\u0101. 2.k\u0101rta\",\"Pas\u0101kumi\",\"Rakstnieki bibliot\u0113k\u0101\"],\"inLanguage\":\"lv-LV\"},{\"@type\":\"WebPage\",\"@id\":\"https:\/\/saulkrastubiblioteka.lv\/index.php\/2019\/01\/23\/dabas-petnieks-maris-olte-aizraujosa-saruna-ar-saulkrastiesiem\/\",\"url\":\"https:\/\/saulkrastubiblioteka.lv\/index.php\/2019\/01\/23\/dabas-petnieks-maris-olte-aizraujosa-saruna-ar-saulkrastiesiem\/\",\"name\":\"Dabas p\u0113tnieks M\u0101ris Olte aizraujo\u0161\u0101 sarun\u0101 ar saulkrastie\u0161iem - Saulkrastu novada bibliot\u0113ka\",\"isPartOf\":{\"@id\":\"https:\/\/saulkrastubiblioteka.lv\/#website\"},\"primaryImageOfPage\":{\"@id\":\"https:\/\/saulkrastubiblioteka.lv\/index.php\/2019\/01\/23\/dabas-petnieks-maris-olte-aizraujosa-saruna-ar-saulkrastiesiem\/#primaryimage\"},\"image\":{\"@id\":\"https:\/\/saulkrastubiblioteka.lv\/index.php\/2019\/01\/23\/dabas-petnieks-maris-olte-aizraujosa-saruna-ar-saulkrastiesiem\/#primaryimage\"},\"thumbnailUrl\":\"https:\/\/saulkrastubiblioteka.lv\/wp-content\/uploads\/2019\/01\/IMG_0213-1024x565.jpg\",\"datePublished\":\"2019-01-23T13:02:09+00:00\",\"dateModified\":\"2019-08-21T09:14:31+00:00\",\"breadcrumb\":{\"@id\":\"https:\/\/saulkrastubiblioteka.lv\/index.php\/2019\/01\/23\/dabas-petnieks-maris-olte-aizraujosa-saruna-ar-saulkrastiesiem\/#breadcrumb\"},\"inLanguage\":\"lv-LV\",\"potentialAction\":[{\"@type\":\"ReadAction\",\"target\":[\"https:\/\/saulkrastubiblioteka.lv\/index.php\/2019\/01\/23\/dabas-petnieks-maris-olte-aizraujosa-saruna-ar-saulkrastiesiem\/\"]}]},{\"@type\":\"ImageObject\",\"inLanguage\":\"lv-LV\",\"@id\":\"https:\/\/saulkrastubiblioteka.lv\/index.php\/2019\/01\/23\/dabas-petnieks-maris-olte-aizraujosa-saruna-ar-saulkrastiesiem\/#primaryimage\",\"url\":\"https:\/\/saulkrastubiblioteka.lv\/wp-content\/uploads\/2019\/01\/IMG_0213.jpg\",\"contentUrl\":\"https:\/\/saulkrastubiblioteka.lv\/wp-content\/uploads\/2019\/01\/IMG_0213.jpg\",\"width\":2388,\"height\":1317},{\"@type\":\"BreadcrumbList\",\"@id\":\"https:\/\/saulkrastubiblioteka.lv\/index.php\/2019\/01\/23\/dabas-petnieks-maris-olte-aizraujosa-saruna-ar-saulkrastiesiem\/#breadcrumb\",\"itemListElement\":[{\"@type\":\"ListItem\",\"position\":1,\"name\":\"Home\",\"item\":\"https:\/\/saulkrastubiblioteka.lv\/\"},{\"@type\":\"ListItem\",\"position\":2,\"name\":\"Dabas p\u0113tnieks M\u0101ris Olte aizraujo\u0161\u0101 sarun\u0101 ar saulkrastie\u0161iem\"}]},{\"@type\":\"WebSite\",\"@id\":\"https:\/\/saulkrastubiblioteka.lv\/#website\",\"url\":\"https:\/\/saulkrastubiblioteka.lv\/\",\"name\":\"Saulkrastu novada bibliot\u0113ka\",\"description\":\"Vieta, kur labi pavad\u012bt laiku un pab\u016bt mier\u0101\",\"publisher\":{\"@id\":\"https:\/\/saulkrastubiblioteka.lv\/#organization\"},\"potentialAction\":[{\"@type\":\"SearchAction\",\"target\":{\"@type\":\"EntryPoint\",\"urlTemplate\":\"https:\/\/saulkrastubiblioteka.lv\/?s={search_term_string}\"},\"query-input\":{\"@type\":\"PropertyValueSpecification\",\"valueRequired\":true,\"valueName\":\"search_term_string\"}}],\"inLanguage\":\"lv-LV\"},{\"@type\":\"Organization\",\"@id\":\"https:\/\/saulkrastubiblioteka.lv\/#organization\",\"name\":\"Saulkrastu novada bibliot\u0113ka\",\"url\":\"https:\/\/saulkrastubiblioteka.lv\/\",\"logo\":{\"@type\":\"ImageObject\",\"inLanguage\":\"lv-LV\",\"@id\":\"https:\/\/saulkrastubiblioteka.lv\/#\/schema\/logo\/image\/\",\"url\":\"https:\/\/saulkrastubiblioteka.lv\/wp-content\/uploads\/2021\/01\/cropped-logo.png\",\"contentUrl\":\"https:\/\/saulkrastubiblioteka.lv\/wp-content\/uploads\/2021\/01\/cropped-logo.png\",\"width\":240,\"height\":240,\"caption\":\"Saulkrastu novada bibliot\u0113ka\"},\"image\":{\"@id\":\"https:\/\/saulkrastubiblioteka.lv\/#\/schema\/logo\/image\/\"}},{\"@type\":\"Person\",\"@id\":\"https:\/\/saulkrastubiblioteka.lv\/#\/schema\/person\/2233277643a53fb60b293d42c1e5f7a2\",\"name\":\"admin\",\"image\":{\"@type\":\"ImageObject\",\"inLanguage\":\"lv-LV\",\"@id\":\"https:\/\/saulkrastubiblioteka.lv\/#\/schema\/person\/image\/\",\"url\":\"https:\/\/secure.gravatar.com\/avatar\/a5ad3f68569c7df813ab9387f6d30b65?s=96&d=mm&r=g\",\"contentUrl\":\"https:\/\/secure.gravatar.com\/avatar\/a5ad3f68569c7df813ab9387f6d30b65?s=96&d=mm&r=g\",\"caption\":\"admin\"},\"url\":\"https:\/\/saulkrastubiblioteka.lv\/index.php\/author\/info_xjq16vdi\/\"}]}<\/script>\n<!-- \/ Yoast SEO plugin. -->","yoast_head_json":{"title":"Dabas p\u0113tnieks M\u0101ris Olte aizraujo\u0161\u0101 sarun\u0101 ar saulkrastie\u0161iem - Saulkrastu novada bibliot\u0113ka","robots":{"index":"index","follow":"follow","max-snippet":"max-snippet:-1","max-image-preview":"max-image-preview:large","max-video-preview":"max-video-preview:-1"},"canonical":"https:\/\/saulkrastubiblioteka.lv\/index.php\/2019\/01\/23\/dabas-petnieks-maris-olte-aizraujosa-saruna-ar-saulkrastiesiem\/","og_locale":"lv_LV","og_type":"article","og_title":"Dabas p\u0113tnieks M\u0101ris Olte aizraujo\u0161\u0101 sarun\u0101 ar saulkrastie\u0161iem - Saulkrastu novada bibliot\u0113ka","og_description":"Att\u0113l\u0101: 2019. gada 23. janv\u0101r\u012b Saulkrastu novada bibliot\u0113k\u0101 viesoj\u0101s biologs, TV raid\u012bjumu vad\u012bt\u0101js, dabas p\u0113tnieks M\u0101ris Olte. Vi\u0146\u0161 s\u0101kum\u0101 atkl\u0101ja, ka dz\u012bvo \u0112rg\u013cos, vi\u0146a \u0123imen\u0113 aug \u010detri b\u0113rni \u2013 tr\u012bs d\u0113li un meita. San\u0101ku\u0161ajiem novada iedz\u012bvot\u0101jiem un 6., 9. kla\u0161u skol\u0113niem no Saulkrastu vidusskolas past\u0101st\u012bja par pa\u0161a savulaik veidoto gr\u0101matu &#8220;Mat\u012bsa piedz\u012bvojumi me\u017e\u0101&#8221;, kas pirms &hellip; Turpin\u0101t las\u012bt \"Dabas p\u0113tnieks M\u0101ris Olte aizraujo\u0161\u0101 sarun\u0101 ar saulkrastie\u0161iem\"","og_url":"https:\/\/saulkrastubiblioteka.lv\/index.php\/2019\/01\/23\/dabas-petnieks-maris-olte-aizraujosa-saruna-ar-saulkrastiesiem\/","og_site_name":"Saulkrastu novada bibliot\u0113ka","article_published_time":"2019-01-23T13:02:09+00:00","article_modified_time":"2019-08-21T09:14:31+00:00","og_image":[{"url":"https:\/\/saulkrastubiblioteka.lv\/wp-content\/uploads\/2019\/01\/IMG_0213-1024x565.jpg","type":"","width":"","height":""}],"author":"admin","twitter_card":"summary_large_image","twitter_misc":{"Written by":"admin","Est. reading time":"1 min\u016bte"},"schema":{"@context":"https:\/\/schema.org","@graph":[{"@type":"Article","@id":"https:\/\/saulkrastubiblioteka.lv\/index.php\/2019\/01\/23\/dabas-petnieks-maris-olte-aizraujosa-saruna-ar-saulkrastiesiem\/#article","isPartOf":{"@id":"https:\/\/saulkrastubiblioteka.lv\/index.php\/2019\/01\/23\/dabas-petnieks-maris-olte-aizraujosa-saruna-ar-saulkrastiesiem\/"},"author":{"name":"admin","@id":"https:\/\/saulkrastubiblioteka.lv\/#\/schema\/person\/2233277643a53fb60b293d42c1e5f7a2"},"headline":"Dabas p\u0113tnieks M\u0101ris Olte aizraujo\u0161\u0101 sarun\u0101 ar saulkrastie\u0161iem","datePublished":"2019-01-23T13:02:09+00:00","dateModified":"2019-08-21T09:14:31+00:00","mainEntityOfPage":{"@id":"https:\/\/saulkrastubiblioteka.lv\/index.php\/2019\/01\/23\/dabas-petnieks-maris-olte-aizraujosa-saruna-ar-saulkrastiesiem\/"},"wordCount":188,"publisher":{"@id":"https:\/\/saulkrastubiblioteka.lv\/#organization"},"image":{"@id":"https:\/\/saulkrastubiblioteka.lv\/index.php\/2019\/01\/23\/dabas-petnieks-maris-olte-aizraujosa-saruna-ar-saulkrastiesiem\/#primaryimage"},"thumbnailUrl":"https:\/\/saulkrastubiblioteka.lv\/wp-content\/uploads\/2019\/01\/IMG_0213-1024x565.jpg","articleSection":["Las\u012btava krustojum\u0101. 2.k\u0101rta","Pas\u0101kumi","Rakstnieki bibliot\u0113k\u0101"],"inLanguage":"lv-LV"},{"@type":"WebPage","@id":"https:\/\/saulkrastubiblioteka.lv\/index.php\/2019\/01\/23\/dabas-petnieks-maris-olte-aizraujosa-saruna-ar-saulkrastiesiem\/","url":"https:\/\/saulkrastubiblioteka.lv\/index.php\/2019\/01\/23\/dabas-petnieks-maris-olte-aizraujosa-saruna-ar-saulkrastiesiem\/","name":"Dabas p\u0113tnieks M\u0101ris Olte aizraujo\u0161\u0101 sarun\u0101 ar saulkrastie\u0161iem - Saulkrastu novada bibliot\u0113ka","isPartOf":{"@id":"https:\/\/saulkrastubiblioteka.lv\/#website"},"primaryImageOfPage":{"@id":"https:\/\/saulkrastubiblioteka.lv\/index.php\/2019\/01\/23\/dabas-petnieks-maris-olte-aizraujosa-saruna-ar-saulkrastiesiem\/#primaryimage"},"image":{"@id":"https:\/\/saulkrastubiblioteka.lv\/index.php\/2019\/01\/23\/dabas-petnieks-maris-olte-aizraujosa-saruna-ar-saulkrastiesiem\/#primaryimage"},"thumbnailUrl":"https:\/\/saulkrastubiblioteka.lv\/wp-content\/uploads\/2019\/01\/IMG_0213-1024x565.jpg","datePublished":"2019-01-23T13:02:09+00:00","dateModified":"2019-08-21T09:14:31+00:00","breadcrumb":{"@id":"https:\/\/saulkrastubiblioteka.lv\/index.php\/2019\/01\/23\/dabas-petnieks-maris-olte-aizraujosa-saruna-ar-saulkrastiesiem\/#breadcrumb"},"inLanguage":"lv-LV","potentialAction":[{"@type":"ReadAction","target":["https:\/\/saulkrastubiblioteka.lv\/index.php\/2019\/01\/23\/dabas-petnieks-maris-olte-aizraujosa-saruna-ar-saulkrastiesiem\/"]}]},{"@type":"ImageObject","inLanguage":"lv-LV","@id":"https:\/\/saulkrastubiblioteka.lv\/index.php\/2019\/01\/23\/dabas-petnieks-maris-olte-aizraujosa-saruna-ar-saulkrastiesiem\/#primaryimage","url":"https:\/\/saulkrastubiblioteka.lv\/wp-content\/uploads\/2019\/01\/IMG_0213.jpg","contentUrl":"https:\/\/saulkrastubiblioteka.lv\/wp-content\/uploads\/2019\/01\/IMG_0213.jpg","width":2388,"height":1317},{"@type":"BreadcrumbList","@id":"https:\/\/saulkrastubiblioteka.lv\/index.php\/2019\/01\/23\/dabas-petnieks-maris-olte-aizraujosa-saruna-ar-saulkrastiesiem\/#breadcrumb","itemListElement":[{"@type":"ListItem","position":1,"name":"Home","item":"https:\/\/saulkrastubiblioteka.lv\/"},{"@type":"ListItem","position":2,"name":"Dabas p\u0113tnieks M\u0101ris Olte aizraujo\u0161\u0101 sarun\u0101 ar saulkrastie\u0161iem"}]},{"@type":"WebSite","@id":"https:\/\/saulkrastubiblioteka.lv\/#website","url":"https:\/\/saulkrastubiblioteka.lv\/","name":"Saulkrastu novada bibliot\u0113ka","description":"Vieta, kur labi pavad\u012bt laiku un pab\u016bt mier\u0101","publisher":{"@id":"https:\/\/saulkrastubiblioteka.lv\/#organization"},"potentialAction":[{"@type":"SearchAction","target":{"@type":"EntryPoint","urlTemplate":"https:\/\/saulkrastubiblioteka.lv\/?s={search_term_string}"},"query-input":{"@type":"PropertyValueSpecification","valueRequired":true,"valueName":"search_term_string"}}],"inLanguage":"lv-LV"},{"@type":"Organization","@id":"https:\/\/saulkrastubiblioteka.lv\/#organization","name":"Saulkrastu novada bibliot\u0113ka","url":"https:\/\/saulkrastubiblioteka.lv\/","logo":{"@type":"ImageObject","inLanguage":"lv-LV","@id":"https:\/\/saulkrastubiblioteka.lv\/#\/schema\/logo\/image\/","url":"https:\/\/saulkrastubiblioteka.lv\/wp-content\/uploads\/2021\/01\/cropped-logo.png","contentUrl":"https:\/\/saulkrastubiblioteka.lv\/wp-content\/uploads\/2021\/01\/cropped-logo.png","width":240,"height":240,"caption":"Saulkrastu novada bibliot\u0113ka"},"image":{"@id":"https:\/\/saulkrastubiblioteka.lv\/#\/schema\/logo\/image\/"}},{"@type":"Person","@id":"https:\/\/saulkrastubiblioteka.lv\/#\/schema\/person\/2233277643a53fb60b293d42c1e5f7a2","name":"admin","image":{"@type":"ImageObject","inLanguage":"lv-LV","@id":"https:\/\/saulkrastubiblioteka.lv\/#\/schema\/person\/image\/","url":"https:\/\/secure.gravatar.com\/avatar\/a5ad3f68569c7df813ab9387f6d30b65?s=96&d=mm&r=g","contentUrl":"https:\/\/secure.gravatar.com\/avatar\/a5ad3f68569c7df813ab9387f6d30b65?s=96&d=mm&r=g","caption":"admin"},"url":"https:\/\/saulkrastubiblioteka.lv\/index.php\/author\/info_xjq16vdi\/"}]}},"_links":{"self":[{"href":"https:\/\/saulkrastubiblioteka.lv\/index.php\/wp-json\/wp\/v2\/posts\/1211","targetHints":{"allow":["GET"]}}],"collection":[{"href":"https:\/\/saulkrastubiblioteka.lv\/index.php\/wp-json\/wp\/v2\/posts"}],"about":[{"href":"https:\/\/saulkrastubiblioteka.lv\/index.php\/wp-json\/wp\/v2\/types\/post"}],"author":[{"embeddable":true,"href":"https:\/\/saulkrastubiblioteka.lv\/index.php\/wp-json\/wp\/v2\/users\/1"}],"replies":[{"embeddable":true,"href":"https:\/\/saulkrastubiblioteka.lv\/index.php\/wp-json\/wp\/v2\/comments?post=1211"}],"version-history":[{"count":3,"href":"https:\/\/saulkrastubiblioteka.lv\/index.php\/wp-json\/wp\/v2\/posts\/1211\/revisions"}],"predecessor-version":[{"id":2009,"href":"https:\/\/saulkrastubiblioteka.lv\/index.php\/wp-json\/wp\/v2\/posts\/1211\/revisions\/2009"}],"wp:attachment":[{"href":"https:\/\/saulkrastubiblioteka.lv\/index.php\/wp-json\/wp\/v2\/media?parent=1211"}],"wp:term":[{"taxonomy":"category","embeddable":true,"href":"https:\/\/saulkrastubiblioteka.lv\/index.php\/wp-json\/wp\/v2\/categories?post=1211"},{"taxonomy":"post_tag","embeddable":true,"href":"https:\/\/saulkrastubiblioteka.lv\/index.php\/wp-json\/wp\/v2\/tags?post=1211"}],"curies":[{"name":"wp","href":"https:\/\/api.w.org\/{rel}","templated":true}]}}